{"id":81713,"date":"2025-07-02T12:19:18","date_gmt":"2025-07-02T10:19:18","guid":{"rendered":"https:\/\/www.almega.se\/2025\/07\/nytt-kollektivavtal-med-transport-2\/"},"modified":"2025-07-23T09:14:31","modified_gmt":"2025-07-23T07:14:31","slug":"nytt-kollektivavtal-med-transport-2","status":"publish","type":"post","link":"https:\/\/www.almega.se\/2025\/07\/nytt-kollektivavtal-med-transport-2\/","title":{"rendered":"Nytt kollektivavtal med Transport"},"content":{"rendered":"<p class=\"intro\">Almega Tj\u00e4nstef\u00f6retagen har tecknat nytt kollektivavtal med Transportarbetaref\u00f6rbundet f\u00f6r bilv\u00e5rdspersonal som \u00e4r anst\u00e4llda vid biluthyrningsf\u00f6retag.<\/p>\n\n<p class=\"intro\">\u2013 Det \u00e4r gl\u00e4djande att vi tillsammans med Transport n\u00e5tt ytterligare ett avtal inom m\u00e4rket, s\u00e4ger<strong> Moon-Hee Tjeder<\/strong>, Almega Tj\u00e4nstef\u00f6retagens f\u00f6rhandlingsledare p\u00e5 avtalsomr\u00e5det.<\/p>\n\n\n\n<p>Avtalet, som omfattar bilv\u00e5rdspersonal inom biluthyrning, g\u00e4ller under perioden 1 juli 2025 till 30 juni 2027 och har en total kostnadsram p\u00e5 6,4 procent.<\/p>\n\n\n\n<p><em>Attraktiva och branschanpassade villkor \u00e4r avg\u00f6rande f\u00f6r tj\u00e4nstesektorns framg\u00e5ng och Almega str\u00e4var alltid efter att skapa de b\u00e4sta f\u00f6ruts\u00e4ttningarna f\u00f6r b\u00e5de arbetsgivare och medarbetare. Under avtalsr\u00f6relsen 2025 tecknar Almega sammanlagt 125 avtal, flest av alla arbetsgivarorganisationer.<\/em><\/p>\n","protected":false},"excerpt":{"rendered":"<p>Almega Tj\u00e4nstef\u00f6retagen har tecknat nytt kollektivavtal med Transportarbetaref\u00f6rbundet f\u00f6r bilv\u00e5rdspersonal som \u00e4r anst\u00e4llda vid biluthyrningsf\u00f6retag.<\/p>\n","protected":false},"author":6356,"featured_media":81808,"comment_status":"closed","ping_status":"closed","sticky":false,"template":"","format":"standard","meta":{"_acf_changed":false,"footnotes":""},"categories":[636],"tags":[],"article_type":[93],"agreement":[],"class_list":["post-81713","post","type-post","status-publish","format-standard","has-post-thumbnail","hentry","category-avtalsrorelse","type-pressmeddelanden"],"acf":[],"yoast_head":"<!-- This site is optimized with the Yoast SEO Premium plugin v26.8 (Yoast SEO v26.8) - https:\/\/yoast.com\/product\/yoast-seo-premium-wordpress\/ -->\n<title>Nytt kollektivavtal med Transport | Almega<\/title>\n<meta name=\"robots\" content=\"index, follow, max-snippet:-1, max-image-preview:large, max-video-preview:-1\" \/>\n<link rel=\"canonical\" href=\"https:\/\/www.almega.se\/2025\/07\/nytt-kollektivavtal-med-transport-2\/\" \/>\n<meta property=\"og:locale\" content=\"sv_SE\" \/>\n<meta property=\"og:type\" content=\"article\" \/>\n<meta property=\"og:title\" content=\"Nytt kollektivavtal med Transport\" \/>\n<meta property=\"og:description\" content=\"Almega Tj\u00e4nstef\u00f6retagen har tecknat nytt kollektivavtal med Transportarbetaref\u00f6rbundet f\u00f6r bilv\u00e5rdspersonal som \u00e4r anst\u00e4llda vid biluthyrningsf\u00f6retag.\" \/>\n<meta property=\"og:url\" content=\"https:\/\/www.almega.se\/2025\/07\/nytt-kollektivavtal-med-transport-2\/\" \/>\n<meta property=\"og:site_name\" content=\"Almega\" \/>\n<meta property=\"article:published_time\" content=\"2025-07-02T10:19:18+00:00\" \/>\n<meta property=\"article:modified_time\" content=\"2025-07-23T07:14:31+00:00\" \/>\n<meta property=\"og:image\" content=\"https:\/\/www.almega.se\/app\/uploads\/2025\/07\/Penna-och-papper.jpg\" \/>\n\t<meta property=\"og:image:width\" content=\"1999\" \/>\n\t<meta property=\"og:image:height\" content=\"1332\" \/>\n\t<meta property=\"og:image:type\" content=\"image\/jpeg\" \/>\n<meta name=\"author\" content=\"Erik Juhlin\" \/>\n<meta name=\"twitter:card\" content=\"summary_large_image\" \/>\n<meta name=\"twitter:label1\" content=\"Skriven av\" \/>\n\t<meta name=\"twitter:data1\" content=\"Erik Juhlin\" \/>\n\t<meta name=\"twitter:label2\" content=\"Ber\u00e4knad l\u00e4stid\" \/>\n\t<meta name=\"twitter:data2\" content=\"1 minut\" \/>\n<!-- \/ Yoast SEO Premium plugin. -->","yoast_head_json":{"title":"Nytt kollektivavtal med Transport | Almega","robots":{"index":"index","follow":"follow","max-snippet":"max-snippet:-1","max-image-preview":"max-image-preview:large","max-video-preview":"max-video-preview:-1"},"canonical":"https:\/\/www.almega.se\/2025\/07\/nytt-kollektivavtal-med-transport-2\/","og_locale":"sv_SE","og_type":"article","og_title":"Nytt kollektivavtal med Transport","og_description":"Almega Tj\u00e4nstef\u00f6retagen har tecknat nytt kollektivavtal med Transportarbetaref\u00f6rbundet f\u00f6r bilv\u00e5rdspersonal som \u00e4r anst\u00e4llda vid biluthyrningsf\u00f6retag.","og_url":"https:\/\/www.almega.se\/2025\/07\/nytt-kollektivavtal-med-transport-2\/","og_site_name":"Almega","article_published_time":"2025-07-02T10:19:18+00:00","article_modified_time":"2025-07-23T07:14:31+00:00","og_image":[{"width":1999,"height":1332,"url":"https:\/\/www.almega.se\/app\/uploads\/2025\/07\/Penna-och-papper.jpg","type":"image\/jpeg"}],"author":"Erik Juhlin","twitter_card":"summary_large_image","twitter_misc":{"Skriven av":"Erik Juhlin","Ber\u00e4knad l\u00e4stid":"1 minut"},"schema":{"@context":"https:\/\/schema.org","@graph":[{"@type":"NewsArticle","@id":"https:\/\/www.almega.se\/2025\/07\/nytt-kollektivavtal-med-transport-2\/#article","isPartOf":{"@id":"https:\/\/www.almega.se\/2025\/07\/nytt-kollektivavtal-med-transport-2\/"},"author":{"name":"Erik Juhlin","@id":"https:\/\/www.almega.se\/#\/schema\/person\/3c181ea7ead5ab7b14c61584637720f5"},"headline":"Nytt kollektivavtal med Transport","datePublished":"2025-07-02T10:19:18+00:00","dateModified":"2025-07-23T07:14:31+00:00","mainEntityOfPage":{"@id":"https:\/\/www.almega.se\/2025\/07\/nytt-kollektivavtal-med-transport-2\/"},"wordCount":100,"image":{"@id":"https:\/\/www.almega.se\/2025\/07\/nytt-kollektivavtal-med-transport-2\/#primaryimage"},"thumbnailUrl":"https:\/\/www.almega.se\/app\/uploads\/2025\/07\/Penna-och-papper.jpg","articleSection":["Avtalsr\u00f6relse"],"inLanguage":"sv-SE"},{"@type":"WebPage","@id":"https:\/\/www.almega.se\/2025\/07\/nytt-kollektivavtal-med-transport-2\/","url":"https:\/\/www.almega.se\/2025\/07\/nytt-kollektivavtal-med-transport-2\/","name":"Nytt kollektivavtal med Transport | Almega","isPartOf":{"@id":"https:\/\/www.almega.se\/#website"},"primaryImageOfPage":{"@id":"https:\/\/www.almega.se\/2025\/07\/nytt-kollektivavtal-med-transport-2\/#primaryimage"},"image":{"@id":"https:\/\/www.almega.se\/2025\/07\/nytt-kollektivavtal-med-transport-2\/#primaryimage"},"thumbnailUrl":"https:\/\/www.almega.se\/app\/uploads\/2025\/07\/Penna-och-papper.jpg","datePublished":"2025-07-02T10:19:18+00:00","dateModified":"2025-07-23T07:14:31+00:00","author":{"@id":"https:\/\/www.almega.se\/#\/schema\/person\/3c181ea7ead5ab7b14c61584637720f5"},"breadcrumb":{"@id":"https:\/\/www.almega.se\/2025\/07\/nytt-kollektivavtal-med-transport-2\/#breadcrumb"},"inLanguage":"sv-SE","potentialAction":[{"@type":"ReadAction","target":["https:\/\/www.almega.se\/2025\/07\/nytt-kollektivavtal-med-transport-2\/"]}]},{"@type":"ImageObject","inLanguage":"sv-SE","@id":"https:\/\/www.almega.se\/2025\/07\/nytt-kollektivavtal-med-transport-2\/#primaryimage","url":"https:\/\/www.almega.se\/app\/uploads\/2025\/07\/Penna-och-papper.jpg","contentUrl":"https:\/\/www.almega.se\/app\/uploads\/2025\/07\/Penna-och-papper.jpg","width":1999,"height":1332,"caption":"Skriva under"},{"@type":"BreadcrumbList","@id":"https:\/\/www.almega.se\/2025\/07\/nytt-kollektivavtal-med-transport-2\/#breadcrumb","itemListElement":[{"@type":"ListItem","position":1,"name":"Home","item":"https:\/\/www.almega.se\/"},{"@type":"ListItem","position":2,"name":"Nytt kollektivavtal med Transport"}]},{"@type":"WebSite","@id":"https:\/\/www.almega.se\/#website","url":"https:\/\/www.almega.se\/","name":"Almega","description":"","potentialAction":[{"@type":"SearchAction","target":{"@type":"EntryPoint","urlTemplate":"https:\/\/www.almega.se\/?s={search_term_string}"},"query-input":{"@type":"PropertyValueSpecification","valueRequired":true,"valueName":"search_term_string"}}],"inLanguage":"sv-SE"},{"@type":"Person","@id":"https:\/\/www.almega.se\/#\/schema\/person\/3c181ea7ead5ab7b14c61584637720f5","name":"Erik Juhlin","image":{"@type":"ImageObject","inLanguage":"sv-SE","@id":"https:\/\/www.almega.se\/#\/schema\/person\/image\/","url":"https:\/\/secure.gravatar.com\/avatar\/ef0e97454357041724f27ea1630fa5bf78b30eea6fc56998e6a03142ad5b1370?s=96&d=mm&r=g","contentUrl":"https:\/\/secure.gravatar.com\/avatar\/ef0e97454357041724f27ea1630fa5bf78b30eea6fc56998e6a03142ad5b1370?s=96&d=mm&r=g","caption":"Erik Juhlin"},"url":"https:\/\/www.almega.se\/person\/erikjuhlin\/"}]}},"_links":{"self":[{"href":"https:\/\/www.almega.se\/api\/wp\/v2\/posts\/81713","targetHints":{"allow":["GET"]}}],"collection":[{"href":"https:\/\/www.almega.se\/api\/wp\/v2\/posts"}],"about":[{"href":"https:\/\/www.almega.se\/api\/wp\/v2\/types\/post"}],"author":[{"embeddable":true,"href":"https:\/\/www.almega.se\/api\/wp\/v2\/users\/6356"}],"replies":[{"embeddable":true,"href":"https:\/\/www.almega.se\/api\/wp\/v2\/comments?post=81713"}],"version-history":[{"count":2,"href":"https:\/\/www.almega.se\/api\/wp\/v2\/posts\/81713\/revisions"}],"predecessor-version":[{"id":81809,"href":"https:\/\/www.almega.se\/api\/wp\/v2\/posts\/81713\/revisions\/81809"}],"wp:featuredmedia":[{"embeddable":true,"href":"https:\/\/www.almega.se\/api\/wp\/v2\/media\/81808"}],"wp:attachment":[{"href":"https:\/\/www.almega.se\/api\/wp\/v2\/media?parent=81713"}],"wp:term":[{"taxonomy":"category","embeddable":true,"href":"https:\/\/www.almega.se\/api\/wp\/v2\/categories?post=81713"},{"taxonomy":"post_tag","embeddable":true,"href":"https:\/\/www.almega.se\/api\/wp\/v2\/tags?post=81713"},{"taxonomy":"type","embeddable":true,"href":"https:\/\/www.almega.se\/api\/wp\/v2\/article_type?post=81713"},{"taxonomy":"agreement","embeddable":true,"href":"https:\/\/www.almega.se\/api\/wp\/v2\/agreement?post=81713"}],"curies":[{"name":"wp","href":"https:\/\/api.w.org\/{rel}","templated":true}]}}