{"id":81710,"date":"2025-07-02T12:00:00","date_gmt":"2025-07-02T10:00:00","guid":{"rendered":"https:\/\/www.almega.se\/2025\/07\/nytt-avtal-med-kommunal-3\/"},"modified":"2025-07-02T12:18:04","modified_gmt":"2025-07-02T10:18:04","slug":"nytt-avtal-med-kommunal-3","status":"publish","type":"post","link":"https:\/\/www.almega.se\/2025\/07\/nytt-avtal-med-kommunal-3\/","title":{"rendered":"Nytt avtal med Kommunal"},"content":{"rendered":"\n<p class=\"intro\">Almega Tj\u00e4nstef\u00f6retagen \u00e4r \u00f6verens med fackf\u00f6rbundet Kommunal om ett nytt kollektivavtal p\u00e5 avtalsomr\u00e5det arenor, bad- och idrottsanl\u00e4ggningar.<\/p>\n<p>\u2013 F\u00f6rhandlingarna har varit tuffa men vi har lyckats f\u00e5 till branschanpassade villkor som fungerar f\u00f6r b\u00e5de arbetsgivare och arbetstagare inom de ramar som g\u00e4ller p\u00e5 arbetsmarknaden, s\u00e4ger Joakim Josefsson, Almega Tj\u00e4nstef\u00f6retagens f\u00f6rhandlingschef.<\/p>\n<p>Avtalet har en l\u00e4ngd p\u00e5 24 m\u00e5nader, 1 juli 2025 till 30 juni 2027, och de totala kostnads\u00f6kningarna \u00e4r 6,4 procent.<\/p>\n<\/p>\n<p><em>Attraktiva och branschanpassade villkor \u00e4r avg\u00f6rande f\u00f6r tj\u00e4nstesektorns framg\u00e5ng och Almega str\u00e4var alltid efter att skapa de b\u00e4sta f\u00f6ruts\u00e4ttningarna f\u00f6r b\u00e5de arbetsgivare och medarbetare. Under avtalsr\u00f6relsen 2025 tecknar Almega sammanlagt 125 avtal, flest av alla arbetsgivarorganisationer.<\/em><\/p>\n\n","protected":false},"excerpt":{"rendered":"<p>Almega Tj\u00e4nstef\u00f6retagen \u00e4r \u00f6verens med fackf\u00f6rbundet Kommunal om ett nytt kollektivavtal p\u00e5 avtalsomr\u00e5det arenor, bad- och idrottsanl\u00e4ggningar.<\/p>\n","protected":false},"author":6356,"featured_media":81711,"comment_status":"closed","ping_status":"closed","sticky":false,"template":"","format":"standard","meta":{"_acf_changed":false,"footnotes":""},"categories":[636],"tags":[],"article_type":[93],"agreement":[],"class_list":["post-81710","post","type-post","status-publish","format-standard","has-post-thumbnail","hentry","category-avtalsrorelse","type-pressmeddelanden"],"acf":[],"yoast_head":"<!-- This site is optimized with the Yoast SEO Premium plugin v26.8 (Yoast SEO v26.8) - https:\/\/yoast.com\/product\/yoast-seo-premium-wordpress\/ -->\n<title>Nytt avtal med Kommunal | Almega<\/title>\n<meta name=\"robots\" content=\"index, follow, max-snippet:-1, max-image-preview:large, max-video-preview:-1\" \/>\n<link rel=\"canonical\" href=\"https:\/\/www.almega.se\/2025\/07\/nytt-avtal-med-kommunal-3\/\" \/>\n<meta property=\"og:locale\" content=\"sv_SE\" \/>\n<meta property=\"og:type\" content=\"article\" \/>\n<meta property=\"og:title\" content=\"Nytt avtal med Kommunal\" \/>\n<meta property=\"og:description\" content=\"Almega Tj\u00e4nstef\u00f6retagen \u00e4r \u00f6verens med fackf\u00f6rbundet Kommunal om ett nytt kollektivavtal p\u00e5 avtalsomr\u00e5det arenor, bad- och idrottsanl\u00e4ggningar.\" \/>\n<meta property=\"og:url\" content=\"https:\/\/www.almega.se\/2025\/07\/nytt-avtal-med-kommunal-3\/\" \/>\n<meta property=\"og:site_name\" content=\"Almega\" \/>\n<meta property=\"article:published_time\" content=\"2025-07-02T10:00:00+00:00\" \/>\n<meta property=\"article:modified_time\" content=\"2025-07-02T10:18:04+00:00\" \/>\n<meta property=\"og:image\" content=\"https:\/\/www.almega.se\/app\/uploads\/2025\/07\/82180bc1-3fe7-4bc6-bbfe-56baf368e3ae-scaled.jpg\" \/>\n\t<meta property=\"og:image:width\" content=\"2560\" \/>\n\t<meta property=\"og:image:height\" content=\"1538\" \/>\n\t<meta property=\"og:image:type\" content=\"image\/jpeg\" \/>\n<meta name=\"author\" content=\"Erik Juhlin\" \/>\n<meta name=\"twitter:card\" content=\"summary_large_image\" \/>\n<meta name=\"twitter:label1\" content=\"Skriven av\" \/>\n\t<meta name=\"twitter:data1\" content=\"Erik Juhlin\" \/>\n\t<meta name=\"twitter:label2\" content=\"Ber\u00e4knad l\u00e4stid\" \/>\n\t<meta name=\"twitter:data2\" content=\"1 minut\" \/>\n<!-- \/ Yoast SEO Premium plugin. -->","yoast_head_json":{"title":"Nytt avtal med Kommunal | Almega","robots":{"index":"index","follow":"follow","max-snippet":"max-snippet:-1","max-image-preview":"max-image-preview:large","max-video-preview":"max-video-preview:-1"},"canonical":"https:\/\/www.almega.se\/2025\/07\/nytt-avtal-med-kommunal-3\/","og_locale":"sv_SE","og_type":"article","og_title":"Nytt avtal med Kommunal","og_description":"Almega Tj\u00e4nstef\u00f6retagen \u00e4r \u00f6verens med fackf\u00f6rbundet Kommunal om ett nytt kollektivavtal p\u00e5 avtalsomr\u00e5det arenor, bad- och idrottsanl\u00e4ggningar.","og_url":"https:\/\/www.almega.se\/2025\/07\/nytt-avtal-med-kommunal-3\/","og_site_name":"Almega","article_published_time":"2025-07-02T10:00:00+00:00","article_modified_time":"2025-07-02T10:18:04+00:00","og_image":[{"width":2560,"height":1538,"url":"https:\/\/www.almega.se\/app\/uploads\/2025\/07\/82180bc1-3fe7-4bc6-bbfe-56baf368e3ae-scaled.jpg","type":"image\/jpeg"}],"author":"Erik Juhlin","twitter_card":"summary_large_image","twitter_misc":{"Skriven av":"Erik Juhlin","Ber\u00e4knad l\u00e4stid":"1 minut"},"schema":{"@context":"https:\/\/schema.org","@graph":[{"@type":"NewsArticle","@id":"https:\/\/www.almega.se\/2025\/07\/nytt-avtal-med-kommunal-3\/#article","isPartOf":{"@id":"https:\/\/www.almega.se\/2025\/07\/nytt-avtal-med-kommunal-3\/"},"author":{"name":"Erik Juhlin","@id":"https:\/\/www.almega.se\/#\/schema\/person\/3c181ea7ead5ab7b14c61584637720f5"},"headline":"Nytt avtal med Kommunal","datePublished":"2025-07-02T10:00:00+00:00","dateModified":"2025-07-02T10:18:04+00:00","mainEntityOfPage":{"@id":"https:\/\/www.almega.se\/2025\/07\/nytt-avtal-med-kommunal-3\/"},"wordCount":129,"image":{"@id":"https:\/\/www.almega.se\/2025\/07\/nytt-avtal-med-kommunal-3\/#primaryimage"},"thumbnailUrl":"https:\/\/www.almega.se\/app\/uploads\/2025\/07\/82180bc1-3fe7-4bc6-bbfe-56baf368e3ae-scaled.jpg","articleSection":["Avtalsr\u00f6relse"],"inLanguage":"sv-SE"},{"@type":"WebPage","@id":"https:\/\/www.almega.se\/2025\/07\/nytt-avtal-med-kommunal-3\/","url":"https:\/\/www.almega.se\/2025\/07\/nytt-avtal-med-kommunal-3\/","name":"Nytt avtal med Kommunal | Almega","isPartOf":{"@id":"https:\/\/www.almega.se\/#website"},"primaryImageOfPage":{"@id":"https:\/\/www.almega.se\/2025\/07\/nytt-avtal-med-kommunal-3\/#primaryimage"},"image":{"@id":"https:\/\/www.almega.se\/2025\/07\/nytt-avtal-med-kommunal-3\/#primaryimage"},"thumbnailUrl":"https:\/\/www.almega.se\/app\/uploads\/2025\/07\/82180bc1-3fe7-4bc6-bbfe-56baf368e3ae-scaled.jpg","datePublished":"2025-07-02T10:00:00+00:00","dateModified":"2025-07-02T10:18:04+00:00","author":{"@id":"https:\/\/www.almega.se\/#\/schema\/person\/3c181ea7ead5ab7b14c61584637720f5"},"breadcrumb":{"@id":"https:\/\/www.almega.se\/2025\/07\/nytt-avtal-med-kommunal-3\/#breadcrumb"},"inLanguage":"sv-SE","potentialAction":[{"@type":"ReadAction","target":["https:\/\/www.almega.se\/2025\/07\/nytt-avtal-med-kommunal-3\/"]}]},{"@type":"ImageObject","inLanguage":"sv-SE","@id":"https:\/\/www.almega.se\/2025\/07\/nytt-avtal-med-kommunal-3\/#primaryimage","url":"https:\/\/www.almega.se\/app\/uploads\/2025\/07\/82180bc1-3fe7-4bc6-bbfe-56baf368e3ae-scaled.jpg","contentUrl":"https:\/\/www.almega.se\/app\/uploads\/2025\/07\/82180bc1-3fe7-4bc6-bbfe-56baf368e3ae-scaled.jpg","width":2560,"height":1538,"caption":"Joakim Josefsson, f\u00f6rhandlingschef, Almega Tj\u00e4nstef\u00f6retagen"},{"@type":"BreadcrumbList","@id":"https:\/\/www.almega.se\/2025\/07\/nytt-avtal-med-kommunal-3\/#breadcrumb","itemListElement":[{"@type":"ListItem","position":1,"name":"Home","item":"https:\/\/www.almega.se\/"},{"@type":"ListItem","position":2,"name":"Nytt avtal med Kommunal"}]},{"@type":"WebSite","@id":"https:\/\/www.almega.se\/#website","url":"https:\/\/www.almega.se\/","name":"Almega","description":"","potentialAction":[{"@type":"SearchAction","target":{"@type":"EntryPoint","urlTemplate":"https:\/\/www.almega.se\/?s={search_term_string}"},"query-input":{"@type":"PropertyValueSpecification","valueRequired":true,"valueName":"search_term_string"}}],"inLanguage":"sv-SE"},{"@type":"Person","@id":"https:\/\/www.almega.se\/#\/schema\/person\/3c181ea7ead5ab7b14c61584637720f5","name":"Erik Juhlin","image":{"@type":"ImageObject","inLanguage":"sv-SE","@id":"https:\/\/www.almega.se\/#\/schema\/person\/image\/","url":"https:\/\/secure.gravatar.com\/avatar\/ef0e97454357041724f27ea1630fa5bf78b30eea6fc56998e6a03142ad5b1370?s=96&d=mm&r=g","contentUrl":"https:\/\/secure.gravatar.com\/avatar\/ef0e97454357041724f27ea1630fa5bf78b30eea6fc56998e6a03142ad5b1370?s=96&d=mm&r=g","caption":"Erik Juhlin"},"url":"https:\/\/www.almega.se\/person\/erikjuhlin\/"}]}},"_links":{"self":[{"href":"https:\/\/www.almega.se\/api\/wp\/v2\/posts\/81710","targetHints":{"allow":["GET"]}}],"collection":[{"href":"https:\/\/www.almega.se\/api\/wp\/v2\/posts"}],"about":[{"href":"https:\/\/www.almega.se\/api\/wp\/v2\/types\/post"}],"author":[{"embeddable":true,"href":"https:\/\/www.almega.se\/api\/wp\/v2\/users\/6356"}],"replies":[{"embeddable":true,"href":"https:\/\/www.almega.se\/api\/wp\/v2\/comments?post=81710"}],"version-history":[{"count":1,"href":"https:\/\/www.almega.se\/api\/wp\/v2\/posts\/81710\/revisions"}],"predecessor-version":[{"id":81712,"href":"https:\/\/www.almega.se\/api\/wp\/v2\/posts\/81710\/revisions\/81712"}],"wp:featuredmedia":[{"embeddable":true,"href":"https:\/\/www.almega.se\/api\/wp\/v2\/media\/81711"}],"wp:attachment":[{"href":"https:\/\/www.almega.se\/api\/wp\/v2\/media?parent=81710"}],"wp:term":[{"taxonomy":"category","embeddable":true,"href":"https:\/\/www.almega.se\/api\/wp\/v2\/categories?post=81710"},{"taxonomy":"post_tag","embeddable":true,"href":"https:\/\/www.almega.se\/api\/wp\/v2\/tags?post=81710"},{"taxonomy":"type","embeddable":true,"href":"https:\/\/www.almega.se\/api\/wp\/v2\/article_type?post=81710"},{"taxonomy":"agreement","embeddable":true,"href":"https:\/\/www.almega.se\/api\/wp\/v2\/agreement?post=81710"}],"curies":[{"name":"wp","href":"https:\/\/api.w.org\/{rel}","templated":true}]}}