{"id":81659,"date":"2025-07-01T14:00:00","date_gmt":"2025-07-01T12:00:00","guid":{"rendered":"https:\/\/www.almega.se\/2025\/07\/nytt-bemanningsavtal-med-journalistforbundet-2\/"},"modified":"2025-07-01T17:55:51","modified_gmt":"2025-07-01T15:55:51","slug":"nytt-bemanningsavtal-med-journalistforbundet-2","status":"publish","type":"post","link":"https:\/\/www.almega.se\/2025\/07\/nytt-bemanningsavtal-med-journalistforbundet-2\/","title":{"rendered":"Nytt bemanningsavtal med Journalist&shy;f\u00f6rbundet"},"content":{"rendered":"\n<p class=\"intro\">Medief\u00f6retagen inom Almega och Journalistf\u00f6rbundet tecknar nytt kollektivavtal p\u00e5 bemanningsomr\u00e5det f\u00f6r journalister.<\/p>\n<p>\u2013 Jag \u00e4r glad \u00f6ver att vi f\u00e5tt till ett avtal utifr\u00e5n de f\u00f6ruts\u00e4ttningar som r\u00e5der p\u00e5 avtalsomr\u00e5det och som ryms inom de ramar som arbetsmarknadens parter \u00e4r \u00f6verens om, s\u00e4ger Louise Bjarnestam, f\u00f6rhandlingschef p\u00e5 Medief\u00f6retagen.<\/p>\n<p>Det nya kollektivavtalet g\u00e4ller fr\u00e5n och med den 1 april 2025 till och med den 31 mars 2027 och har ett totalt avtalsv\u00e4rde p\u00e5 6,4 procent.<\/p>\n<p><em>Attraktiva och branschanpassade villkor \u00e4r avg\u00f6rande f\u00f6r tj\u00e4nstesektorns framg\u00e5ng och Almega str\u00e4var alltid efter att skapa de b\u00e4sta f\u00f6ruts\u00e4ttningarna f\u00f6r b\u00e5de arbetsgivare och medarbetare. Under avtalsr\u00f6relsen 2025 tecknar Almega sammanlagt 125 avtal, flest av alla arbetsgivarorganisationer.<\/em><\/p>\n\n","protected":false},"excerpt":{"rendered":"<p>Medief\u00f6retagen inom Almega och Journalistf\u00f6rbundet tecknar nytt kollektivavtal p\u00e5 bemanningsomr\u00e5det f\u00f6r journalister.<\/p>\n","protected":false},"author":14531,"featured_media":0,"comment_status":"closed","ping_status":"closed","sticky":false,"template":"","format":"standard","meta":{"_acf_changed":false,"footnotes":""},"categories":[636],"tags":[],"article_type":[93],"agreement":[],"class_list":["post-81659","post","type-post","status-publish","format-standard","hentry","category-avtalsrorelse","type-pressmeddelanden"],"acf":[],"yoast_head":"<!-- This site is optimized with the Yoast SEO Premium plugin v26.8 (Yoast SEO v26.8) - https:\/\/yoast.com\/product\/yoast-seo-premium-wordpress\/ -->\n<title>Nytt bemanningsavtal med Journalistf\u00f6rbundet | Almega<\/title>\n<meta name=\"robots\" content=\"index, follow, max-snippet:-1, max-image-preview:large, max-video-preview:-1\" \/>\n<link rel=\"canonical\" href=\"https:\/\/www.almega.se\/2025\/07\/nytt-bemanningsavtal-med-journalistforbundet-2\/\" \/>\n<meta property=\"og:locale\" content=\"sv_SE\" \/>\n<meta property=\"og:type\" content=\"article\" \/>\n<meta property=\"og:title\" content=\"Nytt bemanningsavtal med Journalistf\u00f6rbundet\" \/>\n<meta property=\"og:description\" content=\"Medief\u00f6retagen inom Almega och Journalistf\u00f6rbundet tecknar nytt kollektivavtal p\u00e5 bemanningsomr\u00e5det f\u00f6r journalister.\" \/>\n<meta property=\"og:url\" content=\"https:\/\/www.almega.se\/2025\/07\/nytt-bemanningsavtal-med-journalistforbundet-2\/\" \/>\n<meta property=\"og:site_name\" content=\"Almega\" \/>\n<meta property=\"article:published_time\" content=\"2025-07-01T12:00:00+00:00\" \/>\n<meta property=\"article:modified_time\" content=\"2025-07-01T15:55:51+00:00\" \/>\n<meta property=\"og:image\" content=\"https:\/\/www.almega.se\/app\/uploads\/2020\/12\/almega-share-logo.png\" \/>\n\t<meta property=\"og:image:width\" content=\"1200\" \/>\n\t<meta property=\"og:image:height\" content=\"630\" \/>\n\t<meta property=\"og:image:type\" content=\"image\/png\" \/>\n<meta name=\"author\" content=\"Karin Nyg\u00e5rd\" \/>\n<meta name=\"twitter:card\" content=\"summary_large_image\" \/>\n<meta name=\"twitter:label1\" content=\"Skriven av\" \/>\n\t<meta name=\"twitter:data1\" content=\"Karin Nyg\u00e5rd\" \/>\n\t<meta name=\"twitter:label2\" content=\"Ber\u00e4knad l\u00e4stid\" \/>\n\t<meta name=\"twitter:data2\" content=\"1 minut\" \/>\n<!-- \/ Yoast SEO Premium plugin. -->","yoast_head_json":{"title":"Nytt bemanningsavtal med Journalistf\u00f6rbundet | Almega","robots":{"index":"index","follow":"follow","max-snippet":"max-snippet:-1","max-image-preview":"max-image-preview:large","max-video-preview":"max-video-preview:-1"},"canonical":"https:\/\/www.almega.se\/2025\/07\/nytt-bemanningsavtal-med-journalistforbundet-2\/","og_locale":"sv_SE","og_type":"article","og_title":"Nytt bemanningsavtal med Journalistf\u00f6rbundet","og_description":"Medief\u00f6retagen inom Almega och Journalistf\u00f6rbundet tecknar nytt kollektivavtal p\u00e5 bemanningsomr\u00e5det f\u00f6r journalister.","og_url":"https:\/\/www.almega.se\/2025\/07\/nytt-bemanningsavtal-med-journalistforbundet-2\/","og_site_name":"Almega","article_published_time":"2025-07-01T12:00:00+00:00","article_modified_time":"2025-07-01T15:55:51+00:00","og_image":[{"width":1200,"height":630,"url":"https:\/\/www.almega.se\/app\/uploads\/2020\/12\/almega-share-logo.png","type":"image\/png"}],"author":"Karin Nyg\u00e5rd","twitter_card":"summary_large_image","twitter_misc":{"Skriven av":"Karin Nyg\u00e5rd","Ber\u00e4knad l\u00e4stid":"1 minut"},"schema":{"@context":"https:\/\/schema.org","@graph":[{"@type":"NewsArticle","@id":"https:\/\/www.almega.se\/2025\/07\/nytt-bemanningsavtal-med-journalistforbundet-2\/#article","isPartOf":{"@id":"https:\/\/www.almega.se\/2025\/07\/nytt-bemanningsavtal-med-journalistforbundet-2\/"},"author":{"name":"Karin Nyg\u00e5rd","@id":"https:\/\/www.almega.se\/#\/schema\/person\/eae58f3a71d6b7aa9f71f3139a740a02"},"headline":"Nytt bemanningsavtal med Journalist&shy;f\u00f6rbundet","datePublished":"2025-07-01T12:00:00+00:00","dateModified":"2025-07-01T15:55:51+00:00","mainEntityOfPage":{"@id":"https:\/\/www.almega.se\/2025\/07\/nytt-bemanningsavtal-med-journalistforbundet-2\/"},"wordCount":134,"articleSection":["Avtalsr\u00f6relse"],"inLanguage":"sv-SE"},{"@type":"WebPage","@id":"https:\/\/www.almega.se\/2025\/07\/nytt-bemanningsavtal-med-journalistforbundet-2\/","url":"https:\/\/www.almega.se\/2025\/07\/nytt-bemanningsavtal-med-journalistforbundet-2\/","name":"Nytt bemanningsavtal med Journalistf\u00f6rbundet | Almega","isPartOf":{"@id":"https:\/\/www.almega.se\/#website"},"datePublished":"2025-07-01T12:00:00+00:00","dateModified":"2025-07-01T15:55:51+00:00","author":{"@id":"https:\/\/www.almega.se\/#\/schema\/person\/eae58f3a71d6b7aa9f71f3139a740a02"},"breadcrumb":{"@id":"https:\/\/www.almega.se\/2025\/07\/nytt-bemanningsavtal-med-journalistforbundet-2\/#breadcrumb"},"inLanguage":"sv-SE","potentialAction":[{"@type":"ReadAction","target":["https:\/\/www.almega.se\/2025\/07\/nytt-bemanningsavtal-med-journalistforbundet-2\/"]}]},{"@type":"BreadcrumbList","@id":"https:\/\/www.almega.se\/2025\/07\/nytt-bemanningsavtal-med-journalistforbundet-2\/#breadcrumb","itemListElement":[{"@type":"ListItem","position":1,"name":"Home","item":"https:\/\/www.almega.se\/"},{"@type":"ListItem","position":2,"name":"Nytt bemanningsavtal med Journalist&shy;f\u00f6rbundet"}]},{"@type":"WebSite","@id":"https:\/\/www.almega.se\/#website","url":"https:\/\/www.almega.se\/","name":"Almega","description":"","potentialAction":[{"@type":"SearchAction","target":{"@type":"EntryPoint","urlTemplate":"https:\/\/www.almega.se\/?s={search_term_string}"},"query-input":{"@type":"PropertyValueSpecification","valueRequired":true,"valueName":"search_term_string"}}],"inLanguage":"sv-SE"},{"@type":"Person","@id":"https:\/\/www.almega.se\/#\/schema\/person\/eae58f3a71d6b7aa9f71f3139a740a02","name":"Karin Nyg\u00e5rd","image":{"@type":"ImageObject","inLanguage":"sv-SE","@id":"https:\/\/www.almega.se\/#\/schema\/person\/image\/","url":"https:\/\/secure.gravatar.com\/avatar\/09e5ec3d12974ae686ad90a0a4bf5404c8a4cfdca18f97124f166ab274023818?s=96&d=mm&r=g","contentUrl":"https:\/\/secure.gravatar.com\/avatar\/09e5ec3d12974ae686ad90a0a4bf5404c8a4cfdca18f97124f166ab274023818?s=96&d=mm&r=g","caption":"Karin Nyg\u00e5rd"},"description":"Produkt\u00e4gare Almega.se, samordnar webbutveckling och utveckling av Arbetsgivarguiden.se","url":"https:\/\/www.almega.se\/person\/karinnygard\/"}]}},"_links":{"self":[{"href":"https:\/\/www.almega.se\/api\/wp\/v2\/posts\/81659","targetHints":{"allow":["GET"]}}],"collection":[{"href":"https:\/\/www.almega.se\/api\/wp\/v2\/posts"}],"about":[{"href":"https:\/\/www.almega.se\/api\/wp\/v2\/types\/post"}],"author":[{"embeddable":true,"href":"https:\/\/www.almega.se\/api\/wp\/v2\/users\/14531"}],"replies":[{"embeddable":true,"href":"https:\/\/www.almega.se\/api\/wp\/v2\/comments?post=81659"}],"version-history":[{"count":1,"href":"https:\/\/www.almega.se\/api\/wp\/v2\/posts\/81659\/revisions"}],"predecessor-version":[{"id":81667,"href":"https:\/\/www.almega.se\/api\/wp\/v2\/posts\/81659\/revisions\/81667"}],"wp:attachment":[{"href":"https:\/\/www.almega.se\/api\/wp\/v2\/media?parent=81659"}],"wp:term":[{"taxonomy":"category","embeddable":true,"href":"https:\/\/www.almega.se\/api\/wp\/v2\/categories?post=81659"},{"taxonomy":"post_tag","embeddable":true,"href":"https:\/\/www.almega.se\/api\/wp\/v2\/tags?post=81659"},{"taxonomy":"type","embeddable":true,"href":"https:\/\/www.almega.se\/api\/wp\/v2\/article_type?post=81659"},{"taxonomy":"agreement","embeddable":true,"href":"https:\/\/www.almega.se\/api\/wp\/v2\/agreement?post=81659"}],"curies":[{"name":"wp","href":"https:\/\/api.w.org\/{rel}","templated":true}]}}