{"id":81657,"date":"2025-07-01T14:01:00","date_gmt":"2025-07-01T12:01:00","guid":{"rendered":"https:\/\/www.almega.se\/2025\/07\/nytt-avtal-med-journalistforbundet-3\/"},"modified":"2025-07-01T17:56:53","modified_gmt":"2025-07-01T15:56:53","slug":"nytt-avtal-med-journalistforbundet-3","status":"publish","type":"post","link":"https:\/\/www.almega.se\/2025\/07\/nytt-avtal-med-journalistforbundet-3\/","title":{"rendered":"Nytt avtal med Journalist&shy;f\u00f6rbundet"},"content":{"rendered":"<p class=\"intro\">Medief\u00f6retagen inom Almega har tr\u00e4ffat ett nytt etermedieavtal med Svenska Journalistf\u00f6rbundet.<\/p>\n<p>\u2013 F\u00f6rhandlingarna har \u00a0resulterat i branschanpassade villkor som fungerar f\u00f6r b\u00e5de arbetsgivare och arbetstagare. Det \u00e4r ocks\u00e5 gl\u00e4djande att landa ytterligare avtal inom m\u00e4rket, s\u00e4ger Sara Ejdeskog, Medief\u00f6retagens f\u00f6rhandlingsledare f\u00f6r etermedieavtalet.<\/p>\n<p>M\u00e4rket inneb\u00e4r en avtalsl\u00e4ngd om 24 m\u00e5nader (1 april 2025 till 31 mars 2027) samt totala kostnads\u00f6kningar om 6,4 procent.<\/p>\n<p>\u2013 F\u00f6retag som omfattas av etermedieavtalet har nu f\u00e5tt st\u00f6rre flexibilitet i arbetstidsf\u00f6rl\u00e4ggningen genom bland annat \u00e5rsarbetstid, vilket \u00e4r en del av motvalutan f\u00f6r arbetstidsf\u00f6rkortning p\u00e5 en dag per \u00e5r som samtidigt inf\u00f6rs, s\u00e4ger Sara Ejdeskog.<\/p>\n<p><em>Attraktiva och branschanpassade villkor \u00e4r avg\u00f6rande f\u00f6r tj\u00e4nstesektorns framg\u00e5ng och Almega str\u00e4var alltid efter att skapa de b\u00e4sta f\u00f6ruts\u00e4ttningarna f\u00f6r b\u00e5de arbetsgivare och medarbetare. Under avtalsr\u00f6relsen 2025 tecknar Almega sammanlagt 125 avtal, flest av alla arbetsgivarorganisationer.<\/em><\/p>\n\n\n<p><\/p>\n","protected":false},"excerpt":{"rendered":"<p>Medief\u00f6retagen inom Almega har tr\u00e4ffat ett nytt etermedieavtal med Svenska Journalistf\u00f6rbundet.<\/p>\n","protected":false},"author":14531,"featured_media":81658,"comment_status":"closed","ping_status":"closed","sticky":false,"template":"","format":"standard","meta":{"_acf_changed":false,"footnotes":""},"categories":[636],"tags":[],"article_type":[93],"agreement":[],"class_list":["post-81657","post","type-post","status-publish","format-standard","has-post-thumbnail","hentry","category-avtalsrorelse","type-pressmeddelanden"],"acf":[],"yoast_head":"<!-- This site is optimized with the Yoast SEO Premium plugin v26.8 (Yoast SEO v26.8) - https:\/\/yoast.com\/product\/yoast-seo-premium-wordpress\/ -->\n<title>Nytt avtal med Journalistf\u00f6rbundet | Almega<\/title>\n<meta name=\"robots\" content=\"index, follow, max-snippet:-1, max-image-preview:large, max-video-preview:-1\" \/>\n<link rel=\"canonical\" href=\"https:\/\/www.almega.se\/2025\/07\/nytt-avtal-med-journalistforbundet-3\/\" \/>\n<meta property=\"og:locale\" content=\"sv_SE\" \/>\n<meta property=\"og:type\" content=\"article\" \/>\n<meta property=\"og:title\" content=\"Nytt avtal med Journalistf\u00f6rbundet\" \/>\n<meta property=\"og:description\" content=\"Medief\u00f6retagen inom Almega har tr\u00e4ffat ett nytt etermedieavtal med Svenska Journalistf\u00f6rbundet.\" \/>\n<meta property=\"og:url\" content=\"https:\/\/www.almega.se\/2025\/07\/nytt-avtal-med-journalistforbundet-3\/\" \/>\n<meta property=\"og:site_name\" content=\"Almega\" \/>\n<meta property=\"article:published_time\" content=\"2025-07-01T12:01:00+00:00\" \/>\n<meta property=\"article:modified_time\" content=\"2025-07-01T15:56:53+00:00\" \/>\n<meta property=\"og:image\" content=\"https:\/\/www.almega.se\/app\/uploads\/2025\/07\/29c93662-3118-4a24-99d9-462bf5f0f770-scaled.jpg\" \/>\n\t<meta property=\"og:image:width\" content=\"2560\" \/>\n\t<meta property=\"og:image:height\" content=\"1280\" \/>\n\t<meta property=\"og:image:type\" content=\"image\/jpeg\" \/>\n<meta name=\"author\" content=\"Karin Nyg\u00e5rd\" \/>\n<meta name=\"twitter:card\" content=\"summary_large_image\" \/>\n<meta name=\"twitter:label1\" content=\"Skriven av\" \/>\n\t<meta name=\"twitter:data1\" content=\"Karin Nyg\u00e5rd\" \/>\n\t<meta name=\"twitter:label2\" content=\"Ber\u00e4knad l\u00e4stid\" \/>\n\t<meta name=\"twitter:data2\" content=\"1 minut\" \/>\n<!-- \/ Yoast SEO Premium plugin. -->","yoast_head_json":{"title":"Nytt avtal med Journalistf\u00f6rbundet | Almega","robots":{"index":"index","follow":"follow","max-snippet":"max-snippet:-1","max-image-preview":"max-image-preview:large","max-video-preview":"max-video-preview:-1"},"canonical":"https:\/\/www.almega.se\/2025\/07\/nytt-avtal-med-journalistforbundet-3\/","og_locale":"sv_SE","og_type":"article","og_title":"Nytt avtal med Journalistf\u00f6rbundet","og_description":"Medief\u00f6retagen inom Almega har tr\u00e4ffat ett nytt etermedieavtal med Svenska Journalistf\u00f6rbundet.","og_url":"https:\/\/www.almega.se\/2025\/07\/nytt-avtal-med-journalistforbundet-3\/","og_site_name":"Almega","article_published_time":"2025-07-01T12:01:00+00:00","article_modified_time":"2025-07-01T15:56:53+00:00","og_image":[{"width":2560,"height":1280,"url":"https:\/\/www.almega.se\/app\/uploads\/2025\/07\/29c93662-3118-4a24-99d9-462bf5f0f770-scaled.jpg","type":"image\/jpeg"}],"author":"Karin Nyg\u00e5rd","twitter_card":"summary_large_image","twitter_misc":{"Skriven av":"Karin Nyg\u00e5rd","Ber\u00e4knad l\u00e4stid":"1 minut"},"schema":{"@context":"https:\/\/schema.org","@graph":[{"@type":"NewsArticle","@id":"https:\/\/www.almega.se\/2025\/07\/nytt-avtal-med-journalistforbundet-3\/#article","isPartOf":{"@id":"https:\/\/www.almega.se\/2025\/07\/nytt-avtal-med-journalistforbundet-3\/"},"author":{"name":"Karin Nyg\u00e5rd","@id":"https:\/\/www.almega.se\/#\/schema\/person\/eae58f3a71d6b7aa9f71f3139a740a02"},"headline":"Nytt avtal med Journalist&shy;f\u00f6rbundet","datePublished":"2025-07-01T12:01:00+00:00","dateModified":"2025-07-01T15:56:53+00:00","mainEntityOfPage":{"@id":"https:\/\/www.almega.se\/2025\/07\/nytt-avtal-med-journalistforbundet-3\/"},"wordCount":166,"image":{"@id":"https:\/\/www.almega.se\/2025\/07\/nytt-avtal-med-journalistforbundet-3\/#primaryimage"},"thumbnailUrl":"https:\/\/www.almega.se\/app\/uploads\/2025\/07\/29c93662-3118-4a24-99d9-462bf5f0f770-scaled.jpg","articleSection":["Avtalsr\u00f6relse"],"inLanguage":"sv-SE"},{"@type":"WebPage","@id":"https:\/\/www.almega.se\/2025\/07\/nytt-avtal-med-journalistforbundet-3\/","url":"https:\/\/www.almega.se\/2025\/07\/nytt-avtal-med-journalistforbundet-3\/","name":"Nytt avtal med Journalistf\u00f6rbundet | Almega","isPartOf":{"@id":"https:\/\/www.almega.se\/#website"},"primaryImageOfPage":{"@id":"https:\/\/www.almega.se\/2025\/07\/nytt-avtal-med-journalistforbundet-3\/#primaryimage"},"image":{"@id":"https:\/\/www.almega.se\/2025\/07\/nytt-avtal-med-journalistforbundet-3\/#primaryimage"},"thumbnailUrl":"https:\/\/www.almega.se\/app\/uploads\/2025\/07\/29c93662-3118-4a24-99d9-462bf5f0f770-scaled.jpg","datePublished":"2025-07-01T12:01:00+00:00","dateModified":"2025-07-01T15:56:53+00:00","author":{"@id":"https:\/\/www.almega.se\/#\/schema\/person\/eae58f3a71d6b7aa9f71f3139a740a02"},"breadcrumb":{"@id":"https:\/\/www.almega.se\/2025\/07\/nytt-avtal-med-journalistforbundet-3\/#breadcrumb"},"inLanguage":"sv-SE","potentialAction":[{"@type":"ReadAction","target":["https:\/\/www.almega.se\/2025\/07\/nytt-avtal-med-journalistforbundet-3\/"]}]},{"@type":"ImageObject","inLanguage":"sv-SE","@id":"https:\/\/www.almega.se\/2025\/07\/nytt-avtal-med-journalistforbundet-3\/#primaryimage","url":"https:\/\/www.almega.se\/app\/uploads\/2025\/07\/29c93662-3118-4a24-99d9-462bf5f0f770-scaled.jpg","contentUrl":"https:\/\/www.almega.se\/app\/uploads\/2025\/07\/29c93662-3118-4a24-99d9-462bf5f0f770-scaled.jpg","width":2560,"height":1280,"caption":"Sara Ejdeskog, f\u00f6rhandlingsledare p\u00e5 Medief\u00f6retagen"},{"@type":"BreadcrumbList","@id":"https:\/\/www.almega.se\/2025\/07\/nytt-avtal-med-journalistforbundet-3\/#breadcrumb","itemListElement":[{"@type":"ListItem","position":1,"name":"Home","item":"https:\/\/www.almega.se\/"},{"@type":"ListItem","position":2,"name":"Nytt avtal med Journalist&shy;f\u00f6rbundet"}]},{"@type":"WebSite","@id":"https:\/\/www.almega.se\/#website","url":"https:\/\/www.almega.se\/","name":"Almega","description":"","potentialAction":[{"@type":"SearchAction","target":{"@type":"EntryPoint","urlTemplate":"https:\/\/www.almega.se\/?s={search_term_string}"},"query-input":{"@type":"PropertyValueSpecification","valueRequired":true,"valueName":"search_term_string"}}],"inLanguage":"sv-SE"},{"@type":"Person","@id":"https:\/\/www.almega.se\/#\/schema\/person\/eae58f3a71d6b7aa9f71f3139a740a02","name":"Karin Nyg\u00e5rd","image":{"@type":"ImageObject","inLanguage":"sv-SE","@id":"https:\/\/www.almega.se\/#\/schema\/person\/image\/","url":"https:\/\/secure.gravatar.com\/avatar\/09e5ec3d12974ae686ad90a0a4bf5404c8a4cfdca18f97124f166ab274023818?s=96&d=mm&r=g","contentUrl":"https:\/\/secure.gravatar.com\/avatar\/09e5ec3d12974ae686ad90a0a4bf5404c8a4cfdca18f97124f166ab274023818?s=96&d=mm&r=g","caption":"Karin Nyg\u00e5rd"},"description":"Produkt\u00e4gare Almega.se, samordnar webbutveckling och utveckling av Arbetsgivarguiden.se","url":"https:\/\/www.almega.se\/person\/karinnygard\/"}]}},"_links":{"self":[{"href":"https:\/\/www.almega.se\/api\/wp\/v2\/posts\/81657","targetHints":{"allow":["GET"]}}],"collection":[{"href":"https:\/\/www.almega.se\/api\/wp\/v2\/posts"}],"about":[{"href":"https:\/\/www.almega.se\/api\/wp\/v2\/types\/post"}],"author":[{"embeddable":true,"href":"https:\/\/www.almega.se\/api\/wp\/v2\/users\/14531"}],"replies":[{"embeddable":true,"href":"https:\/\/www.almega.se\/api\/wp\/v2\/comments?post=81657"}],"version-history":[{"count":2,"href":"https:\/\/www.almega.se\/api\/wp\/v2\/posts\/81657\/revisions"}],"predecessor-version":[{"id":81668,"href":"https:\/\/www.almega.se\/api\/wp\/v2\/posts\/81657\/revisions\/81668"}],"wp:featuredmedia":[{"embeddable":true,"href":"https:\/\/www.almega.se\/api\/wp\/v2\/media\/81658"}],"wp:attachment":[{"href":"https:\/\/www.almega.se\/api\/wp\/v2\/media?parent=81657"}],"wp:term":[{"taxonomy":"category","embeddable":true,"href":"https:\/\/www.almega.se\/api\/wp\/v2\/categories?post=81657"},{"taxonomy":"post_tag","embeddable":true,"href":"https:\/\/www.almega.se\/api\/wp\/v2\/tags?post=81657"},{"taxonomy":"type","embeddable":true,"href":"https:\/\/www.almega.se\/api\/wp\/v2\/article_type?post=81657"},{"taxonomy":"agreement","embeddable":true,"href":"https:\/\/www.almega.se\/api\/wp\/v2\/agreement?post=81657"}],"curies":[{"name":"wp","href":"https:\/\/api.w.org\/{rel}","templated":true}]}}