{"id":81130,"date":"2025-06-18T16:17:51","date_gmt":"2025-06-18T14:17:51","guid":{"rendered":"https:\/\/www.almega.se\/?p=81130"},"modified":"2025-06-18T22:04:53","modified_gmt":"2025-06-18T20:04:53","slug":"valkommet-med-okad-datadelning-mellan-myndigheter-men-mycket-arbete-aterstar","status":"publish","type":"post","link":"https:\/\/www.almega.se\/2025\/06\/valkommet-med-okad-datadelning-mellan-myndigheter-men-mycket-arbete-aterstar\/","title":{"rendered":"V\u00e4lkommet med \u00f6kad datadelning mellan myndigheter &#8211; men mycket arbete \u00e5terst\u00e5r"},"content":{"rendered":"<p class=\"intro\">Almega v\u00e4lkomnar regeringens nya utredning som syftar till att \u00f6ka datadelning inom offentlig sektor. F\u00f6rhoppningsvis \u00e4r detta bara ett av m\u00e5nga kommande regeringsf\u00f6rslag p\u00e5 AI-omr\u00e5det som skapar b\u00e4ttre f\u00f6ruts\u00e4ttningar f\u00f6r f\u00f6retag att investera och skapa nya tj\u00e4nster.<\/p>\n\n<p>Civilminister <strong>Erik Slottner <\/strong>presenterade under en presskonferens 18 juni 2025 en ny utredning f\u00f6r \u00f6kad datadelning och AI-anv\u00e4ndning. Den ska unders\u00f6ka hur myndigheter, kommuner och regioner kan utbyta mer digital information. Utredningen ska l\u00e4mna sina f\u00f6rslag senast den 30 juni 2026.<\/p>\n\n\n\n      <blockquote class=\"Expert-comment__quote\">\n      <p>&#8221;Regeringen b\u00f6r l\u00e4gga i en h\u00f6gre v\u00e4xel och b\u00f6rja leverera p\u00e5 f\u00f6rslagen&#8221;<\/p>\n\n      \n             <a href=\"https:\/\/www.almega.se\/person\/johannesnathell\/\">\n          <figure class=\"Contact-card__image\">\n            <img decoding=\"async\" src=\"https:\/\/www.almega.se\/app\/uploads\/2025\/04\/Johannes_Nantell__DSF1115-380x285.jpg\" alt=\"Johannes Nathell\">\n          <\/figure>\n        <\/a>\n          \n      <h2 class=\"Contact-card__title\">Johannes Nathell<\/h2>\n      <p class=\"mb-0\">N\u00e4ringspolitisk expert<\/p>\n      \n                  <a href=\"https:\/\/www.almega.se\/person\/johannesnathell\/\" class=\"Contact-card__link\">\n        \n          <p class=\"Contact-card__arrow__text\">L\u00e4s mer<\/p>\n          \n          <svg class='icon icon--arrow-tip'  width=\"11\" height=\"16\" viewBox=\"0 0 11 16\" fill=\"none\" xmlns=\"http:\/\/www.w3.org\/2000\/svg\">\n<path d=\"M0.858398 15L9.2304 7.99664L0.967732 1.00001\" stroke=\"black\" stroke-width=\"2\" stroke-miterlimit=\"10\"\/>\n<\/svg>\n\n          \n      <\/a>\n\n      \n    \n  \n    <\/blockquote>\n  \n\n\n\n<p>\u2013 Almega v\u00e4lkomnar att regeringen presenterar initiativ f\u00f6r att \u00f6ka datadelning inom offentlig sektor. Tillg\u00e5ng till stora m\u00e4ngder data samt interoperabilitet \u00e4r helt avg\u00f6rande f\u00f6r AI-anv\u00e4ndning, inte bara inom offentlig sektor, utan \u00e4ven f\u00f6r n\u00e4ringslivet, s\u00e4ger <strong>Johannes Nathell<\/strong>, n\u00e4ringspolitisk expert inom AI p\u00e5 Almega.\u00a0\u00a0<\/p>\n\n\n<a class='Share__link Share__link--url copy-text' href='#' rel='nofollow' data-text='ny-ai-strategi-att-vanta' title='Dela url' data-confirmation='L\u00e4nken kopierades till urklipp'><svg class='icon icon--link'  width='18' height='18' viewBox='0 0 18 18' fill='none' xmlns='http:\/\/www.w3.org\/2000\/svg'>\n            <path d='M10.4142 0.514721L6.87868 4.05025L8.29289 5.46447L11.1213 2.63604L15.364 6.87868L12.5355 9.70711L13.9497 11.1213L17.4853 7.58579C17.8763 7.19476 17.8763 6.5626 17.4853 6.17158L11.8284 0.514721C11.4374 0.123691 10.8052 0.123691 10.4142 0.514721Z' fill='black'\/>\n            <path d='M9.7071 12.5355L6.87868 15.364L2.63604 11.1213L5.46446 8.2929L4.05025 6.87868L0.514716 10.4142C0.123686 10.8052 0.123686 11.4374 0.514716 11.8284L6.17157 17.4853C6.5626 17.8763 7.19475 17.8763 7.58578 17.4853L11.1213 13.9497L9.7071 12.5355Z' fill='black'\/>\n            <path d='M6.17157 11.8284C6.5626 12.2195 7.19475 12.2195 7.58578 11.8284L11.8284 7.58579C12.2195 7.19476 12.2195 6.56261 11.8284 6.17158C11.4374 5.78055 10.8052 5.78055 10.4142 6.17158L6.17157 10.4142C5.78054 10.8052 5.78054 11.4374 6.17157 11.8284Z' fill='black'\/>\n            <\/svg> <\/a>\n<h2 class=\"wp-block-heading\" id=\"h-ny-ai-strategi-att-vanta\">Ny AI-strategi att v\u00e4nta<\/h2>\n\n\n\n<p>F\u00f6rhoppningsvis \u00e4r det h\u00e4r bara ett av m\u00e5nga initiativ p\u00e5 g\u00e5ng inom AI-omr\u00e5det som f\u00f6renklar f\u00f6r f\u00f6retag att investera och skapa nya jobb. H\u00e4romveckan skickade remissinsatserna in svar p\u00e5 AI kommissionens f\u00e4rdplan och dessf\u00f6rinnan presenterade regeringen sin nya digitaliseringsstrategi, d\u00e4r man aviserade att en ny AI-strategi \u00e4r att v\u00e4nta.<\/p>\n\n\n\n<p>\u2013 Regeringen b\u00f6r l\u00e4gga i en h\u00f6gre v\u00e4xel och b\u00f6rja leverera p\u00e5 f\u00f6rslagen fr\u00e5n remissinstanserna och AI-kommissionens f\u00e4rdplan. Det \u00e4r v\u00e4lkommet med ett helhetsgrepp om digitaliserings- och AI-politiken, men regeringen m\u00e5ste g\u00e5 fr\u00e5n ord till handling, s\u00e4ger Johannes Nathell.<\/p>\n\n\n\n<p><a href=\"https:\/\/eur02.safelinks.protection.outlook.com\/?url=https%3A%2F%2Fwww.regeringen.se%2Fpressmeddelanden%2F2025%2F06%2Fny-utredning-for-okad-datadelning-och-ai-anvandning%2F%3Fmtm_campaign%3DPressmeddelande%26mtm_source%3DPressmeddelande%26mtm_medium%3Demail&amp;data=05%7C02%7Cfredrik.ostbom%40almega.se%7C9de11a3ec9bf47597c9408ddae6a5bcd%7C1d019c94da7b49c2bf935ee1bb4b6882%7C0%7C0%7C638858494006700518%7CUnknown%7CTWFpbGZsb3d8eyJFbXB0eU1hcGkiOnRydWUsIlYiOiIwLjAuMDAwMCIsIlAiOiJXaW4zMiIsIkFOIjoiTWFpbCIsIldUIjoyfQ%3D%3D%7C0%7C%7C%7C&amp;sdata=vgR2qtz46xFSZ2Jr1OCyXNm1ugaFbYu5Dpl4CmyhWqU%3D&amp;reserved=0\">L\u00e4s mer: Ny utredning f\u00f6r \u00f6kad datadelning och AI-anv\u00e4ndning (regeringen.se<\/a>)<\/p>\n","protected":false},"excerpt":{"rendered":"<p>Almega v\u00e4lkomnar regeringens nya utredning som syftar till att \u00f6ka datadelning inom offentlig sektor. F\u00f6rhoppningsvis \u00e4r detta bara ett av m\u00e5nga kommande regeringsf\u00f6rslag p\u00e5 AI-omr\u00e5det som skapar b\u00e4ttre f\u00f6ruts\u00e4ttningar f\u00f6r f\u00f6retag att investera och skapa nya tj\u00e4nster.<\/p>\n","protected":false},"author":16543,"featured_media":80861,"comment_status":"closed","ping_status":"closed","sticky":false,"template":"","format":"standard","meta":{"_acf_changed":false,"footnotes":""},"categories":[692,451],"tags":[],"article_type":[56],"agreement":[],"class_list":["post-81130","post","type-post","status-publish","format-standard","has-post-thumbnail","hentry","category-ai","category-arbetsgivarfragor","type-nyheter"],"acf":[],"yoast_head":"<!-- This site is optimized with the Yoast SEO Premium plugin v26.8 (Yoast SEO v26.8) - https:\/\/yoast.com\/product\/yoast-seo-premium-wordpress\/ -->\n<title>V\u00e4lkommet med \u00f6kad datadelning mellan myndigheter - men mycket arbete \u00e5terst\u00e5r | Almega<\/title>\n<meta name=\"robots\" content=\"index, follow, max-snippet:-1, max-image-preview:large, max-video-preview:-1\" \/>\n<link rel=\"canonical\" href=\"https:\/\/www.almega.se\/2025\/06\/valkommet-med-okad-datadelning-mellan-myndigheter-men-mycket-arbete-aterstar\/\" \/>\n<meta property=\"og:locale\" content=\"sv_SE\" \/>\n<meta property=\"og:type\" content=\"article\" \/>\n<meta property=\"og:title\" content=\"V\u00e4lkommet med \u00f6kad datadelning mellan myndigheter - men mycket arbete \u00e5terst\u00e5r\" \/>\n<meta property=\"og:description\" content=\"Almega v\u00e4lkomnar regeringens nya utredning som syftar till att \u00f6ka datadelning inom offentlig sektor. F\u00f6rhoppningsvis \u00e4r detta bara ett av m\u00e5nga kommande regeringsf\u00f6rslag p\u00e5 AI-omr\u00e5det som skapar b\u00e4ttre f\u00f6ruts\u00e4ttningar f\u00f6r f\u00f6retag att investera och skapa nya tj\u00e4nster.\" \/>\n<meta property=\"og:url\" content=\"https:\/\/www.almega.se\/2025\/06\/valkommet-med-okad-datadelning-mellan-myndigheter-men-mycket-arbete-aterstar\/\" \/>\n<meta property=\"og:site_name\" content=\"Almega\" \/>\n<meta property=\"article:published_time\" content=\"2025-06-18T14:17:51+00:00\" \/>\n<meta property=\"article:modified_time\" content=\"2025-06-18T20:04:53+00:00\" \/>\n<meta property=\"og:image\" content=\"https:\/\/www.almega.se\/app\/uploads\/2025\/06\/Johannes_Nantell__DSF1095-scaled.jpg\" \/>\n\t<meta property=\"og:image:width\" content=\"2560\" \/>\n\t<meta property=\"og:image:height\" content=\"1920\" \/>\n\t<meta property=\"og:image:type\" content=\"image\/jpeg\" \/>\n<meta name=\"author\" content=\"R\u00e9ka Tolnai\" \/>\n<meta name=\"twitter:card\" content=\"summary_large_image\" \/>\n<meta name=\"twitter:label1\" content=\"Skriven av\" \/>\n\t<meta name=\"twitter:data1\" content=\"R\u00e9ka Tolnai\" \/>\n\t<meta name=\"twitter:label2\" content=\"Ber\u00e4knad l\u00e4stid\" \/>\n\t<meta name=\"twitter:data2\" content=\"2 minuter\" \/>\n<!-- \/ Yoast SEO Premium plugin. -->","yoast_head_json":{"title":"V\u00e4lkommet med \u00f6kad datadelning mellan myndigheter - men mycket arbete \u00e5terst\u00e5r | Almega","robots":{"index":"index","follow":"follow","max-snippet":"max-snippet:-1","max-image-preview":"max-image-preview:large","max-video-preview":"max-video-preview:-1"},"canonical":"https:\/\/www.almega.se\/2025\/06\/valkommet-med-okad-datadelning-mellan-myndigheter-men-mycket-arbete-aterstar\/","og_locale":"sv_SE","og_type":"article","og_title":"V\u00e4lkommet med \u00f6kad datadelning mellan myndigheter - men mycket arbete \u00e5terst\u00e5r","og_description":"Almega v\u00e4lkomnar regeringens nya utredning som syftar till att \u00f6ka datadelning inom offentlig sektor. F\u00f6rhoppningsvis \u00e4r detta bara ett av m\u00e5nga kommande regeringsf\u00f6rslag p\u00e5 AI-omr\u00e5det som skapar b\u00e4ttre f\u00f6ruts\u00e4ttningar f\u00f6r f\u00f6retag att investera och skapa nya tj\u00e4nster.","og_url":"https:\/\/www.almega.se\/2025\/06\/valkommet-med-okad-datadelning-mellan-myndigheter-men-mycket-arbete-aterstar\/","og_site_name":"Almega","article_published_time":"2025-06-18T14:17:51+00:00","article_modified_time":"2025-06-18T20:04:53+00:00","og_image":[{"width":2560,"height":1920,"url":"https:\/\/www.almega.se\/app\/uploads\/2025\/06\/Johannes_Nantell__DSF1095-scaled.jpg","type":"image\/jpeg"}],"author":"R\u00e9ka Tolnai","twitter_card":"summary_large_image","twitter_misc":{"Skriven av":"R\u00e9ka Tolnai","Ber\u00e4knad l\u00e4stid":"2 minuter"},"schema":{"@context":"https:\/\/schema.org","@graph":[{"@type":"NewsArticle","@id":"https:\/\/www.almega.se\/2025\/06\/valkommet-med-okad-datadelning-mellan-myndigheter-men-mycket-arbete-aterstar\/#article","isPartOf":{"@id":"https:\/\/www.almega.se\/2025\/06\/valkommet-med-okad-datadelning-mellan-myndigheter-men-mycket-arbete-aterstar\/"},"author":{"name":"R\u00e9ka Tolnai","@id":"https:\/\/www.almega.se\/#\/schema\/person\/e54aa110880538cf5ceac0ac54bbecf7"},"headline":"V\u00e4lkommet med \u00f6kad datadelning mellan myndigheter &#8211; men mycket arbete \u00e5terst\u00e5r","datePublished":"2025-06-18T14:17:51+00:00","dateModified":"2025-06-18T20:04:53+00:00","mainEntityOfPage":{"@id":"https:\/\/www.almega.se\/2025\/06\/valkommet-med-okad-datadelning-mellan-myndigheter-men-mycket-arbete-aterstar\/"},"wordCount":240,"image":{"@id":"https:\/\/www.almega.se\/2025\/06\/valkommet-med-okad-datadelning-mellan-myndigheter-men-mycket-arbete-aterstar\/#primaryimage"},"thumbnailUrl":"https:\/\/www.almega.se\/app\/uploads\/2025\/06\/Johannes_Nantell__DSF1095-scaled.jpg","articleSection":["AI","Arbetsgivarfr\u00e5gor"],"inLanguage":"sv-SE"},{"@type":"WebPage","@id":"https:\/\/www.almega.se\/2025\/06\/valkommet-med-okad-datadelning-mellan-myndigheter-men-mycket-arbete-aterstar\/","url":"https:\/\/www.almega.se\/2025\/06\/valkommet-med-okad-datadelning-mellan-myndigheter-men-mycket-arbete-aterstar\/","name":"V\u00e4lkommet med \u00f6kad datadelning mellan myndigheter - men mycket arbete \u00e5terst\u00e5r | Almega","isPartOf":{"@id":"https:\/\/www.almega.se\/#website"},"primaryImageOfPage":{"@id":"https:\/\/www.almega.se\/2025\/06\/valkommet-med-okad-datadelning-mellan-myndigheter-men-mycket-arbete-aterstar\/#primaryimage"},"image":{"@id":"https:\/\/www.almega.se\/2025\/06\/valkommet-med-okad-datadelning-mellan-myndigheter-men-mycket-arbete-aterstar\/#primaryimage"},"thumbnailUrl":"https:\/\/www.almega.se\/app\/uploads\/2025\/06\/Johannes_Nantell__DSF1095-scaled.jpg","datePublished":"2025-06-18T14:17:51+00:00","dateModified":"2025-06-18T20:04:53+00:00","author":{"@id":"https:\/\/www.almega.se\/#\/schema\/person\/e54aa110880538cf5ceac0ac54bbecf7"},"breadcrumb":{"@id":"https:\/\/www.almega.se\/2025\/06\/valkommet-med-okad-datadelning-mellan-myndigheter-men-mycket-arbete-aterstar\/#breadcrumb"},"inLanguage":"sv-SE","potentialAction":[{"@type":"ReadAction","target":["https:\/\/www.almega.se\/2025\/06\/valkommet-med-okad-datadelning-mellan-myndigheter-men-mycket-arbete-aterstar\/"]}]},{"@type":"ImageObject","inLanguage":"sv-SE","@id":"https:\/\/www.almega.se\/2025\/06\/valkommet-med-okad-datadelning-mellan-myndigheter-men-mycket-arbete-aterstar\/#primaryimage","url":"https:\/\/www.almega.se\/app\/uploads\/2025\/06\/Johannes_Nantell__DSF1095-scaled.jpg","contentUrl":"https:\/\/www.almega.se\/app\/uploads\/2025\/06\/Johannes_Nantell__DSF1095-scaled.jpg","width":2560,"height":1920,"caption":"Johannes Nathell, Almega"},{"@type":"BreadcrumbList","@id":"https:\/\/www.almega.se\/2025\/06\/valkommet-med-okad-datadelning-mellan-myndigheter-men-mycket-arbete-aterstar\/#breadcrumb","itemListElement":[{"@type":"ListItem","position":1,"name":"Home","item":"https:\/\/www.almega.se\/"},{"@type":"ListItem","position":2,"name":"V\u00e4lkommet med \u00f6kad datadelning mellan myndigheter &#8211; men mycket arbete \u00e5terst\u00e5r"}]},{"@type":"WebSite","@id":"https:\/\/www.almega.se\/#website","url":"https:\/\/www.almega.se\/","name":"Almega","description":"","potentialAction":[{"@type":"SearchAction","target":{"@type":"EntryPoint","urlTemplate":"https:\/\/www.almega.se\/?s={search_term_string}"},"query-input":{"@type":"PropertyValueSpecification","valueRequired":true,"valueName":"search_term_string"}}],"inLanguage":"sv-SE"},{"@type":"Person","@id":"https:\/\/www.almega.se\/#\/schema\/person\/e54aa110880538cf5ceac0ac54bbecf7","name":"R\u00e9ka Tolnai","image":{"@type":"ImageObject","inLanguage":"sv-SE","@id":"https:\/\/www.almega.se\/#\/schema\/person\/image\/","url":"https:\/\/secure.gravatar.com\/avatar\/c722d4a4ee787603df9df499a683d681bd2c463bde248da25aabc45883d614d2?s=96&d=mm&r=g","contentUrl":"https:\/\/secure.gravatar.com\/avatar\/c722d4a4ee787603df9df499a683d681bd2c463bde248da25aabc45883d614d2?s=96&d=mm&r=g","caption":"R\u00e9ka Tolnai"},"url":"https:\/\/www.almega.se\/person\/rekatolnai\/"}]}},"_links":{"self":[{"href":"https:\/\/www.almega.se\/api\/wp\/v2\/posts\/81130","targetHints":{"allow":["GET"]}}],"collection":[{"href":"https:\/\/www.almega.se\/api\/wp\/v2\/posts"}],"about":[{"href":"https:\/\/www.almega.se\/api\/wp\/v2\/types\/post"}],"author":[{"embeddable":true,"href":"https:\/\/www.almega.se\/api\/wp\/v2\/users\/16543"}],"replies":[{"embeddable":true,"href":"https:\/\/www.almega.se\/api\/wp\/v2\/comments?post=81130"}],"version-history":[{"count":9,"href":"https:\/\/www.almega.se\/api\/wp\/v2\/posts\/81130\/revisions"}],"predecessor-version":[{"id":81171,"href":"https:\/\/www.almega.se\/api\/wp\/v2\/posts\/81130\/revisions\/81171"}],"wp:featuredmedia":[{"embeddable":true,"href":"https:\/\/www.almega.se\/api\/wp\/v2\/media\/80861"}],"wp:attachment":[{"href":"https:\/\/www.almega.se\/api\/wp\/v2\/media?parent=81130"}],"wp:term":[{"taxonomy":"category","embeddable":true,"href":"https:\/\/www.almega.se\/api\/wp\/v2\/categories?post=81130"},{"taxonomy":"post_tag","embeddable":true,"href":"https:\/\/www.almega.se\/api\/wp\/v2\/tags?post=81130"},{"taxonomy":"type","embeddable":true,"href":"https:\/\/www.almega.se\/api\/wp\/v2\/article_type?post=81130"},{"taxonomy":"agreement","embeddable":true,"href":"https:\/\/www.almega.se\/api\/wp\/v2\/agreement?post=81130"}],"curies":[{"name":"wp","href":"https:\/\/api.w.org\/{rel}","templated":true}]}}