{"id":81064,"date":"2025-06-18T15:38:22","date_gmt":"2025-06-18T13:38:22","guid":{"rendered":"https:\/\/www.almega.se\/?p=81064"},"modified":"2025-06-18T21:00:16","modified_gmt":"2025-06-18T19:00:16","slug":"nytt-kollektivavtal-med-fackforbundet-scen-film-for-biografanstallda-2","status":"publish","type":"post","link":"https:\/\/www.almega.se\/2025\/06\/nytt-kollektivavtal-med-fackforbundet-scen-film-for-biografanstallda-2\/","title":{"rendered":"Nytt kollektivavtal med Fack&shy;f\u00f6rbundet Scen &amp; Film f\u00f6r biografanst\u00e4llda"},"content":{"rendered":"<p class=\"intro\">Medief\u00f6retagen och Fackf\u00f6rbundet Scen &amp; Film har tr\u00e4ffat ett nytt kollektivavtal f\u00f6r Biograf f\u00f6r perioden 1 juni 2025 till och med 31 maj 2027.<\/p>\n\n<p>Avtalet str\u00e4cker sig \u00f6ver 24 m\u00e5nader och \u00e4r i niv\u00e5 med det s\u00e5 kallade m\u00e4rket med ett totalt avtalsv\u00e4rde p\u00e5 6,4&nbsp;procent. L\u00f6ner och till\u00e4gg h\u00f6js med 2,9&nbsp;procent fr\u00e5n och med den 1 juni 2025 och med 2,8 procent fr\u00e5n och med den 1&nbsp;juni&nbsp;2026.<\/p>\n\n\n\n<p><a href=\"https:\/\/www.almega.se\/app\/uploads\/2025\/06\/Protokoll-Biograf-Medieforetagen-Scen-och-Film-20250617.pdf\" target=\"_blank\" rel=\"noreferrer noopener\">\u00d6verenskommelsen med bilaga<\/a> (inloggning kr\u00e4vs).<\/p>\n\n\n\n<p><strong>En sammanfattning av inneh\u00e5llet \u00e4r:<\/strong><\/p>\n\n\n\n<p>Avtalet \u00e4r p\u00e5 24 m\u00e5nader och l\u00f6per ut 31 maj 2027.<\/p>\n\n\n\n<p>L\u00f6ne\u00f6kningar p\u00e5 sammanlagt 5,7 % under 24 m\u00e5nader \u2013 l\u00f6nerevision den 1 juni 2025 med en pott p\u00e5 2,9 % respektive den 1 juni 2026 med en pott p\u00e5 2,8 %.<\/p>\n\n\n\n<p>Individuell f\u00f6rdelning (pott) 60&nbsp;% och generell f\u00f6rdelning 40&nbsp;% (som tidigare).<\/p>\n\n\n\n<p>L\u00e4gstl\u00f6nerna, samt ob- och \u00f6vriga till\u00e4gg i avtalet h\u00f6js med sammanlagt 5,7 % under avtalsperioden; 2,9&nbsp;% den 1&nbsp;juni 2025 respektive 2,8&nbsp;% den 1&nbsp;juni 2026.<\/p>\n\n\n\n<ul class=\"wp-block-list\">\n<li>Mertidsers\u00e4ttning inf\u00f6rs p\u00e5 avtalsomr\u00e5det vid beordrat eller i efterhand godk\u00e4nt mertidsarbete.<\/li>\n\n\n\n<li>Vid frivilligt \u00f6verenskommet mertidsarbete utges ej mertidskompensation.<\/li>\n\n\n\n<li>Mertidsarbete som ej direkt beordrats skall senast p\u00e5f\u00f6ljande vardag anm\u00e4las f\u00f6r eventuellt godk\u00e4nnande av ansvarig arbetsgivarf\u00f6retr\u00e4dare.<\/li>\n\n\n\n<li>Ob-till\u00e4gg utg\u00e5r ej samtidigt som mertidskompensation.<\/li>\n\n\n\n<li>Arbetstagare som anm\u00e4lt att hen vill ha h\u00f6gre syssels\u00e4ttningsgrad och sedan tackat nej till s\u00e5dant erbjudande, har inte r\u00e4tt till mertidskompensation.<\/li>\n\n\n\n<li>Ny l\u00e4gstl\u00f6n efter 1000 arbetade timmar (i st\u00e4llet f\u00f6r 2000&nbsp;timmar enligt tidigare avtal).<\/li>\n\n\n\n<li>Nya anst\u00e4llningsformer f\u00f6r tidsbegr\u00e4nsad anst\u00e4llning tillf\u00f6rs avtalet (Avtalad visstid i st\u00e4llet f\u00f6r S\u00c4VA, konvertering efter 36 m\u00e5n i vikariat och\/eller Avtalad visstid).<\/li>\n\n\n\n<li>Personal som inkallas till digitalt m\u00f6te eller utbildning \u00e4ger uppb\u00e4ra ers\u00e4ttning f\u00f6r arbetad tid, dock minst 1&nbsp;timme (i st\u00e4llet f\u00f6r 2&nbsp;timmar enligt tidigare avtal).<\/li>\n<\/ul>\n\n\n\n<p>Informationen nedan disponeras enligt f\u00f6ljande:<\/p>\n\n\n\n<p><strong>L\u00f6n<\/strong><\/p>\n\n\n\n<ol class=\"wp-block-list\">\n<li>L\u00f6nerevisonsdatum<\/li>\n\n\n\n<li>L\u00f6neutrymmet<br>2.1 Utr\u00e4kning av generell f\u00f6rdelning (individgaranti)<br>2.2 Utr\u00e4kning av individuell f\u00f6rdelning (pott)<\/li>\n\n\n\n<li>F\u00f6rdelning av lokalt l\u00f6neutrymme (potten) och f\u00f6rhandlingar<\/li>\n\n\n\n<li>F\u00f6rhandlingsordning<\/li>\n\n\n\n<li>L\u00f6nesamtal<\/li>\n\n\n\n<li>Generell utl\u00e4ggning av l\u00f6neutrymmet utan individuell f\u00f6rdelning <\/li>\n\n\n\n<li>L\u00e4gsta l\u00f6ner och andra ers\u00e4ttningar inkl ob-ers\u00e4ttning<\/li>\n<\/ol>\n\n\n\n<p><strong>\u00c4ndringar i allm\u00e4nna villkor<\/strong><\/p>\n\n\n\n<p><strong>\u00d6vrigt<\/strong><\/p>\n\n\n\n<ul class=\"wp-block-list\">\n<li>Avtalstryck<\/li>\n\n\n\n<li>Arbetsgivarguiden<\/li>\n\n\n\n<li>Fr\u00e5gor<\/li>\n<\/ul>\n\n\n\n<h3 class=\"wp-block-heading\" id=\"h-lon\">L\u00f6n<\/h3>\n\n\n\n<h5 class=\"wp-block-heading\" id=\"h-1-lonerevisionsdatum\">1 &#8211; L\u00f6nerevisionsdatum<\/h5>\n\n\n\n<p>Det \u00e4r tv\u00e5 l\u00f6nerevisionstillf\u00e4llen under avtalsperioden; 1 juni 2025 och 1 juni 2026. Det sker ingen l\u00f6nerevision d\u00e4remellan. L\u00f6nerevisionen den 1 juni 2025 omfattar alla som \u00e4r anst\u00e4llda denna dag.<\/p>\n\n\n\n<h5 class=\"wp-block-heading\" id=\"h-2-loneutrymmet\">2 &#8211; L\u00f6neutrymmet<\/h5>\n\n\n\n<p>Det totala l\u00f6neutrymmet utg\u00f6r 2,9 % och 2,8 % av summan av fasta kontanta l\u00f6ner f\u00f6r Scen &amp; Films medlemmar den 31 maj 2025 respektive den 31 maj 2026.<\/p>\n\n\n\n<p>Det totala l\u00f6neutrymmet r\u00e4knas fram genom att r\u00e4kna ihop arbetstagarnas sammanlagda fasta kontanta l\u00f6ner. B\u00e5de tillsvidareanst\u00e4llda och tidsbegr\u00e4nsat anst\u00e4llda r\u00e4knas med. \u00c4ven extraanst\u00e4llda ska medr\u00e4knas om de extraanst\u00e4llda omfattas av l\u00f6nerevisionen, dvs. om de \u00e4r anst\u00e4llda den 1 juni 2025.<\/p>\n\n\n\n<p>Av detta l\u00f6neutrymme avs\u00e4tts en del f\u00f6r generell f\u00f6rdelning (2.1 nedan) och en del f\u00f6r individuell f\u00f6rdelning, pott (2.2 nedan). En pott ber\u00e4knas f\u00f6r Scen &amp; Films medlemmar och en f\u00f6r \u00f6vriga.<\/p>\n\n\n\n<p><strong>Exempel: <\/strong><br><em>P\u00e5 en biograf arbetar Anna, Kalle och Stina. Alla \u00e4r medlemmar i Scen &amp; Film. De har f\u00f6ljande l\u00f6ner. Anna arbetar heltid och har 23.500 kr, Kalle arbetar 50&nbsp;% och har 10&nbsp;000 kr och Stina \u00e4r anst\u00e4lld p\u00e5 80 % med en l\u00f6n p\u00e5 18.000 kr.<\/em><br><em>Anna 23&nbsp;500 kr x 2,9&nbsp;% &nbsp;&nbsp;= 682 kr<\/em><br><em>Kalle 10&nbsp;000 kr x 2,9&nbsp;% &nbsp;&nbsp;&nbsp;= 290 kr<\/em><br><em>Stina 18&nbsp;000 kr x 2,9&nbsp;% &nbsp;&nbsp;=&nbsp;522 kr<\/em><br><em><strong>&nbsp;Summa:&nbsp;&nbsp;&nbsp;1.494 kr<\/strong><\/em><\/p>\n\n\n\n<p><em>De tre medarbetarna har sammanlagt en fast kontant l\u00f6n p\u00e5 51.500&nbsp;kr. Det totala l\u00f6neutrymmet i \u00e5r f\u00f6r Scen &amp; Films medlemmar \u00e4r 2,9&nbsp;% x 51.500 kr = &nbsp; 1.494&nbsp;kr<\/em><\/p>\n\n\n\n<p><strong>2.1 Utr\u00e4kning av generell f\u00f6rdelning (individgaranti)<\/strong><\/p>\n\n\n\n<p>Liksom tidigare avs\u00e4tts 40&nbsp;procent av l\u00f6neutrymmet till generell f\u00f6rdelning. Det inneb\u00e4r att varje anst\u00e4lld \u00e4r garanterad det generella l\u00f6nep\u00e5slaget, inkluderat den h\u00f6jning som kan skett vid l\u00f6negruppsplaceringen om de lokala parterna inte kommer \u00f6verens om annat.<\/p>\n\n\n\n<p><em><strong>Forts\u00e4ttning p\u00e5 exempel fr\u00e5n p 2.<\/strong><\/em><br><em>Det totala l\u00f6neutrymmet \u00e4r i \u00e5r 1&nbsp;494 kr. Varje medarbetare \u00e4r garanterade en l\u00f6neh\u00f6jning med 40&nbsp;% av det l\u00f6neutrymme som de bidrar med.<\/em><br><em>1.494 kr x 40&nbsp;% &nbsp;&nbsp;&nbsp;&nbsp;&nbsp;&nbsp;&nbsp;&nbsp;&nbsp;&nbsp;&nbsp;&nbsp;&nbsp;&nbsp;&nbsp;&nbsp;&nbsp;&nbsp;&nbsp;&nbsp;&nbsp;&nbsp;&nbsp;&nbsp;&nbsp;&nbsp;&nbsp;       = 598 kr&nbsp;&nbsp; (598&nbsp;kr nedan, d\u00e5 avrundat till hela krontal).<\/em><br><em>Anna 23 500 kr&nbsp;x&nbsp;2,9&nbsp;%&nbsp;x&nbsp;40 % &nbsp;=&nbsp;273 kr i individgaranti<\/em><br><em>Kalle 10&nbsp;000 kr&nbsp;x&nbsp;2,9 &nbsp;&nbsp; x&nbsp;40 % &nbsp;&nbsp;&nbsp; =&nbsp;116 kr i individgaranti<\/em><br><em>Stina 18&nbsp;000 kr&nbsp;x&nbsp;2,9 %&nbsp;x&nbsp;40 % =&nbsp;209 kri individgaranti<\/em><br><em><strong>Summa individgaranti: 598&nbsp;kr<\/strong><\/em><\/p>\n\n\n\n<p><strong>2.2 Utr\u00e4kning av individuell f\u00f6rdelning (pott)<\/strong><\/p>\n\n\n\n<p>60&nbsp;procent av l\u00f6neutrymmet avs\u00e4tts till individuell f\u00f6rdelning. Detta utrymme st\u00e4lls till lokala parternas f\u00f6rfogande f\u00f6r f\u00f6rdelning i enlighet med kriterierna f\u00f6r l\u00f6nes\u00e4ttning och principerna om individuell f\u00f6rdelning enligt avtalet. Beloppet f\u00f6rdelas i f\u00f6rhandling, se vidare ang\u00e5ende f\u00f6rdelning, f\u00f6rhandlingar och l\u00f6nesamtal i punkt 3-5 nedan.<\/p>\n\n\n\n<p>F\u00f6r de arbetstagare som har l\u00e4gstl\u00f6n kan deras del av potten anv\u00e4ndas s\u00e5 l\u00e5ngt som det beh\u00f6vs f\u00f6r att n\u00e5 upp till ny l\u00e4gstl\u00f6n, punkt 4 nedan.<\/p>\n\n\n\n<p>En pott r\u00e4knas ut f\u00f6r medlemmar i Scen &amp; Film och en pott f\u00f6r de som \u00e4r oorganiserade eller medlemmar i annan fackf\u00f6rening.<\/p>\n\n\n\n<p><em><strong>Forts\u00e4ttning p\u00e5 exempel fr\u00e5n punkt 2.<\/strong><\/em><strong><br><\/strong><em>Det totala l\u00f6neutrymmet \u00e4r i \u00e5r 1&nbsp;494&nbsp;kr. Varje medarbetare \u00e4r garanterade en l\u00f6neh\u00f6jning med 40&nbsp;% av det l\u00f6neutrymme som de bidrar med enligt punkt 2.1 ovan (1&nbsp;494&nbsp;kr&nbsp;x 40&nbsp;%&nbsp;=&nbsp;598&nbsp;kr sammanlagt).<\/em><br><em>Resterande 60&nbsp;% anv\u00e4nds till individuell f\u00f6rdelning (pott). Det individuella l\u00f6neutrymmet (potten) f\u00f6r arbetsplatsen \u00e4r 1&nbsp;494 kr&nbsp;x&nbsp;60&nbsp;% = 896&nbsp;kr till individuell f\u00f6rdelning.<\/em><\/p>\n\n\n\n<h5 class=\"wp-block-heading\" id=\"h-3-fordelning-av-lokalt-loneutrymme-potten-och-forhandlingar\">3 &#8211; F\u00f6rdelning av lokalt l\u00f6neutrymme (potten) och f\u00f6rhandlingar<\/h5>\n\n\n\n<p>F\u00f6rdelning av utrymmet sker i enlighet med f\u00f6rhandlingsordningen och med till\u00e4mpningen av kriterierna f\u00f6r l\u00f6nes\u00e4ttning. Det finns inget krav att lokalt komma \u00f6verens om f\u00f6rdelningen, se punkt 4 f\u00f6rhandlingsordningen.<\/p>\n\n\n\n<p>F\u00f6r f\u00f6retag med flera arbetsplatser f\u00f6rdelas utrymmet per ort, se punkt 3 i l\u00f6neavtalet. F\u00f6retag och Scen &amp; Film centralt kan dock komma \u00f6verens att f\u00f6rdelning ska ske per arbetsplats.<\/p>\n\n\n\n<p>Medief\u00f6retagen och Teaterf\u00f6rbundet (numera Scen &amp; Film) tog 2010 gemensamt fram en rekommendation om lokal och individuell l\u00f6nes\u00e4ttning. Den kan anv\u00e4ndas som ett hj\u00e4lpmedel i l\u00f6neprocessen. Den \u00e5terfinns som bilaga 8 i kollektivavtalet. I l\u00f6neavtalets punkt 4 finns kriterier f\u00f6r l\u00f6nes\u00e4ttning. De nya niv\u00e5erna p\u00e5 l\u00e4gstl\u00f6ner framg\u00e5r nedan i punkt 7. En arbetstagare f\u00e5r f\u00f6rst en h\u00f6jning med det generella p\u00e5slaget (2.1 ovan). Efter det l\u00e4ggs den h\u00f6jning medarbetaren f\u00e5r efter f\u00f6rdelning av potten p\u00e5. D\u00e4refter ska kontrolleras att arbetstagaren n\u00e5r upp i den nya l\u00e4gstl\u00f6neniv\u00e5n. Om inte den nya l\u00e4gstl\u00f6nen n\u00e5s efter det generella p\u00e5slaget och f\u00f6rdelning av potten ska l\u00f6nen h\u00f6jas upp till den nya l\u00e4gstl\u00f6neniv\u00e5n.<\/p>\n\n\n\n<h5 class=\"wp-block-heading\" id=\"h-4-forhandlingsordning\">4 &#8211; F\u00f6rhandlingsordning<\/h5>\n\n\n\n<p>Den lokala fackliga representationen ska meddela arbetsgivaren vilka arbetstagare de kommer att f\u00f6retr\u00e4da i l\u00f6nef\u00f6rhandlingarna. De lokala f\u00f6rhandlingarna ska d\u00e4refter p\u00e5b\u00f6rjas, om inte parterna enas om annat.<\/p>\n\n\n\n<p>Parterna har inte avtalat om n\u00e5gra tidsfrister i f\u00f6rhandlingsordningen, med undantag f\u00f6r att central f\u00f6rhandling ska beg\u00e4ras senast den 30 september 2025 resp 30 september 2026. Beg\u00e4ran om s\u00e5dan central f\u00f6rhandling skall ske skriftligen och p\u00e5kallas hos Medief\u00f6retagen respektive Scen &amp; Film.<\/p>\n\n\n\n<p>P\u00e5kallas inte centrala f\u00f6rhandling eller om de centrala parterna inte kan enas f\u00f6rdelar arbetsgivaren det individuella l\u00f6neutrymmet i enlighet med punkt&nbsp;2 och 3 ovan. Utfallet av l\u00f6nerevisionen kan d\u00e4rf\u00f6r bli:<\/p>\n\n\n\n<p>De lokala parterna kommer \u00f6verens om f\u00f6rdelning av den individuell l\u00f6neutrymmet (potten).<\/p>\n\n\n\n<p>De lokala parterna kommer inte \u00f6verens om f\u00f6rdelningen, men Scen &amp; Film p\u00e5kallar inte central f\u00f6rhandling. Arbetsgivaren f\u00f6rdelar d\u00e5 potten ensidigt.<\/p>\n\n\n\n<p>De lokala parterna kommer inte \u00f6verens om f\u00f6rdelningen och Scen &amp; Film p\u00e5kallar central f\u00f6rhandling. Avslutas \u00e4ven den centrala f\u00f6rhandlingen i oenighet s\u00e5 f\u00f6rdelar arbetsgivaren d\u00e4refter ensidigt potten.<\/p>\n\n\n\n<h5 class=\"wp-block-heading\" id=\"h-5-lonesamtal\">5 &#8211; L\u00f6nesamtal<\/h5>\n\n\n\n<p>N\u00e4r l\u00f6nerevisionen \u00e4r f\u00e4rdig ska arbetsgivaren meddela medarbetarens nya l\u00f6n. F\u00f6r det fall individuell f\u00f6rdelning har anv\u00e4nts ska arbetsgivaren muntligen motivera den nya l\u00f6nen.<\/p>\n\n\n\n<h5 class=\"wp-block-heading\" id=\"h-6-generell-utlaggning-av-loneutrymmet-utan-individuell-fordelning\">6 &#8211; Generell utl\u00e4ggning av l\u00f6neutrymmet utan individuell f\u00f6rdelning<\/h5>\n\n\n\n<p>Det finns inget i kollektivavtalet som hindrar att hela l\u00f6neutrymmet l\u00e4ggs ut generellt p\u00e5 samtliga anst\u00e4llda och att ingen individuell f\u00f6rdelning (pott) anv\u00e4nds. Alla anst\u00e4llda kommer d\u00e5 f\u00e5 s\u00e5 mycket som i l\u00f6neh\u00f6jning som de bidrar med till det totala l\u00f6neutrymmet.<\/p>\n\n\n\n<p><em><strong>Exempel<\/strong><\/em><strong><br><\/strong><em>P\u00e5 en biograf arbetar Anna, Kalle och Stina. Alla \u00e4r medlemmar i Scen &amp; Film. De har f\u00f6ljande l\u00f6ner. Anna arbetar heltid och har 23.500\u00a0kr, Kalle arbetar 50\u00a0% och har 10.000\u00a0kr och Stina \u00e4r anst\u00e4lld p\u00e5 80\u00a0% med en l\u00f6n p\u00e5 18.000\u00a0kr. L\u00f6neutrymmet \u00e4r i \u00e5r 2,9\u00a0%.<\/em><br><em>Anna 23\u00a0500\u00a0kr x 2,9\u00a0% \u00a0= 682 kr<\/em><br><em>Kalle 10\u00a0000\u00a0kr x 2,9\u00a0%  = 290 kr<\/em><br><em>Stina 18\u00a0000\u00a0kr x 2,9\u00a0% =\u00a0522 kr<\/em><br><em>\u00a0<strong>Summa: \u00a01.494\u00a0kr<\/strong><br>De har sammanlagt en fast kontant l\u00f6n p\u00e5 51\u00a0500 kr. L\u00f6neutrymmet \u00e4r 2,9\u00a0% x 51\u00a0500 kr =1.494 kr. Vid generell utl\u00e4ggning f\u00e5r Anna 682\u00a0kr, Kalle 290 kr och Stina 522\u00a0kr<\/em>.<\/p>\n\n\n\n<h5 class=\"wp-block-heading\" id=\"h-7-lagstlon-2025-06-01-2027-05-31\">7 &#8211; L\u00e4gstl\u00f6n 2025-06-01 &#8211; 2027-05-31<\/h5>\n\n\n\n<figure class=\"wp-block-table\"><table><tbody><tr><td><strong>L\u00f6negrupp<\/strong><\/td><td>Timl\u00f6n<br><strong>2025-06-01<\/strong><\/td><td>Timl\u00f6n<br><strong>2026-06-01<\/strong><\/td><\/tr><tr><td><strong>1. Minimil\u00f6n f\u00f6r biografanst\u00e4lld varje \u00e5r<\/strong><br>(upp till 1000 arbetade timmar)<\/td><td>L\u00e4gst 123,51 kr<\/td><td>L\u00e4gst 126,97 kr<\/td><\/tr><tr><td><strong>2. Biografanst\u00e4lld<\/strong><br>(mer \u00e4n 1000 arbetade timmar)<\/td><td>L\u00e4gst 136,17 kr<\/td><td>L\u00e4gst 139,98 kr<\/td><\/tr><\/tbody><\/table><\/figure>\n\n\n\n<p><strong>Ers\u00e4ttning f\u00f6r s\u00e5 kallad obekv\u00e4m tj\u00e4nstg\u00f6ring<\/strong><\/p>\n\n\n\n<p>Tj\u00e4nstg\u00f6ring mellan kl 18.00-23.30 m\u00e5ndag-torsdag: 7,13&nbsp;kr\/tim fr o m den 1&nbsp;juni 2025 samt 7,33 kr\/tim fr o m den 1&nbsp;juni&nbsp;2026.<\/p>\n\n\n\n<p>Tj\u00e4nstg\u00f6ring mellan kl 18.00-23.30 fredag, kl&nbsp;08.00-23.30 l\u00f6r-, s\u00f6n- och helgdag samt ny\u00e5rsafton: 22,97 kr\/tim fr o m den 1&nbsp;juni 2025 samt 23,61 kr\/tim fr o m den 1&nbsp;juni 2026.<\/p>\n\n\n\n<p>Tj\u00e4nstg\u00f6ring mellan kl 23.30-08.00 samt p\u00e5 julafton, juldagen, l\u00e5ngfredagen, p\u00e5skdagen, midsommarafton och midsommardagen samt 1&nbsp;maj f\u00f6re kl&nbsp;17.00:&nbsp;100&nbsp;% av timl\u00f6nen.<\/p>\n\n\n\n<p>Tj\u00e4nstg\u00f6ring mellan kl&nbsp;03.30 och 06.00:&nbsp;200&nbsp;% av timl\u00f6nen.<\/p>\n\n\n\n<p>F\u00f6r tj\u00e4nstg\u00f6ring p\u00e5 nationaldagen d\u00e5 denna infaller p\u00e5 l\u00f6rdag eller s\u00f6ndag; 30,07&nbsp;kr\/tim fr o m den 1&nbsp;juni 2025 och 30,91 kr\/tim fr o m den 1&nbsp;juni&nbsp;2026.<\/p>\n\n\n\n<p>OBSERVERA ATT OB-TILL\u00c4GG INTE UTG\u00c5R SAMTIDIGT SOM MERTIDS- ELLER \u00d6VERTIDSERS\u00c4TTNING!<\/p>\n\n\n\n<p>L\u00f6nerevisionsdatum enligt ovan kan \u00e4ven infalla n\u00e4rmast efterkommande l\u00f6neperiod.<\/p>\n\n\n\n<p><strong><em>Anm\u00e4rkningar<\/em><\/strong><br><em>1&nbsp; Ers\u00e4ttning enligt ovan kan ej utg\u00e5 samtidigt med mertids- eller \u00f6vertidsers\u00e4ttning.<\/em><em><br>2&nbsp; St\u00e4darbete som utf\u00f6rs mellan kl 05.00-08.00 ber\u00e4ttigar ej till s\u00e4rskilt till\u00e4gg.<\/em><\/p>\n\n\n\n<p>Vid tj\u00e4nstg\u00f6ring p\u00e5 julafton, juldag, l\u00e5ngfredag, p\u00e5skdag, midsommarafton och midsommardag samt vid nattf\u00f6rest\u00e4llning utg\u00e5r reseers\u00e4ttning med 154,43&nbsp;kr fr o m den 1&nbsp;juni&nbsp;2025 samt 158,76 kr fr o m den 1&nbsp;juni&nbsp;2026.<\/p>\n\n\n\n<p>I \u00f6vrigt \u00e4r paragrafen of\u00f6r\u00e4ndrad.<\/p>\n\n\n\n<h3 class=\"wp-block-heading\" id=\"h-andringar-i-allmanna-villkor\">\u00c4ndringar i allm\u00e4nna villkor<\/h3>\n\n\n\n<p><strong>Nya anst\u00e4llningsformer inf\u00f6rs i avtalet \u00a7 2 mom 2<\/strong><\/p>\n\n\n\n<p>Avtal om tidsbegr\u00e4nsad anst\u00e4llning f\u00e5r tr\u00e4ffas<\/p>\n\n\n\n<ol class=\"wp-block-list\">\n<li>F\u00f6r avtalad visstidsanst\u00e4llning<\/li>\n\n\n\n<li>F\u00f6r vikariat<\/li>\n\n\n\n<li>F\u00f6r s\u00e4songsanst\u00e4llning<\/li>\n\n\n\n<li>F\u00f6r extraanst\u00e4llning<\/li>\n<\/ol>\n\n\n\n<p>Om en arbetstagare under en fem\u00e5rsperiod varit anst\u00e4lld hos arbetsgivaren i avtalad visstidsanst\u00e4llning och\/eller som vikarie i sammanlagt mer \u00e4n 36 m\u00e5nader, \u00f6verg\u00e5r anst\u00e4llningen till en tillsvidareanst\u00e4llning.<\/p>\n\n\n\n<p>F\u00f6r en arbetstagare som fyllt 69 \u00e5r \u00f6verg\u00e5r inte en allm\u00e4n visstidsanst\u00e4llning eller ett vikariat till en tillsvidareanst\u00e4llning.<\/p>\n\n\n\n<p><strong>Extraanst\u00e4llning: <\/strong>Parterna konstaterar att det inom branschen utvecklats en praxis betr\u00e4ffande extraanst\u00e4llning. Med s\u00e5dan anst\u00e4llning f\u00f6r viss tid f\u00f6rst\u00e5s arbetstagare som f\u00f6rklarat sig beredd att efter s\u00e4rskild kallelse st\u00e4lla sig till f\u00f6rfogande och som tillika kan avb\u00f6ja erbjudet arbete. Extraanst\u00e4llning f\u00e5r anv\u00e4ndas vid kortsiktiga behov av arbetskraft, t ex vid befarade eller intr\u00e4ffade arbetstoppar, sjukdomsfall o dylikt. Arbetskraftsbehovet kan \u00e5terkomma periodiskt hos samma arbetsgivare. Extraanst\u00e4llning f\u00e5r dock inte anv\u00e4ndas f\u00f6r att t\u00e4cka ett kontinuerligt behov av arbetskraft.<\/p>\n\n\n\n<p>(M\u00f6jlighet till provanst\u00e4llning kan \u00e4ven tr\u00e4ffas enligt \u00a7 2 Mom 4.)<\/p>\n\n\n\n<p><strong>Ny l\u00e4gsta ers\u00e4ttning vid digitala m\u00f6ten eller digital utbildning \u00a7 5 Mom 4<\/strong><\/p>\n\n\n\n<p>Personal, som inkallas till digitalt m\u00f6te eller digital utbildning \u00e4ger uppb\u00e4ra ers\u00e4ttning f\u00f6r arbetad tid, dock minst 1 timme, ist\u00e4llet f\u00f6r som vid fysisk inst\u00e4llelse minst 2 timmar.<\/p>\n\n\n\n<p><strong>Mertidsers\u00e4ttning inf\u00f6rs i avtalet \u00a7 6 Mom 4<\/strong><\/p>\n\n\n\n<p>Mertidsers\u00e4ttning betalas n\u00e4r deltidsanst\u00e4lld utf\u00f6r arbete ut\u00f6ver sitt deltidsarbetstidsm\u00e5tt, om arbetet \u00e4r beordrat p\u00e5 f\u00f6rhand eller godk\u00e4nt i efterhand. &nbsp;<\/p>\n\n\n\n<p>Beordrad, eller i efterhand godk\u00e4nd, mertid ers\u00e4tts med ordinarie l\u00f6n j\u00e4mte till\u00e4gg enligt nedan.<\/p>\n\n\n\n<figure class=\"wp-block-table\"><table><tbody><tr><td>a)<\/td><td>Beordrat eller i efterhand godk\u00e4nt mertidsarbete p\u00e5 vardagar mellan kl 08.00-23.30<\/td><td>  50 %<\/td><\/tr><tr><td>b)<\/td><td>Beordrat eller i efterhand godk\u00e4nt mertidsarbete p\u00e5 \u00f6vrig tid<\/td><td>100 %<\/td><\/tr><\/tbody><\/table><\/figure>\n\n\n\n<p>Att mertidsarbetet \u00e4r beordrat inneb\u00e4r att arbetstagaren inte har m\u00f6jlighet att tacka nej utan \u00e4r skyldig att utf\u00f6ra det av arbetsgivaren beordrade arbetet.<\/p>\n\n\n\n<p>Anst\u00e4lld, som anf\u00f6r godtagbara sk\u00e4l, kan inte tvingas att utf\u00f6ra mertidsarbete.<\/p>\n\n\n\n<p>Mertidsarbete som inte direkt har beordrats skall senast p\u00e5f\u00f6ljande vardag anm\u00e4las f\u00f6r eventuellt godk\u00e4nnande av ansvarig arbetsgivarf\u00f6retr\u00e4dare.<\/p>\n\n\n\n<p>Har i st\u00e4llet \u00f6verenskommelse tr\u00e4ffats om att arbetstagaren frivilligt, ut\u00f6ver sin g\u00e4llande personliga dagliga arbetstids l\u00e4ngd eller i schema fastst\u00e4llda arbetstid, ska utf\u00f6ra ytterligare arbete utges ingen mertidskompensation.<\/p>\n\n\n\n<p>N\u00e4r det g\u00e4ller frivilligt \u00f6verenskommet mertidsarbete \u00e4r det viktigt att det inte upplevs som att man som arbetstagare m\u00e5ste tacka ja, utan att det st\u00e5r klart att det \u00e4r upp till arbetstagaren sj\u00e4lv om denne vill arbeta ut\u00f6ver sin schemalagda tid.&nbsp; F\u00f6r att det inte ska uppst\u00e5 tvist om mertidsers\u00e4ttning ska utges b\u00f6r en skriftlig bekr\u00e4ftelse avseende vad som \u00f6verenskommits alltid skickas via t.ex. sms eller mejl.<\/p>\n\n\n\n<p>Vi rekommenderar \u00e4ven att ni tar fram rutiner f\u00f6r hur beordring respektive godk\u00e4nnande i efterhand av mertid ska hanteras internt.<\/p>\n\n\n\n<p><strong>Mertidsarbete kan kompenseras med ledighet \u00a7 6 Mom 5<\/strong><\/p>\n\n\n\n<p>Beordrat eller i efterhand godk\u00e4nt mertidsarbete f\u00e5r efter \u00f6verenskommelse i varje s\u00e4rskilt fall ers\u00e4ttas med ledighet enligt f\u00f6ljande grunder.<\/p>\n\n\n\n<p>Mertid till 50&nbsp;%-f\u00f6rh\u00f6jning = 1,5 timmes ledighet f\u00f6r varje \u00f6vertidstimme.<\/p>\n\n\n\n<p>Mertid till 100&nbsp;%-f\u00f6rh\u00f6jning = 2 timmars ledighet f\u00f6r varje \u00f6vertidstimme.<\/p>\n\n\n\n<p><strong>Till\u00e4ggsbest\u00e4mmelser avseende f\u00f6retr\u00e4desr\u00e4tt till h\u00f6gre syssels\u00e4ttningsgrad \u00a7 6 Mom 6<\/strong><\/p>\n\n\n\n<p>En deltidsanst\u00e4lld arbetstagare som anm\u00e4lt till sin arbetsgivare att han vill ha en anst\u00e4llning med h\u00f6gre syssels\u00e4ttningsgrad enligt 25&nbsp;a \u00a7 lag (1982:80) anst\u00e4llningsskydd, LAS, och sedan tackat nej till ett erbjudande om h\u00f6gre syssels\u00e4ttningsgrad enligt 25&nbsp;a \u00a7 LAS har inte r\u00e4tt till mertidskompensation f\u00f6r beordrat, eller i efterhand godk\u00e4nt, arbete upp till ordinarie arbetstid f\u00f6r heltidsanst\u00e4lld. <\/p>\n\n\n\n<p>Om en arbetstagare med f\u00f6retr\u00e4desr\u00e4tt till h\u00f6gre syssels\u00e4ttningsgrad utan godtagbara sk\u00e4l avvisar ett erbjudande om en tillsvidareanst\u00e4llning med h\u00f6gre syssels\u00e4ttningsgrad omfattas inte arbetstagaren d\u00e4refter av f\u00f6retr\u00e4desr\u00e4tt till h\u00f6gre syssels\u00e4ttningsgrad. Erbjudande ska l\u00e4mnas minst 14 dagar innan tillt\u00e4nkt tilltr\u00e4desdag. Arbetstagaren kan g\u00f6ra ny anm\u00e4lan tidigast 6 m\u00e5nader fr\u00e5n den dag d\u00e5 anst\u00e4llningserbjudande l\u00e4mnades.<\/p>\n\n\n<a class='Share__link Share__link--url copy-text' href='#' rel='nofollow' data-text='\u00d6vrigt' title='Dela url' data-confirmation='L\u00e4nken kopierades till urklipp'><svg class='icon icon--link'  width='18' height='18' viewBox='0 0 18 18' fill='none' xmlns='http:\/\/www.w3.org\/2000\/svg'>\n            <path d='M10.4142 0.514721L6.87868 4.05025L8.29289 5.46447L11.1213 2.63604L15.364 6.87868L12.5355 9.70711L13.9497 11.1213L17.4853 7.58579C17.8763 7.19476 17.8763 6.5626 17.4853 6.17158L11.8284 0.514721C11.4374 0.123691 10.8052 0.123691 10.4142 0.514721Z' fill='black'\/>\n            <path d='M9.7071 12.5355L6.87868 15.364L2.63604 11.1213L5.46446 8.2929L4.05025 6.87868L0.514716 10.4142C0.123686 10.8052 0.123686 11.4374 0.514716 11.8284L6.17157 17.4853C6.5626 17.8763 7.19475 17.8763 7.58578 17.4853L11.1213 13.9497L9.7071 12.5355Z' fill='black'\/>\n            <path d='M6.17157 11.8284C6.5626 12.2195 7.19475 12.2195 7.58578 11.8284L11.8284 7.58579C12.2195 7.19476 12.2195 6.56261 11.8284 6.17158C11.4374 5.78055 10.8052 5.78055 10.4142 6.17158L6.17157 10.4142C5.78054 10.8052 5.78054 11.4374 6.17157 11.8284Z' fill='black'\/>\n            <\/svg> <\/a>\n<h2 class=\"wp-block-heading\" id=\"h-ovrigt\">\u00d6vrigt<\/h2>\n\n\n\n<h5 class=\"wp-block-heading\" id=\"h-avtalstryck\">Avtalstryck<\/h5>\n\n\n\n<p>Kollektivavtalet i Arbetsgivarguiden \u00e4r uppdaterat. Kollektivavtalet kommer inte att tryckas i fysisk form. Den nedladdningsbara pdf:en kommer att publiceras inom kort.<\/p>\n\n\n\n<h5 class=\"wp-block-heading\" id=\"h-arbetsgivarguiden\">Arbetsgivarguiden<\/h5>\n\n\n\n<p>N\u00e4r du loggar in i <a href=\"https:\/\/medlem.arbetsgivarguiden.se\/hjalp-och-kontakt\/arbetsrattsliga_fragor\">Arbetsgivarguiden<\/a> fungerar det b\u00e4st med webbl\u00e4saren Chrome eller Edge. Om du inte har n\u00e5gon inloggning skapar du ett konto sj\u00e4lv, klicka p\u00e5 knappen <em>Logga in<\/em> och v\u00e4lj <em>Registrera ditt konto h\u00e4r<\/em>. Du beh\u00f6ver ert organisationsnummer och medlemsnummer (finns p\u00e5 fakturan fr\u00e5n Svenskt N\u00e4ringsliv). Om du inte hittar medlemsnumret kan du mejla organisationsnumret till&nbsp;<a href=\"mailto:medlem@almega\">medlem@almega<\/a>.se s\u00e5 hj\u00e4lper vi dig.<\/p>\n\n\n\n<h5 class=\"wp-block-heading\" id=\"h-fragor\">Fr\u00e5gor<\/h5>\n\n\n\n<p>Har du fr\u00e5gor \u00e4r du alltid v\u00e4lkommen att <a href=\"https:\/\/medlem.arbetsgivarguiden.se\/hjalp-och-kontakt\/arbetsrattsliga_fragor\" target=\"_blank\" rel=\"noreferrer noopener\">kontakta oss<\/a> (inloggning kr\u00e4vs).<\/p>\n","protected":false},"excerpt":{"rendered":"<p>Avtalet str\u00e4cker sig \u00f6ver 24 m\u00e5nader och \u00e4r i niv\u00e5 med det s\u00e5 kallade m\u00e4rket med ett totalt avtalsv\u00e4rde p\u00e5 6,4&nbsp;procent. L\u00f6ner och till\u00e4gg h\u00f6js med 2,9&nbsp;procent fr\u00e5n och med den 1 juni 2025 och &hellip;<\/p>\n","protected":false},"author":14836,"featured_media":0,"comment_status":"closed","ping_status":"closed","sticky":false,"template":"","format":"standard","meta":{"_acf_changed":false,"footnotes":""},"categories":[1],"tags":[],"article_type":[313],"agreement":[132],"class_list":["post-81064","post","type-post","status-publish","format-standard","hentry","category-okategoriserade","type-arbetsgivarnytt","agreement-12ce80f7-ff07-de11-b4e1-02bf9e69ca65"],"acf":[],"yoast_head":"<!-- This site is optimized with the Yoast SEO Premium plugin v26.8 (Yoast SEO v26.8) - https:\/\/yoast.com\/product\/yoast-seo-premium-wordpress\/ -->\n<title>Nytt kollektivavtal med Fackf\u00f6rbundet Scen &amp; Film f\u00f6r biografanst\u00e4llda | Almega<\/title>\n<meta name=\"robots\" content=\"index, follow, max-snippet:-1, max-image-preview:large, max-video-preview:-1\" \/>\n<link rel=\"canonical\" href=\"https:\/\/www.almega.se\/2025\/06\/nytt-kollektivavtal-med-fackforbundet-scen-film-for-biografanstallda-2\/\" \/>\n<meta property=\"og:locale\" content=\"sv_SE\" \/>\n<meta property=\"og:type\" content=\"article\" \/>\n<meta property=\"og:title\" content=\"Nytt kollektivavtal med Fackf\u00f6rbundet Scen &amp; Film f\u00f6r biografanst\u00e4llda\" \/>\n<meta property=\"og:description\" content=\"Avtalet str\u00e4cker sig \u00f6ver 24 m\u00e5nader och \u00e4r i niv\u00e5 med det s\u00e5 kallade m\u00e4rket med ett totalt avtalsv\u00e4rde p\u00e5 6,4&nbsp;procent. L\u00f6ner och till\u00e4gg h\u00f6js med 2,9&nbsp;procent fr\u00e5n och med den 1 juni 2025 och &hellip;\" \/>\n<meta property=\"og:url\" content=\"https:\/\/www.almega.se\/2025\/06\/nytt-kollektivavtal-med-fackforbundet-scen-film-for-biografanstallda-2\/\" \/>\n<meta property=\"og:site_name\" content=\"Almega\" \/>\n<meta property=\"article:published_time\" content=\"2025-06-18T13:38:22+00:00\" \/>\n<meta property=\"article:modified_time\" content=\"2025-06-18T19:00:16+00:00\" \/>\n<meta property=\"og:image\" content=\"https:\/\/www.almega.se\/app\/uploads\/2020\/12\/almega-share-logo.png\" \/>\n\t<meta property=\"og:image:width\" content=\"1200\" \/>\n\t<meta property=\"og:image:height\" content=\"630\" \/>\n\t<meta property=\"og:image:type\" content=\"image\/png\" \/>\n<meta name=\"author\" content=\"Eva Pettersson\" \/>\n<meta name=\"twitter:card\" content=\"summary_large_image\" \/>\n<meta name=\"twitter:label1\" content=\"Skriven av\" \/>\n\t<meta name=\"twitter:data1\" content=\"Eva Pettersson\" \/>\n\t<meta name=\"twitter:label2\" content=\"Ber\u00e4knad l\u00e4stid\" \/>\n\t<meta name=\"twitter:data2\" content=\"12 minuter\" \/>\n<!-- \/ Yoast SEO Premium plugin. -->","yoast_head_json":{"title":"Nytt kollektivavtal med Fackf\u00f6rbundet Scen &amp; Film f\u00f6r biografanst\u00e4llda | Almega","robots":{"index":"index","follow":"follow","max-snippet":"max-snippet:-1","max-image-preview":"max-image-preview:large","max-video-preview":"max-video-preview:-1"},"canonical":"https:\/\/www.almega.se\/2025\/06\/nytt-kollektivavtal-med-fackforbundet-scen-film-for-biografanstallda-2\/","og_locale":"sv_SE","og_type":"article","og_title":"Nytt kollektivavtal med Fackf\u00f6rbundet Scen &amp; Film f\u00f6r biografanst\u00e4llda","og_description":"Avtalet str\u00e4cker sig \u00f6ver 24 m\u00e5nader och \u00e4r i niv\u00e5 med det s\u00e5 kallade m\u00e4rket med ett totalt avtalsv\u00e4rde p\u00e5 6,4&nbsp;procent. L\u00f6ner och till\u00e4gg h\u00f6js med 2,9&nbsp;procent fr\u00e5n och med den 1 juni 2025 och &hellip;","og_url":"https:\/\/www.almega.se\/2025\/06\/nytt-kollektivavtal-med-fackforbundet-scen-film-for-biografanstallda-2\/","og_site_name":"Almega","article_published_time":"2025-06-18T13:38:22+00:00","article_modified_time":"2025-06-18T19:00:16+00:00","og_image":[{"width":1200,"height":630,"url":"https:\/\/www.almega.se\/app\/uploads\/2020\/12\/almega-share-logo.png","type":"image\/png"}],"author":"Eva Pettersson","twitter_card":"summary_large_image","twitter_misc":{"Skriven av":"Eva Pettersson","Ber\u00e4knad l\u00e4stid":"12 minuter"},"schema":{"@context":"https:\/\/schema.org","@graph":[{"@type":"NewsArticle","@id":"https:\/\/www.almega.se\/2025\/06\/nytt-kollektivavtal-med-fackforbundet-scen-film-for-biografanstallda-2\/#article","isPartOf":{"@id":"https:\/\/www.almega.se\/2025\/06\/nytt-kollektivavtal-med-fackforbundet-scen-film-for-biografanstallda-2\/"},"author":{"name":"Eva Pettersson","@id":"https:\/\/www.almega.se\/#\/schema\/person\/50d695bb8f918c77bd2be177892f84b1"},"headline":"Nytt kollektivavtal med Fack&shy;f\u00f6rbundet Scen &amp; Film f\u00f6r biografanst\u00e4llda","datePublished":"2025-06-18T13:38:22+00:00","dateModified":"2025-06-18T19:00:16+00:00","mainEntityOfPage":{"@id":"https:\/\/www.almega.se\/2025\/06\/nytt-kollektivavtal-med-fackforbundet-scen-film-for-biografanstallda-2\/"},"wordCount":2801,"inLanguage":"sv-SE"},{"@type":"WebPage","@id":"https:\/\/www.almega.se\/2025\/06\/nytt-kollektivavtal-med-fackforbundet-scen-film-for-biografanstallda-2\/","url":"https:\/\/www.almega.se\/2025\/06\/nytt-kollektivavtal-med-fackforbundet-scen-film-for-biografanstallda-2\/","name":"Nytt kollektivavtal med Fackf\u00f6rbundet Scen &amp; Film f\u00f6r biografanst\u00e4llda | Almega","isPartOf":{"@id":"https:\/\/www.almega.se\/#website"},"datePublished":"2025-06-18T13:38:22+00:00","dateModified":"2025-06-18T19:00:16+00:00","author":{"@id":"https:\/\/www.almega.se\/#\/schema\/person\/50d695bb8f918c77bd2be177892f84b1"},"breadcrumb":{"@id":"https:\/\/www.almega.se\/2025\/06\/nytt-kollektivavtal-med-fackforbundet-scen-film-for-biografanstallda-2\/#breadcrumb"},"inLanguage":"sv-SE","potentialAction":[{"@type":"ReadAction","target":["https:\/\/www.almega.se\/2025\/06\/nytt-kollektivavtal-med-fackforbundet-scen-film-for-biografanstallda-2\/"]}]},{"@type":"BreadcrumbList","@id":"https:\/\/www.almega.se\/2025\/06\/nytt-kollektivavtal-med-fackforbundet-scen-film-for-biografanstallda-2\/#breadcrumb","itemListElement":[{"@type":"ListItem","position":1,"name":"Home","item":"https:\/\/www.almega.se\/"},{"@type":"ListItem","position":2,"name":"Nytt kollektivavtal med Fack&shy;f\u00f6rbundet Scen &amp; Film f\u00f6r biografanst\u00e4llda"}]},{"@type":"WebSite","@id":"https:\/\/www.almega.se\/#website","url":"https:\/\/www.almega.se\/","name":"Almega","description":"","potentialAction":[{"@type":"SearchAction","target":{"@type":"EntryPoint","urlTemplate":"https:\/\/www.almega.se\/?s={search_term_string}"},"query-input":{"@type":"PropertyValueSpecification","valueRequired":true,"valueName":"search_term_string"}}],"inLanguage":"sv-SE"},{"@type":"Person","@id":"https:\/\/www.almega.se\/#\/schema\/person\/50d695bb8f918c77bd2be177892f84b1","name":"Eva Pettersson","image":{"@type":"ImageObject","inLanguage":"sv-SE","@id":"https:\/\/www.almega.se\/#\/schema\/person\/image\/","url":"https:\/\/secure.gravatar.com\/avatar\/c4811d04bd37924073d3b0ce1984d0651f0f37902ffb665f3ca439bb5b3e306f?s=96&d=mm&r=g","contentUrl":"https:\/\/secure.gravatar.com\/avatar\/c4811d04bd37924073d3b0ce1984d0651f0f37902ffb665f3ca439bb5b3e306f?s=96&d=mm&r=g","caption":"Eva Pettersson"},"url":"https:\/\/www.almega.se\/person\/evapettersson-2\/"}]}},"_links":{"self":[{"href":"https:\/\/www.almega.se\/api\/wp\/v2\/posts\/81064","targetHints":{"allow":["GET"]}}],"collection":[{"href":"https:\/\/www.almega.se\/api\/wp\/v2\/posts"}],"about":[{"href":"https:\/\/www.almega.se\/api\/wp\/v2\/types\/post"}],"author":[{"embeddable":true,"href":"https:\/\/www.almega.se\/api\/wp\/v2\/users\/14836"}],"replies":[{"embeddable":true,"href":"https:\/\/www.almega.se\/api\/wp\/v2\/comments?post=81064"}],"version-history":[{"count":51,"href":"https:\/\/www.almega.se\/api\/wp\/v2\/posts\/81064\/revisions"}],"predecessor-version":[{"id":81143,"href":"https:\/\/www.almega.se\/api\/wp\/v2\/posts\/81064\/revisions\/81143"}],"wp:attachment":[{"href":"https:\/\/www.almega.se\/api\/wp\/v2\/media?parent=81064"}],"wp:term":[{"taxonomy":"category","embeddable":true,"href":"https:\/\/www.almega.se\/api\/wp\/v2\/categories?post=81064"},{"taxonomy":"post_tag","embeddable":true,"href":"https:\/\/www.almega.se\/api\/wp\/v2\/tags?post=81064"},{"taxonomy":"type","embeddable":true,"href":"https:\/\/www.almega.se\/api\/wp\/v2\/article_type?post=81064"},{"taxonomy":"agreement","embeddable":true,"href":"https:\/\/www.almega.se\/api\/wp\/v2\/agreement?post=81064"}],"curies":[{"name":"wp","href":"https:\/\/api.w.org\/{rel}","templated":true}]}}