{"id":81006,"date":"2025-06-17T16:09:54","date_gmt":"2025-06-17T14:09:54","guid":{"rendered":"https:\/\/www.almega.se\/?p=81006"},"modified":"2025-06-17T16:09:55","modified_gmt":"2025-06-17T14:09:55","slug":"nytt-kollektivavtal-for-biografanstallda","status":"publish","type":"post","link":"https:\/\/www.almega.se\/2025\/06\/nytt-kollektivavtal-for-biografanstallda\/","title":{"rendered":"Nytt kollektivavtal f\u00f6r\u00a0biografanst\u00e4llda"},"content":{"rendered":"<p style=\"font-weight: 400\"><strong><em>Medief\u00f6retagen inom Almega och\u00a0Fackf\u00f6rbundet Scen &amp; Film\u00a0f\u00f6r medarbetare har tecknat nytt avtal f\u00f6r medarbetare som omfattas av\u00a0Biografavtalet. Det nya avtalet l\u00f6per p\u00e5 24 m\u00e5nader och har ett avtalsv\u00e4rde p\u00e5 6,4 procent.\u00a0<\/em><\/strong><\/p>\n\n<p>\u2013 Vi har haft\u00a0b\u00e5de intensiva och konstruktiva f\u00f6rhandlingar. Jag \u00e4r glad att vi nu har ett avtal d\u00e4r vi enats om viktiga fr\u00e5gor som vi diskuterat under flera avtalsr\u00f6relser tidigare.\u00a0Det nya kollektivavtalet\u00a0ryms inom de ramar arbetsmarknadens parter kommit \u00f6verens om, det s\u00e5 kallade m\u00e4rket, s\u00e4ger\u00a0Viktoria\u00a0Lundqvist\u00a0ansvarig f\u00f6rhandlare p\u00e5 Medief\u00f6retagen.<\/p>\n\n\n\n<p>Avtalen g\u00e4ller f\u00f6r perioden 1 juni 2025 till den 1 maj 2027.<\/p>\n","protected":false},"excerpt":{"rendered":"<p>\u2013 Vi har haft\u00a0b\u00e5de intensiva och konstruktiva f\u00f6rhandlingar. Jag \u00e4r glad att vi nu har ett avtal d\u00e4r vi enats om viktiga fr\u00e5gor som vi diskuterat under flera avtalsr\u00f6relser tidigare.\u00a0Det nya kollektivavtalet\u00a0ryms inom de ramar &hellip;<\/p>\n","protected":false},"author":3380,"featured_media":80760,"comment_status":"closed","ping_status":"closed","sticky":false,"template":"","format":"standard","meta":{"_acf_changed":false,"footnotes":""},"categories":[636],"tags":[780],"article_type":[],"agreement":[],"class_list":["post-81006","post","type-post","status-publish","format-standard","has-post-thumbnail","hentry","category-avtalsrorelse","tag-avtalsrorelsen-2025"],"acf":[],"yoast_head":"<!-- This site is optimized with the Yoast SEO Premium plugin v26.8 (Yoast SEO v26.8) - https:\/\/yoast.com\/product\/yoast-seo-premium-wordpress\/ -->\n<title>Nytt kollektivavtal f\u00f6r\u00a0biografanst\u00e4llda | Almega<\/title>\n<meta name=\"robots\" content=\"index, follow, max-snippet:-1, max-image-preview:large, max-video-preview:-1\" \/>\n<link rel=\"canonical\" href=\"https:\/\/www.almega.se\/2025\/06\/nytt-kollektivavtal-for-biografanstallda\/\" \/>\n<meta property=\"og:locale\" content=\"sv_SE\" \/>\n<meta property=\"og:type\" content=\"article\" \/>\n<meta property=\"og:title\" content=\"Nytt kollektivavtal f\u00f6r\u00a0biografanst\u00e4llda\" \/>\n<meta property=\"og:description\" content=\"\u2013 Vi har haft\u00a0b\u00e5de intensiva och konstruktiva f\u00f6rhandlingar. Jag \u00e4r glad att vi nu har ett avtal d\u00e4r vi enats om viktiga fr\u00e5gor som vi diskuterat under flera avtalsr\u00f6relser tidigare.\u00a0Det nya kollektivavtalet\u00a0ryms inom de ramar &hellip;\" \/>\n<meta property=\"og:url\" content=\"https:\/\/www.almega.se\/2025\/06\/nytt-kollektivavtal-for-biografanstallda\/\" \/>\n<meta property=\"og:site_name\" content=\"Almega\" \/>\n<meta property=\"article:published_time\" content=\"2025-06-17T14:09:54+00:00\" \/>\n<meta property=\"article:modified_time\" content=\"2025-06-17T14:09:55+00:00\" \/>\n<meta property=\"og:image\" content=\"https:\/\/www.almega.se\/app\/uploads\/2025\/06\/3a98336c-fa95-40db-8c07-29c2bf93679e.jpg\" \/>\n\t<meta property=\"og:image:width\" content=\"580\" \/>\n\t<meta property=\"og:image:height\" content=\"387\" \/>\n\t<meta property=\"og:image:type\" content=\"image\/jpeg\" \/>\n<meta name=\"author\" content=\"Marianne Ahlgren\" \/>\n<meta name=\"twitter:card\" content=\"summary_large_image\" \/>\n<meta name=\"twitter:label1\" content=\"Skriven av\" \/>\n\t<meta name=\"twitter:data1\" content=\"Marianne Ahlgren\" \/>\n\t<meta name=\"twitter:label2\" content=\"Ber\u00e4knad l\u00e4stid\" \/>\n\t<meta name=\"twitter:data2\" content=\"1 minut\" \/>\n<!-- \/ Yoast SEO Premium plugin. -->","yoast_head_json":{"title":"Nytt kollektivavtal f\u00f6r\u00a0biografanst\u00e4llda | Almega","robots":{"index":"index","follow":"follow","max-snippet":"max-snippet:-1","max-image-preview":"max-image-preview:large","max-video-preview":"max-video-preview:-1"},"canonical":"https:\/\/www.almega.se\/2025\/06\/nytt-kollektivavtal-for-biografanstallda\/","og_locale":"sv_SE","og_type":"article","og_title":"Nytt kollektivavtal f\u00f6r\u00a0biografanst\u00e4llda","og_description":"\u2013 Vi har haft\u00a0b\u00e5de intensiva och konstruktiva f\u00f6rhandlingar. Jag \u00e4r glad att vi nu har ett avtal d\u00e4r vi enats om viktiga fr\u00e5gor som vi diskuterat under flera avtalsr\u00f6relser tidigare.\u00a0Det nya kollektivavtalet\u00a0ryms inom de ramar &hellip;","og_url":"https:\/\/www.almega.se\/2025\/06\/nytt-kollektivavtal-for-biografanstallda\/","og_site_name":"Almega","article_published_time":"2025-06-17T14:09:54+00:00","article_modified_time":"2025-06-17T14:09:55+00:00","og_image":[{"width":580,"height":387,"url":"https:\/\/www.almega.se\/app\/uploads\/2025\/06\/3a98336c-fa95-40db-8c07-29c2bf93679e.jpg","type":"image\/jpeg"}],"author":"Marianne Ahlgren","twitter_card":"summary_large_image","twitter_misc":{"Skriven av":"Marianne Ahlgren","Ber\u00e4knad l\u00e4stid":"1 minut"},"schema":{"@context":"https:\/\/schema.org","@graph":[{"@type":"NewsArticle","@id":"https:\/\/www.almega.se\/2025\/06\/nytt-kollektivavtal-for-biografanstallda\/#article","isPartOf":{"@id":"https:\/\/www.almega.se\/2025\/06\/nytt-kollektivavtal-for-biografanstallda\/"},"author":{"name":"Marianne Ahlgren","@id":"https:\/\/www.almega.se\/#\/schema\/person\/860599f2ded56005a909a04b92cf7035"},"headline":"Nytt kollektivavtal f\u00f6r\u00a0biografanst\u00e4llda","datePublished":"2025-06-17T14:09:54+00:00","dateModified":"2025-06-17T14:09:55+00:00","mainEntityOfPage":{"@id":"https:\/\/www.almega.se\/2025\/06\/nytt-kollektivavtal-for-biografanstallda\/"},"wordCount":78,"image":{"@id":"https:\/\/www.almega.se\/2025\/06\/nytt-kollektivavtal-for-biografanstallda\/#primaryimage"},"thumbnailUrl":"https:\/\/www.almega.se\/app\/uploads\/2025\/06\/3a98336c-fa95-40db-8c07-29c2bf93679e.jpg","keywords":["avtalsr\u00f6relsen 2025"],"articleSection":["Avtalsr\u00f6relse"],"inLanguage":"sv-SE"},{"@type":"WebPage","@id":"https:\/\/www.almega.se\/2025\/06\/nytt-kollektivavtal-for-biografanstallda\/","url":"https:\/\/www.almega.se\/2025\/06\/nytt-kollektivavtal-for-biografanstallda\/","name":"Nytt kollektivavtal f\u00f6r\u00a0biografanst\u00e4llda | Almega","isPartOf":{"@id":"https:\/\/www.almega.se\/#website"},"primaryImageOfPage":{"@id":"https:\/\/www.almega.se\/2025\/06\/nytt-kollektivavtal-for-biografanstallda\/#primaryimage"},"image":{"@id":"https:\/\/www.almega.se\/2025\/06\/nytt-kollektivavtal-for-biografanstallda\/#primaryimage"},"thumbnailUrl":"https:\/\/www.almega.se\/app\/uploads\/2025\/06\/3a98336c-fa95-40db-8c07-29c2bf93679e.jpg","datePublished":"2025-06-17T14:09:54+00:00","dateModified":"2025-06-17T14:09:55+00:00","author":{"@id":"https:\/\/www.almega.se\/#\/schema\/person\/860599f2ded56005a909a04b92cf7035"},"breadcrumb":{"@id":"https:\/\/www.almega.se\/2025\/06\/nytt-kollektivavtal-for-biografanstallda\/#breadcrumb"},"inLanguage":"sv-SE","potentialAction":[{"@type":"ReadAction","target":["https:\/\/www.almega.se\/2025\/06\/nytt-kollektivavtal-for-biografanstallda\/"]}]},{"@type":"ImageObject","inLanguage":"sv-SE","@id":"https:\/\/www.almega.se\/2025\/06\/nytt-kollektivavtal-for-biografanstallda\/#primaryimage","url":"https:\/\/www.almega.se\/app\/uploads\/2025\/06\/3a98336c-fa95-40db-8c07-29c2bf93679e.jpg","contentUrl":"https:\/\/www.almega.se\/app\/uploads\/2025\/06\/3a98336c-fa95-40db-8c07-29c2bf93679e.jpg","width":580,"height":387},{"@type":"BreadcrumbList","@id":"https:\/\/www.almega.se\/2025\/06\/nytt-kollektivavtal-for-biografanstallda\/#breadcrumb","itemListElement":[{"@type":"ListItem","position":1,"name":"Home","item":"https:\/\/www.almega.se\/"},{"@type":"ListItem","position":2,"name":"Nytt kollektivavtal f\u00f6r\u00a0biografanst\u00e4llda"}]},{"@type":"WebSite","@id":"https:\/\/www.almega.se\/#website","url":"https:\/\/www.almega.se\/","name":"Almega","description":"","potentialAction":[{"@type":"SearchAction","target":{"@type":"EntryPoint","urlTemplate":"https:\/\/www.almega.se\/?s={search_term_string}"},"query-input":{"@type":"PropertyValueSpecification","valueRequired":true,"valueName":"search_term_string"}}],"inLanguage":"sv-SE"},{"@type":"Person","@id":"https:\/\/www.almega.se\/#\/schema\/person\/860599f2ded56005a909a04b92cf7035","name":"Marianne Ahlgren","image":{"@type":"ImageObject","inLanguage":"sv-SE","@id":"https:\/\/www.almega.se\/#\/schema\/person\/image\/","url":"https:\/\/secure.gravatar.com\/avatar\/4c350e8b0dd656a6bbe04785780665ac53c7b373c038b1140ce3ae5e8cb21bef?s=96&d=mm&r=g","contentUrl":"https:\/\/secure.gravatar.com\/avatar\/4c350e8b0dd656a6bbe04785780665ac53c7b373c038b1140ce3ae5e8cb21bef?s=96&d=mm&r=g","caption":"Marianne Ahlgren"},"url":"https:\/\/www.almega.se\/person\/marianneahlgren\/"}]}},"_links":{"self":[{"href":"https:\/\/www.almega.se\/api\/wp\/v2\/posts\/81006","targetHints":{"allow":["GET"]}}],"collection":[{"href":"https:\/\/www.almega.se\/api\/wp\/v2\/posts"}],"about":[{"href":"https:\/\/www.almega.se\/api\/wp\/v2\/types\/post"}],"author":[{"embeddable":true,"href":"https:\/\/www.almega.se\/api\/wp\/v2\/users\/3380"}],"replies":[{"embeddable":true,"href":"https:\/\/www.almega.se\/api\/wp\/v2\/comments?post=81006"}],"version-history":[{"count":1,"href":"https:\/\/www.almega.se\/api\/wp\/v2\/posts\/81006\/revisions"}],"predecessor-version":[{"id":81007,"href":"https:\/\/www.almega.se\/api\/wp\/v2\/posts\/81006\/revisions\/81007"}],"wp:featuredmedia":[{"embeddable":true,"href":"https:\/\/www.almega.se\/api\/wp\/v2\/media\/80760"}],"wp:attachment":[{"href":"https:\/\/www.almega.se\/api\/wp\/v2\/media?parent=81006"}],"wp:term":[{"taxonomy":"category","embeddable":true,"href":"https:\/\/www.almega.se\/api\/wp\/v2\/categories?post=81006"},{"taxonomy":"post_tag","embeddable":true,"href":"https:\/\/www.almega.se\/api\/wp\/v2\/tags?post=81006"},{"taxonomy":"type","embeddable":true,"href":"https:\/\/www.almega.se\/api\/wp\/v2\/article_type?post=81006"},{"taxonomy":"agreement","embeddable":true,"href":"https:\/\/www.almega.se\/api\/wp\/v2\/agreement?post=81006"}],"curies":[{"name":"wp","href":"https:\/\/api.w.org\/{rel}","templated":true}]}}