{"id":80994,"date":"2025-06-17T13:20:06","date_gmt":"2025-06-17T11:20:06","guid":{"rendered":"https:\/\/www.almega.se\/?p=80994"},"modified":"2025-06-17T13:20:07","modified_gmt":"2025-06-17T11:20:07","slug":"nya-avtal-mellan-vardforetagarna-och-unionen-2","status":"publish","type":"post","link":"https:\/\/www.almega.se\/2025\/06\/nya-avtal-mellan-vardforetagarna-och-unionen-2\/","title":{"rendered":"Nya avtal mellan V\u00e5rd\u00adf\u00f6retagarna och Unionen"},"content":{"rendered":"<p class=\"intro\"><b>V\u00e5rdf\u00f6retagarna inom Almega har tecknat nya kollektivavtal med Unionen p\u00e5 tandv\u00e5rd- samt dentallaboratorieomr\u00e5dena. De nya avtalen str\u00e4cker sig \u00f6ver 24 m\u00e5nader och den totala kostnadsramen \u00e4r 6,4 procent.<\/b><\/p>\n\n<p>\u2013 Det \u00e4r gl\u00e4djande att tillsammans med Unionen kunnat tr\u00e4ffa ytterligare tv\u00e5 avtal inom m\u00e4rket, de ramar som arbetsmarknadens parter kommit \u00f6verens om, s\u00e4ger Tomas Nordensson Flygare, V\u00e5rdf\u00f6retagarnas f\u00f6rhandlingsledare p\u00e5 tandv\u00e5rdsomr\u00e5det.<\/p>\n\n\n\n<p>Avtalen g\u00e4ller under perioden 1 juli 2025 till 30 juni 2027 och ber\u00f6r omkring 5&nbsp;000 medarbetare vid n\u00e4rmare 400 f\u00f6retag.<\/p>\n\n\n\n<p>\u2013 &nbsp;F\u00f6rhandlingarna har var konstruktiva och resulterat branschanpassade villkor som fungerar f\u00f6r s\u00e5v\u00e4l medarbetare som arbetsgivare, s\u00e4ger Christine Sorselius, f\u00f6rhandlingsledare f\u00f6r dentallaboratorieavtalet.<\/p>\n\n\n\n<p>Attraktiva och branschanpassade villkor \u00e4r avg\u00f6rande f\u00f6r tj\u00e4nstesektorns framg\u00e5ng och Almega str\u00e4var alltid efter att skapa de b\u00e4sta f\u00f6ruts\u00e4ttningarna f\u00f6r b\u00e5de arbetsgivare och medarbetare. Under avtalsr\u00f6relsen 2025 tecknar Almega sammanlagt 125 avtal, flest av alla arbetsgivarorganisationer.<\/p>\n","protected":false},"excerpt":{"rendered":"<p>\u2013 Det \u00e4r gl\u00e4djande att tillsammans med Unionen kunnat tr\u00e4ffa ytterligare tv\u00e5 avtal inom m\u00e4rket, de ramar som arbetsmarknadens parter kommit \u00f6verens om, s\u00e4ger Tomas Nordensson Flygare, V\u00e5rdf\u00f6retagarnas f\u00f6rhandlingsledare p\u00e5 tandv\u00e5rdsomr\u00e5det. Avtalen g\u00e4ller under perioden &hellip;<\/p>\n","protected":false},"author":3380,"featured_media":80979,"comment_status":"closed","ping_status":"closed","sticky":false,"template":"","format":"standard","meta":{"_acf_changed":false,"footnotes":""},"categories":[636],"tags":[780],"article_type":[],"agreement":[],"class_list":["post-80994","post","type-post","status-publish","format-standard","has-post-thumbnail","hentry","category-avtalsrorelse","tag-avtalsrorelsen-2025"],"acf":[],"yoast_head":"<!-- This site is optimized with the Yoast SEO Premium plugin v26.8 (Yoast SEO v26.8) - https:\/\/yoast.com\/product\/yoast-seo-premium-wordpress\/ -->\n<title>Nya avtal mellan V\u00e5rd\u00adf\u00f6retagarna och Unionen | Almega<\/title>\n<meta name=\"robots\" content=\"index, follow, max-snippet:-1, max-image-preview:large, max-video-preview:-1\" \/>\n<link rel=\"canonical\" href=\"https:\/\/www.almega.se\/2025\/06\/nya-avtal-mellan-vardforetagarna-och-unionen-2\/\" \/>\n<meta property=\"og:locale\" content=\"sv_SE\" \/>\n<meta property=\"og:type\" content=\"article\" \/>\n<meta property=\"og:title\" content=\"Nya avtal mellan V\u00e5rd\u00adf\u00f6retagarna och Unionen\" \/>\n<meta property=\"og:description\" content=\"\u2013 Det \u00e4r gl\u00e4djande att tillsammans med Unionen kunnat tr\u00e4ffa ytterligare tv\u00e5 avtal inom m\u00e4rket, de ramar som arbetsmarknadens parter kommit \u00f6verens om, s\u00e4ger Tomas Nordensson Flygare, V\u00e5rdf\u00f6retagarnas f\u00f6rhandlingsledare p\u00e5 tandv\u00e5rdsomr\u00e5det. Avtalen g\u00e4ller under perioden &hellip;\" \/>\n<meta property=\"og:url\" content=\"https:\/\/www.almega.se\/2025\/06\/nya-avtal-mellan-vardforetagarna-och-unionen-2\/\" \/>\n<meta property=\"og:site_name\" content=\"Almega\" \/>\n<meta property=\"article:published_time\" content=\"2025-06-17T11:20:06+00:00\" \/>\n<meta property=\"article:modified_time\" content=\"2025-06-17T11:20:07+00:00\" \/>\n<meta property=\"og:image\" content=\"https:\/\/www.almega.se\/app\/uploads\/2025\/06\/df3e8650-3d86-4fa2-b246-978af6881146-scaled.jpg\" \/>\n\t<meta property=\"og:image:width\" content=\"2560\" \/>\n\t<meta property=\"og:image:height\" content=\"1548\" \/>\n\t<meta property=\"og:image:type\" content=\"image\/jpeg\" \/>\n<meta name=\"author\" content=\"Marianne Ahlgren\" \/>\n<meta name=\"twitter:card\" content=\"summary_large_image\" \/>\n<meta name=\"twitter:label1\" content=\"Skriven av\" \/>\n\t<meta name=\"twitter:data1\" content=\"Marianne Ahlgren\" \/>\n\t<meta name=\"twitter:label2\" content=\"Ber\u00e4knad l\u00e4stid\" \/>\n\t<meta name=\"twitter:data2\" content=\"1 minut\" \/>\n<!-- \/ Yoast SEO Premium plugin. -->","yoast_head_json":{"title":"Nya avtal mellan V\u00e5rd\u00adf\u00f6retagarna och Unionen | Almega","robots":{"index":"index","follow":"follow","max-snippet":"max-snippet:-1","max-image-preview":"max-image-preview:large","max-video-preview":"max-video-preview:-1"},"canonical":"https:\/\/www.almega.se\/2025\/06\/nya-avtal-mellan-vardforetagarna-och-unionen-2\/","og_locale":"sv_SE","og_type":"article","og_title":"Nya avtal mellan V\u00e5rd\u00adf\u00f6retagarna och Unionen","og_description":"\u2013 Det \u00e4r gl\u00e4djande att tillsammans med Unionen kunnat tr\u00e4ffa ytterligare tv\u00e5 avtal inom m\u00e4rket, de ramar som arbetsmarknadens parter kommit \u00f6verens om, s\u00e4ger Tomas Nordensson Flygare, V\u00e5rdf\u00f6retagarnas f\u00f6rhandlingsledare p\u00e5 tandv\u00e5rdsomr\u00e5det. Avtalen g\u00e4ller under perioden &hellip;","og_url":"https:\/\/www.almega.se\/2025\/06\/nya-avtal-mellan-vardforetagarna-och-unionen-2\/","og_site_name":"Almega","article_published_time":"2025-06-17T11:20:06+00:00","article_modified_time":"2025-06-17T11:20:07+00:00","og_image":[{"width":2560,"height":1548,"url":"https:\/\/www.almega.se\/app\/uploads\/2025\/06\/df3e8650-3d86-4fa2-b246-978af6881146-scaled.jpg","type":"image\/jpeg"}],"author":"Marianne Ahlgren","twitter_card":"summary_large_image","twitter_misc":{"Skriven av":"Marianne Ahlgren","Ber\u00e4knad l\u00e4stid":"1 minut"},"schema":{"@context":"https:\/\/schema.org","@graph":[{"@type":"NewsArticle","@id":"https:\/\/www.almega.se\/2025\/06\/nya-avtal-mellan-vardforetagarna-och-unionen-2\/#article","isPartOf":{"@id":"https:\/\/www.almega.se\/2025\/06\/nya-avtal-mellan-vardforetagarna-och-unionen-2\/"},"author":{"name":"Marianne Ahlgren","@id":"https:\/\/www.almega.se\/#\/schema\/person\/860599f2ded56005a909a04b92cf7035"},"headline":"Nya avtal mellan V\u00e5rd\u00adf\u00f6retagarna och Unionen","datePublished":"2025-06-17T11:20:06+00:00","dateModified":"2025-06-17T11:20:07+00:00","mainEntityOfPage":{"@id":"https:\/\/www.almega.se\/2025\/06\/nya-avtal-mellan-vardforetagarna-och-unionen-2\/"},"wordCount":141,"image":{"@id":"https:\/\/www.almega.se\/2025\/06\/nya-avtal-mellan-vardforetagarna-och-unionen-2\/#primaryimage"},"thumbnailUrl":"https:\/\/www.almega.se\/app\/uploads\/2025\/06\/df3e8650-3d86-4fa2-b246-978af6881146-scaled.jpg","keywords":["avtalsr\u00f6relsen 2025"],"articleSection":["Avtalsr\u00f6relse"],"inLanguage":"sv-SE"},{"@type":"WebPage","@id":"https:\/\/www.almega.se\/2025\/06\/nya-avtal-mellan-vardforetagarna-och-unionen-2\/","url":"https:\/\/www.almega.se\/2025\/06\/nya-avtal-mellan-vardforetagarna-och-unionen-2\/","name":"Nya avtal mellan V\u00e5rd\u00adf\u00f6retagarna och Unionen | Almega","isPartOf":{"@id":"https:\/\/www.almega.se\/#website"},"primaryImageOfPage":{"@id":"https:\/\/www.almega.se\/2025\/06\/nya-avtal-mellan-vardforetagarna-och-unionen-2\/#primaryimage"},"image":{"@id":"https:\/\/www.almega.se\/2025\/06\/nya-avtal-mellan-vardforetagarna-och-unionen-2\/#primaryimage"},"thumbnailUrl":"https:\/\/www.almega.se\/app\/uploads\/2025\/06\/df3e8650-3d86-4fa2-b246-978af6881146-scaled.jpg","datePublished":"2025-06-17T11:20:06+00:00","dateModified":"2025-06-17T11:20:07+00:00","author":{"@id":"https:\/\/www.almega.se\/#\/schema\/person\/860599f2ded56005a909a04b92cf7035"},"breadcrumb":{"@id":"https:\/\/www.almega.se\/2025\/06\/nya-avtal-mellan-vardforetagarna-och-unionen-2\/#breadcrumb"},"inLanguage":"sv-SE","potentialAction":[{"@type":"ReadAction","target":["https:\/\/www.almega.se\/2025\/06\/nya-avtal-mellan-vardforetagarna-och-unionen-2\/"]}]},{"@type":"ImageObject","inLanguage":"sv-SE","@id":"https:\/\/www.almega.se\/2025\/06\/nya-avtal-mellan-vardforetagarna-och-unionen-2\/#primaryimage","url":"https:\/\/www.almega.se\/app\/uploads\/2025\/06\/df3e8650-3d86-4fa2-b246-978af6881146-scaled.jpg","contentUrl":"https:\/\/www.almega.se\/app\/uploads\/2025\/06\/df3e8650-3d86-4fa2-b246-978af6881146-scaled.jpg","width":2560,"height":1548,"caption":"Christine Sorselius, f\u00f6rhandlingsledare p\u00e5 V\u00e5rdf\u00f6retagarna"},{"@type":"BreadcrumbList","@id":"https:\/\/www.almega.se\/2025\/06\/nya-avtal-mellan-vardforetagarna-och-unionen-2\/#breadcrumb","itemListElement":[{"@type":"ListItem","position":1,"name":"Home","item":"https:\/\/www.almega.se\/"},{"@type":"ListItem","position":2,"name":"Nya avtal mellan V\u00e5rd\u00adf\u00f6retagarna och Unionen"}]},{"@type":"WebSite","@id":"https:\/\/www.almega.se\/#website","url":"https:\/\/www.almega.se\/","name":"Almega","description":"","potentialAction":[{"@type":"SearchAction","target":{"@type":"EntryPoint","urlTemplate":"https:\/\/www.almega.se\/?s={search_term_string}"},"query-input":{"@type":"PropertyValueSpecification","valueRequired":true,"valueName":"search_term_string"}}],"inLanguage":"sv-SE"},{"@type":"Person","@id":"https:\/\/www.almega.se\/#\/schema\/person\/860599f2ded56005a909a04b92cf7035","name":"Marianne Ahlgren","image":{"@type":"ImageObject","inLanguage":"sv-SE","@id":"https:\/\/www.almega.se\/#\/schema\/person\/image\/","url":"https:\/\/secure.gravatar.com\/avatar\/4c350e8b0dd656a6bbe04785780665ac53c7b373c038b1140ce3ae5e8cb21bef?s=96&d=mm&r=g","contentUrl":"https:\/\/secure.gravatar.com\/avatar\/4c350e8b0dd656a6bbe04785780665ac53c7b373c038b1140ce3ae5e8cb21bef?s=96&d=mm&r=g","caption":"Marianne Ahlgren"},"url":"https:\/\/www.almega.se\/person\/marianneahlgren\/"}]}},"_links":{"self":[{"href":"https:\/\/www.almega.se\/api\/wp\/v2\/posts\/80994","targetHints":{"allow":["GET"]}}],"collection":[{"href":"https:\/\/www.almega.se\/api\/wp\/v2\/posts"}],"about":[{"href":"https:\/\/www.almega.se\/api\/wp\/v2\/types\/post"}],"author":[{"embeddable":true,"href":"https:\/\/www.almega.se\/api\/wp\/v2\/users\/3380"}],"replies":[{"embeddable":true,"href":"https:\/\/www.almega.se\/api\/wp\/v2\/comments?post=80994"}],"version-history":[{"count":2,"href":"https:\/\/www.almega.se\/api\/wp\/v2\/posts\/80994\/revisions"}],"predecessor-version":[{"id":83700,"href":"https:\/\/www.almega.se\/api\/wp\/v2\/posts\/80994\/revisions\/83700"}],"wp:featuredmedia":[{"embeddable":true,"href":"https:\/\/www.almega.se\/api\/wp\/v2\/media\/80979"}],"wp:attachment":[{"href":"https:\/\/www.almega.se\/api\/wp\/v2\/media?parent=80994"}],"wp:term":[{"taxonomy":"category","embeddable":true,"href":"https:\/\/www.almega.se\/api\/wp\/v2\/categories?post=80994"},{"taxonomy":"post_tag","embeddable":true,"href":"https:\/\/www.almega.se\/api\/wp\/v2\/tags?post=80994"},{"taxonomy":"type","embeddable":true,"href":"https:\/\/www.almega.se\/api\/wp\/v2\/article_type?post=80994"},{"taxonomy":"agreement","embeddable":true,"href":"https:\/\/www.almega.se\/api\/wp\/v2\/agreement?post=80994"}],"curies":[{"name":"wp","href":"https:\/\/api.w.org\/{rel}","templated":true}]}}