{"id":80912,"date":"2025-06-16T14:08:15","date_gmt":"2025-06-16T12:08:15","guid":{"rendered":"https:\/\/www.almega.se\/?p=80912"},"modified":"2025-06-16T14:10:03","modified_gmt":"2025-06-16T12:10:03","slug":"arbetsgivarnas-ratt-att-fraga-om-strejkdeltagande","status":"publish","type":"post","link":"https:\/\/www.almega.se\/2025\/06\/arbetsgivarnas-ratt-att-fraga-om-strejkdeltagande\/","title":{"rendered":"Arbets&shy;givarnas r\u00e4tt att fr\u00e5ga om strejkdeltagande"},"content":{"rendered":"<p class=\"intro\">Om arbetsgivare har r\u00e4tt att fr\u00e5ga vilka som t\u00e4nker delta i en varslad konflikt \u00e4r en fr\u00e5ga som v\u00e4cker diskussion. Inte bara i \u00e5rets avtalsr\u00f6relse, utan \u00e4ven tidigare. S\u00e5 hur \u00e4r det egentligen? Vilken r\u00e4tt har arbetsgivare att unders\u00f6ka hur strejken kommer att sl\u00e5?<\/p>\n<p class=\"intro\">&nbsp;<\/p>\n\n<p>\u201dDet beror p\u00e5 syftet med fr\u00e5gan\u201d, s\u00e4ger arbetsr\u00e4ttsexperten Tommy Iseskog i tidningen Arbetet och ger i princip arbetsgivarna r\u00e4tt.&nbsp;<\/p>\n\n\n\n<p>\u201dUtg\u00e5ngspunkten \u00e4r att arbetsgivarna har r\u00e4tt att ta reda p\u00e5 vilka som \u00e4r med i facket eller inte , om inte facket kan bevisa att syftet fr\u00e5n arbetsgivarh\u00e5ll varit att just att kartl\u00e4gga vilka som \u00e4r medlemmar. Ett par domar fr\u00e5n Arbetsdomstolen, AD, st\u00f6djer Tommy Iseskogs linje. B\u00e5da domarna ger arbetsgivarsidan r\u00e4tt.\u201d<\/p>\n\n\n\n<p>L\u00e4s hela artikeln i Arbetet h\u00e4r: <a href=\"https:\/\/eur02.safelinks.protection.outlook.com\/?url=https%3A%2F%2Farbetet.se%2F2025%2F06%2F13%2Finfor-strejk-far-arbetsgivare-fraga-om-medlemskap-i-fack%2F%3Futm_medium%3Demail%26utm_source%3DUngapped%26utm_campaign%3DStrejkhot%2B%25C3%25B6ver%2Bf%25C3%25B6r%2Bv%25C3%25A5rd%2Boch%2Bst%25C3%25A4d&amp;data=05%7C02%7Cmarianne.ahlgren%40almega.se%7Cbd25503dd2384f87ce7408ddacc76ee9%7C1d019c94da7b49c2bf935ee1bb4b6882%7C0%7C0%7C638856694744427529%7CUnknown%7CTWFpbGZsb3d8eyJFbXB0eU1hcGkiOnRydWUsIlYiOiIwLjAuMDAwMCIsIlAiOiJXaW4zMiIsIkFOIjoiTWFpbCIsIldUIjoyfQ%3D%3D%7C0%7C%7C%7C&amp;sdata=uZ3qgYLgv1swouL%2FDkvi8olliTGiAsxcqoyxZwmDVIU%3D&amp;reserved=0\">Inf\u00f6r strejk \u2013 f\u00e5r arbetsgivare fr\u00e5ga om medlemskap i fack? \u2013 Arbetet<\/a><\/p>\n","protected":false},"excerpt":{"rendered":"<p>\u201dDet beror p\u00e5 syftet med fr\u00e5gan\u201d, s\u00e4ger arbetsr\u00e4ttsexperten Tommy Iseskog i tidningen Arbetet och ger i princip arbetsgivarna r\u00e4tt.&nbsp; \u201dUtg\u00e5ngspunkten \u00e4r att arbetsgivarna har r\u00e4tt att ta reda p\u00e5 vilka som \u00e4r med i facket &hellip;<\/p>\n","protected":false},"author":3380,"featured_media":80914,"comment_status":"closed","ping_status":"closed","sticky":false,"template":"","format":"standard","meta":{"_acf_changed":false,"footnotes":""},"categories":[636],"tags":[780],"article_type":[],"agreement":[],"class_list":["post-80912","post","type-post","status-publish","format-standard","has-post-thumbnail","hentry","category-avtalsrorelse","tag-avtalsrorelsen-2025"],"acf":[],"yoast_head":"<!-- This site is optimized with the Yoast SEO Premium plugin v26.8 (Yoast SEO v26.8) - https:\/\/yoast.com\/product\/yoast-seo-premium-wordpress\/ -->\n<title>Arbetsgivarnas r\u00e4tt att fr\u00e5ga om strejkdeltagande | Almega<\/title>\n<meta name=\"robots\" content=\"index, follow, max-snippet:-1, max-image-preview:large, max-video-preview:-1\" \/>\n<link rel=\"canonical\" href=\"https:\/\/www.almega.se\/2025\/06\/arbetsgivarnas-ratt-att-fraga-om-strejkdeltagande\/\" \/>\n<meta property=\"og:locale\" content=\"sv_SE\" \/>\n<meta property=\"og:type\" content=\"article\" \/>\n<meta property=\"og:title\" content=\"Arbetsgivarnas r\u00e4tt att fr\u00e5ga om strejkdeltagande\" \/>\n<meta property=\"og:description\" content=\"\u201dDet beror p\u00e5 syftet med fr\u00e5gan\u201d, s\u00e4ger arbetsr\u00e4ttsexperten Tommy Iseskog i tidningen Arbetet och ger i princip arbetsgivarna r\u00e4tt.&nbsp; \u201dUtg\u00e5ngspunkten \u00e4r att arbetsgivarna har r\u00e4tt att ta reda p\u00e5 vilka som \u00e4r med i facket &hellip;\" \/>\n<meta property=\"og:url\" content=\"https:\/\/www.almega.se\/2025\/06\/arbetsgivarnas-ratt-att-fraga-om-strejkdeltagande\/\" \/>\n<meta property=\"og:site_name\" content=\"Almega\" \/>\n<meta property=\"article:published_time\" content=\"2025-06-16T12:08:15+00:00\" \/>\n<meta property=\"article:modified_time\" content=\"2025-06-16T12:10:03+00:00\" \/>\n<meta property=\"og:image\" content=\"https:\/\/www.almega.se\/app\/uploads\/2025\/06\/ets11757.jpg\" \/>\n\t<meta property=\"og:image:width\" content=\"1667\" \/>\n\t<meta property=\"og:image:height\" content=\"2500\" \/>\n\t<meta property=\"og:image:type\" content=\"image\/jpeg\" \/>\n<meta name=\"author\" content=\"Marianne Ahlgren\" \/>\n<meta name=\"twitter:card\" content=\"summary_large_image\" \/>\n<meta name=\"twitter:label1\" content=\"Skriven av\" \/>\n\t<meta name=\"twitter:data1\" content=\"Marianne Ahlgren\" \/>\n\t<meta name=\"twitter:label2\" content=\"Ber\u00e4knad l\u00e4stid\" \/>\n\t<meta name=\"twitter:data2\" content=\"1 minut\" \/>\n<!-- \/ Yoast SEO Premium plugin. -->","yoast_head_json":{"title":"Arbetsgivarnas r\u00e4tt att fr\u00e5ga om strejkdeltagande | Almega","robots":{"index":"index","follow":"follow","max-snippet":"max-snippet:-1","max-image-preview":"max-image-preview:large","max-video-preview":"max-video-preview:-1"},"canonical":"https:\/\/www.almega.se\/2025\/06\/arbetsgivarnas-ratt-att-fraga-om-strejkdeltagande\/","og_locale":"sv_SE","og_type":"article","og_title":"Arbetsgivarnas r\u00e4tt att fr\u00e5ga om strejkdeltagande","og_description":"\u201dDet beror p\u00e5 syftet med fr\u00e5gan\u201d, s\u00e4ger arbetsr\u00e4ttsexperten Tommy Iseskog i tidningen Arbetet och ger i princip arbetsgivarna r\u00e4tt.&nbsp; \u201dUtg\u00e5ngspunkten \u00e4r att arbetsgivarna har r\u00e4tt att ta reda p\u00e5 vilka som \u00e4r med i facket &hellip;","og_url":"https:\/\/www.almega.se\/2025\/06\/arbetsgivarnas-ratt-att-fraga-om-strejkdeltagande\/","og_site_name":"Almega","article_published_time":"2025-06-16T12:08:15+00:00","article_modified_time":"2025-06-16T12:10:03+00:00","og_image":[{"width":1667,"height":2500,"url":"https:\/\/www.almega.se\/app\/uploads\/2025\/06\/ets11757.jpg","type":"image\/jpeg"}],"author":"Marianne Ahlgren","twitter_card":"summary_large_image","twitter_misc":{"Skriven av":"Marianne Ahlgren","Ber\u00e4knad l\u00e4stid":"1 minut"},"schema":{"@context":"https:\/\/schema.org","@graph":[{"@type":"NewsArticle","@id":"https:\/\/www.almega.se\/2025\/06\/arbetsgivarnas-ratt-att-fraga-om-strejkdeltagande\/#article","isPartOf":{"@id":"https:\/\/www.almega.se\/2025\/06\/arbetsgivarnas-ratt-att-fraga-om-strejkdeltagande\/"},"author":{"name":"Marianne Ahlgren","@id":"https:\/\/www.almega.se\/#\/schema\/person\/860599f2ded56005a909a04b92cf7035"},"headline":"Arbets&shy;givarnas r\u00e4tt att fr\u00e5ga om strejkdeltagande","datePublished":"2025-06-16T12:08:15+00:00","dateModified":"2025-06-16T12:10:03+00:00","mainEntityOfPage":{"@id":"https:\/\/www.almega.se\/2025\/06\/arbetsgivarnas-ratt-att-fraga-om-strejkdeltagande\/"},"wordCount":113,"image":{"@id":"https:\/\/www.almega.se\/2025\/06\/arbetsgivarnas-ratt-att-fraga-om-strejkdeltagande\/#primaryimage"},"thumbnailUrl":"https:\/\/www.almega.se\/app\/uploads\/2025\/06\/ets11757.jpg","keywords":["avtalsr\u00f6relsen 2025"],"articleSection":["Avtalsr\u00f6relse"],"inLanguage":"sv-SE"},{"@type":"WebPage","@id":"https:\/\/www.almega.se\/2025\/06\/arbetsgivarnas-ratt-att-fraga-om-strejkdeltagande\/","url":"https:\/\/www.almega.se\/2025\/06\/arbetsgivarnas-ratt-att-fraga-om-strejkdeltagande\/","name":"Arbetsgivarnas r\u00e4tt att fr\u00e5ga om strejkdeltagande | Almega","isPartOf":{"@id":"https:\/\/www.almega.se\/#website"},"primaryImageOfPage":{"@id":"https:\/\/www.almega.se\/2025\/06\/arbetsgivarnas-ratt-att-fraga-om-strejkdeltagande\/#primaryimage"},"image":{"@id":"https:\/\/www.almega.se\/2025\/06\/arbetsgivarnas-ratt-att-fraga-om-strejkdeltagande\/#primaryimage"},"thumbnailUrl":"https:\/\/www.almega.se\/app\/uploads\/2025\/06\/ets11757.jpg","datePublished":"2025-06-16T12:08:15+00:00","dateModified":"2025-06-16T12:10:03+00:00","author":{"@id":"https:\/\/www.almega.se\/#\/schema\/person\/860599f2ded56005a909a04b92cf7035"},"breadcrumb":{"@id":"https:\/\/www.almega.se\/2025\/06\/arbetsgivarnas-ratt-att-fraga-om-strejkdeltagande\/#breadcrumb"},"inLanguage":"sv-SE","potentialAction":[{"@type":"ReadAction","target":["https:\/\/www.almega.se\/2025\/06\/arbetsgivarnas-ratt-att-fraga-om-strejkdeltagande\/"]}]},{"@type":"ImageObject","inLanguage":"sv-SE","@id":"https:\/\/www.almega.se\/2025\/06\/arbetsgivarnas-ratt-att-fraga-om-strejkdeltagande\/#primaryimage","url":"https:\/\/www.almega.se\/app\/uploads\/2025\/06\/ets11757.jpg","contentUrl":"https:\/\/www.almega.se\/app\/uploads\/2025\/06\/ets11757.jpg","width":1667,"height":2500},{"@type":"BreadcrumbList","@id":"https:\/\/www.almega.se\/2025\/06\/arbetsgivarnas-ratt-att-fraga-om-strejkdeltagande\/#breadcrumb","itemListElement":[{"@type":"ListItem","position":1,"name":"Home","item":"https:\/\/www.almega.se\/"},{"@type":"ListItem","position":2,"name":"Arbets&shy;givarnas r\u00e4tt att fr\u00e5ga om strejkdeltagande"}]},{"@type":"WebSite","@id":"https:\/\/www.almega.se\/#website","url":"https:\/\/www.almega.se\/","name":"Almega","description":"","potentialAction":[{"@type":"SearchAction","target":{"@type":"EntryPoint","urlTemplate":"https:\/\/www.almega.se\/?s={search_term_string}"},"query-input":{"@type":"PropertyValueSpecification","valueRequired":true,"valueName":"search_term_string"}}],"inLanguage":"sv-SE"},{"@type":"Person","@id":"https:\/\/www.almega.se\/#\/schema\/person\/860599f2ded56005a909a04b92cf7035","name":"Marianne Ahlgren","image":{"@type":"ImageObject","inLanguage":"sv-SE","@id":"https:\/\/www.almega.se\/#\/schema\/person\/image\/","url":"https:\/\/secure.gravatar.com\/avatar\/4c350e8b0dd656a6bbe04785780665ac53c7b373c038b1140ce3ae5e8cb21bef?s=96&d=mm&r=g","contentUrl":"https:\/\/secure.gravatar.com\/avatar\/4c350e8b0dd656a6bbe04785780665ac53c7b373c038b1140ce3ae5e8cb21bef?s=96&d=mm&r=g","caption":"Marianne Ahlgren"},"url":"https:\/\/www.almega.se\/person\/marianneahlgren\/"}]}},"_links":{"self":[{"href":"https:\/\/www.almega.se\/api\/wp\/v2\/posts\/80912","targetHints":{"allow":["GET"]}}],"collection":[{"href":"https:\/\/www.almega.se\/api\/wp\/v2\/posts"}],"about":[{"href":"https:\/\/www.almega.se\/api\/wp\/v2\/types\/post"}],"author":[{"embeddable":true,"href":"https:\/\/www.almega.se\/api\/wp\/v2\/users\/3380"}],"replies":[{"embeddable":true,"href":"https:\/\/www.almega.se\/api\/wp\/v2\/comments?post=80912"}],"version-history":[{"count":1,"href":"https:\/\/www.almega.se\/api\/wp\/v2\/posts\/80912\/revisions"}],"predecessor-version":[{"id":80913,"href":"https:\/\/www.almega.se\/api\/wp\/v2\/posts\/80912\/revisions\/80913"}],"wp:featuredmedia":[{"embeddable":true,"href":"https:\/\/www.almega.se\/api\/wp\/v2\/media\/80914"}],"wp:attachment":[{"href":"https:\/\/www.almega.se\/api\/wp\/v2\/media?parent=80912"}],"wp:term":[{"taxonomy":"category","embeddable":true,"href":"https:\/\/www.almega.se\/api\/wp\/v2\/categories?post=80912"},{"taxonomy":"post_tag","embeddable":true,"href":"https:\/\/www.almega.se\/api\/wp\/v2\/tags?post=80912"},{"taxonomy":"type","embeddable":true,"href":"https:\/\/www.almega.se\/api\/wp\/v2\/article_type?post=80912"},{"taxonomy":"agreement","embeddable":true,"href":"https:\/\/www.almega.se\/api\/wp\/v2\/agreement?post=80912"}],"curies":[{"name":"wp","href":"https:\/\/api.w.org\/{rel}","templated":true}]}}