{"id":80869,"date":"2025-06-16T10:41:16","date_gmt":"2025-06-16T08:41:16","guid":{"rendered":"https:\/\/www.almega.se\/?p=80869"},"modified":"2025-12-01T17:01:24","modified_gmt":"2025-12-01T16:01:24","slug":"ja-till-medlarnas-bud-nytt-serviceentreprenadavtal-fastighets-och-seko","status":"publish","type":"post","link":"https:\/\/www.almega.se\/2025\/06\/ja-till-medlarnas-bud-nytt-serviceentreprenadavtal-fastighets-och-seko\/","title":{"rendered":"Ja till medlarnas bud &#8211; Nytt Serviceentreprenadavtal Fastighets och SEKO"},"content":{"rendered":"<p class=\"intro\">Almega Servicef\u00f6retagen har, via medling, tecknat ett nytt Serviceentreprenadavtal med Fastighetsanst\u00e4lldas f\u00f6rbund och Seko. Avtalet \u00e4r tv\u00e5\u00e5rigt och utan m\u00f6jlighet till upps\u00e4gning. B\u00e4gge parter sa till slut ja till medlarnas bud.<\/p>\n\n<p>Den 1 juni 2025 h\u00f6js avtalets l\u00e4gstal\u00f6n med 989 kr f\u00f6r heltidsanst\u00e4llda som fyllt 22 \u00e5r till 27 968 kr. Samtidigt \u00e4r den generella l\u00f6ne\u00f6kningen 989 kr, per heltidsanst\u00e4lld.<\/p>\n\n\n\n<p>Den 1 juni 2026 h\u00f6js avtalets l\u00e4gstal\u00f6n med 837 kr f\u00f6r heltidsanst\u00e4llda som fyllt 22 \u00e5r till 28 805 kr. Samtidigt \u00e4r den generella l\u00f6ne\u00f6kningen 903 kr, per heltidsanst\u00e4lld.<\/p>\n\n\n\n<p>Till\u00e4ggen f\u00f6r \u00f6vertid och OB r\u00e4knas upp med 3,4 procent per den 1 juni 2025, samt med 3,0 procent per den 1 juni 2026. Vi kommer s\u00e5 snart som m\u00f6jligt att uppdatera samtliga krontalsbelopp i&nbsp;<a href=\"https:\/\/medlem.arbetsgivarguiden.se\/kollektivavtal\/99\" target=\"_blank\" rel=\"noreferrer noopener\">kollektivavtalet i Arbetsgivarguiden<\/a>&nbsp;(inloggning kr\u00e4vs).<\/p>\n\n\n\n<p>Mertiden ligger kvar under 2025 p\u00e5 dagens niv\u00e5 om 11,75 kr\/h innan mertidsers\u00e4ttningen f\u00f6rsvinner fr.o.m. 1 juni 2026. L\u00e4s mer om beordrad mertid nedan.<\/p>\n\n\n<a class='Share__link Share__link--url copy-text' href='#' rel='nofollow' data-text='webbinarie-om-det-nya-avtalet' title='Dela url' data-confirmation='L\u00e4nken kopierades till urklipp'><svg class='icon icon--link'  width='18' height='18' viewBox='0 0 18 18' fill='none' xmlns='http:\/\/www.w3.org\/2000\/svg'>\n            <path d='M10.4142 0.514721L6.87868 4.05025L8.29289 5.46447L11.1213 2.63604L15.364 6.87868L12.5355 9.70711L13.9497 11.1213L17.4853 7.58579C17.8763 7.19476 17.8763 6.5626 17.4853 6.17158L11.8284 0.514721C11.4374 0.123691 10.8052 0.123691 10.4142 0.514721Z' fill='black'\/>\n            <path d='M9.7071 12.5355L6.87868 15.364L2.63604 11.1213L5.46446 8.2929L4.05025 6.87868L0.514716 10.4142C0.123686 10.8052 0.123686 11.4374 0.514716 11.8284L6.17157 17.4853C6.5626 17.8763 7.19475 17.8763 7.58578 17.4853L11.1213 13.9497L9.7071 12.5355Z' fill='black'\/>\n            <path d='M6.17157 11.8284C6.5626 12.2195 7.19475 12.2195 7.58578 11.8284L11.8284 7.58579C12.2195 7.19476 12.2195 6.56261 11.8284 6.17158C11.4374 5.78055 10.8052 5.78055 10.4142 6.17158L6.17157 10.4142C5.78054 10.8052 5.78054 11.4374 6.17157 11.8284Z' fill='black'\/>\n            <\/svg> <\/a>\n<h2 class=\"wp-block-heading\" id=\"h-webbinarie-om-det-nya-avtalet\">Webbinarie om det nya avtalet<\/h2>\n\n\n\n<p>Vi bjuder in till ett kostnadsfritt webbinarium d\u00e4r vi g\u00e5r igenom det nya avtalet. V\u00e4lkommen att anm\u00e4la dig!&nbsp;<\/p>\n\n\n\n<p><a href=\"https:\/\/app.eduadmin.se\/form\/7f84c82598ca8210\/2191227?publicFormId=d8eba53b-d214-45d8-83ef-699e899fe72c\" target=\"_blank\" rel=\"noreferrer noopener\">24 juni kl 13.00 \u2013 13.40<\/a><\/p>\n\n\n\n<p><a href=\"https:\/\/app.eduadmin.se\/form\/7f84c82598ca8210\/2191228?publicFormId=d8eba53b-d214-45d8-83ef-699e899fe72c\" target=\"_blank\" rel=\"noreferrer noopener\">27 juni kl 13.00 \u2013 13.40<\/a><\/p>\n\n\n<a class='Share__link Share__link--url copy-text' href='#' rel='nofollow' data-text='introduktionsanstallning' title='Dela url' data-confirmation='L\u00e4nken kopierades till urklipp'><svg class='icon icon--link'  width='18' height='18' viewBox='0 0 18 18' fill='none' xmlns='http:\/\/www.w3.org\/2000\/svg'>\n            <path d='M10.4142 0.514721L6.87868 4.05025L8.29289 5.46447L11.1213 2.63604L15.364 6.87868L12.5355 9.70711L13.9497 11.1213L17.4853 7.58579C17.8763 7.19476 17.8763 6.5626 17.4853 6.17158L11.8284 0.514721C11.4374 0.123691 10.8052 0.123691 10.4142 0.514721Z' fill='black'\/>\n            <path d='M9.7071 12.5355L6.87868 15.364L2.63604 11.1213L5.46446 8.2929L4.05025 6.87868L0.514716 10.4142C0.123686 10.8052 0.123686 11.4374 0.514716 11.8284L6.17157 17.4853C6.5626 17.8763 7.19475 17.8763 7.58578 17.4853L11.1213 13.9497L9.7071 12.5355Z' fill='black'\/>\n            <path d='M6.17157 11.8284C6.5626 12.2195 7.19475 12.2195 7.58578 11.8284L11.8284 7.58579C12.2195 7.19476 12.2195 6.56261 11.8284 6.17158C11.4374 5.78055 10.8052 5.78055 10.4142 6.17158L6.17157 10.4142C5.78054 10.8052 5.78054 11.4374 6.17157 11.8284Z' fill='black'\/>\n            <\/svg> <\/a>\n<h2 class=\"wp-block-heading\" id=\"h-introduktionsanstallning\">Introduktionsanst\u00e4llning<\/h2>\n\n\n\n<p>Ett helt nytt avtal om introduktionsanst\u00e4llning \u00e4r tecknat med Fastighets och Seko. Det inneb\u00e4r i stora drag att man kan anst\u00e4lla individer med ringa erfarenhet (max 6 m\u00e5nader) p\u00e5 en introduktionsanst\u00e4llning i upp till 16 m\u00e5nader (med viss m\u00f6jlighet till f\u00f6rl\u00e4ngning). Den l\u00f6n som g\u00e4ller \u00e4r 80% av l\u00e4gstal\u00f6nen i avtalet och syssels\u00e4ttningsgraden kan vara som l\u00e4gst 77,5% upp till heltid.<\/p>\n\n\n\n<p>Under introduktionsanst\u00e4llningen ska det finnas en utbildningsplan, SRY eller motsvarande, samt en utsedd handledare. Under hela introduktionsanst\u00e4llningen finns det m\u00f6jlighet att avbryta anst\u00e4llningen.<\/p>\n\n\n\n<p>Vi kommer att ta fram material kopplat till introduktionsanst\u00e4llning f\u00f6r att g\u00f6ra det l\u00e4ttare f\u00f6r er att anv\u00e4nda er av det, vi \u00e5terkommer med ett Arbetsgivarnytt s\u00e5 snart materialet \u00e4r klart.<\/p>\n\n\n\n<p><a href=\"https:\/\/www.almega.se\/app\/uploads\/2025\/06\/Avtal-om-introduktionsanstallning.pdf\" target=\"_blank\" rel=\"noreferrer noopener\">Avtal om introduktionsanst\u00e4llning<\/a><\/p>\n\n\n\n<p><\/p>\n\n\n\n<p>Till\u00e4gget&nbsp;\u00e4r of\u00f6r\u00e4ndrat och erh\u00e5lls p\u00e5 samma s\u00e4tt som tidigare:<\/p>\n\n\n<a class='Share__link Share__link--url copy-text' href='#' rel='nofollow' data-text='branschvanetillagg' title='Dela url' data-confirmation='L\u00e4nken kopierades till urklipp'><svg class='icon icon--link'  width='18' height='18' viewBox='0 0 18 18' fill='none' xmlns='http:\/\/www.w3.org\/2000\/svg'>\n            <path d='M10.4142 0.514721L6.87868 4.05025L8.29289 5.46447L11.1213 2.63604L15.364 6.87868L12.5355 9.70711L13.9497 11.1213L17.4853 7.58579C17.8763 7.19476 17.8763 6.5626 17.4853 6.17158L11.8284 0.514721C11.4374 0.123691 10.8052 0.123691 10.4142 0.514721Z' fill='black'\/>\n            <path d='M9.7071 12.5355L6.87868 15.364L2.63604 11.1213L5.46446 8.2929L4.05025 6.87868L0.514716 10.4142C0.123686 10.8052 0.123686 11.4374 0.514716 11.8284L6.17157 17.4853C6.5626 17.8763 7.19475 17.8763 7.58578 17.4853L11.1213 13.9497L9.7071 12.5355Z' fill='black'\/>\n            <path d='M6.17157 11.8284C6.5626 12.2195 7.19475 12.2195 7.58578 11.8284L11.8284 7.58579C12.2195 7.19476 12.2195 6.56261 11.8284 6.17158C11.4374 5.78055 10.8052 5.78055 10.4142 6.17158L6.17157 10.4142C5.78054 10.8052 5.78054 11.4374 6.17157 11.8284Z' fill='black'\/>\n            <\/svg> <\/a>\n<h2 class=\"wp-block-heading\" id=\"h-branschvanetillagg\">Branschvanetill\u00e4gg<\/h2>\n\n\n\n<ul class=\"wp-block-list\">\n<li><strong>Steg 1<\/strong>: 450 kr\/m\u00e5nad vid minst 2 \u00e5rs branschvana samt ytterligare<\/li>\n\n\n\n<li><strong>Steg 2<\/strong>: 550 kr\/m\u00e5nad vid minst 4 \u00e5rs branschvana samt ytterligare<\/li>\n\n\n\n<li><strong>Steg 3<\/strong>: 500 kr\/m\u00e5nad vid minst 6 \u00e5rs branschvana\u00a0<\/li>\n<\/ul>\n\n\n<a class='Share__link Share__link--url copy-text' href='#' rel='nofollow' data-text='beordrad-mertid-ger-overtidsersattning-fr-o-m-1-juni-2026' title='Dela url' data-confirmation='L\u00e4nken kopierades till urklipp'><svg class='icon icon--link'  width='18' height='18' viewBox='0 0 18 18' fill='none' xmlns='http:\/\/www.w3.org\/2000\/svg'>\n            <path d='M10.4142 0.514721L6.87868 4.05025L8.29289 5.46447L11.1213 2.63604L15.364 6.87868L12.5355 9.70711L13.9497 11.1213L17.4853 7.58579C17.8763 7.19476 17.8763 6.5626 17.4853 6.17158L11.8284 0.514721C11.4374 0.123691 10.8052 0.123691 10.4142 0.514721Z' fill='black'\/>\n            <path d='M9.7071 12.5355L6.87868 15.364L2.63604 11.1213L5.46446 8.2929L4.05025 6.87868L0.514716 10.4142C0.123686 10.8052 0.123686 11.4374 0.514716 11.8284L6.17157 17.4853C6.5626 17.8763 7.19475 17.8763 7.58578 17.4853L11.1213 13.9497L9.7071 12.5355Z' fill='black'\/>\n            <path d='M6.17157 11.8284C6.5626 12.2195 7.19475 12.2195 7.58578 11.8284L11.8284 7.58579C12.2195 7.19476 12.2195 6.56261 11.8284 6.17158C11.4374 5.78055 10.8052 5.78055 10.4142 6.17158L6.17157 10.4142C5.78054 10.8052 5.78054 11.4374 6.17157 11.8284Z' fill='black'\/>\n            <\/svg> <\/a>\n<h2 class=\"wp-block-heading\" id=\"h-beordrad-mertid-ger-overtidsersattning-fr-o-m-1-juni-2026\">Beordrad mertid ger \u00f6vertidsers\u00e4ttning fr o m 1 juni 2026<\/h2>\n\n\n\n<p>Fram till och med den 31 maj 2026 g\u00e4ller samma regler som idag med att mertidsarbete ger r\u00e4tt till mertidsers\u00e4ttning enligt befintligt avtal. Mertidstill\u00e4gget \u00e4r detsamma som under 2024, dvs 11,75 kr\/h.<\/p>\n\n\n\n<p>Fr.o.m. 1 juni 2026 f\u00e5r en deltidsanst\u00e4lld medarbetare som utf\u00f6r beordrad mertid i st\u00e4llet \u00f6vertidsers\u00e4ttning.<\/p>\n\n\n<a class='Share__link Share__link--url copy-text' href='#' rel='nofollow' data-text='mertid-upp-till-heltid' title='Dela url' data-confirmation='L\u00e4nken kopierades till urklipp'><svg class='icon icon--link'  width='18' height='18' viewBox='0 0 18 18' fill='none' xmlns='http:\/\/www.w3.org\/2000\/svg'>\n            <path d='M10.4142 0.514721L6.87868 4.05025L8.29289 5.46447L11.1213 2.63604L15.364 6.87868L12.5355 9.70711L13.9497 11.1213L17.4853 7.58579C17.8763 7.19476 17.8763 6.5626 17.4853 6.17158L11.8284 0.514721C11.4374 0.123691 10.8052 0.123691 10.4142 0.514721Z' fill='black'\/>\n            <path d='M9.7071 12.5355L6.87868 15.364L2.63604 11.1213L5.46446 8.2929L4.05025 6.87868L0.514716 10.4142C0.123686 10.8052 0.123686 11.4374 0.514716 11.8284L6.17157 17.4853C6.5626 17.8763 7.19475 17.8763 7.58578 17.4853L11.1213 13.9497L9.7071 12.5355Z' fill='black'\/>\n            <path d='M6.17157 11.8284C6.5626 12.2195 7.19475 12.2195 7.58578 11.8284L11.8284 7.58579C12.2195 7.19476 12.2195 6.56261 11.8284 6.17158C11.4374 5.78055 10.8052 5.78055 10.4142 6.17158L6.17157 10.4142C5.78054 10.8052 5.78054 11.4374 6.17157 11.8284Z' fill='black'\/>\n            <\/svg> <\/a>\n<h2 class=\"wp-block-heading\" id=\"h-mertid-upp-till-heltid\">Mertid upp till heltid<\/h2>\n\n\n\n<p>Arbetstidslagen har ett mertidstak om 200 timmar mertid per kalender\u00e5r, den regeln f\u00f6rsvinner ur avtalet vilket inneb\u00e4r att en deltidsanst\u00e4lld kan arbeta mertid hela v\u00e4gen upp till heltid.<\/p>\n\n\n<a class='Share__link Share__link--url copy-text' href='#' rel='nofollow' data-text='ansokan-om-foraldraledighet-i-samband-med-semester' title='Dela url' data-confirmation='L\u00e4nken kopierades till urklipp'><svg class='icon icon--link'  width='18' height='18' viewBox='0 0 18 18' fill='none' xmlns='http:\/\/www.w3.org\/2000\/svg'>\n            <path d='M10.4142 0.514721L6.87868 4.05025L8.29289 5.46447L11.1213 2.63604L15.364 6.87868L12.5355 9.70711L13.9497 11.1213L17.4853 7.58579C17.8763 7.19476 17.8763 6.5626 17.4853 6.17158L11.8284 0.514721C11.4374 0.123691 10.8052 0.123691 10.4142 0.514721Z' fill='black'\/>\n            <path d='M9.7071 12.5355L6.87868 15.364L2.63604 11.1213L5.46446 8.2929L4.05025 6.87868L0.514716 10.4142C0.123686 10.8052 0.123686 11.4374 0.514716 11.8284L6.17157 17.4853C6.5626 17.8763 7.19475 17.8763 7.58578 17.4853L11.1213 13.9497L9.7071 12.5355Z' fill='black'\/>\n            <path d='M6.17157 11.8284C6.5626 12.2195 7.19475 12.2195 7.58578 11.8284L11.8284 7.58579C12.2195 7.19476 12.2195 6.56261 11.8284 6.17158C11.4374 5.78055 10.8052 5.78055 10.4142 6.17158L6.17157 10.4142C5.78054 10.8052 5.78054 11.4374 6.17157 11.8284Z' fill='black'\/>\n            <\/svg> <\/a>\n<h2 class=\"wp-block-heading\" id=\"h-ansokan-om-foraldraledighet-i-samband-med-semester\">Ans\u00f6kan om f\u00f6r\u00e4ldraledighet i samband med semester<\/h2>\n\n\n\n<p>Ny regel tillkommer i avtalet d\u00e4r arbetstagarna, senast sista mars, ska anm\u00e4la om de avser att vara f\u00f6r\u00e4ldraledig i samband med sommarsemestern. Arbetsgivaren kan ocks\u00e5 beg\u00e4ra att arbetstagaren ans\u00f6ker senast sista september om f\u00f6r\u00e4ldraledighet \u00f6nskas under perioden 15 december \u2013 15 januari,<\/p>\n\n\n\n<p>Om ni vill anv\u00e4nda er av denna nya regel s\u00e5 \u00e4r det bra att meddela era medarbetare om att detta nu g\u00e4ller, exempelvis i samband med att ni vill ha in ans\u00f6kningar om sommarsemestern.<\/p>\n\n\n<a class='Share__link Share__link--url copy-text' href='#' rel='nofollow' data-text='anvandande-av-privat-bil-i-tjanst' title='Dela url' data-confirmation='L\u00e4nken kopierades till urklipp'><svg class='icon icon--link'  width='18' height='18' viewBox='0 0 18 18' fill='none' xmlns='http:\/\/www.w3.org\/2000\/svg'>\n            <path d='M10.4142 0.514721L6.87868 4.05025L8.29289 5.46447L11.1213 2.63604L15.364 6.87868L12.5355 9.70711L13.9497 11.1213L17.4853 7.58579C17.8763 7.19476 17.8763 6.5626 17.4853 6.17158L11.8284 0.514721C11.4374 0.123691 10.8052 0.123691 10.4142 0.514721Z' fill='black'\/>\n            <path d='M9.7071 12.5355L6.87868 15.364L2.63604 11.1213L5.46446 8.2929L4.05025 6.87868L0.514716 10.4142C0.123686 10.8052 0.123686 11.4374 0.514716 11.8284L6.17157 17.4853C6.5626 17.8763 7.19475 17.8763 7.58578 17.4853L11.1213 13.9497L9.7071 12.5355Z' fill='black'\/>\n            <path d='M6.17157 11.8284C6.5626 12.2195 7.19475 12.2195 7.58578 11.8284L11.8284 7.58579C12.2195 7.19476 12.2195 6.56261 11.8284 6.17158C11.4374 5.78055 10.8052 5.78055 10.4142 6.17158L6.17157 10.4142C5.78054 10.8052 5.78054 11.4374 6.17157 11.8284Z' fill='black'\/>\n            <\/svg> <\/a>\n<h2 class=\"wp-block-heading\" id=\"h-anvandande-av-privat-bil-i-tjanst\">Anv\u00e4ndande av privat bil i tj\u00e4nst<\/h2>\n\n\n\n<p>Om ni som arbetsgivare kr\u00e4ver att arbetstagaren ska resa i tj\u00e4nsten med egen bil s\u00e5 ska ers\u00e4ttning utg\u00e5 i enlighet med Skatteverkets regler, f\u00f6r n\u00e4rvarande 25 kr\/mil. Detta g\u00e4ller s\u00e5 l\u00e4nge inte de lokala parterna har kommit \u00f6verens om annat.<\/p>\n\n\n<a class='Share__link Share__link--url copy-text' href='#' rel='nofollow' data-text='flytt-av-eget-pass' title='Dela url' data-confirmation='L\u00e4nken kopierades till urklipp'><svg class='icon icon--link'  width='18' height='18' viewBox='0 0 18 18' fill='none' xmlns='http:\/\/www.w3.org\/2000\/svg'>\n            <path d='M10.4142 0.514721L6.87868 4.05025L8.29289 5.46447L11.1213 2.63604L15.364 6.87868L12.5355 9.70711L13.9497 11.1213L17.4853 7.58579C17.8763 7.19476 17.8763 6.5626 17.4853 6.17158L11.8284 0.514721C11.4374 0.123691 10.8052 0.123691 10.4142 0.514721Z' fill='black'\/>\n            <path d='M9.7071 12.5355L6.87868 15.364L2.63604 11.1213L5.46446 8.2929L4.05025 6.87868L0.514716 10.4142C0.123686 10.8052 0.123686 11.4374 0.514716 11.8284L6.17157 17.4853C6.5626 17.8763 7.19475 17.8763 7.58578 17.4853L11.1213 13.9497L9.7071 12.5355Z' fill='black'\/>\n            <path d='M6.17157 11.8284C6.5626 12.2195 7.19475 12.2195 7.58578 11.8284L11.8284 7.58579C12.2195 7.19476 12.2195 6.56261 11.8284 6.17158C11.4374 5.78055 10.8052 5.78055 10.4142 6.17158L6.17157 10.4142C5.78054 10.8052 5.78054 11.4374 6.17157 11.8284Z' fill='black'\/>\n            <\/svg> <\/a>\n<h2 class=\"wp-block-heading\" id=\"h-flytt-av-eget-pass\">Flytt av eget pass<\/h2>\n\n\n\n<p>I de fall en arbetstagare \u00f6nskar att flytta sitt arbetspass till annan tid \u00e4n sin tillt\u00e4nkta schematid s\u00e5 ska detta skriftligt godk\u00e4nnas av arbetsgivaren. Om flytten inneb\u00e4r att arbetet i st\u00e4llet sker p\u00e5 exempelvis kv\u00e4ll eller helg s\u00e5 ska eventuell OB- eller \u00f6vertidsers\u00e4ttning inte utges.<\/p>\n\n\n<a class='Share__link Share__link--url copy-text' href='#' rel='nofollow' data-text='\u00d6vrigt' title='Dela url' data-confirmation='L\u00e4nken kopierades till urklipp'><svg class='icon icon--link'  width='18' height='18' viewBox='0 0 18 18' fill='none' xmlns='http:\/\/www.w3.org\/2000\/svg'>\n            <path d='M10.4142 0.514721L6.87868 4.05025L8.29289 5.46447L11.1213 2.63604L15.364 6.87868L12.5355 9.70711L13.9497 11.1213L17.4853 7.58579C17.8763 7.19476 17.8763 6.5626 17.4853 6.17158L11.8284 0.514721C11.4374 0.123691 10.8052 0.123691 10.4142 0.514721Z' fill='black'\/>\n            <path d='M9.7071 12.5355L6.87868 15.364L2.63604 11.1213L5.46446 8.2929L4.05025 6.87868L0.514716 10.4142C0.123686 10.8052 0.123686 11.4374 0.514716 11.8284L6.17157 17.4853C6.5626 17.8763 7.19475 17.8763 7.58578 17.4853L11.1213 13.9497L9.7071 12.5355Z' fill='black'\/>\n            <path d='M6.17157 11.8284C6.5626 12.2195 7.19475 12.2195 7.58578 11.8284L11.8284 7.58579C12.2195 7.19476 12.2195 6.56261 11.8284 6.17158C11.4374 5.78055 10.8052 5.78055 10.4142 6.17158L6.17157 10.4142C5.78054 10.8052 5.78054 11.4374 6.17157 11.8284Z' fill='black'\/>\n            <\/svg> <\/a>\n<h2 class=\"wp-block-heading\" id=\"h-ovrigt\">\u00d6vrigt<\/h2>\n\n\n\n<p>Vi kommer att uppdatera kollektivavtalet i arbetsgivarguiden s\u00e5 snart som m\u00f6jligt inklusive krontalsf\u00f6r\u00e4ndringar f\u00f6r \u00f6vertids- och mertidsers\u00e4ttning samt OB-till\u00e4gg. Avtalet i PDF ska godk\u00e4nnas av Fastighets och Seko innan ny version publiceras.<\/p>\n\n\n\n<p><a href=\"https:\/\/www.almega.se\/app\/uploads\/2025\/06\/Hemstallan-protokoll-overenskommelse-2025-2027-ATJ-Serviceentreprenad-Fastighets-SEKO.pdf\" target=\"_blank\" rel=\"noreferrer noopener\">Protokoll med hemst\u00e4llan<\/a><\/p>\n","protected":false},"excerpt":{"rendered":"<p>Den 1 juni 2025 h\u00f6js avtalets l\u00e4gstal\u00f6n med 989 kr f\u00f6r heltidsanst\u00e4llda som fyllt 22 \u00e5r till 27 968 kr. Samtidigt \u00e4r den generella l\u00f6ne\u00f6kningen 989 kr, per heltidsanst\u00e4lld. Den 1 juni 2026 h\u00f6js avtalets &hellip;<\/p>\n","protected":false},"author":89,"featured_media":0,"comment_status":"closed","ping_status":"closed","sticky":false,"template":"","format":"standard","meta":{"_acf_changed":false,"footnotes":""},"categories":[1],"tags":[],"article_type":[313],"agreement":[201],"class_list":["post-80869","post","type-post","status-publish","format-standard","hentry","category-okategoriserade","type-arbetsgivarnytt","agreement-86ce80f7-ff07-de11-b4e1-02bf9e69ca65"],"acf":[],"yoast_head":"<!-- This site is optimized with the Yoast SEO Premium plugin v26.8 (Yoast SEO v26.8) - https:\/\/yoast.com\/product\/yoast-seo-premium-wordpress\/ -->\n<title>Ja till medlarnas bud - Nytt Serviceentreprenadavtal Fastighets och SEKO | Almega<\/title>\n<meta name=\"robots\" content=\"index, follow, max-snippet:-1, max-image-preview:large, max-video-preview:-1\" \/>\n<link rel=\"canonical\" href=\"https:\/\/www.almega.se\/2025\/06\/ja-till-medlarnas-bud-nytt-serviceentreprenadavtal-fastighets-och-seko\/\" \/>\n<meta property=\"og:locale\" content=\"sv_SE\" \/>\n<meta property=\"og:type\" content=\"article\" \/>\n<meta property=\"og:title\" content=\"Ja till medlarnas bud - Nytt Serviceentreprenadavtal Fastighets och SEKO\" \/>\n<meta property=\"og:description\" content=\"Den 1 juni 2025 h\u00f6js avtalets l\u00e4gstal\u00f6n med 989 kr f\u00f6r heltidsanst\u00e4llda som fyllt 22 \u00e5r till 27 968 kr. Samtidigt \u00e4r den generella l\u00f6ne\u00f6kningen 989 kr, per heltidsanst\u00e4lld. Den 1 juni 2026 h\u00f6js avtalets &hellip;\" \/>\n<meta property=\"og:url\" content=\"https:\/\/www.almega.se\/2025\/06\/ja-till-medlarnas-bud-nytt-serviceentreprenadavtal-fastighets-och-seko\/\" \/>\n<meta property=\"og:site_name\" content=\"Almega\" \/>\n<meta property=\"article:published_time\" content=\"2025-06-16T08:41:16+00:00\" \/>\n<meta property=\"article:modified_time\" content=\"2025-12-01T16:01:24+00:00\" \/>\n<meta property=\"og:image\" content=\"https:\/\/www.almega.se\/app\/uploads\/2020\/12\/almega-share-logo.png\" \/>\n\t<meta property=\"og:image:width\" content=\"1200\" \/>\n\t<meta property=\"og:image:height\" content=\"630\" \/>\n\t<meta property=\"og:image:type\" content=\"image\/png\" \/>\n<meta name=\"author\" content=\"Lena Martinell \u00c5kerblom\" \/>\n<meta name=\"twitter:card\" content=\"summary_large_image\" \/>\n<meta name=\"twitter:label1\" content=\"Skriven av\" \/>\n\t<meta name=\"twitter:data1\" content=\"Lena Martinell \u00c5kerblom\" \/>\n\t<meta name=\"twitter:label2\" content=\"Ber\u00e4knad l\u00e4stid\" \/>\n\t<meta name=\"twitter:data2\" content=\"4 minuter\" \/>\n<!-- \/ Yoast SEO Premium plugin. -->","yoast_head_json":{"title":"Ja till medlarnas bud - Nytt Serviceentreprenadavtal Fastighets och SEKO | Almega","robots":{"index":"index","follow":"follow","max-snippet":"max-snippet:-1","max-image-preview":"max-image-preview:large","max-video-preview":"max-video-preview:-1"},"canonical":"https:\/\/www.almega.se\/2025\/06\/ja-till-medlarnas-bud-nytt-serviceentreprenadavtal-fastighets-och-seko\/","og_locale":"sv_SE","og_type":"article","og_title":"Ja till medlarnas bud - Nytt Serviceentreprenadavtal Fastighets och SEKO","og_description":"Den 1 juni 2025 h\u00f6js avtalets l\u00e4gstal\u00f6n med 989 kr f\u00f6r heltidsanst\u00e4llda som fyllt 22 \u00e5r till 27 968 kr. Samtidigt \u00e4r den generella l\u00f6ne\u00f6kningen 989 kr, per heltidsanst\u00e4lld. Den 1 juni 2026 h\u00f6js avtalets &hellip;","og_url":"https:\/\/www.almega.se\/2025\/06\/ja-till-medlarnas-bud-nytt-serviceentreprenadavtal-fastighets-och-seko\/","og_site_name":"Almega","article_published_time":"2025-06-16T08:41:16+00:00","article_modified_time":"2025-12-01T16:01:24+00:00","og_image":[{"width":1200,"height":630,"url":"https:\/\/www.almega.se\/app\/uploads\/2020\/12\/almega-share-logo.png","type":"image\/png"}],"author":"Lena Martinell \u00c5kerblom","twitter_card":"summary_large_image","twitter_misc":{"Skriven av":"Lena Martinell \u00c5kerblom","Ber\u00e4knad l\u00e4stid":"4 minuter"},"schema":{"@context":"https:\/\/schema.org","@graph":[{"@type":"NewsArticle","@id":"https:\/\/www.almega.se\/2025\/06\/ja-till-medlarnas-bud-nytt-serviceentreprenadavtal-fastighets-och-seko\/#article","isPartOf":{"@id":"https:\/\/www.almega.se\/2025\/06\/ja-till-medlarnas-bud-nytt-serviceentreprenadavtal-fastighets-och-seko\/"},"author":{"name":"Lena Martinell \u00c5kerblom","@id":"https:\/\/www.almega.se\/#\/schema\/person\/be1f5c450f9fd79fd3ce7cee9c56d246"},"headline":"Ja till medlarnas bud &#8211; Nytt Serviceentreprenadavtal Fastighets och SEKO","datePublished":"2025-06-16T08:41:16+00:00","dateModified":"2025-12-01T16:01:24+00:00","mainEntityOfPage":{"@id":"https:\/\/www.almega.se\/2025\/06\/ja-till-medlarnas-bud-nytt-serviceentreprenadavtal-fastighets-och-seko\/"},"wordCount":703,"inLanguage":"sv-SE"},{"@type":"WebPage","@id":"https:\/\/www.almega.se\/2025\/06\/ja-till-medlarnas-bud-nytt-serviceentreprenadavtal-fastighets-och-seko\/","url":"https:\/\/www.almega.se\/2025\/06\/ja-till-medlarnas-bud-nytt-serviceentreprenadavtal-fastighets-och-seko\/","name":"Ja till medlarnas bud - Nytt Serviceentreprenadavtal Fastighets och SEKO | Almega","isPartOf":{"@id":"https:\/\/www.almega.se\/#website"},"datePublished":"2025-06-16T08:41:16+00:00","dateModified":"2025-12-01T16:01:24+00:00","author":{"@id":"https:\/\/www.almega.se\/#\/schema\/person\/be1f5c450f9fd79fd3ce7cee9c56d246"},"breadcrumb":{"@id":"https:\/\/www.almega.se\/2025\/06\/ja-till-medlarnas-bud-nytt-serviceentreprenadavtal-fastighets-och-seko\/#breadcrumb"},"inLanguage":"sv-SE","potentialAction":[{"@type":"ReadAction","target":["https:\/\/www.almega.se\/2025\/06\/ja-till-medlarnas-bud-nytt-serviceentreprenadavtal-fastighets-och-seko\/"]}]},{"@type":"BreadcrumbList","@id":"https:\/\/www.almega.se\/2025\/06\/ja-till-medlarnas-bud-nytt-serviceentreprenadavtal-fastighets-och-seko\/#breadcrumb","itemListElement":[{"@type":"ListItem","position":1,"name":"Home","item":"https:\/\/www.almega.se\/"},{"@type":"ListItem","position":2,"name":"Ja till medlarnas bud &#8211; Nytt Serviceentreprenadavtal Fastighets och SEKO"}]},{"@type":"WebSite","@id":"https:\/\/www.almega.se\/#website","url":"https:\/\/www.almega.se\/","name":"Almega","description":"","potentialAction":[{"@type":"SearchAction","target":{"@type":"EntryPoint","urlTemplate":"https:\/\/www.almega.se\/?s={search_term_string}"},"query-input":{"@type":"PropertyValueSpecification","valueRequired":true,"valueName":"search_term_string"}}],"inLanguage":"sv-SE"},{"@type":"Person","@id":"https:\/\/www.almega.se\/#\/schema\/person\/be1f5c450f9fd79fd3ce7cee9c56d246","name":"Lena Martinell \u00c5kerblom","image":{"@type":"ImageObject","inLanguage":"sv-SE","@id":"https:\/\/www.almega.se\/#\/schema\/person\/image\/","url":"https:\/\/secure.gravatar.com\/avatar\/6b96f0f959d0411120737c5f1f1bb551e7f38fe13ddbaab86a1108e9f0051c53?s=96&d=mm&r=g","contentUrl":"https:\/\/secure.gravatar.com\/avatar\/6b96f0f959d0411120737c5f1f1bb551e7f38fe13ddbaab86a1108e9f0051c53?s=96&d=mm&r=g","caption":"Lena Martinell \u00c5kerblom"},"description":"Lena \u00e4r team leader f\u00f6r administrat\u00f6rerna inom Arbetsgivarservice p\u00e5 Almega i Stockholm.","url":"https:\/\/www.almega.se\/person\/lenamartinellakerblom\/"}]}},"_links":{"self":[{"href":"https:\/\/www.almega.se\/api\/wp\/v2\/posts\/80869","targetHints":{"allow":["GET"]}}],"collection":[{"href":"https:\/\/www.almega.se\/api\/wp\/v2\/posts"}],"about":[{"href":"https:\/\/www.almega.se\/api\/wp\/v2\/types\/post"}],"author":[{"embeddable":true,"href":"https:\/\/www.almega.se\/api\/wp\/v2\/users\/89"}],"replies":[{"embeddable":true,"href":"https:\/\/www.almega.se\/api\/wp\/v2\/comments?post=80869"}],"version-history":[{"count":11,"href":"https:\/\/www.almega.se\/api\/wp\/v2\/posts\/80869\/revisions"}],"predecessor-version":[{"id":81179,"href":"https:\/\/www.almega.se\/api\/wp\/v2\/posts\/80869\/revisions\/81179"}],"wp:attachment":[{"href":"https:\/\/www.almega.se\/api\/wp\/v2\/media?parent=80869"}],"wp:term":[{"taxonomy":"category","embeddable":true,"href":"https:\/\/www.almega.se\/api\/wp\/v2\/categories?post=80869"},{"taxonomy":"post_tag","embeddable":true,"href":"https:\/\/www.almega.se\/api\/wp\/v2\/tags?post=80869"},{"taxonomy":"type","embeddable":true,"href":"https:\/\/www.almega.se\/api\/wp\/v2\/article_type?post=80869"},{"taxonomy":"agreement","embeddable":true,"href":"https:\/\/www.almega.se\/api\/wp\/v2\/agreement?post=80869"}],"curies":[{"name":"wp","href":"https:\/\/api.w.org\/{rel}","templated":true}]}}