{"id":80845,"date":"2025-06-15T17:09:35","date_gmt":"2025-06-15T15:09:35","guid":{"rendered":"https:\/\/www.almega.se\/2025\/06\/stadstrejk-avblast-nytt-avtal-pa-plats\/"},"modified":"2025-06-15T17:14:23","modified_gmt":"2025-06-15T15:14:23","slug":"stadstrejk-avblast-nytt-avtal-pa-plats","status":"publish","type":"post","link":"https:\/\/www.almega.se\/2025\/06\/stadstrejk-avblast-nytt-avtal-pa-plats\/","title":{"rendered":"St\u00e4dstrejk avbl\u00e5st \u2013 nytt avtal p\u00e5 plats"},"content":{"rendered":"\n<p class=\"intro\">Servicef\u00f6retagen inom Almega, Fastighetsanst\u00e4lldas f\u00f6rbund och SEKO har efter medling kommit \u00f6verens om ett nytt kollektivavtal p\u00e5 avtalsomr\u00e5de Serviceentreprenad. D\u00e4rmed avbl\u00e5ses den strejk som skulle brutit ut i morgon m\u00e5ndag.<\/p>\n<p>\u2013 Det \u00e4r bra att vi kunnat komma \u00f6verens om en l\u00f6sning som \u00e4r godtagbar f\u00f6r b\u00e5de oss och v\u00e5ra fackliga motparter. Vi har genom f\u00f6rhandlingarna st\u00e5tt v\u00e4ldigt l\u00e5ngt ifr\u00e5n varandra. Diskussionerna har varit tuffa, men p\u00e5 arbetsgivarsidan har vi hela tiden str\u00e4vat efter att komma \u00f6verens, s\u00e4ger Servicef\u00f6retagens chef Martin Stenmo.\u00a0<\/p>\n<p>Huvudfr\u00e5gan i f\u00f6rhandlingarna, och \u00e4ven i medlingen, har varit fr\u00e5gan om ers\u00e4ttning f\u00f6r mertid och hur den ska rymmas inom de ramar som arbetsmarknadens parter \u00e4r \u00f6verens om \u2013 det s\u00e5 kallade m\u00e4rket.\u00a0\u00a0<\/p>\n<p>\u2013 Det \u00e4r bra att Fastighets och SEKO slutligen tar sitt f\u00f6rnuft till f\u00e5nga och bl\u00e5ser av en oansvarig strejk som hade f\u00e5tt stora konsekvenser, inte bara f\u00f6r branschen utan ocks\u00e5 f\u00f6r svensk industri, avslutar Martin Stenmo<\/p>\n\n","protected":false},"excerpt":{"rendered":"<p>Servicef\u00f6retagen inom Almega, Fastighetsanst\u00e4lldas f\u00f6rbund och SEKO har efter medling kommit \u00f6verens om ett nytt kollektivavtal p\u00e5 avtalsomr\u00e5de Serviceentreprenad. D\u00e4rmed avbl\u00e5ses den strejk som skulle brutit ut i morgon m\u00e5ndag.<\/p>\n","protected":false},"author":3380,"featured_media":80846,"comment_status":"closed","ping_status":"closed","sticky":false,"template":"","format":"standard","meta":{"_acf_changed":false,"footnotes":""},"categories":[636],"tags":[780],"article_type":[93],"agreement":[],"class_list":["post-80845","post","type-post","status-publish","format-standard","has-post-thumbnail","hentry","category-avtalsrorelse","tag-avtalsrorelsen-2025","type-pressmeddelanden"],"acf":[],"yoast_head":"<!-- This site is optimized with the Yoast SEO Premium plugin v26.8 (Yoast SEO v26.8) - https:\/\/yoast.com\/product\/yoast-seo-premium-wordpress\/ -->\n<title>St\u00e4dstrejk avbl\u00e5st \u2013 nytt avtal p\u00e5 plats | Almega<\/title>\n<meta name=\"robots\" content=\"index, follow, max-snippet:-1, max-image-preview:large, max-video-preview:-1\" \/>\n<link rel=\"canonical\" href=\"https:\/\/www.almega.se\/2025\/06\/stadstrejk-avblast-nytt-avtal-pa-plats\/\" \/>\n<meta property=\"og:locale\" content=\"sv_SE\" \/>\n<meta property=\"og:type\" content=\"article\" \/>\n<meta property=\"og:title\" content=\"St\u00e4dstrejk avbl\u00e5st \u2013 nytt avtal p\u00e5 plats\" \/>\n<meta property=\"og:description\" content=\"Servicef\u00f6retagen inom Almega, Fastighetsanst\u00e4lldas f\u00f6rbund och SEKO har efter medling kommit \u00f6verens om ett nytt kollektivavtal p\u00e5 avtalsomr\u00e5de Serviceentreprenad. D\u00e4rmed avbl\u00e5ses den strejk som skulle brutit ut i morgon m\u00e5ndag.\" \/>\n<meta property=\"og:url\" content=\"https:\/\/www.almega.se\/2025\/06\/stadstrejk-avblast-nytt-avtal-pa-plats\/\" \/>\n<meta property=\"og:site_name\" content=\"Almega\" \/>\n<meta property=\"article:published_time\" content=\"2025-06-15T15:09:35+00:00\" \/>\n<meta property=\"article:modified_time\" content=\"2025-06-15T15:14:23+00:00\" \/>\n<meta property=\"og:image\" content=\"https:\/\/www.almega.se\/app\/uploads\/2025\/06\/403b3ea5-3613-401e-a7a3-5780423b3c73-scaled.jpg\" \/>\n\t<meta property=\"og:image:width\" content=\"2560\" \/>\n\t<meta property=\"og:image:height\" content=\"1920\" \/>\n\t<meta property=\"og:image:type\" content=\"image\/jpeg\" \/>\n<meta name=\"author\" content=\"Marianne Ahlgren\" \/>\n<meta name=\"twitter:card\" content=\"summary_large_image\" \/>\n<meta name=\"twitter:label1\" content=\"Skriven av\" \/>\n\t<meta name=\"twitter:data1\" content=\"Marianne Ahlgren\" \/>\n\t<meta name=\"twitter:label2\" content=\"Ber\u00e4knad l\u00e4stid\" \/>\n\t<meta name=\"twitter:data2\" content=\"1 minut\" \/>\n<!-- \/ Yoast SEO Premium plugin. -->","yoast_head_json":{"title":"St\u00e4dstrejk avbl\u00e5st \u2013 nytt avtal p\u00e5 plats | Almega","robots":{"index":"index","follow":"follow","max-snippet":"max-snippet:-1","max-image-preview":"max-image-preview:large","max-video-preview":"max-video-preview:-1"},"canonical":"https:\/\/www.almega.se\/2025\/06\/stadstrejk-avblast-nytt-avtal-pa-plats\/","og_locale":"sv_SE","og_type":"article","og_title":"St\u00e4dstrejk avbl\u00e5st \u2013 nytt avtal p\u00e5 plats","og_description":"Servicef\u00f6retagen inom Almega, Fastighetsanst\u00e4lldas f\u00f6rbund och SEKO har efter medling kommit \u00f6verens om ett nytt kollektivavtal p\u00e5 avtalsomr\u00e5de Serviceentreprenad. D\u00e4rmed avbl\u00e5ses den strejk som skulle brutit ut i morgon m\u00e5ndag.","og_url":"https:\/\/www.almega.se\/2025\/06\/stadstrejk-avblast-nytt-avtal-pa-plats\/","og_site_name":"Almega","article_published_time":"2025-06-15T15:09:35+00:00","article_modified_time":"2025-06-15T15:14:23+00:00","og_image":[{"width":2560,"height":1920,"url":"https:\/\/www.almega.se\/app\/uploads\/2025\/06\/403b3ea5-3613-401e-a7a3-5780423b3c73-scaled.jpg","type":"image\/jpeg"}],"author":"Marianne Ahlgren","twitter_card":"summary_large_image","twitter_misc":{"Skriven av":"Marianne Ahlgren","Ber\u00e4knad l\u00e4stid":"1 minut"},"schema":{"@context":"https:\/\/schema.org","@graph":[{"@type":"NewsArticle","@id":"https:\/\/www.almega.se\/2025\/06\/stadstrejk-avblast-nytt-avtal-pa-plats\/#article","isPartOf":{"@id":"https:\/\/www.almega.se\/2025\/06\/stadstrejk-avblast-nytt-avtal-pa-plats\/"},"author":{"name":"Marianne Ahlgren","@id":"https:\/\/www.almega.se\/#\/schema\/person\/860599f2ded56005a909a04b92cf7035"},"headline":"St\u00e4dstrejk avbl\u00e5st \u2013 nytt avtal p\u00e5 plats","datePublished":"2025-06-15T15:09:35+00:00","dateModified":"2025-06-15T15:14:23+00:00","mainEntityOfPage":{"@id":"https:\/\/www.almega.se\/2025\/06\/stadstrejk-avblast-nytt-avtal-pa-plats\/"},"wordCount":188,"image":{"@id":"https:\/\/www.almega.se\/2025\/06\/stadstrejk-avblast-nytt-avtal-pa-plats\/#primaryimage"},"thumbnailUrl":"https:\/\/www.almega.se\/app\/uploads\/2025\/06\/403b3ea5-3613-401e-a7a3-5780423b3c73-scaled.jpg","keywords":["avtalsr\u00f6relsen 2025"],"articleSection":["Avtalsr\u00f6relse"],"inLanguage":"sv-SE"},{"@type":"WebPage","@id":"https:\/\/www.almega.se\/2025\/06\/stadstrejk-avblast-nytt-avtal-pa-plats\/","url":"https:\/\/www.almega.se\/2025\/06\/stadstrejk-avblast-nytt-avtal-pa-plats\/","name":"St\u00e4dstrejk avbl\u00e5st \u2013 nytt avtal p\u00e5 plats | Almega","isPartOf":{"@id":"https:\/\/www.almega.se\/#website"},"primaryImageOfPage":{"@id":"https:\/\/www.almega.se\/2025\/06\/stadstrejk-avblast-nytt-avtal-pa-plats\/#primaryimage"},"image":{"@id":"https:\/\/www.almega.se\/2025\/06\/stadstrejk-avblast-nytt-avtal-pa-plats\/#primaryimage"},"thumbnailUrl":"https:\/\/www.almega.se\/app\/uploads\/2025\/06\/403b3ea5-3613-401e-a7a3-5780423b3c73-scaled.jpg","datePublished":"2025-06-15T15:09:35+00:00","dateModified":"2025-06-15T15:14:23+00:00","author":{"@id":"https:\/\/www.almega.se\/#\/schema\/person\/860599f2ded56005a909a04b92cf7035"},"breadcrumb":{"@id":"https:\/\/www.almega.se\/2025\/06\/stadstrejk-avblast-nytt-avtal-pa-plats\/#breadcrumb"},"inLanguage":"sv-SE","potentialAction":[{"@type":"ReadAction","target":["https:\/\/www.almega.se\/2025\/06\/stadstrejk-avblast-nytt-avtal-pa-plats\/"]}]},{"@type":"ImageObject","inLanguage":"sv-SE","@id":"https:\/\/www.almega.se\/2025\/06\/stadstrejk-avblast-nytt-avtal-pa-plats\/#primaryimage","url":"https:\/\/www.almega.se\/app\/uploads\/2025\/06\/403b3ea5-3613-401e-a7a3-5780423b3c73-scaled.jpg","contentUrl":"https:\/\/www.almega.se\/app\/uploads\/2025\/06\/403b3ea5-3613-401e-a7a3-5780423b3c73-scaled.jpg","width":2560,"height":1920,"caption":"403b3ea5-3613-401e-a7a3-5780423b3c73.jpg"},{"@type":"BreadcrumbList","@id":"https:\/\/www.almega.se\/2025\/06\/stadstrejk-avblast-nytt-avtal-pa-plats\/#breadcrumb","itemListElement":[{"@type":"ListItem","position":1,"name":"Home","item":"https:\/\/www.almega.se\/"},{"@type":"ListItem","position":2,"name":"St\u00e4dstrejk avbl\u00e5st \u2013 nytt avtal p\u00e5 plats"}]},{"@type":"WebSite","@id":"https:\/\/www.almega.se\/#website","url":"https:\/\/www.almega.se\/","name":"Almega","description":"","potentialAction":[{"@type":"SearchAction","target":{"@type":"EntryPoint","urlTemplate":"https:\/\/www.almega.se\/?s={search_term_string}"},"query-input":{"@type":"PropertyValueSpecification","valueRequired":true,"valueName":"search_term_string"}}],"inLanguage":"sv-SE"},{"@type":"Person","@id":"https:\/\/www.almega.se\/#\/schema\/person\/860599f2ded56005a909a04b92cf7035","name":"Marianne Ahlgren","image":{"@type":"ImageObject","inLanguage":"sv-SE","@id":"https:\/\/www.almega.se\/#\/schema\/person\/image\/","url":"https:\/\/secure.gravatar.com\/avatar\/4c350e8b0dd656a6bbe04785780665ac53c7b373c038b1140ce3ae5e8cb21bef?s=96&d=mm&r=g","contentUrl":"https:\/\/secure.gravatar.com\/avatar\/4c350e8b0dd656a6bbe04785780665ac53c7b373c038b1140ce3ae5e8cb21bef?s=96&d=mm&r=g","caption":"Marianne Ahlgren"},"url":"https:\/\/www.almega.se\/person\/marianneahlgren\/"}]}},"_links":{"self":[{"href":"https:\/\/www.almega.se\/api\/wp\/v2\/posts\/80845","targetHints":{"allow":["GET"]}}],"collection":[{"href":"https:\/\/www.almega.se\/api\/wp\/v2\/posts"}],"about":[{"href":"https:\/\/www.almega.se\/api\/wp\/v2\/types\/post"}],"author":[{"embeddable":true,"href":"https:\/\/www.almega.se\/api\/wp\/v2\/users\/3380"}],"replies":[{"embeddable":true,"href":"https:\/\/www.almega.se\/api\/wp\/v2\/comments?post=80845"}],"version-history":[{"count":1,"href":"https:\/\/www.almega.se\/api\/wp\/v2\/posts\/80845\/revisions"}],"predecessor-version":[{"id":80847,"href":"https:\/\/www.almega.se\/api\/wp\/v2\/posts\/80845\/revisions\/80847"}],"wp:featuredmedia":[{"embeddable":true,"href":"https:\/\/www.almega.se\/api\/wp\/v2\/media\/80846"}],"wp:attachment":[{"href":"https:\/\/www.almega.se\/api\/wp\/v2\/media?parent=80845"}],"wp:term":[{"taxonomy":"category","embeddable":true,"href":"https:\/\/www.almega.se\/api\/wp\/v2\/categories?post=80845"},{"taxonomy":"post_tag","embeddable":true,"href":"https:\/\/www.almega.se\/api\/wp\/v2\/tags?post=80845"},{"taxonomy":"type","embeddable":true,"href":"https:\/\/www.almega.se\/api\/wp\/v2\/article_type?post=80845"},{"taxonomy":"agreement","embeddable":true,"href":"https:\/\/www.almega.se\/api\/wp\/v2\/agreement?post=80845"}],"curies":[{"name":"wp","href":"https:\/\/api.w.org\/{rel}","templated":true}]}}