{"id":80831,"date":"2025-06-15T14:03:08","date_gmt":"2025-06-15T12:03:08","guid":{"rendered":"https:\/\/www.almega.se\/2025\/06\/vard-och-omsorgskonflikten-avblast-ja-till-medlarbud\/"},"modified":"2025-06-15T14:06:13","modified_gmt":"2025-06-15T12:06:13","slug":"vard-och-omsorgskonflikten-avblast-ja-till-medlarbud","status":"publish","type":"post","link":"https:\/\/www.almega.se\/2025\/06\/vard-och-omsorgskonflikten-avblast-ja-till-medlarbud\/","title":{"rendered":"V\u00e5rd- och omsorgskonflikten avbl\u00e5st \u2013 ja till medlarbud"},"content":{"rendered":"\n<p class=\"intro\">V\u00e5rdf\u00f6retagarna och Kommunal har accepterat medlarnas bud p\u00e5 avtalsomr\u00e5de E och F, \u00e4ldreomsorg samt v\u00e5rd och behandling. Det inneb\u00e4r att konflikthotet inom v\u00e5rd och omsorg \u00e4r avv\u00e4rjt.<\/p>\n<p>\u2013 Det \u00e4r en stor l\u00e4ttnad att vi nu \u00e4r \u00f6verens. Hundratals verksamheter har tvingats l\u00e4gga mycket kraft p\u00e5 att f\u00f6rbereda sig f\u00f6r en sv\u00e5r situation. V\u00e5ra medlemsf\u00f6retag har i det arbetet visat vilken enorm kompetens de besitter. Jag \u00e4r glad att vi nu tecknat nya avtal och d\u00e4rmed avv\u00e4rjt hotet om konflikt, s\u00e4ger Antje Dedering, f\u00f6rbundsdirekt\u00f6r, V\u00e5rdf\u00f6retagarna.<\/p>\n<p>De nya kollektivavtalen g\u00e4ller fram till 1 juni 2027. \u00a0<\/p>\n<p>\u2013 L\u00f6neavtalet forts\u00e4tter att m\u00f6jligg\u00f6ra individuell l\u00f6nes\u00e4ttning utan generella l\u00f6ne\u00f6kningar och mertidsfr\u00e5gan l\u00f6stes p\u00e5 ett liknande s\u00e4tt som i andra avtal, s\u00e4ger Per \u00d6stlund, f\u00f6rhandlingschef, V\u00e5rdf\u00f6retagarna.<\/p>\n<p>Kommunal har i denna avtalsr\u00f6relse valt att i h\u00e5rda ordalag angripa V\u00e5rdf\u00f6retagarna och privata v\u00e5rd- och omsorgsgivare.<\/p>\n<p>\u2013 Det har varit ett exceptionellt upptrissat tonl\u00e4ge fr\u00e5n Kommunal under den h\u00e4r avtalsr\u00f6relsen. Vi accepterar inte den typen av svartm\u00e5lning av v\u00e5ra medlemsf\u00f6retag som de \u00e4gnar sig \u00e5t. Medarbetarna hos privata arbetsgivare \u00e4r n\u00f6jdare \u00e4n i offentlig sektor. Kommunal beh\u00f6ver inse att deras agerande skadar relationer och samarbetsklimat, s\u00e4ger Antje Dedering.<\/p>\n\n","protected":false},"excerpt":{"rendered":"<p>V\u00e5rdf\u00f6retagarna och Kommunal har accepterat medlarnas bud p\u00e5 avtalsomr\u00e5de E och F, \u00e4ldreomsorg samt v\u00e5rd och behandling. Det inneb\u00e4r att konflikthotet inom v\u00e5rd och omsorg \u00e4r avv\u00e4rjt.<\/p>\n","protected":false},"author":3380,"featured_media":80832,"comment_status":"closed","ping_status":"closed","sticky":false,"template":"","format":"standard","meta":{"_acf_changed":false,"footnotes":""},"categories":[636],"tags":[780],"article_type":[93],"agreement":[],"class_list":["post-80831","post","type-post","status-publish","format-standard","has-post-thumbnail","hentry","category-avtalsrorelse","tag-avtalsrorelsen-2025","type-pressmeddelanden"],"acf":[],"yoast_head":"<!-- This site is optimized with the Yoast SEO Premium plugin v26.8 (Yoast SEO v26.8) - https:\/\/yoast.com\/product\/yoast-seo-premium-wordpress\/ -->\n<title>V\u00e5rd- och omsorgskonflikten avbl\u00e5st \u2013 ja till medlarbud | Almega<\/title>\n<meta name=\"robots\" content=\"index, follow, max-snippet:-1, max-image-preview:large, max-video-preview:-1\" \/>\n<link rel=\"canonical\" href=\"https:\/\/www.almega.se\/2025\/06\/vard-och-omsorgskonflikten-avblast-ja-till-medlarbud\/\" \/>\n<meta property=\"og:locale\" content=\"sv_SE\" \/>\n<meta property=\"og:type\" content=\"article\" \/>\n<meta property=\"og:title\" content=\"V\u00e5rd- och omsorgskonflikten avbl\u00e5st \u2013 ja till medlarbud\" \/>\n<meta property=\"og:description\" content=\"V\u00e5rdf\u00f6retagarna och Kommunal har accepterat medlarnas bud p\u00e5 avtalsomr\u00e5de E och F, \u00e4ldreomsorg samt v\u00e5rd och behandling. Det inneb\u00e4r att konflikthotet inom v\u00e5rd och omsorg \u00e4r avv\u00e4rjt.\" \/>\n<meta property=\"og:url\" content=\"https:\/\/www.almega.se\/2025\/06\/vard-och-omsorgskonflikten-avblast-ja-till-medlarbud\/\" \/>\n<meta property=\"og:site_name\" content=\"Almega\" \/>\n<meta property=\"article:published_time\" content=\"2025-06-15T12:03:08+00:00\" \/>\n<meta property=\"article:modified_time\" content=\"2025-06-15T12:06:13+00:00\" \/>\n<meta property=\"og:image\" content=\"https:\/\/www.almega.se\/app\/uploads\/2025\/06\/d4642d23-72fb-4d53-8939-edcd61d27a98.jpg\" \/>\n\t<meta property=\"og:image:width\" content=\"1185\" \/>\n\t<meta property=\"og:image:height\" content=\"630\" \/>\n\t<meta property=\"og:image:type\" content=\"image\/jpeg\" \/>\n<meta name=\"author\" content=\"Marianne Ahlgren\" \/>\n<meta name=\"twitter:card\" content=\"summary_large_image\" \/>\n<meta name=\"twitter:label1\" content=\"Skriven av\" \/>\n\t<meta name=\"twitter:data1\" content=\"Marianne Ahlgren\" \/>\n\t<meta name=\"twitter:label2\" content=\"Ber\u00e4knad l\u00e4stid\" \/>\n\t<meta name=\"twitter:data2\" content=\"2 minuter\" \/>\n<!-- \/ Yoast SEO Premium plugin. -->","yoast_head_json":{"title":"V\u00e5rd- och omsorgskonflikten avbl\u00e5st \u2013 ja till medlarbud | Almega","robots":{"index":"index","follow":"follow","max-snippet":"max-snippet:-1","max-image-preview":"max-image-preview:large","max-video-preview":"max-video-preview:-1"},"canonical":"https:\/\/www.almega.se\/2025\/06\/vard-och-omsorgskonflikten-avblast-ja-till-medlarbud\/","og_locale":"sv_SE","og_type":"article","og_title":"V\u00e5rd- och omsorgskonflikten avbl\u00e5st \u2013 ja till medlarbud","og_description":"V\u00e5rdf\u00f6retagarna och Kommunal har accepterat medlarnas bud p\u00e5 avtalsomr\u00e5de E och F, \u00e4ldreomsorg samt v\u00e5rd och behandling. Det inneb\u00e4r att konflikthotet inom v\u00e5rd och omsorg \u00e4r avv\u00e4rjt.","og_url":"https:\/\/www.almega.se\/2025\/06\/vard-och-omsorgskonflikten-avblast-ja-till-medlarbud\/","og_site_name":"Almega","article_published_time":"2025-06-15T12:03:08+00:00","article_modified_time":"2025-06-15T12:06:13+00:00","og_image":[{"width":1185,"height":630,"url":"https:\/\/www.almega.se\/app\/uploads\/2025\/06\/d4642d23-72fb-4d53-8939-edcd61d27a98.jpg","type":"image\/jpeg"}],"author":"Marianne Ahlgren","twitter_card":"summary_large_image","twitter_misc":{"Skriven av":"Marianne Ahlgren","Ber\u00e4knad l\u00e4stid":"2 minuter"},"schema":{"@context":"https:\/\/schema.org","@graph":[{"@type":"NewsArticle","@id":"https:\/\/www.almega.se\/2025\/06\/vard-och-omsorgskonflikten-avblast-ja-till-medlarbud\/#article","isPartOf":{"@id":"https:\/\/www.almega.se\/2025\/06\/vard-och-omsorgskonflikten-avblast-ja-till-medlarbud\/"},"author":{"name":"Marianne Ahlgren","@id":"https:\/\/www.almega.se\/#\/schema\/person\/860599f2ded56005a909a04b92cf7035"},"headline":"V\u00e5rd- och omsorgskonflikten avbl\u00e5st \u2013 ja till medlarbud","datePublished":"2025-06-15T12:03:08+00:00","dateModified":"2025-06-15T12:06:13+00:00","mainEntityOfPage":{"@id":"https:\/\/www.almega.se\/2025\/06\/vard-och-omsorgskonflikten-avblast-ja-till-medlarbud\/"},"wordCount":245,"image":{"@id":"https:\/\/www.almega.se\/2025\/06\/vard-och-omsorgskonflikten-avblast-ja-till-medlarbud\/#primaryimage"},"thumbnailUrl":"https:\/\/www.almega.se\/app\/uploads\/2025\/06\/d4642d23-72fb-4d53-8939-edcd61d27a98.jpg","keywords":["avtalsr\u00f6relsen 2025"],"articleSection":["Avtalsr\u00f6relse"],"inLanguage":"sv-SE"},{"@type":"WebPage","@id":"https:\/\/www.almega.se\/2025\/06\/vard-och-omsorgskonflikten-avblast-ja-till-medlarbud\/","url":"https:\/\/www.almega.se\/2025\/06\/vard-och-omsorgskonflikten-avblast-ja-till-medlarbud\/","name":"V\u00e5rd- och omsorgskonflikten avbl\u00e5st \u2013 ja till medlarbud | Almega","isPartOf":{"@id":"https:\/\/www.almega.se\/#website"},"primaryImageOfPage":{"@id":"https:\/\/www.almega.se\/2025\/06\/vard-och-omsorgskonflikten-avblast-ja-till-medlarbud\/#primaryimage"},"image":{"@id":"https:\/\/www.almega.se\/2025\/06\/vard-och-omsorgskonflikten-avblast-ja-till-medlarbud\/#primaryimage"},"thumbnailUrl":"https:\/\/www.almega.se\/app\/uploads\/2025\/06\/d4642d23-72fb-4d53-8939-edcd61d27a98.jpg","datePublished":"2025-06-15T12:03:08+00:00","dateModified":"2025-06-15T12:06:13+00:00","author":{"@id":"https:\/\/www.almega.se\/#\/schema\/person\/860599f2ded56005a909a04b92cf7035"},"breadcrumb":{"@id":"https:\/\/www.almega.se\/2025\/06\/vard-och-omsorgskonflikten-avblast-ja-till-medlarbud\/#breadcrumb"},"inLanguage":"sv-SE","potentialAction":[{"@type":"ReadAction","target":["https:\/\/www.almega.se\/2025\/06\/vard-och-omsorgskonflikten-avblast-ja-till-medlarbud\/"]}]},{"@type":"ImageObject","inLanguage":"sv-SE","@id":"https:\/\/www.almega.se\/2025\/06\/vard-och-omsorgskonflikten-avblast-ja-till-medlarbud\/#primaryimage","url":"https:\/\/www.almega.se\/app\/uploads\/2025\/06\/d4642d23-72fb-4d53-8939-edcd61d27a98.jpg","contentUrl":"https:\/\/www.almega.se\/app\/uploads\/2025\/06\/d4642d23-72fb-4d53-8939-edcd61d27a98.jpg","width":1185,"height":630,"caption":"Antje Dedering, f\u00f6rbundsdirekt\u00f6r V\u00e5rdf\u00f6retagarna"},{"@type":"BreadcrumbList","@id":"https:\/\/www.almega.se\/2025\/06\/vard-och-omsorgskonflikten-avblast-ja-till-medlarbud\/#breadcrumb","itemListElement":[{"@type":"ListItem","position":1,"name":"Home","item":"https:\/\/www.almega.se\/"},{"@type":"ListItem","position":2,"name":"V\u00e5rd- och omsorgskonflikten avbl\u00e5st \u2013 ja till medlarbud"}]},{"@type":"WebSite","@id":"https:\/\/www.almega.se\/#website","url":"https:\/\/www.almega.se\/","name":"Almega","description":"","potentialAction":[{"@type":"SearchAction","target":{"@type":"EntryPoint","urlTemplate":"https:\/\/www.almega.se\/?s={search_term_string}"},"query-input":{"@type":"PropertyValueSpecification","valueRequired":true,"valueName":"search_term_string"}}],"inLanguage":"sv-SE"},{"@type":"Person","@id":"https:\/\/www.almega.se\/#\/schema\/person\/860599f2ded56005a909a04b92cf7035","name":"Marianne Ahlgren","image":{"@type":"ImageObject","inLanguage":"sv-SE","@id":"https:\/\/www.almega.se\/#\/schema\/person\/image\/","url":"https:\/\/secure.gravatar.com\/avatar\/4c350e8b0dd656a6bbe04785780665ac53c7b373c038b1140ce3ae5e8cb21bef?s=96&d=mm&r=g","contentUrl":"https:\/\/secure.gravatar.com\/avatar\/4c350e8b0dd656a6bbe04785780665ac53c7b373c038b1140ce3ae5e8cb21bef?s=96&d=mm&r=g","caption":"Marianne Ahlgren"},"url":"https:\/\/www.almega.se\/person\/marianneahlgren\/"}]}},"_links":{"self":[{"href":"https:\/\/www.almega.se\/api\/wp\/v2\/posts\/80831","targetHints":{"allow":["GET"]}}],"collection":[{"href":"https:\/\/www.almega.se\/api\/wp\/v2\/posts"}],"about":[{"href":"https:\/\/www.almega.se\/api\/wp\/v2\/types\/post"}],"author":[{"embeddable":true,"href":"https:\/\/www.almega.se\/api\/wp\/v2\/users\/3380"}],"replies":[{"embeddable":true,"href":"https:\/\/www.almega.se\/api\/wp\/v2\/comments?post=80831"}],"version-history":[{"count":1,"href":"https:\/\/www.almega.se\/api\/wp\/v2\/posts\/80831\/revisions"}],"predecessor-version":[{"id":80833,"href":"https:\/\/www.almega.se\/api\/wp\/v2\/posts\/80831\/revisions\/80833"}],"wp:featuredmedia":[{"embeddable":true,"href":"https:\/\/www.almega.se\/api\/wp\/v2\/media\/80832"}],"wp:attachment":[{"href":"https:\/\/www.almega.se\/api\/wp\/v2\/media?parent=80831"}],"wp:term":[{"taxonomy":"category","embeddable":true,"href":"https:\/\/www.almega.se\/api\/wp\/v2\/categories?post=80831"},{"taxonomy":"post_tag","embeddable":true,"href":"https:\/\/www.almega.se\/api\/wp\/v2\/tags?post=80831"},{"taxonomy":"type","embeddable":true,"href":"https:\/\/www.almega.se\/api\/wp\/v2\/article_type?post=80831"},{"taxonomy":"agreement","embeddable":true,"href":"https:\/\/www.almega.se\/api\/wp\/v2\/agreement?post=80831"}],"curies":[{"name":"wp","href":"https:\/\/api.w.org\/{rel}","templated":true}]}}