{"id":80773,"date":"2025-06-13T10:00:00","date_gmt":"2025-06-13T08:00:00","guid":{"rendered":"https:\/\/www.almega.se\/2025\/06\/nytt-avtal-med-journalistforbundet-2\/"},"modified":"2025-06-15T20:38:51","modified_gmt":"2025-06-15T18:38:51","slug":"nytt-avtal-med-journalistforbundet-2","status":"publish","type":"post","link":"https:\/\/www.almega.se\/2025\/06\/nytt-avtal-med-journalistforbundet-2\/","title":{"rendered":"Nytt avtal med Journalist&shy;f\u00f6rbundet"},"content":{"rendered":"<p class=\"intro\">Medief\u00f6retagen inom Almega har tr\u00e4ffat ett nytt tidskriftsavtal med Svenska Journalistf\u00f6rbundet. Det nya kollektivavtalet l\u00f6per p\u00e5 24 m\u00e5nader och har ett avtalsv\u00e4rde p\u00e5 6,4 procent.<\/p>\n\n<p>\u2013 F\u00f6rhandlingarna har varit konstruktiva och det \u00e4r gl\u00e4djande att vi tillsammans med Journalistf\u00f6rbundet kunnat n\u00e5 ytterligare ett avtal anpassat utifr\u00e5n de f\u00f6ruts\u00e4ttningar som r\u00e5der p\u00e5 avtalsomr\u00e5det och som ryms inom m\u00e4rket, s\u00e4ger <strong>Sara Ejdeskog,<\/strong> f\u00f6rhandlingsledare p\u00e5 Medief\u00f6retagen.<\/p>\n\n\n\n<p>\u00d6verenskommelsen inneb\u00e4r bland annat \u00f6kade m\u00f6jligheter att f\u00f6rl\u00e4gga arbetstid mer flexibelt.<\/p>\n\n\n\n<p>\u2013 Det nya avtalet inneb\u00e4r flera v\u00e4rdefulla och branschanpassade \u00e4ndringar f\u00f6r arbetsgivarna vilka \u00e4r en del av motvalutan f\u00f6r den dags arbetstidsf\u00f6rkortning som samtidigt inf\u00f6rs, s\u00e4ger Sara Ejdeskog.<\/p>\n\n\n\n<p>Det tidigare kollektivavtalet l\u00f6pte ut den 31 mars 2025 och det nya avtalet g\u00e4ller perioden 1 april 2025 till 31 mars 2027.<\/p>\n\n\n\n<p><em>Attraktiva och branschanpassade villkor \u00e4r avg\u00f6rande f\u00f6r tj\u00e4nstesektorns framg\u00e5ng och Almega str\u00e4var alltid efter att skapa de b\u00e4sta f\u00f6ruts\u00e4ttningarna f\u00f6r b\u00e5de arbetsgivare och medarbetare. Under avtalsr\u00f6relsen 2025 tecknar Almega sammanlagt 125 avtal, flest av alla arbetsgivarorganisationer.<\/em><\/p>\n","protected":false},"excerpt":{"rendered":"<p>Medief\u00f6retagen inom Almega har tr\u00e4ffat ett nytt tidskriftsavtal med Svenska Journalistf\u00f6rbundet. Det nya kollektivavtalet l\u00f6per p\u00e5 24 m\u00e5nader och har ett avtalsv\u00e4rde p\u00e5 6,4 procent.<\/p>\n","protected":false},"author":14531,"featured_media":80774,"comment_status":"closed","ping_status":"closed","sticky":false,"template":"","format":"standard","meta":{"_acf_changed":false,"footnotes":""},"categories":[636],"tags":[],"article_type":[93],"agreement":[],"class_list":["post-80773","post","type-post","status-publish","format-standard","has-post-thumbnail","hentry","category-avtalsrorelse","type-pressmeddelanden"],"acf":[],"yoast_head":"<!-- This site is optimized with the Yoast SEO Premium plugin v26.8 (Yoast SEO v26.8) - https:\/\/yoast.com\/product\/yoast-seo-premium-wordpress\/ -->\n<title>Nytt avtal med Journalistf\u00f6rbundet | Almega<\/title>\n<meta name=\"robots\" content=\"index, follow, max-snippet:-1, max-image-preview:large, max-video-preview:-1\" \/>\n<link rel=\"canonical\" href=\"https:\/\/www.almega.se\/2025\/06\/nytt-avtal-med-journalistforbundet-2\/\" \/>\n<meta property=\"og:locale\" content=\"sv_SE\" \/>\n<meta property=\"og:type\" content=\"article\" \/>\n<meta property=\"og:title\" content=\"Nytt avtal med Journalistf\u00f6rbundet\" \/>\n<meta property=\"og:description\" content=\"Medief\u00f6retagen inom Almega har tr\u00e4ffat ett nytt tidskriftsavtal med Svenska Journalistf\u00f6rbundet. Det nya kollektivavtalet l\u00f6per p\u00e5 24 m\u00e5nader och har ett avtalsv\u00e4rde p\u00e5 6,4 procent.\" \/>\n<meta property=\"og:url\" content=\"https:\/\/www.almega.se\/2025\/06\/nytt-avtal-med-journalistforbundet-2\/\" \/>\n<meta property=\"og:site_name\" content=\"Almega\" \/>\n<meta property=\"article:published_time\" content=\"2025-06-13T08:00:00+00:00\" \/>\n<meta property=\"article:modified_time\" content=\"2025-06-15T18:38:51+00:00\" \/>\n<meta property=\"og:image\" content=\"https:\/\/www.almega.se\/app\/uploads\/2025\/06\/152c00b0-5b37-4602-b3a3-024a0fa4b565-scaled.jpg\" \/>\n\t<meta property=\"og:image:width\" content=\"2560\" \/>\n\t<meta property=\"og:image:height\" content=\"1402\" \/>\n\t<meta property=\"og:image:type\" content=\"image\/jpeg\" \/>\n<meta name=\"author\" content=\"Karin Nyg\u00e5rd\" \/>\n<meta name=\"twitter:card\" content=\"summary_large_image\" \/>\n<meta name=\"twitter:label1\" content=\"Skriven av\" \/>\n\t<meta name=\"twitter:data1\" content=\"Karin Nyg\u00e5rd\" \/>\n\t<meta name=\"twitter:label2\" content=\"Ber\u00e4knad l\u00e4stid\" \/>\n\t<meta name=\"twitter:data2\" content=\"1 minut\" \/>\n<!-- \/ Yoast SEO Premium plugin. -->","yoast_head_json":{"title":"Nytt avtal med Journalistf\u00f6rbundet | Almega","robots":{"index":"index","follow":"follow","max-snippet":"max-snippet:-1","max-image-preview":"max-image-preview:large","max-video-preview":"max-video-preview:-1"},"canonical":"https:\/\/www.almega.se\/2025\/06\/nytt-avtal-med-journalistforbundet-2\/","og_locale":"sv_SE","og_type":"article","og_title":"Nytt avtal med Journalistf\u00f6rbundet","og_description":"Medief\u00f6retagen inom Almega har tr\u00e4ffat ett nytt tidskriftsavtal med Svenska Journalistf\u00f6rbundet. Det nya kollektivavtalet l\u00f6per p\u00e5 24 m\u00e5nader och har ett avtalsv\u00e4rde p\u00e5 6,4 procent.","og_url":"https:\/\/www.almega.se\/2025\/06\/nytt-avtal-med-journalistforbundet-2\/","og_site_name":"Almega","article_published_time":"2025-06-13T08:00:00+00:00","article_modified_time":"2025-06-15T18:38:51+00:00","og_image":[{"width":2560,"height":1402,"url":"https:\/\/www.almega.se\/app\/uploads\/2025\/06\/152c00b0-5b37-4602-b3a3-024a0fa4b565-scaled.jpg","type":"image\/jpeg"}],"author":"Karin Nyg\u00e5rd","twitter_card":"summary_large_image","twitter_misc":{"Skriven av":"Karin Nyg\u00e5rd","Ber\u00e4knad l\u00e4stid":"1 minut"},"schema":{"@context":"https:\/\/schema.org","@graph":[{"@type":"NewsArticle","@id":"https:\/\/www.almega.se\/2025\/06\/nytt-avtal-med-journalistforbundet-2\/#article","isPartOf":{"@id":"https:\/\/www.almega.se\/2025\/06\/nytt-avtal-med-journalistforbundet-2\/"},"author":{"name":"Karin Nyg\u00e5rd","@id":"https:\/\/www.almega.se\/#\/schema\/person\/eae58f3a71d6b7aa9f71f3139a740a02"},"headline":"Nytt avtal med Journalist&shy;f\u00f6rbundet","datePublished":"2025-06-13T08:00:00+00:00","dateModified":"2025-06-15T18:38:51+00:00","mainEntityOfPage":{"@id":"https:\/\/www.almega.se\/2025\/06\/nytt-avtal-med-journalistforbundet-2\/"},"wordCount":166,"image":{"@id":"https:\/\/www.almega.se\/2025\/06\/nytt-avtal-med-journalistforbundet-2\/#primaryimage"},"thumbnailUrl":"https:\/\/www.almega.se\/app\/uploads\/2025\/06\/152c00b0-5b37-4602-b3a3-024a0fa4b565-scaled.jpg","articleSection":["Avtalsr\u00f6relse"],"inLanguage":"sv-SE"},{"@type":"WebPage","@id":"https:\/\/www.almega.se\/2025\/06\/nytt-avtal-med-journalistforbundet-2\/","url":"https:\/\/www.almega.se\/2025\/06\/nytt-avtal-med-journalistforbundet-2\/","name":"Nytt avtal med Journalistf\u00f6rbundet | Almega","isPartOf":{"@id":"https:\/\/www.almega.se\/#website"},"primaryImageOfPage":{"@id":"https:\/\/www.almega.se\/2025\/06\/nytt-avtal-med-journalistforbundet-2\/#primaryimage"},"image":{"@id":"https:\/\/www.almega.se\/2025\/06\/nytt-avtal-med-journalistforbundet-2\/#primaryimage"},"thumbnailUrl":"https:\/\/www.almega.se\/app\/uploads\/2025\/06\/152c00b0-5b37-4602-b3a3-024a0fa4b565-scaled.jpg","datePublished":"2025-06-13T08:00:00+00:00","dateModified":"2025-06-15T18:38:51+00:00","author":{"@id":"https:\/\/www.almega.se\/#\/schema\/person\/eae58f3a71d6b7aa9f71f3139a740a02"},"breadcrumb":{"@id":"https:\/\/www.almega.se\/2025\/06\/nytt-avtal-med-journalistforbundet-2\/#breadcrumb"},"inLanguage":"sv-SE","potentialAction":[{"@type":"ReadAction","target":["https:\/\/www.almega.se\/2025\/06\/nytt-avtal-med-journalistforbundet-2\/"]}]},{"@type":"ImageObject","inLanguage":"sv-SE","@id":"https:\/\/www.almega.se\/2025\/06\/nytt-avtal-med-journalistforbundet-2\/#primaryimage","url":"https:\/\/www.almega.se\/app\/uploads\/2025\/06\/152c00b0-5b37-4602-b3a3-024a0fa4b565-scaled.jpg","contentUrl":"https:\/\/www.almega.se\/app\/uploads\/2025\/06\/152c00b0-5b37-4602-b3a3-024a0fa4b565-scaled.jpg","width":2560,"height":1402,"caption":"Sara Ejdeskog, f\u00f6rhandlingsledare p\u00e5 Medief\u00f6retagen"},{"@type":"BreadcrumbList","@id":"https:\/\/www.almega.se\/2025\/06\/nytt-avtal-med-journalistforbundet-2\/#breadcrumb","itemListElement":[{"@type":"ListItem","position":1,"name":"Home","item":"https:\/\/www.almega.se\/"},{"@type":"ListItem","position":2,"name":"Nytt avtal med Journalist&shy;f\u00f6rbundet"}]},{"@type":"WebSite","@id":"https:\/\/www.almega.se\/#website","url":"https:\/\/www.almega.se\/","name":"Almega","description":"","potentialAction":[{"@type":"SearchAction","target":{"@type":"EntryPoint","urlTemplate":"https:\/\/www.almega.se\/?s={search_term_string}"},"query-input":{"@type":"PropertyValueSpecification","valueRequired":true,"valueName":"search_term_string"}}],"inLanguage":"sv-SE"},{"@type":"Person","@id":"https:\/\/www.almega.se\/#\/schema\/person\/eae58f3a71d6b7aa9f71f3139a740a02","name":"Karin Nyg\u00e5rd","image":{"@type":"ImageObject","inLanguage":"sv-SE","@id":"https:\/\/www.almega.se\/#\/schema\/person\/image\/","url":"https:\/\/secure.gravatar.com\/avatar\/09e5ec3d12974ae686ad90a0a4bf5404c8a4cfdca18f97124f166ab274023818?s=96&d=mm&r=g","contentUrl":"https:\/\/secure.gravatar.com\/avatar\/09e5ec3d12974ae686ad90a0a4bf5404c8a4cfdca18f97124f166ab274023818?s=96&d=mm&r=g","caption":"Karin Nyg\u00e5rd"},"description":"Produkt\u00e4gare Almega.se, samordnar webbutveckling och utveckling av Arbetsgivarguiden.se","url":"https:\/\/www.almega.se\/person\/karinnygard\/"}]}},"_links":{"self":[{"href":"https:\/\/www.almega.se\/api\/wp\/v2\/posts\/80773","targetHints":{"allow":["GET"]}}],"collection":[{"href":"https:\/\/www.almega.se\/api\/wp\/v2\/posts"}],"about":[{"href":"https:\/\/www.almega.se\/api\/wp\/v2\/types\/post"}],"author":[{"embeddable":true,"href":"https:\/\/www.almega.se\/api\/wp\/v2\/users\/14531"}],"replies":[{"embeddable":true,"href":"https:\/\/www.almega.se\/api\/wp\/v2\/comments?post=80773"}],"version-history":[{"count":1,"href":"https:\/\/www.almega.se\/api\/wp\/v2\/posts\/80773\/revisions"}],"predecessor-version":[{"id":80849,"href":"https:\/\/www.almega.se\/api\/wp\/v2\/posts\/80773\/revisions\/80849"}],"wp:featuredmedia":[{"embeddable":true,"href":"https:\/\/www.almega.se\/api\/wp\/v2\/media\/80774"}],"wp:attachment":[{"href":"https:\/\/www.almega.se\/api\/wp\/v2\/media?parent=80773"}],"wp:term":[{"taxonomy":"category","embeddable":true,"href":"https:\/\/www.almega.se\/api\/wp\/v2\/categories?post=80773"},{"taxonomy":"post_tag","embeddable":true,"href":"https:\/\/www.almega.se\/api\/wp\/v2\/tags?post=80773"},{"taxonomy":"type","embeddable":true,"href":"https:\/\/www.almega.se\/api\/wp\/v2\/article_type?post=80773"},{"taxonomy":"agreement","embeddable":true,"href":"https:\/\/www.almega.se\/api\/wp\/v2\/agreement?post=80773"}],"curies":[{"name":"wp","href":"https:\/\/api.w.org\/{rel}","templated":true}]}}