{"id":80759,"date":"2025-06-13T08:30:00","date_gmt":"2025-06-13T06:30:00","guid":{"rendered":"https:\/\/www.almega.se\/2025\/06\/nytt-kollektivavtal-for-film-tv-och-videoinspelning-2\/"},"modified":"2025-06-13T08:37:03","modified_gmt":"2025-06-13T06:37:03","slug":"nytt-kollektivavtal-for-film-tv-och-videoinspelning-2","status":"publish","type":"post","link":"https:\/\/www.almega.se\/2025\/06\/nytt-kollektivavtal-for-film-tv-och-videoinspelning-2\/","title":{"rendered":"Nytt kollektivavtal f\u00f6r Film-, TV- och videoinspelning"},"content":{"rendered":"\n<p class=\"intro\">Medief\u00f6retagen inom Almega har tecknat nytt kollektivavtal med\u00a0Fackf\u00f6rbundet Scen &amp; Film\u00a0f\u00f6r medarbetare som omfattas av\u00a0Film-, TV- och videoinspelningsavtalet. Det nya avtalet l\u00f6per p\u00e5 24 m\u00e5nader och har ett avtalsv\u00e4rde p\u00e5 6,4 procent.<\/p>\n<p>\u2013 Det \u00e4r gl\u00e4djande att vi tillsammans med v\u00e5r motpart Fackf\u00f6rbundet Scen &amp; Film har tecknat \u00e4nnu ett kollektivavtal inom de ramar arbetsmarknadens parter kommit \u00f6verens om, det s\u00e5 kallade m\u00e4rket, s\u00e4ger Viktoria Lundqvist ansvarig f\u00f6rhandlare p\u00e5 Medief\u00f6retagen.<\/p>\n<p><em>\u00a0<\/em><\/p>\n<p>Avtalen g\u00e4ller f\u00f6r perioden 1 juni 2025 till 31 maj 2027.<\/p>\n<p><em>Attraktiva och branschanpassade villkor \u00e4r avg\u00f6rande f\u00f6r tj\u00e4nstesektorns framg\u00e5ng och Almega str\u00e4var alltid efter att skapa de b\u00e4sta f\u00f6ruts\u00e4ttningarna f\u00f6r b\u00e5de arbetsgivare och medarbetare. Under avtalsr\u00f6relsen 2025 tecknar Almega sammanlagt 125 avtal, flest av alla arbetsgivarorganisationer.<\/em><\/p>\n\n","protected":false},"excerpt":{"rendered":"<p>Medief\u00f6retagen inom Almega har tecknat nytt kollektivavtal med\u00a0Fackf\u00f6rbundet Scen &amp; Film\u00a0f\u00f6r medarbetare som omfattas av\u00a0Film-, TV- och videoinspelningsavtalet. Det nya avtalet l\u00f6per p\u00e5 24 m\u00e5nader och har ett avtalsv\u00e4rde p\u00e5 6,4 procent.<\/p>\n","protected":false},"author":3380,"featured_media":80760,"comment_status":"closed","ping_status":"closed","sticky":false,"template":"","format":"standard","meta":{"_acf_changed":false,"footnotes":""},"categories":[636],"tags":[780],"article_type":[93],"agreement":[],"class_list":["post-80759","post","type-post","status-publish","format-standard","has-post-thumbnail","hentry","category-avtalsrorelse","tag-avtalsrorelsen-2025","type-pressmeddelanden"],"acf":[],"yoast_head":"<!-- This site is optimized with the Yoast SEO Premium plugin v26.8 (Yoast SEO v26.8) - https:\/\/yoast.com\/product\/yoast-seo-premium-wordpress\/ -->\n<title>Nytt kollektivavtal f\u00f6r Film-, TV- och videoinspelning | Almega<\/title>\n<meta name=\"robots\" content=\"index, follow, max-snippet:-1, max-image-preview:large, max-video-preview:-1\" \/>\n<link rel=\"canonical\" href=\"https:\/\/www.almega.se\/2025\/06\/nytt-kollektivavtal-for-film-tv-och-videoinspelning-2\/\" \/>\n<meta property=\"og:locale\" content=\"sv_SE\" \/>\n<meta property=\"og:type\" content=\"article\" \/>\n<meta property=\"og:title\" content=\"Nytt kollektivavtal f\u00f6r Film-, TV- och videoinspelning\" \/>\n<meta property=\"og:description\" content=\"Medief\u00f6retagen inom Almega har tecknat nytt kollektivavtal med\u00a0Fackf\u00f6rbundet Scen &amp; Film\u00a0f\u00f6r medarbetare som omfattas av\u00a0Film-, TV- och videoinspelningsavtalet. Det nya avtalet l\u00f6per p\u00e5 24 m\u00e5nader och har ett avtalsv\u00e4rde p\u00e5 6,4 procent.\" \/>\n<meta property=\"og:url\" content=\"https:\/\/www.almega.se\/2025\/06\/nytt-kollektivavtal-for-film-tv-och-videoinspelning-2\/\" \/>\n<meta property=\"og:site_name\" content=\"Almega\" \/>\n<meta property=\"article:published_time\" content=\"2025-06-13T06:30:00+00:00\" \/>\n<meta property=\"article:modified_time\" content=\"2025-06-13T06:37:03+00:00\" \/>\n<meta property=\"og:image\" content=\"https:\/\/www.almega.se\/app\/uploads\/2025\/06\/3a98336c-fa95-40db-8c07-29c2bf93679e.jpg\" \/>\n\t<meta property=\"og:image:width\" content=\"580\" \/>\n\t<meta property=\"og:image:height\" content=\"387\" \/>\n\t<meta property=\"og:image:type\" content=\"image\/jpeg\" \/>\n<meta name=\"author\" content=\"Marianne Ahlgren\" \/>\n<meta name=\"twitter:card\" content=\"summary_large_image\" \/>\n<meta name=\"twitter:label1\" content=\"Skriven av\" \/>\n\t<meta name=\"twitter:data1\" content=\"Marianne Ahlgren\" \/>\n\t<meta name=\"twitter:label2\" content=\"Ber\u00e4knad l\u00e4stid\" \/>\n\t<meta name=\"twitter:data2\" content=\"1 minut\" \/>\n<!-- \/ Yoast SEO Premium plugin. -->","yoast_head_json":{"title":"Nytt kollektivavtal f\u00f6r Film-, TV- och videoinspelning | Almega","robots":{"index":"index","follow":"follow","max-snippet":"max-snippet:-1","max-image-preview":"max-image-preview:large","max-video-preview":"max-video-preview:-1"},"canonical":"https:\/\/www.almega.se\/2025\/06\/nytt-kollektivavtal-for-film-tv-och-videoinspelning-2\/","og_locale":"sv_SE","og_type":"article","og_title":"Nytt kollektivavtal f\u00f6r Film-, TV- och videoinspelning","og_description":"Medief\u00f6retagen inom Almega har tecknat nytt kollektivavtal med\u00a0Fackf\u00f6rbundet Scen &amp; Film\u00a0f\u00f6r medarbetare som omfattas av\u00a0Film-, TV- och videoinspelningsavtalet. Det nya avtalet l\u00f6per p\u00e5 24 m\u00e5nader och har ett avtalsv\u00e4rde p\u00e5 6,4 procent.","og_url":"https:\/\/www.almega.se\/2025\/06\/nytt-kollektivavtal-for-film-tv-och-videoinspelning-2\/","og_site_name":"Almega","article_published_time":"2025-06-13T06:30:00+00:00","article_modified_time":"2025-06-13T06:37:03+00:00","og_image":[{"width":580,"height":387,"url":"https:\/\/www.almega.se\/app\/uploads\/2025\/06\/3a98336c-fa95-40db-8c07-29c2bf93679e.jpg","type":"image\/jpeg"}],"author":"Marianne Ahlgren","twitter_card":"summary_large_image","twitter_misc":{"Skriven av":"Marianne Ahlgren","Ber\u00e4knad l\u00e4stid":"1 minut"},"schema":{"@context":"https:\/\/schema.org","@graph":[{"@type":"NewsArticle","@id":"https:\/\/www.almega.se\/2025\/06\/nytt-kollektivavtal-for-film-tv-och-videoinspelning-2\/#article","isPartOf":{"@id":"https:\/\/www.almega.se\/2025\/06\/nytt-kollektivavtal-for-film-tv-och-videoinspelning-2\/"},"author":{"name":"Marianne Ahlgren","@id":"https:\/\/www.almega.se\/#\/schema\/person\/860599f2ded56005a909a04b92cf7035"},"headline":"Nytt kollektivavtal f\u00f6r Film-, TV- och videoinspelning","datePublished":"2025-06-13T06:30:00+00:00","dateModified":"2025-06-13T06:37:03+00:00","mainEntityOfPage":{"@id":"https:\/\/www.almega.se\/2025\/06\/nytt-kollektivavtal-for-film-tv-och-videoinspelning-2\/"},"wordCount":145,"image":{"@id":"https:\/\/www.almega.se\/2025\/06\/nytt-kollektivavtal-for-film-tv-och-videoinspelning-2\/#primaryimage"},"thumbnailUrl":"https:\/\/www.almega.se\/app\/uploads\/2025\/06\/3a98336c-fa95-40db-8c07-29c2bf93679e.jpg","keywords":["avtalsr\u00f6relsen 2025"],"articleSection":["Avtalsr\u00f6relse"],"inLanguage":"sv-SE"},{"@type":"WebPage","@id":"https:\/\/www.almega.se\/2025\/06\/nytt-kollektivavtal-for-film-tv-och-videoinspelning-2\/","url":"https:\/\/www.almega.se\/2025\/06\/nytt-kollektivavtal-for-film-tv-och-videoinspelning-2\/","name":"Nytt kollektivavtal f\u00f6r Film-, TV- och videoinspelning | Almega","isPartOf":{"@id":"https:\/\/www.almega.se\/#website"},"primaryImageOfPage":{"@id":"https:\/\/www.almega.se\/2025\/06\/nytt-kollektivavtal-for-film-tv-och-videoinspelning-2\/#primaryimage"},"image":{"@id":"https:\/\/www.almega.se\/2025\/06\/nytt-kollektivavtal-for-film-tv-och-videoinspelning-2\/#primaryimage"},"thumbnailUrl":"https:\/\/www.almega.se\/app\/uploads\/2025\/06\/3a98336c-fa95-40db-8c07-29c2bf93679e.jpg","datePublished":"2025-06-13T06:30:00+00:00","dateModified":"2025-06-13T06:37:03+00:00","author":{"@id":"https:\/\/www.almega.se\/#\/schema\/person\/860599f2ded56005a909a04b92cf7035"},"breadcrumb":{"@id":"https:\/\/www.almega.se\/2025\/06\/nytt-kollektivavtal-for-film-tv-och-videoinspelning-2\/#breadcrumb"},"inLanguage":"sv-SE","potentialAction":[{"@type":"ReadAction","target":["https:\/\/www.almega.se\/2025\/06\/nytt-kollektivavtal-for-film-tv-och-videoinspelning-2\/"]}]},{"@type":"ImageObject","inLanguage":"sv-SE","@id":"https:\/\/www.almega.se\/2025\/06\/nytt-kollektivavtal-for-film-tv-och-videoinspelning-2\/#primaryimage","url":"https:\/\/www.almega.se\/app\/uploads\/2025\/06\/3a98336c-fa95-40db-8c07-29c2bf93679e.jpg","contentUrl":"https:\/\/www.almega.se\/app\/uploads\/2025\/06\/3a98336c-fa95-40db-8c07-29c2bf93679e.jpg","width":580,"height":387},{"@type":"BreadcrumbList","@id":"https:\/\/www.almega.se\/2025\/06\/nytt-kollektivavtal-for-film-tv-och-videoinspelning-2\/#breadcrumb","itemListElement":[{"@type":"ListItem","position":1,"name":"Home","item":"https:\/\/www.almega.se\/"},{"@type":"ListItem","position":2,"name":"Nytt kollektivavtal f\u00f6r Film-, TV- och videoinspelning"}]},{"@type":"WebSite","@id":"https:\/\/www.almega.se\/#website","url":"https:\/\/www.almega.se\/","name":"Almega","description":"","potentialAction":[{"@type":"SearchAction","target":{"@type":"EntryPoint","urlTemplate":"https:\/\/www.almega.se\/?s={search_term_string}"},"query-input":{"@type":"PropertyValueSpecification","valueRequired":true,"valueName":"search_term_string"}}],"inLanguage":"sv-SE"},{"@type":"Person","@id":"https:\/\/www.almega.se\/#\/schema\/person\/860599f2ded56005a909a04b92cf7035","name":"Marianne Ahlgren","image":{"@type":"ImageObject","inLanguage":"sv-SE","@id":"https:\/\/www.almega.se\/#\/schema\/person\/image\/","url":"https:\/\/secure.gravatar.com\/avatar\/4c350e8b0dd656a6bbe04785780665ac53c7b373c038b1140ce3ae5e8cb21bef?s=96&d=mm&r=g","contentUrl":"https:\/\/secure.gravatar.com\/avatar\/4c350e8b0dd656a6bbe04785780665ac53c7b373c038b1140ce3ae5e8cb21bef?s=96&d=mm&r=g","caption":"Marianne Ahlgren"},"url":"https:\/\/www.almega.se\/person\/marianneahlgren\/"}]}},"_links":{"self":[{"href":"https:\/\/www.almega.se\/api\/wp\/v2\/posts\/80759","targetHints":{"allow":["GET"]}}],"collection":[{"href":"https:\/\/www.almega.se\/api\/wp\/v2\/posts"}],"about":[{"href":"https:\/\/www.almega.se\/api\/wp\/v2\/types\/post"}],"author":[{"embeddable":true,"href":"https:\/\/www.almega.se\/api\/wp\/v2\/users\/3380"}],"replies":[{"embeddable":true,"href":"https:\/\/www.almega.se\/api\/wp\/v2\/comments?post=80759"}],"version-history":[{"count":1,"href":"https:\/\/www.almega.se\/api\/wp\/v2\/posts\/80759\/revisions"}],"predecessor-version":[{"id":80761,"href":"https:\/\/www.almega.se\/api\/wp\/v2\/posts\/80759\/revisions\/80761"}],"wp:featuredmedia":[{"embeddable":true,"href":"https:\/\/www.almega.se\/api\/wp\/v2\/media\/80760"}],"wp:attachment":[{"href":"https:\/\/www.almega.se\/api\/wp\/v2\/media?parent=80759"}],"wp:term":[{"taxonomy":"category","embeddable":true,"href":"https:\/\/www.almega.se\/api\/wp\/v2\/categories?post=80759"},{"taxonomy":"post_tag","embeddable":true,"href":"https:\/\/www.almega.se\/api\/wp\/v2\/tags?post=80759"},{"taxonomy":"type","embeddable":true,"href":"https:\/\/www.almega.se\/api\/wp\/v2\/article_type?post=80759"},{"taxonomy":"agreement","embeddable":true,"href":"https:\/\/www.almega.se\/api\/wp\/v2\/agreement?post=80759"}],"curies":[{"name":"wp","href":"https:\/\/api.w.org\/{rel}","templated":true}]}}