{"id":80635,"date":"2025-06-12T11:39:50","date_gmt":"2025-06-12T09:39:50","guid":{"rendered":"https:\/\/www.almega.se\/?p=80635"},"modified":"2025-06-12T13:09:59","modified_gmt":"2025-06-12T11:09:59","slug":"nytt-avtal-med-fackforbundet-scen-film-avseende-film-tv-och-videoinspelningsavtalet-2","status":"publish","type":"post","link":"https:\/\/www.almega.se\/2025\/06\/nytt-avtal-med-fackforbundet-scen-film-avseende-film-tv-och-videoinspelningsavtalet-2\/","title":{"rendered":"Nytt avtal med Fack&shy;f\u00f6rbundet Scen &amp; Film avseende Film-, tv- och videoinspelnings&shy;avtalet"},"content":{"rendered":"<p class=\"intro\">Den 11 juni 2025 tr\u00e4ffade Medief\u00f6retagen ett nytt kollektivavtal med Fackf\u00f6rbundet Scen &amp; Film om l\u00f6ner och allm\u00e4nna anst\u00e4llningsvillkor f\u00f6r tiden 1 juni 2025 &#8211; 31 maj 2027.<\/p>\n\n<p><\/p>\n\n\n\n<p>Nedan f\u00f6ljer en genomg\u00e5ng av \u00e4ndringarna.<\/p>\n\n\n\n<p><strong><u><a href=\"https:\/\/www.almega.se\/app\/uploads\/2025\/06\/Protokoll-20250611-Film-TV-Videoinspelning-Scen-Film-1.pdf\" target=\"_blank\" rel=\"noreferrer noopener\">\u00d6verenskommelsen&nbsp;i sin helhet inklusive bilagor<\/a><\/u><\/strong>&nbsp;(inloggning kr\u00e4vs).<\/p>\n\n\n\n<h3 class=\"wp-block-heading\" id=\"h-lon\">L\u00f6n<\/h3>\n\n\n\n<ul class=\"wp-block-list\">\n<li>Avtalsperiod fr\u00e5n 1 juni 2025 till den 31 maj 2027 m\u00e5nader med ett totalt avtalsv\u00e4rde om 6,4&nbsp;%.<\/li>\n\n\n\n<li>Minimil\u00f6ner och andra ers\u00e4ttningar i avtalet h\u00f6js med 3,4&nbsp;% den 1 juni 2025 och med 3,0&nbsp;% den 1&nbsp;juni 2026.<\/li>\n<\/ul>\n\n\n\n<h3 class=\"wp-block-heading\" id=\"h-allmanna-villkor\">Allm\u00e4nna villkor<\/h3>\n\n\n\n<p>Inga allm\u00e4nna villkors\u00e4ndringar i \u00f6vrigt.<\/p>\n\n\n\n<p>Notera dock, i samband med redovisning och utbetalning av royalty, att de i \u00a7 44 Mom 4 angivna beloppen avseende viktad MG, justerade \u00e5rligen med samma procentsats som inkomstbasbeloppet, \u00e5r 2025 uppg\u00e5r till <em><em>9\u00a0056\u00a0180<\/em><\/em> kronor respektive <em><em>21\u00a0734\u00a0832<\/em> <\/em>kronor.<\/p>\n\n\n\n<h3 class=\"wp-block-heading\" id=\"h-fragor\">Fr\u00e5gor<\/h3>\n\n\n\n<p>Har du fr\u00e5gor som r\u00f6r Film-, tv- och videoinspelningsavtalet \u00e4r Du alltid v\u00e4lkommen att&nbsp;<a href=\"https:\/\/medlem.arbetsgivarguiden.se\/hjalp-och-kontakt\" target=\"_blank\" rel=\"noreferrer noopener\">kontakta oss<\/a>&nbsp;(inloggning kr\u00e4vs).<\/p>\n","protected":false},"excerpt":{"rendered":"<p>Nedan f\u00f6ljer en genomg\u00e5ng av \u00e4ndringarna. \u00d6verenskommelsen&nbsp;i sin helhet inklusive bilagor&nbsp;(inloggning kr\u00e4vs). L\u00f6n Allm\u00e4nna villkor Inga allm\u00e4nna villkors\u00e4ndringar i \u00f6vrigt. Notera dock, i samband med redovisning och utbetalning av royalty, att de i \u00a7 44 &hellip;<\/p>\n","protected":false},"author":14836,"featured_media":0,"comment_status":"closed","ping_status":"closed","sticky":false,"template":"","format":"standard","meta":{"_acf_changed":false,"footnotes":""},"categories":[1],"tags":[],"article_type":[313],"agreement":[147],"class_list":["post-80635","post","type-post","status-publish","format-standard","hentry","category-okategoriserade","type-arbetsgivarnytt","agreement-21ce80f7-ff07-de11-b4e1-02bf9e69ca65"],"acf":[],"yoast_head":"<!-- This site is optimized with the Yoast SEO Premium plugin v26.8 (Yoast SEO v26.8) - https:\/\/yoast.com\/product\/yoast-seo-premium-wordpress\/ -->\n<title>Nytt avtal med Fackf\u00f6rbundet Scen &amp; Film avseende Film-, tv- och videoinspelningsavtalet | Almega<\/title>\n<meta name=\"robots\" content=\"index, follow, max-snippet:-1, max-image-preview:large, max-video-preview:-1\" \/>\n<link rel=\"canonical\" href=\"https:\/\/www.almega.se\/2025\/06\/nytt-avtal-med-fackforbundet-scen-film-avseende-film-tv-och-videoinspelningsavtalet-2\/\" \/>\n<meta property=\"og:locale\" content=\"sv_SE\" \/>\n<meta property=\"og:type\" content=\"article\" \/>\n<meta property=\"og:title\" content=\"Nytt avtal med Fackf\u00f6rbundet Scen &amp; Film avseende Film-, tv- och videoinspelningsavtalet\" \/>\n<meta property=\"og:description\" content=\"Nedan f\u00f6ljer en genomg\u00e5ng av \u00e4ndringarna. \u00d6verenskommelsen&nbsp;i sin helhet inklusive bilagor&nbsp;(inloggning kr\u00e4vs). L\u00f6n Allm\u00e4nna villkor Inga allm\u00e4nna villkors\u00e4ndringar i \u00f6vrigt. Notera dock, i samband med redovisning och utbetalning av royalty, att de i \u00a7 44 &hellip;\" \/>\n<meta property=\"og:url\" content=\"https:\/\/www.almega.se\/2025\/06\/nytt-avtal-med-fackforbundet-scen-film-avseende-film-tv-och-videoinspelningsavtalet-2\/\" \/>\n<meta property=\"og:site_name\" content=\"Almega\" \/>\n<meta property=\"article:published_time\" content=\"2025-06-12T09:39:50+00:00\" \/>\n<meta property=\"article:modified_time\" content=\"2025-06-12T11:09:59+00:00\" \/>\n<meta property=\"og:image\" content=\"https:\/\/www.almega.se\/app\/uploads\/2020\/12\/almega-share-logo.png\" \/>\n\t<meta property=\"og:image:width\" content=\"1200\" \/>\n\t<meta property=\"og:image:height\" content=\"630\" \/>\n\t<meta property=\"og:image:type\" content=\"image\/png\" \/>\n<meta name=\"author\" content=\"Eva Pettersson\" \/>\n<meta name=\"twitter:card\" content=\"summary_large_image\" \/>\n<meta name=\"twitter:label1\" content=\"Skriven av\" \/>\n\t<meta name=\"twitter:data1\" content=\"Eva Pettersson\" \/>\n\t<meta name=\"twitter:label2\" content=\"Ber\u00e4knad l\u00e4stid\" \/>\n\t<meta name=\"twitter:data2\" content=\"1 minut\" \/>\n<!-- \/ Yoast SEO Premium plugin. -->","yoast_head_json":{"title":"Nytt avtal med Fackf\u00f6rbundet Scen &amp; Film avseende Film-, tv- och videoinspelningsavtalet | Almega","robots":{"index":"index","follow":"follow","max-snippet":"max-snippet:-1","max-image-preview":"max-image-preview:large","max-video-preview":"max-video-preview:-1"},"canonical":"https:\/\/www.almega.se\/2025\/06\/nytt-avtal-med-fackforbundet-scen-film-avseende-film-tv-och-videoinspelningsavtalet-2\/","og_locale":"sv_SE","og_type":"article","og_title":"Nytt avtal med Fackf\u00f6rbundet Scen &amp; Film avseende Film-, tv- och videoinspelningsavtalet","og_description":"Nedan f\u00f6ljer en genomg\u00e5ng av \u00e4ndringarna. \u00d6verenskommelsen&nbsp;i sin helhet inklusive bilagor&nbsp;(inloggning kr\u00e4vs). L\u00f6n Allm\u00e4nna villkor Inga allm\u00e4nna villkors\u00e4ndringar i \u00f6vrigt. Notera dock, i samband med redovisning och utbetalning av royalty, att de i \u00a7 44 &hellip;","og_url":"https:\/\/www.almega.se\/2025\/06\/nytt-avtal-med-fackforbundet-scen-film-avseende-film-tv-och-videoinspelningsavtalet-2\/","og_site_name":"Almega","article_published_time":"2025-06-12T09:39:50+00:00","article_modified_time":"2025-06-12T11:09:59+00:00","og_image":[{"width":1200,"height":630,"url":"https:\/\/www.almega.se\/app\/uploads\/2020\/12\/almega-share-logo.png","type":"image\/png"}],"author":"Eva Pettersson","twitter_card":"summary_large_image","twitter_misc":{"Skriven av":"Eva Pettersson","Ber\u00e4knad l\u00e4stid":"1 minut"},"schema":{"@context":"https:\/\/schema.org","@graph":[{"@type":"NewsArticle","@id":"https:\/\/www.almega.se\/2025\/06\/nytt-avtal-med-fackforbundet-scen-film-avseende-film-tv-och-videoinspelningsavtalet-2\/#article","isPartOf":{"@id":"https:\/\/www.almega.se\/2025\/06\/nytt-avtal-med-fackforbundet-scen-film-avseende-film-tv-och-videoinspelningsavtalet-2\/"},"author":{"name":"Eva Pettersson","@id":"https:\/\/www.almega.se\/#\/schema\/person\/50d695bb8f918c77bd2be177892f84b1"},"headline":"Nytt avtal med Fack&shy;f\u00f6rbundet Scen &amp; Film avseende Film-, tv- och videoinspelnings&shy;avtalet","datePublished":"2025-06-12T09:39:50+00:00","dateModified":"2025-06-12T11:09:59+00:00","mainEntityOfPage":{"@id":"https:\/\/www.almega.se\/2025\/06\/nytt-avtal-med-fackforbundet-scen-film-avseende-film-tv-och-videoinspelningsavtalet-2\/"},"wordCount":139,"inLanguage":"sv-SE"},{"@type":"WebPage","@id":"https:\/\/www.almega.se\/2025\/06\/nytt-avtal-med-fackforbundet-scen-film-avseende-film-tv-och-videoinspelningsavtalet-2\/","url":"https:\/\/www.almega.se\/2025\/06\/nytt-avtal-med-fackforbundet-scen-film-avseende-film-tv-och-videoinspelningsavtalet-2\/","name":"Nytt avtal med Fackf\u00f6rbundet Scen &amp; Film avseende Film-, tv- och videoinspelningsavtalet | Almega","isPartOf":{"@id":"https:\/\/www.almega.se\/#website"},"datePublished":"2025-06-12T09:39:50+00:00","dateModified":"2025-06-12T11:09:59+00:00","author":{"@id":"https:\/\/www.almega.se\/#\/schema\/person\/50d695bb8f918c77bd2be177892f84b1"},"breadcrumb":{"@id":"https:\/\/www.almega.se\/2025\/06\/nytt-avtal-med-fackforbundet-scen-film-avseende-film-tv-och-videoinspelningsavtalet-2\/#breadcrumb"},"inLanguage":"sv-SE","potentialAction":[{"@type":"ReadAction","target":["https:\/\/www.almega.se\/2025\/06\/nytt-avtal-med-fackforbundet-scen-film-avseende-film-tv-och-videoinspelningsavtalet-2\/"]}]},{"@type":"BreadcrumbList","@id":"https:\/\/www.almega.se\/2025\/06\/nytt-avtal-med-fackforbundet-scen-film-avseende-film-tv-och-videoinspelningsavtalet-2\/#breadcrumb","itemListElement":[{"@type":"ListItem","position":1,"name":"Home","item":"https:\/\/www.almega.se\/"},{"@type":"ListItem","position":2,"name":"Nytt avtal med Fack&shy;f\u00f6rbundet Scen &amp; Film avseende Film-, tv- och videoinspelnings&shy;avtalet"}]},{"@type":"WebSite","@id":"https:\/\/www.almega.se\/#website","url":"https:\/\/www.almega.se\/","name":"Almega","description":"","potentialAction":[{"@type":"SearchAction","target":{"@type":"EntryPoint","urlTemplate":"https:\/\/www.almega.se\/?s={search_term_string}"},"query-input":{"@type":"PropertyValueSpecification","valueRequired":true,"valueName":"search_term_string"}}],"inLanguage":"sv-SE"},{"@type":"Person","@id":"https:\/\/www.almega.se\/#\/schema\/person\/50d695bb8f918c77bd2be177892f84b1","name":"Eva Pettersson","image":{"@type":"ImageObject","inLanguage":"sv-SE","@id":"https:\/\/www.almega.se\/#\/schema\/person\/image\/","url":"https:\/\/secure.gravatar.com\/avatar\/c4811d04bd37924073d3b0ce1984d0651f0f37902ffb665f3ca439bb5b3e306f?s=96&d=mm&r=g","contentUrl":"https:\/\/secure.gravatar.com\/avatar\/c4811d04bd37924073d3b0ce1984d0651f0f37902ffb665f3ca439bb5b3e306f?s=96&d=mm&r=g","caption":"Eva Pettersson"},"url":"https:\/\/www.almega.se\/person\/evapettersson\/"}]}},"_links":{"self":[{"href":"https:\/\/www.almega.se\/api\/wp\/v2\/posts\/80635","targetHints":{"allow":["GET"]}}],"collection":[{"href":"https:\/\/www.almega.se\/api\/wp\/v2\/posts"}],"about":[{"href":"https:\/\/www.almega.se\/api\/wp\/v2\/types\/post"}],"author":[{"embeddable":true,"href":"https:\/\/www.almega.se\/api\/wp\/v2\/users\/14836"}],"replies":[{"embeddable":true,"href":"https:\/\/www.almega.se\/api\/wp\/v2\/comments?post=80635"}],"version-history":[{"count":8,"href":"https:\/\/www.almega.se\/api\/wp\/v2\/posts\/80635\/revisions"}],"predecessor-version":[{"id":80648,"href":"https:\/\/www.almega.se\/api\/wp\/v2\/posts\/80635\/revisions\/80648"}],"wp:attachment":[{"href":"https:\/\/www.almega.se\/api\/wp\/v2\/media?parent=80635"}],"wp:term":[{"taxonomy":"category","embeddable":true,"href":"https:\/\/www.almega.se\/api\/wp\/v2\/categories?post=80635"},{"taxonomy":"post_tag","embeddable":true,"href":"https:\/\/www.almega.se\/api\/wp\/v2\/tags?post=80635"},{"taxonomy":"type","embeddable":true,"href":"https:\/\/www.almega.se\/api\/wp\/v2\/article_type?post=80635"},{"taxonomy":"agreement","embeddable":true,"href":"https:\/\/www.almega.se\/api\/wp\/v2\/agreement?post=80635"}],"curies":[{"name":"wp","href":"https:\/\/api.w.org\/{rel}","templated":true}]}}