{"id":80594,"date":"2025-06-11T17:41:34","date_gmt":"2025-06-11T15:41:34","guid":{"rendered":"https:\/\/www.almega.se\/?p=80594"},"modified":"2025-06-11T18:29:15","modified_gmt":"2025-06-11T16:29:15","slug":"det-utokade-vardvarslet-en-del-av-fackets-kommunikationsstrategi","status":"publish","type":"post","link":"https:\/\/www.almega.se\/2025\/06\/det-utokade-vardvarslet-en-del-av-fackets-kommunikationsstrategi\/","title":{"rendered":"Det ut\u00f6kade v\u00e5rdvarslet \u2013 \u201den del av fackets kommunikationsstrategi\u201d"},"content":{"rendered":"<p class=\"intro\">Idag ut\u00f6kade fackf\u00f6rbundet Kommunal konflikt\u00e5tg\u00e4rderna i form av ytterligare blockader f\u00f6r anst\u00e4llda inom v\u00e5rd och omsorg samt \u00e4ldreomsorg. Beklagligt, oansvarigt men tyv\u00e4rr inte helt f\u00f6rv\u00e5nande enligt V\u00e5rdf\u00f6retagarna.<\/p>\n\n<p>\u2013 Det \u00e4r beklagligt. Vi har erbjudit Kommunal samma villkor som g\u00e4ller p\u00e5 \u00f6vriga arbetsmarknaden, men de vill ha mer, s\u00e4ger V\u00e5rdf\u00f6retagarnas f\u00f6rbundsdirekt\u00f6r<strong> Antje Dedering.<\/strong><\/p>\n\n\n\n<p>Enligt Kommunal \u00e4r anledningen till det ut\u00f6kade varslet maktmissbruk fr\u00e5n arbetsgivarh\u00e5ll och pekar p\u00e5 att vissa v\u00e5rd- och omsorgsakt\u00f6rer, genom en enk\u00e4t, f\u00f6rs\u00f6kt skapa sig en bild \u00f6ver effekterna av en utbruten konflikt.<\/p>\n\n\n\n<p>&nbsp;\u2013 Att v\u00e5ra medlemsf\u00f6retag fr\u00e5gar vilka som avser delta i konflikten handlar fr\u00e4mst om att trygga s\u00e4kerheten f\u00f6r patienter och \u00e4ldre, i andra hand om praktikaliteter som l\u00f6neutbetalningar. Det har ingenting med n\u00e5gon kartl\u00e4ggning att g\u00f6ra, s\u00e4ger Antje Dedering.<\/p>\n\n\n\n<p>Enk\u00e4ten fungerar \u00e4ven som information till de som inte \u00e4r fackligt anslutna om att de kan st\u00e4lla sig neutrala, och d\u00e5 v\u00e4lja att inte arbeta utan att vara tj\u00e4nstlediga.&nbsp;Enligt Antje Dedering \u00e4r&nbsp;f\u00f6rfarandet med enk\u00e4ter inte heller n\u00e5got nytt f\u00f6r denna avtalsr\u00f6relse.<\/p>\n\n\n\n<p>\u2013&nbsp;Kommunal svartm\u00e5lar arbetsgivarna, helt utan anledning.&nbsp;Detta har snarast blivit en del av fackets kommunikationsstrategi, vilket faktiskt \u00e4r djupt oansvarigt. Medan v\u00e5ra medlemsf\u00f6retag, helt enligt reglerna, agerar f\u00f6r att garantera s\u00e4kerheten f\u00f6r v\u00e5rd- och omsorgstagarna, v\u00e4ljer facket att anv\u00e4nda dem som brickor i sitt opinionsspel, s\u00e4ger Antje Dedering &nbsp;<\/p>\n","protected":false},"excerpt":{"rendered":"<p>\u2013 Det \u00e4r beklagligt. Vi har erbjudit Kommunal samma villkor som g\u00e4ller p\u00e5 \u00f6vriga arbetsmarknaden, men de vill ha mer, s\u00e4ger V\u00e5rdf\u00f6retagarnas f\u00f6rbundsdirekt\u00f6r Antje Dedering. Enligt Kommunal \u00e4r anledningen till det ut\u00f6kade varslet maktmissbruk fr\u00e5n &hellip;<\/p>\n","protected":false},"author":3380,"featured_media":80595,"comment_status":"closed","ping_status":"closed","sticky":false,"template":"","format":"standard","meta":{"_acf_changed":false,"footnotes":""},"categories":[636],"tags":[780],"article_type":[],"agreement":[],"class_list":["post-80594","post","type-post","status-publish","format-standard","has-post-thumbnail","hentry","category-avtalsrorelse","tag-avtalsrorelsen-2025"],"acf":[],"yoast_head":"<!-- This site is optimized with the Yoast SEO Premium plugin v26.8 (Yoast SEO v26.8) - https:\/\/yoast.com\/product\/yoast-seo-premium-wordpress\/ -->\n<title>Det ut\u00f6kade v\u00e5rdvarslet \u2013 \u201den del av fackets kommunikationsstrategi\u201d | Almega<\/title>\n<meta name=\"robots\" content=\"index, follow, max-snippet:-1, max-image-preview:large, max-video-preview:-1\" \/>\n<link rel=\"canonical\" href=\"https:\/\/www.almega.se\/2025\/06\/det-utokade-vardvarslet-en-del-av-fackets-kommunikationsstrategi\/\" \/>\n<meta property=\"og:locale\" content=\"sv_SE\" \/>\n<meta property=\"og:type\" content=\"article\" \/>\n<meta property=\"og:title\" content=\"Det ut\u00f6kade v\u00e5rdvarslet \u2013 \u201den del av fackets kommunikationsstrategi\u201d\" \/>\n<meta property=\"og:description\" content=\"\u2013 Det \u00e4r beklagligt. Vi har erbjudit Kommunal samma villkor som g\u00e4ller p\u00e5 \u00f6vriga arbetsmarknaden, men de vill ha mer, s\u00e4ger V\u00e5rdf\u00f6retagarnas f\u00f6rbundsdirekt\u00f6r Antje Dedering. Enligt Kommunal \u00e4r anledningen till det ut\u00f6kade varslet maktmissbruk fr\u00e5n &hellip;\" \/>\n<meta property=\"og:url\" content=\"https:\/\/www.almega.se\/2025\/06\/det-utokade-vardvarslet-en-del-av-fackets-kommunikationsstrategi\/\" \/>\n<meta property=\"og:site_name\" content=\"Almega\" \/>\n<meta property=\"article:published_time\" content=\"2025-06-11T15:41:34+00:00\" \/>\n<meta property=\"article:modified_time\" content=\"2025-06-11T16:29:15+00:00\" \/>\n<meta property=\"og:image\" content=\"https:\/\/www.almega.se\/app\/uploads\/2025\/06\/Antje-Dedering-1.jpg\" \/>\n\t<meta property=\"og:image:width\" content=\"1599\" \/>\n\t<meta property=\"og:image:height\" content=\"1066\" \/>\n\t<meta property=\"og:image:type\" content=\"image\/jpeg\" \/>\n<meta name=\"author\" content=\"Marianne Ahlgren\" \/>\n<meta name=\"twitter:card\" content=\"summary_large_image\" \/>\n<meta name=\"twitter:label1\" content=\"Skriven av\" \/>\n\t<meta name=\"twitter:data1\" content=\"Marianne Ahlgren\" \/>\n\t<meta name=\"twitter:label2\" content=\"Ber\u00e4knad l\u00e4stid\" \/>\n\t<meta name=\"twitter:data2\" content=\"2 minuter\" \/>\n<!-- \/ Yoast SEO Premium plugin. -->","yoast_head_json":{"title":"Det ut\u00f6kade v\u00e5rdvarslet \u2013 \u201den del av fackets kommunikationsstrategi\u201d | Almega","robots":{"index":"index","follow":"follow","max-snippet":"max-snippet:-1","max-image-preview":"max-image-preview:large","max-video-preview":"max-video-preview:-1"},"canonical":"https:\/\/www.almega.se\/2025\/06\/det-utokade-vardvarslet-en-del-av-fackets-kommunikationsstrategi\/","og_locale":"sv_SE","og_type":"article","og_title":"Det ut\u00f6kade v\u00e5rdvarslet \u2013 \u201den del av fackets kommunikationsstrategi\u201d","og_description":"\u2013 Det \u00e4r beklagligt. Vi har erbjudit Kommunal samma villkor som g\u00e4ller p\u00e5 \u00f6vriga arbetsmarknaden, men de vill ha mer, s\u00e4ger V\u00e5rdf\u00f6retagarnas f\u00f6rbundsdirekt\u00f6r Antje Dedering. Enligt Kommunal \u00e4r anledningen till det ut\u00f6kade varslet maktmissbruk fr\u00e5n &hellip;","og_url":"https:\/\/www.almega.se\/2025\/06\/det-utokade-vardvarslet-en-del-av-fackets-kommunikationsstrategi\/","og_site_name":"Almega","article_published_time":"2025-06-11T15:41:34+00:00","article_modified_time":"2025-06-11T16:29:15+00:00","og_image":[{"width":1599,"height":1066,"url":"https:\/\/www.almega.se\/app\/uploads\/2025\/06\/Antje-Dedering-1.jpg","type":"image\/jpeg"}],"author":"Marianne Ahlgren","twitter_card":"summary_large_image","twitter_misc":{"Skriven av":"Marianne Ahlgren","Ber\u00e4knad l\u00e4stid":"2 minuter"},"schema":{"@context":"https:\/\/schema.org","@graph":[{"@type":"NewsArticle","@id":"https:\/\/www.almega.se\/2025\/06\/det-utokade-vardvarslet-en-del-av-fackets-kommunikationsstrategi\/#article","isPartOf":{"@id":"https:\/\/www.almega.se\/2025\/06\/det-utokade-vardvarslet-en-del-av-fackets-kommunikationsstrategi\/"},"author":{"name":"Marianne Ahlgren","@id":"https:\/\/www.almega.se\/#\/schema\/person\/860599f2ded56005a909a04b92cf7035"},"headline":"Det ut\u00f6kade v\u00e5rdvarslet \u2013 \u201den del av fackets kommunikationsstrategi\u201d","datePublished":"2025-06-11T15:41:34+00:00","dateModified":"2025-06-11T16:29:15+00:00","mainEntityOfPage":{"@id":"https:\/\/www.almega.se\/2025\/06\/det-utokade-vardvarslet-en-del-av-fackets-kommunikationsstrategi\/"},"wordCount":246,"image":{"@id":"https:\/\/www.almega.se\/2025\/06\/det-utokade-vardvarslet-en-del-av-fackets-kommunikationsstrategi\/#primaryimage"},"thumbnailUrl":"https:\/\/www.almega.se\/app\/uploads\/2025\/06\/Antje-Dedering-1.jpg","keywords":["avtalsr\u00f6relsen 2025"],"articleSection":["Avtalsr\u00f6relse"],"inLanguage":"sv-SE"},{"@type":"WebPage","@id":"https:\/\/www.almega.se\/2025\/06\/det-utokade-vardvarslet-en-del-av-fackets-kommunikationsstrategi\/","url":"https:\/\/www.almega.se\/2025\/06\/det-utokade-vardvarslet-en-del-av-fackets-kommunikationsstrategi\/","name":"Det ut\u00f6kade v\u00e5rdvarslet \u2013 \u201den del av fackets kommunikationsstrategi\u201d | Almega","isPartOf":{"@id":"https:\/\/www.almega.se\/#website"},"primaryImageOfPage":{"@id":"https:\/\/www.almega.se\/2025\/06\/det-utokade-vardvarslet-en-del-av-fackets-kommunikationsstrategi\/#primaryimage"},"image":{"@id":"https:\/\/www.almega.se\/2025\/06\/det-utokade-vardvarslet-en-del-av-fackets-kommunikationsstrategi\/#primaryimage"},"thumbnailUrl":"https:\/\/www.almega.se\/app\/uploads\/2025\/06\/Antje-Dedering-1.jpg","datePublished":"2025-06-11T15:41:34+00:00","dateModified":"2025-06-11T16:29:15+00:00","author":{"@id":"https:\/\/www.almega.se\/#\/schema\/person\/860599f2ded56005a909a04b92cf7035"},"breadcrumb":{"@id":"https:\/\/www.almega.se\/2025\/06\/det-utokade-vardvarslet-en-del-av-fackets-kommunikationsstrategi\/#breadcrumb"},"inLanguage":"sv-SE","potentialAction":[{"@type":"ReadAction","target":["https:\/\/www.almega.se\/2025\/06\/det-utokade-vardvarslet-en-del-av-fackets-kommunikationsstrategi\/"]}]},{"@type":"ImageObject","inLanguage":"sv-SE","@id":"https:\/\/www.almega.se\/2025\/06\/det-utokade-vardvarslet-en-del-av-fackets-kommunikationsstrategi\/#primaryimage","url":"https:\/\/www.almega.se\/app\/uploads\/2025\/06\/Antje-Dedering-1.jpg","contentUrl":"https:\/\/www.almega.se\/app\/uploads\/2025\/06\/Antje-Dedering-1.jpg","width":1599,"height":1066,"caption":"Antje Dedering, f\u00f6rbundsdirekt\u00f6r V\u00e5rdf\u00f6retagarna"},{"@type":"BreadcrumbList","@id":"https:\/\/www.almega.se\/2025\/06\/det-utokade-vardvarslet-en-del-av-fackets-kommunikationsstrategi\/#breadcrumb","itemListElement":[{"@type":"ListItem","position":1,"name":"Home","item":"https:\/\/www.almega.se\/"},{"@type":"ListItem","position":2,"name":"Det ut\u00f6kade v\u00e5rdvarslet \u2013 \u201den del av fackets kommunikationsstrategi\u201d"}]},{"@type":"WebSite","@id":"https:\/\/www.almega.se\/#website","url":"https:\/\/www.almega.se\/","name":"Almega","description":"","potentialAction":[{"@type":"SearchAction","target":{"@type":"EntryPoint","urlTemplate":"https:\/\/www.almega.se\/?s={search_term_string}"},"query-input":{"@type":"PropertyValueSpecification","valueRequired":true,"valueName":"search_term_string"}}],"inLanguage":"sv-SE"},{"@type":"Person","@id":"https:\/\/www.almega.se\/#\/schema\/person\/860599f2ded56005a909a04b92cf7035","name":"Marianne Ahlgren","image":{"@type":"ImageObject","inLanguage":"sv-SE","@id":"https:\/\/www.almega.se\/#\/schema\/person\/image\/","url":"https:\/\/secure.gravatar.com\/avatar\/4c350e8b0dd656a6bbe04785780665ac53c7b373c038b1140ce3ae5e8cb21bef?s=96&d=mm&r=g","contentUrl":"https:\/\/secure.gravatar.com\/avatar\/4c350e8b0dd656a6bbe04785780665ac53c7b373c038b1140ce3ae5e8cb21bef?s=96&d=mm&r=g","caption":"Marianne Ahlgren"},"url":"https:\/\/www.almega.se\/person\/marianneahlgren\/"}]}},"_links":{"self":[{"href":"https:\/\/www.almega.se\/api\/wp\/v2\/posts\/80594","targetHints":{"allow":["GET"]}}],"collection":[{"href":"https:\/\/www.almega.se\/api\/wp\/v2\/posts"}],"about":[{"href":"https:\/\/www.almega.se\/api\/wp\/v2\/types\/post"}],"author":[{"embeddable":true,"href":"https:\/\/www.almega.se\/api\/wp\/v2\/users\/3380"}],"replies":[{"embeddable":true,"href":"https:\/\/www.almega.se\/api\/wp\/v2\/comments?post=80594"}],"version-history":[{"count":2,"href":"https:\/\/www.almega.se\/api\/wp\/v2\/posts\/80594\/revisions"}],"predecessor-version":[{"id":80602,"href":"https:\/\/www.almega.se\/api\/wp\/v2\/posts\/80594\/revisions\/80602"}],"wp:featuredmedia":[{"embeddable":true,"href":"https:\/\/www.almega.se\/api\/wp\/v2\/media\/80595"}],"wp:attachment":[{"href":"https:\/\/www.almega.se\/api\/wp\/v2\/media?parent=80594"}],"wp:term":[{"taxonomy":"category","embeddable":true,"href":"https:\/\/www.almega.se\/api\/wp\/v2\/categories?post=80594"},{"taxonomy":"post_tag","embeddable":true,"href":"https:\/\/www.almega.se\/api\/wp\/v2\/tags?post=80594"},{"taxonomy":"type","embeddable":true,"href":"https:\/\/www.almega.se\/api\/wp\/v2\/article_type?post=80594"},{"taxonomy":"agreement","embeddable":true,"href":"https:\/\/www.almega.se\/api\/wp\/v2\/agreement?post=80594"}],"curies":[{"name":"wp","href":"https:\/\/api.w.org\/{rel}","templated":true}]}}