{"id":80532,"date":"2025-06-11T10:10:01","date_gmt":"2025-06-11T08:10:01","guid":{"rendered":"https:\/\/www.almega.se\/?p=80532"},"modified":"2025-06-11T18:30:27","modified_gmt":"2025-06-11T16:30:27","slug":"arbetsgivarens-forberedelser-infor-konflikt-vad-galler","status":"publish","type":"post","link":"https:\/\/www.almega.se\/2025\/06\/arbetsgivarens-forberedelser-infor-konflikt-vad-galler\/","title":{"rendered":"Arbetsgivarens f\u00f6rberedelser inf\u00f6r konflikt \u2013 vad g\u00e4ller?"},"content":{"rendered":"<p style=\"font-weight: 400;\">Om f\u00f6rhandlingar strandar och den ena parten varslar om konflikt inleds en period av f\u00f6rberedelser f\u00f6r arbetsgivaren. Men vad \u00e4r det egentligen som g\u00e4ller? Vad f\u00e5r arbetsgivare g\u00f6ra f\u00f6r att f\u00f6rbereda inf\u00f6r utbruten konflikt? Almegas chefsjurist Jonas Stenmo reder ut det r\u00e4ttsliga l\u00e4get.<\/p>\n\n<p>Ett&nbsp;varsel&nbsp;ska l\u00e4mnas sju arbetsdagar innan konflikten bryter ut och under den perioden har&nbsp;arbetsgivaren m\u00f6jlighet att planera f\u00f6r att minska effekterna av den kommande strejken f\u00f6r tredje man s\u00e5 mycket som m\u00f6jligt.<\/p>\n\n\n\n<p>\u2013 Ofta handlar det om att f\u00e5 en bild av hur m\u00e5nga som kommer att jobba och hur m\u00e5nga som strejkar om varslet \u00f6verg\u00e5r i konflikt. Det handlar om planering av arbetet fram\u00e5t, s\u00e4ger Jonas Stenmo.<\/p>\n\n\n\n<p><strong>Hur kan arbetsgivaren veta vilka som kommer att&nbsp;delta i konflikten?&nbsp;&nbsp;<\/strong><\/p>\n\n\n\n<p>\u2013 Facken kan bara kr\u00e4va att deras egna medlemmar deltar i konflikten. Det inneb\u00e4r att det bara \u00e4r medlemmarna i det&nbsp;fackf\u00f6rbund&nbsp;som varslat som ska strejka. De som omfattas av ett annat&nbsp;kollektivavtal&nbsp;deltar inte i konflikten och ska forts\u00e4tta&nbsp;att&nbsp;arbeta som vanligt. De som inte \u00e4r med i n\u00e5got fack alls deltar inte heller i konflikten och ska&nbsp;ocks\u00e5&nbsp;forts\u00e4tta&nbsp;att&nbsp;jobba som vanligt. Men de har r\u00e4tt att beg\u00e4ra tj\u00e4nstledigt utan l\u00f6n och f\u00f6rh\u00e5lla sig neutrala i den p\u00e5g\u00e5ende konflikten om de vill.<\/p>\n\n\n\n<p>\u2013 Arbetsgivaren har r\u00e4tt att ta reda p\u00e5 vilka som t\u00e4nker delta i konflikten, eller anv\u00e4nda sin neutralitetsr\u00e4tt, f\u00f6r att kunna f\u00f6rbereda sig inf\u00f6r en eventuell konflikt&nbsp;och&nbsp;f\u00f6r att kunna fullg\u00f6ra skyldigheter enligt lag och&nbsp;avtal.<\/p>\n\n\n\n<p><strong>Facken p\u00e5st\u00e5r ofta<\/strong><strong>&nbsp;att det \u00e4r olagligt att fr\u00e5ga medarbetare om de t\u00e4nker delta i konflikten eller inte. Vad \u00e4r det egentligen som g\u00e4ller?&nbsp;<\/strong><\/p>\n\n\n\n<p>\u2013 Nej, det \u00e4r fel. Arbetsgivarna m\u00e5ste ju veta anledningen till att medarbetare inte \u00e4r p\u00e5 jobbet f\u00f6r att till exempel kunna betala ut l\u00f6ner. Deltar de i konflikt, \u00e4r de tj\u00e4nstlediga, sjuka eller \u00e4r de borta av n\u00e5gon annan anledning?<\/p>\n\n\n\n<p>&#8211; Arbetsgivare har egentligen hela tiden behov att k\u00e4nna till vilka som \u00e4r medlemmar i ett fackf\u00f6rbund som man har kollektivavtal med. F\u00f6r medlemmar \u00e4r kollektivavtal n\u00e4mligen tvingande, medan det f\u00f6r \u00f6vriga endast har en utfyllande verkan. Det medf\u00f6r t ex att vissa regler i kollektivavtalet inte beh\u00f6ver vara till\u00e4mpliga f\u00f6r de som inte \u00e4r medlemmar, att kollektivavtalsbrott bara kan beg\u00e5s i f\u00f6rh\u00e5llande till medlemmar eller att andra preskriptionsregler g\u00e4ller f\u00f6r de som inte \u00e4r medlemmar. En arbetsgivare och arbetstagare som \u00e4r bundna av kollektivavtal har inte heller r\u00e4tt att tr\u00e4ffa en \u00f6verenskommelse som strider mot kollektivavtalet.&nbsp;<\/p>\n\n\n\n<p>&#8211; Det handlar om praktiska \u00e5tg\u00e4rder med anledning av konflikten, inte om n\u00e5gon kartl\u00e4ggning eller att hindra n\u00e5gon fr\u00e5n att delta. Vi tycker att det \u00e4r bra om m\u00e4nniskor \u00e4r med i facket, avslutar Jonas Stenmo.<\/p>\n","protected":false},"excerpt":{"rendered":"<p>Ett&nbsp;varsel&nbsp;ska l\u00e4mnas sju arbetsdagar innan konflikten bryter ut och under den perioden har&nbsp;arbetsgivaren m\u00f6jlighet att planera f\u00f6r att minska effekterna av den kommande strejken f\u00f6r tredje man s\u00e5 mycket som m\u00f6jligt. \u2013 Ofta handlar det &hellip;<\/p>\n","protected":false},"author":3380,"featured_media":80533,"comment_status":"closed","ping_status":"closed","sticky":false,"template":"","format":"standard","meta":{"_acf_changed":false,"footnotes":""},"categories":[636],"tags":[780],"article_type":[56],"agreement":[],"class_list":["post-80532","post","type-post","status-publish","format-standard","has-post-thumbnail","hentry","category-avtalsrorelse","tag-avtalsrorelsen-2025","type-nyheter"],"acf":[],"yoast_head":"<!-- This site is optimized with the Yoast SEO Premium plugin v26.8 (Yoast SEO v26.8) - https:\/\/yoast.com\/product\/yoast-seo-premium-wordpress\/ -->\n<title>Arbetsgivarens f\u00f6rberedelser inf\u00f6r konflikt \u2013 vad g\u00e4ller? | Almega<\/title>\n<meta name=\"robots\" content=\"index, follow, max-snippet:-1, max-image-preview:large, max-video-preview:-1\" \/>\n<link rel=\"canonical\" href=\"https:\/\/www.almega.se\/2025\/06\/arbetsgivarens-forberedelser-infor-konflikt-vad-galler\/\" \/>\n<meta property=\"og:locale\" content=\"sv_SE\" \/>\n<meta property=\"og:type\" content=\"article\" \/>\n<meta property=\"og:title\" content=\"Arbetsgivarens f\u00f6rberedelser inf\u00f6r konflikt \u2013 vad g\u00e4ller?\" \/>\n<meta property=\"og:description\" content=\"Ett&nbsp;varsel&nbsp;ska l\u00e4mnas sju arbetsdagar innan konflikten bryter ut och under den perioden har&nbsp;arbetsgivaren m\u00f6jlighet att planera f\u00f6r att minska effekterna av den kommande strejken f\u00f6r tredje man s\u00e5 mycket som m\u00f6jligt. \u2013 Ofta handlar det &hellip;\" \/>\n<meta property=\"og:url\" content=\"https:\/\/www.almega.se\/2025\/06\/arbetsgivarens-forberedelser-infor-konflikt-vad-galler\/\" \/>\n<meta property=\"og:site_name\" content=\"Almega\" \/>\n<meta property=\"article:published_time\" content=\"2025-06-11T08:10:01+00:00\" \/>\n<meta property=\"article:modified_time\" content=\"2025-06-11T16:30:27+00:00\" \/>\n<meta property=\"og:image\" content=\"https:\/\/www.almega.se\/app\/uploads\/2025\/06\/Jonas_Stenmo__DSF0691-scaled.jpg\" \/>\n\t<meta property=\"og:image:width\" content=\"2560\" \/>\n\t<meta property=\"og:image:height\" content=\"1920\" \/>\n\t<meta property=\"og:image:type\" content=\"image\/jpeg\" \/>\n<meta name=\"author\" content=\"Marianne Ahlgren\" \/>\n<meta name=\"twitter:card\" content=\"summary_large_image\" \/>\n<meta name=\"twitter:label1\" content=\"Skriven av\" \/>\n\t<meta name=\"twitter:data1\" content=\"Marianne Ahlgren\" \/>\n\t<meta name=\"twitter:label2\" content=\"Ber\u00e4knad l\u00e4stid\" \/>\n\t<meta name=\"twitter:data2\" content=\"3 minuter\" \/>\n<!-- \/ Yoast SEO Premium plugin. -->","yoast_head_json":{"title":"Arbetsgivarens f\u00f6rberedelser inf\u00f6r konflikt \u2013 vad g\u00e4ller? | Almega","robots":{"index":"index","follow":"follow","max-snippet":"max-snippet:-1","max-image-preview":"max-image-preview:large","max-video-preview":"max-video-preview:-1"},"canonical":"https:\/\/www.almega.se\/2025\/06\/arbetsgivarens-forberedelser-infor-konflikt-vad-galler\/","og_locale":"sv_SE","og_type":"article","og_title":"Arbetsgivarens f\u00f6rberedelser inf\u00f6r konflikt \u2013 vad g\u00e4ller?","og_description":"Ett&nbsp;varsel&nbsp;ska l\u00e4mnas sju arbetsdagar innan konflikten bryter ut och under den perioden har&nbsp;arbetsgivaren m\u00f6jlighet att planera f\u00f6r att minska effekterna av den kommande strejken f\u00f6r tredje man s\u00e5 mycket som m\u00f6jligt. \u2013 Ofta handlar det &hellip;","og_url":"https:\/\/www.almega.se\/2025\/06\/arbetsgivarens-forberedelser-infor-konflikt-vad-galler\/","og_site_name":"Almega","article_published_time":"2025-06-11T08:10:01+00:00","article_modified_time":"2025-06-11T16:30:27+00:00","og_image":[{"width":2560,"height":1920,"url":"https:\/\/www.almega.se\/app\/uploads\/2025\/06\/Jonas_Stenmo__DSF0691-scaled.jpg","type":"image\/jpeg"}],"author":"Marianne Ahlgren","twitter_card":"summary_large_image","twitter_misc":{"Skriven av":"Marianne Ahlgren","Ber\u00e4knad l\u00e4stid":"3 minuter"},"schema":{"@context":"https:\/\/schema.org","@graph":[{"@type":"NewsArticle","@id":"https:\/\/www.almega.se\/2025\/06\/arbetsgivarens-forberedelser-infor-konflikt-vad-galler\/#article","isPartOf":{"@id":"https:\/\/www.almega.se\/2025\/06\/arbetsgivarens-forberedelser-infor-konflikt-vad-galler\/"},"author":{"name":"Marianne Ahlgren","@id":"https:\/\/www.almega.se\/#\/schema\/person\/860599f2ded56005a909a04b92cf7035"},"headline":"Arbetsgivarens f\u00f6rberedelser inf\u00f6r konflikt \u2013 vad g\u00e4ller?","datePublished":"2025-06-11T08:10:01+00:00","dateModified":"2025-06-11T16:30:27+00:00","mainEntityOfPage":{"@id":"https:\/\/www.almega.se\/2025\/06\/arbetsgivarens-forberedelser-infor-konflikt-vad-galler\/"},"wordCount":495,"image":{"@id":"https:\/\/www.almega.se\/2025\/06\/arbetsgivarens-forberedelser-infor-konflikt-vad-galler\/#primaryimage"},"thumbnailUrl":"https:\/\/www.almega.se\/app\/uploads\/2025\/06\/Jonas_Stenmo__DSF0691-scaled.jpg","keywords":["avtalsr\u00f6relsen 2025"],"articleSection":["Avtalsr\u00f6relse"],"inLanguage":"sv-SE"},{"@type":"WebPage","@id":"https:\/\/www.almega.se\/2025\/06\/arbetsgivarens-forberedelser-infor-konflikt-vad-galler\/","url":"https:\/\/www.almega.se\/2025\/06\/arbetsgivarens-forberedelser-infor-konflikt-vad-galler\/","name":"Arbetsgivarens f\u00f6rberedelser inf\u00f6r konflikt \u2013 vad g\u00e4ller? | Almega","isPartOf":{"@id":"https:\/\/www.almega.se\/#website"},"primaryImageOfPage":{"@id":"https:\/\/www.almega.se\/2025\/06\/arbetsgivarens-forberedelser-infor-konflikt-vad-galler\/#primaryimage"},"image":{"@id":"https:\/\/www.almega.se\/2025\/06\/arbetsgivarens-forberedelser-infor-konflikt-vad-galler\/#primaryimage"},"thumbnailUrl":"https:\/\/www.almega.se\/app\/uploads\/2025\/06\/Jonas_Stenmo__DSF0691-scaled.jpg","datePublished":"2025-06-11T08:10:01+00:00","dateModified":"2025-06-11T16:30:27+00:00","author":{"@id":"https:\/\/www.almega.se\/#\/schema\/person\/860599f2ded56005a909a04b92cf7035"},"breadcrumb":{"@id":"https:\/\/www.almega.se\/2025\/06\/arbetsgivarens-forberedelser-infor-konflikt-vad-galler\/#breadcrumb"},"inLanguage":"sv-SE","potentialAction":[{"@type":"ReadAction","target":["https:\/\/www.almega.se\/2025\/06\/arbetsgivarens-forberedelser-infor-konflikt-vad-galler\/"]}]},{"@type":"ImageObject","inLanguage":"sv-SE","@id":"https:\/\/www.almega.se\/2025\/06\/arbetsgivarens-forberedelser-infor-konflikt-vad-galler\/#primaryimage","url":"https:\/\/www.almega.se\/app\/uploads\/2025\/06\/Jonas_Stenmo__DSF0691-scaled.jpg","contentUrl":"https:\/\/www.almega.se\/app\/uploads\/2025\/06\/Jonas_Stenmo__DSF0691-scaled.jpg","width":2560,"height":1920,"caption":"Stenmo"},{"@type":"BreadcrumbList","@id":"https:\/\/www.almega.se\/2025\/06\/arbetsgivarens-forberedelser-infor-konflikt-vad-galler\/#breadcrumb","itemListElement":[{"@type":"ListItem","position":1,"name":"Home","item":"https:\/\/www.almega.se\/"},{"@type":"ListItem","position":2,"name":"Arbetsgivarens f\u00f6rberedelser inf\u00f6r konflikt \u2013 vad g\u00e4ller?"}]},{"@type":"WebSite","@id":"https:\/\/www.almega.se\/#website","url":"https:\/\/www.almega.se\/","name":"Almega","description":"","potentialAction":[{"@type":"SearchAction","target":{"@type":"EntryPoint","urlTemplate":"https:\/\/www.almega.se\/?s={search_term_string}"},"query-input":{"@type":"PropertyValueSpecification","valueRequired":true,"valueName":"search_term_string"}}],"inLanguage":"sv-SE"},{"@type":"Person","@id":"https:\/\/www.almega.se\/#\/schema\/person\/860599f2ded56005a909a04b92cf7035","name":"Marianne Ahlgren","image":{"@type":"ImageObject","inLanguage":"sv-SE","@id":"https:\/\/www.almega.se\/#\/schema\/person\/image\/","url":"https:\/\/secure.gravatar.com\/avatar\/4c350e8b0dd656a6bbe04785780665ac53c7b373c038b1140ce3ae5e8cb21bef?s=96&d=mm&r=g","contentUrl":"https:\/\/secure.gravatar.com\/avatar\/4c350e8b0dd656a6bbe04785780665ac53c7b373c038b1140ce3ae5e8cb21bef?s=96&d=mm&r=g","caption":"Marianne Ahlgren"},"url":"https:\/\/www.almega.se\/person\/marianneahlgren\/"}]}},"_links":{"self":[{"href":"https:\/\/www.almega.se\/api\/wp\/v2\/posts\/80532","targetHints":{"allow":["GET"]}}],"collection":[{"href":"https:\/\/www.almega.se\/api\/wp\/v2\/posts"}],"about":[{"href":"https:\/\/www.almega.se\/api\/wp\/v2\/types\/post"}],"author":[{"embeddable":true,"href":"https:\/\/www.almega.se\/api\/wp\/v2\/users\/3380"}],"replies":[{"embeddable":true,"href":"https:\/\/www.almega.se\/api\/wp\/v2\/comments?post=80532"}],"version-history":[{"count":3,"href":"https:\/\/www.almega.se\/api\/wp\/v2\/posts\/80532\/revisions"}],"predecessor-version":[{"id":80604,"href":"https:\/\/www.almega.se\/api\/wp\/v2\/posts\/80532\/revisions\/80604"}],"wp:featuredmedia":[{"embeddable":true,"href":"https:\/\/www.almega.se\/api\/wp\/v2\/media\/80533"}],"wp:attachment":[{"href":"https:\/\/www.almega.se\/api\/wp\/v2\/media?parent=80532"}],"wp:term":[{"taxonomy":"category","embeddable":true,"href":"https:\/\/www.almega.se\/api\/wp\/v2\/categories?post=80532"},{"taxonomy":"post_tag","embeddable":true,"href":"https:\/\/www.almega.se\/api\/wp\/v2\/tags?post=80532"},{"taxonomy":"type","embeddable":true,"href":"https:\/\/www.almega.se\/api\/wp\/v2\/article_type?post=80532"},{"taxonomy":"agreement","embeddable":true,"href":"https:\/\/www.almega.se\/api\/wp\/v2\/agreement?post=80532"}],"curies":[{"name":"wp","href":"https:\/\/api.w.org\/{rel}","templated":true}]}}