{"id":80472,"date":"2025-06-09T13:36:35","date_gmt":"2025-06-09T11:36:35","guid":{"rendered":"https:\/\/www.almega.se\/?p=80472"},"modified":"2025-06-09T13:36:36","modified_gmt":"2025-06-09T11:36:36","slug":"nya-kollektivavtal-for-hastbranschen","status":"publish","type":"post","link":"https:\/\/www.almega.se\/2025\/06\/nya-kollektivavtal-for-hastbranschen\/","title":{"rendered":"Nya kollektivavtal f\u00f6r h\u00e4st&shy;branschen"},"content":{"rendered":"<p style=\"font-weight: 400\"><strong><em>Almega\u00a0tj\u00e4nstef\u00f6retagen\u00a0har, tillsammans med fastighetsanst\u00e4lldas f\u00f6rbund, tr\u00e4ffat\u00a0tre\u00a0nya kollektivavtal f\u00f6r\u00a0ridl\u00e4rare, h\u00e4stsk\u00f6tare och \u00f6vrig personal hos ridhusf\u00f6retag,\u00a0banarbetare vid\u00a0travbanor samt\u00a0h\u00e4stsk\u00f6tare hos\u00a0travtr\u00e4nare. De nya avtalen\u00a0l\u00f6per p\u00e5 24 m\u00e5nader och har ett avtalsv\u00e4rde p\u00e5 6,4 procent.\u00a0<\/em><\/strong><\/p>\n\n<p>\u2013 Vi har efter konstruktiva f\u00f6rhandlingar tecknat avtal inom de ramar, det s\u00e5 kallade m\u00e4rket, som arbetsmarknadens parter \u00e4r \u00f6verens om, s\u00e4ger Catarina Johansson ansvarig f\u00f6rhandlare p\u00e5 Almega Tj\u00e4nstef\u00f6retagen.<\/p>\n\n\n\n<p>Kollektivavtalet ber\u00f6r&nbsp;ca&nbsp;1 300&nbsp;anst\u00e4llda medarbetare i&nbsp;227&nbsp;f\u00f6retag.<\/p>\n\n\n\n<p><em>Attraktiva och branschanpassade villkor \u00e4r avg\u00f6rande f\u00f6r tj\u00e4nstesektorns framg\u00e5ng och Almega str\u00e4var alltid efter att skapa de b\u00e4sta f\u00f6ruts\u00e4ttningarna f\u00f6r b\u00e5de arbetsgivare och medarbetare. Under avtalsr\u00f6relsen 2025 tecknar Almega sammanlagt 125 avtal, flest av alla arbetsgivarorganisationer.<\/em><\/p>\n","protected":false},"excerpt":{"rendered":"<p>\u2013 Vi har efter konstruktiva f\u00f6rhandlingar tecknat avtal inom de ramar, det s\u00e5 kallade m\u00e4rket, som arbetsmarknadens parter \u00e4r \u00f6verens om, s\u00e4ger Catarina Johansson ansvarig f\u00f6rhandlare p\u00e5 Almega Tj\u00e4nstef\u00f6retagen. Kollektivavtalet ber\u00f6r&nbsp;ca&nbsp;1 300&nbsp;anst\u00e4llda medarbetare i&nbsp;227&nbsp;f\u00f6retag. Attraktiva &hellip;<\/p>\n","protected":false},"author":3380,"featured_media":80473,"comment_status":"closed","ping_status":"closed","sticky":false,"template":"","format":"standard","meta":{"_acf_changed":false,"footnotes":""},"categories":[636],"tags":[780],"article_type":[],"agreement":[],"class_list":["post-80472","post","type-post","status-publish","format-standard","has-post-thumbnail","hentry","category-avtalsrorelse","tag-avtalsrorelsen-2025"],"acf":[],"yoast_head":"<!-- This site is optimized with the Yoast SEO Premium plugin v26.8 (Yoast SEO v26.8) - https:\/\/yoast.com\/product\/yoast-seo-premium-wordpress\/ -->\n<title>Nya kollektivavtal f\u00f6r h\u00e4stbranschen | Almega<\/title>\n<meta name=\"robots\" content=\"index, follow, max-snippet:-1, max-image-preview:large, max-video-preview:-1\" \/>\n<link rel=\"canonical\" href=\"https:\/\/www.almega.se\/2025\/06\/nya-kollektivavtal-for-hastbranschen\/\" \/>\n<meta property=\"og:locale\" content=\"sv_SE\" \/>\n<meta property=\"og:type\" content=\"article\" \/>\n<meta property=\"og:title\" content=\"Nya kollektivavtal f\u00f6r h\u00e4stbranschen\" \/>\n<meta property=\"og:description\" content=\"\u2013 Vi har efter konstruktiva f\u00f6rhandlingar tecknat avtal inom de ramar, det s\u00e5 kallade m\u00e4rket, som arbetsmarknadens parter \u00e4r \u00f6verens om, s\u00e4ger Catarina Johansson ansvarig f\u00f6rhandlare p\u00e5 Almega Tj\u00e4nstef\u00f6retagen. Kollektivavtalet ber\u00f6r&nbsp;ca&nbsp;1 300&nbsp;anst\u00e4llda medarbetare i&nbsp;227&nbsp;f\u00f6retag. Attraktiva &hellip;\" \/>\n<meta property=\"og:url\" content=\"https:\/\/www.almega.se\/2025\/06\/nya-kollektivavtal-for-hastbranschen\/\" \/>\n<meta property=\"og:site_name\" content=\"Almega\" \/>\n<meta property=\"article:published_time\" content=\"2025-06-09T11:36:35+00:00\" \/>\n<meta property=\"article:modified_time\" content=\"2025-06-09T11:36:36+00:00\" \/>\n<meta property=\"og:image\" content=\"https:\/\/www.almega.se\/app\/uploads\/2025\/06\/catarina-j-kopia-580x531-1.jpg\" \/>\n\t<meta property=\"og:image:width\" content=\"580\" \/>\n\t<meta property=\"og:image:height\" content=\"531\" \/>\n\t<meta property=\"og:image:type\" content=\"image\/jpeg\" \/>\n<meta name=\"author\" content=\"Marianne Ahlgren\" \/>\n<meta name=\"twitter:card\" content=\"summary_large_image\" \/>\n<meta name=\"twitter:label1\" content=\"Skriven av\" \/>\n\t<meta name=\"twitter:data1\" content=\"Marianne Ahlgren\" \/>\n\t<meta name=\"twitter:label2\" content=\"Ber\u00e4knad l\u00e4stid\" \/>\n\t<meta name=\"twitter:data2\" content=\"1 minut\" \/>\n<!-- \/ Yoast SEO Premium plugin. -->","yoast_head_json":{"title":"Nya kollektivavtal f\u00f6r h\u00e4stbranschen | Almega","robots":{"index":"index","follow":"follow","max-snippet":"max-snippet:-1","max-image-preview":"max-image-preview:large","max-video-preview":"max-video-preview:-1"},"canonical":"https:\/\/www.almega.se\/2025\/06\/nya-kollektivavtal-for-hastbranschen\/","og_locale":"sv_SE","og_type":"article","og_title":"Nya kollektivavtal f\u00f6r h\u00e4stbranschen","og_description":"\u2013 Vi har efter konstruktiva f\u00f6rhandlingar tecknat avtal inom de ramar, det s\u00e5 kallade m\u00e4rket, som arbetsmarknadens parter \u00e4r \u00f6verens om, s\u00e4ger Catarina Johansson ansvarig f\u00f6rhandlare p\u00e5 Almega Tj\u00e4nstef\u00f6retagen. Kollektivavtalet ber\u00f6r&nbsp;ca&nbsp;1 300&nbsp;anst\u00e4llda medarbetare i&nbsp;227&nbsp;f\u00f6retag. Attraktiva &hellip;","og_url":"https:\/\/www.almega.se\/2025\/06\/nya-kollektivavtal-for-hastbranschen\/","og_site_name":"Almega","article_published_time":"2025-06-09T11:36:35+00:00","article_modified_time":"2025-06-09T11:36:36+00:00","og_image":[{"width":580,"height":531,"url":"https:\/\/www.almega.se\/app\/uploads\/2025\/06\/catarina-j-kopia-580x531-1.jpg","type":"image\/jpeg"}],"author":"Marianne Ahlgren","twitter_card":"summary_large_image","twitter_misc":{"Skriven av":"Marianne Ahlgren","Ber\u00e4knad l\u00e4stid":"1 minut"},"schema":{"@context":"https:\/\/schema.org","@graph":[{"@type":"NewsArticle","@id":"https:\/\/www.almega.se\/2025\/06\/nya-kollektivavtal-for-hastbranschen\/#article","isPartOf":{"@id":"https:\/\/www.almega.se\/2025\/06\/nya-kollektivavtal-for-hastbranschen\/"},"author":{"name":"Marianne Ahlgren","@id":"https:\/\/www.almega.se\/#\/schema\/person\/860599f2ded56005a909a04b92cf7035"},"headline":"Nya kollektivavtal f\u00f6r h\u00e4st&shy;branschen","datePublished":"2025-06-09T11:36:35+00:00","dateModified":"2025-06-09T11:36:36+00:00","mainEntityOfPage":{"@id":"https:\/\/www.almega.se\/2025\/06\/nya-kollektivavtal-for-hastbranschen\/"},"wordCount":100,"image":{"@id":"https:\/\/www.almega.se\/2025\/06\/nya-kollektivavtal-for-hastbranschen\/#primaryimage"},"thumbnailUrl":"https:\/\/www.almega.se\/app\/uploads\/2025\/06\/catarina-j-kopia-580x531-1.jpg","keywords":["avtalsr\u00f6relsen 2025"],"articleSection":["Avtalsr\u00f6relse"],"inLanguage":"sv-SE"},{"@type":"WebPage","@id":"https:\/\/www.almega.se\/2025\/06\/nya-kollektivavtal-for-hastbranschen\/","url":"https:\/\/www.almega.se\/2025\/06\/nya-kollektivavtal-for-hastbranschen\/","name":"Nya kollektivavtal f\u00f6r h\u00e4stbranschen | Almega","isPartOf":{"@id":"https:\/\/www.almega.se\/#website"},"primaryImageOfPage":{"@id":"https:\/\/www.almega.se\/2025\/06\/nya-kollektivavtal-for-hastbranschen\/#primaryimage"},"image":{"@id":"https:\/\/www.almega.se\/2025\/06\/nya-kollektivavtal-for-hastbranschen\/#primaryimage"},"thumbnailUrl":"https:\/\/www.almega.se\/app\/uploads\/2025\/06\/catarina-j-kopia-580x531-1.jpg","datePublished":"2025-06-09T11:36:35+00:00","dateModified":"2025-06-09T11:36:36+00:00","author":{"@id":"https:\/\/www.almega.se\/#\/schema\/person\/860599f2ded56005a909a04b92cf7035"},"breadcrumb":{"@id":"https:\/\/www.almega.se\/2025\/06\/nya-kollektivavtal-for-hastbranschen\/#breadcrumb"},"inLanguage":"sv-SE","potentialAction":[{"@type":"ReadAction","target":["https:\/\/www.almega.se\/2025\/06\/nya-kollektivavtal-for-hastbranschen\/"]}]},{"@type":"ImageObject","inLanguage":"sv-SE","@id":"https:\/\/www.almega.se\/2025\/06\/nya-kollektivavtal-for-hastbranschen\/#primaryimage","url":"https:\/\/www.almega.se\/app\/uploads\/2025\/06\/catarina-j-kopia-580x531-1.jpg","contentUrl":"https:\/\/www.almega.se\/app\/uploads\/2025\/06\/catarina-j-kopia-580x531-1.jpg","width":580,"height":531},{"@type":"BreadcrumbList","@id":"https:\/\/www.almega.se\/2025\/06\/nya-kollektivavtal-for-hastbranschen\/#breadcrumb","itemListElement":[{"@type":"ListItem","position":1,"name":"Home","item":"https:\/\/www.almega.se\/"},{"@type":"ListItem","position":2,"name":"Nya kollektivavtal f\u00f6r h\u00e4st&shy;branschen"}]},{"@type":"WebSite","@id":"https:\/\/www.almega.se\/#website","url":"https:\/\/www.almega.se\/","name":"Almega","description":"","potentialAction":[{"@type":"SearchAction","target":{"@type":"EntryPoint","urlTemplate":"https:\/\/www.almega.se\/?s={search_term_string}"},"query-input":{"@type":"PropertyValueSpecification","valueRequired":true,"valueName":"search_term_string"}}],"inLanguage":"sv-SE"},{"@type":"Person","@id":"https:\/\/www.almega.se\/#\/schema\/person\/860599f2ded56005a909a04b92cf7035","name":"Marianne Ahlgren","image":{"@type":"ImageObject","inLanguage":"sv-SE","@id":"https:\/\/www.almega.se\/#\/schema\/person\/image\/","url":"https:\/\/secure.gravatar.com\/avatar\/4c350e8b0dd656a6bbe04785780665ac53c7b373c038b1140ce3ae5e8cb21bef?s=96&d=mm&r=g","contentUrl":"https:\/\/secure.gravatar.com\/avatar\/4c350e8b0dd656a6bbe04785780665ac53c7b373c038b1140ce3ae5e8cb21bef?s=96&d=mm&r=g","caption":"Marianne Ahlgren"},"url":"https:\/\/www.almega.se\/person\/marianneahlgren\/"}]}},"_links":{"self":[{"href":"https:\/\/www.almega.se\/api\/wp\/v2\/posts\/80472","targetHints":{"allow":["GET"]}}],"collection":[{"href":"https:\/\/www.almega.se\/api\/wp\/v2\/posts"}],"about":[{"href":"https:\/\/www.almega.se\/api\/wp\/v2\/types\/post"}],"author":[{"embeddable":true,"href":"https:\/\/www.almega.se\/api\/wp\/v2\/users\/3380"}],"replies":[{"embeddable":true,"href":"https:\/\/www.almega.se\/api\/wp\/v2\/comments?post=80472"}],"version-history":[{"count":1,"href":"https:\/\/www.almega.se\/api\/wp\/v2\/posts\/80472\/revisions"}],"predecessor-version":[{"id":80474,"href":"https:\/\/www.almega.se\/api\/wp\/v2\/posts\/80472\/revisions\/80474"}],"wp:featuredmedia":[{"embeddable":true,"href":"https:\/\/www.almega.se\/api\/wp\/v2\/media\/80473"}],"wp:attachment":[{"href":"https:\/\/www.almega.se\/api\/wp\/v2\/media?parent=80472"}],"wp:term":[{"taxonomy":"category","embeddable":true,"href":"https:\/\/www.almega.se\/api\/wp\/v2\/categories?post=80472"},{"taxonomy":"post_tag","embeddable":true,"href":"https:\/\/www.almega.se\/api\/wp\/v2\/tags?post=80472"},{"taxonomy":"type","embeddable":true,"href":"https:\/\/www.almega.se\/api\/wp\/v2\/article_type?post=80472"},{"taxonomy":"agreement","embeddable":true,"href":"https:\/\/www.almega.se\/api\/wp\/v2\/agreement?post=80472"}],"curies":[{"name":"wp","href":"https:\/\/api.w.org\/{rel}","templated":true}]}}