{"id":80294,"date":"2025-06-05T15:30:00","date_gmt":"2025-06-05T13:30:00","guid":{"rendered":"https:\/\/www.almega.se\/2025\/06\/almega-tjansteforbunden-tecknar-nytt-kollektivavtal-for-tjansteman-inom-fastigheter\/"},"modified":"2025-06-05T15:39:13","modified_gmt":"2025-06-05T13:39:13","slug":"almega-tjansteforbunden-tecknar-nytt-kollektivavtal-for-tjansteman-inom-fastigheter","status":"publish","type":"post","link":"https:\/\/www.almega.se\/2025\/06\/almega-tjansteforbunden-tecknar-nytt-kollektivavtal-for-tjansteman-inom-fastigheter\/","title":{"rendered":"Almega Tj\u00e4nste&shy;f\u00f6rbunden tecknar nytt kollektivavtal f\u00f6r tj\u00e4nstem\u00e4n inom Fastigheter"},"content":{"rendered":"\n<p class=\"intro\">Almega Tj\u00e4nstef\u00f6rbunden har tecknat nytt kollektivavtal f\u00f6r tj\u00e4nstem\u00e4n inom Fastigheter. Det nya avtalet str\u00e4cker sig \u00f6ver 24 m\u00e5nader och den totala kostnadsramen \u00e4r 6,4 procent.\u00a0Fackliga parter i avtalet \u00e4r Ledarna, Sveriges Ingenj\u00f6rer, Unionen och SEKO.<\/p>\n<p>\u2013 F\u00f6rhandlingarna resulterat branschanpassade villkor som fungerar f\u00f6r s\u00e5v\u00e4l tj\u00e4nstem\u00e4nnen som arbetsgivarna Det s\u00e4ger\u00a0<strong>Stefan Lennstr\u00f6m\u00a0<\/strong>som\u00a0\u00e4r ansvarig f\u00f6rhandlare f\u00f6r fastighetsavtalet p\u00e5 Almega Tj\u00e4nstef\u00f6rbunden.<\/p>\n<p>Kollektivavtalet ber\u00f6r cirka 9 700 \u00e5rsanst\u00e4llda vid 1 050 f\u00f6retag.<\/p>\n<p>Almega str\u00e4var efter de b\u00e4sta f\u00f6ruts\u00e4ttningarna f\u00f6r b\u00e5de f\u00f6retagare och medarbetare. Att erbjuda attraktiva villkor \u00e4r avg\u00f6rande f\u00f6r tj\u00e4nste\u00adf\u00f6retagens framg\u00e5ng. Tillsammans skapar vi en bra arbetsmarknad: under avtalsf\u00f6rhandlingarna, men framf\u00f6r allt varje dag p\u00e5 arbetsplatserna i samtal mellan f\u00f6retagare och medarbetare.<\/p>\n<p>I avtalsr\u00f6relsen 2025 tecknar Almega sammanlagt 125 avtal, flest av alla arbetsgivarorganisationer.<\/p>\n\n","protected":false},"excerpt":{"rendered":"<p>Almega Tj\u00e4nstef\u00f6rbunden har tecknat nytt kollektivavtal f\u00f6r tj\u00e4nstem\u00e4n inom Fastigheter. Det nya avtalet str\u00e4cker sig \u00f6ver 24 m\u00e5nader och den totala kostnadsramen \u00e4r 6,4 procent.\u00a0Fackliga parter i avtalet \u00e4r Ledarna, Sveriges Ingenj\u00f6rer, Unionen och SEKO.<\/p>\n","protected":false},"author":3380,"featured_media":80295,"comment_status":"closed","ping_status":"closed","sticky":false,"template":"","format":"standard","meta":{"_acf_changed":false,"footnotes":""},"categories":[636],"tags":[780],"article_type":[93],"agreement":[],"class_list":["post-80294","post","type-post","status-publish","format-standard","has-post-thumbnail","hentry","category-avtalsrorelse","tag-avtalsrorelsen-2025","type-pressmeddelanden"],"acf":[],"yoast_head":"<!-- This site is optimized with the Yoast SEO Premium plugin v26.8 (Yoast SEO v26.8) - https:\/\/yoast.com\/product\/yoast-seo-premium-wordpress\/ -->\n<title>Almega Tj\u00e4nstef\u00f6rbunden tecknar nytt kollektivavtal f\u00f6r tj\u00e4nstem\u00e4n inom Fastigheter | Almega<\/title>\n<meta name=\"robots\" content=\"index, follow, max-snippet:-1, max-image-preview:large, max-video-preview:-1\" \/>\n<link rel=\"canonical\" href=\"https:\/\/www.almega.se\/2025\/06\/almega-tjansteforbunden-tecknar-nytt-kollektivavtal-for-tjansteman-inom-fastigheter\/\" \/>\n<meta property=\"og:locale\" content=\"sv_SE\" \/>\n<meta property=\"og:type\" content=\"article\" \/>\n<meta property=\"og:title\" content=\"Almega Tj\u00e4nstef\u00f6rbunden tecknar nytt kollektivavtal f\u00f6r tj\u00e4nstem\u00e4n inom Fastigheter\" \/>\n<meta property=\"og:description\" content=\"Almega Tj\u00e4nstef\u00f6rbunden har tecknat nytt kollektivavtal f\u00f6r tj\u00e4nstem\u00e4n inom Fastigheter. Det nya avtalet str\u00e4cker sig \u00f6ver 24 m\u00e5nader och den totala kostnadsramen \u00e4r 6,4 procent.\u00a0Fackliga parter i avtalet \u00e4r Ledarna, Sveriges Ingenj\u00f6rer, Unionen och SEKO.\" \/>\n<meta property=\"og:url\" content=\"https:\/\/www.almega.se\/2025\/06\/almega-tjansteforbunden-tecknar-nytt-kollektivavtal-for-tjansteman-inom-fastigheter\/\" \/>\n<meta property=\"og:site_name\" content=\"Almega\" \/>\n<meta property=\"article:published_time\" content=\"2025-06-05T13:30:00+00:00\" \/>\n<meta property=\"article:modified_time\" content=\"2025-06-05T13:39:13+00:00\" \/>\n<meta property=\"og:image\" content=\"https:\/\/www.almega.se\/app\/uploads\/2025\/06\/649f72bb-3924-438a-98c5-26a5904c522c.jpg\" \/>\n\t<meta property=\"og:image:width\" content=\"2048\" \/>\n\t<meta property=\"og:image:height\" content=\"1365\" \/>\n\t<meta property=\"og:image:type\" content=\"image\/jpeg\" \/>\n<meta name=\"author\" content=\"Marianne Ahlgren\" \/>\n<meta name=\"twitter:card\" content=\"summary_large_image\" \/>\n<meta name=\"twitter:label1\" content=\"Skriven av\" \/>\n\t<meta name=\"twitter:data1\" content=\"Marianne Ahlgren\" \/>\n\t<meta name=\"twitter:label2\" content=\"Ber\u00e4knad l\u00e4stid\" \/>\n\t<meta name=\"twitter:data2\" content=\"1 minut\" \/>\n<!-- \/ Yoast SEO Premium plugin. -->","yoast_head_json":{"title":"Almega Tj\u00e4nstef\u00f6rbunden tecknar nytt kollektivavtal f\u00f6r tj\u00e4nstem\u00e4n inom Fastigheter | Almega","robots":{"index":"index","follow":"follow","max-snippet":"max-snippet:-1","max-image-preview":"max-image-preview:large","max-video-preview":"max-video-preview:-1"},"canonical":"https:\/\/www.almega.se\/2025\/06\/almega-tjansteforbunden-tecknar-nytt-kollektivavtal-for-tjansteman-inom-fastigheter\/","og_locale":"sv_SE","og_type":"article","og_title":"Almega Tj\u00e4nstef\u00f6rbunden tecknar nytt kollektivavtal f\u00f6r tj\u00e4nstem\u00e4n inom Fastigheter","og_description":"Almega Tj\u00e4nstef\u00f6rbunden har tecknat nytt kollektivavtal f\u00f6r tj\u00e4nstem\u00e4n inom Fastigheter. Det nya avtalet str\u00e4cker sig \u00f6ver 24 m\u00e5nader och den totala kostnadsramen \u00e4r 6,4 procent.\u00a0Fackliga parter i avtalet \u00e4r Ledarna, Sveriges Ingenj\u00f6rer, Unionen och SEKO.","og_url":"https:\/\/www.almega.se\/2025\/06\/almega-tjansteforbunden-tecknar-nytt-kollektivavtal-for-tjansteman-inom-fastigheter\/","og_site_name":"Almega","article_published_time":"2025-06-05T13:30:00+00:00","article_modified_time":"2025-06-05T13:39:13+00:00","og_image":[{"width":2048,"height":1365,"url":"https:\/\/www.almega.se\/app\/uploads\/2025\/06\/649f72bb-3924-438a-98c5-26a5904c522c.jpg","type":"image\/jpeg"}],"author":"Marianne Ahlgren","twitter_card":"summary_large_image","twitter_misc":{"Skriven av":"Marianne Ahlgren","Ber\u00e4knad l\u00e4stid":"1 minut"},"schema":{"@context":"https:\/\/schema.org","@graph":[{"@type":"NewsArticle","@id":"https:\/\/www.almega.se\/2025\/06\/almega-tjansteforbunden-tecknar-nytt-kollektivavtal-for-tjansteman-inom-fastigheter\/#article","isPartOf":{"@id":"https:\/\/www.almega.se\/2025\/06\/almega-tjansteforbunden-tecknar-nytt-kollektivavtal-for-tjansteman-inom-fastigheter\/"},"author":{"name":"Marianne Ahlgren","@id":"https:\/\/www.almega.se\/#\/schema\/person\/860599f2ded56005a909a04b92cf7035"},"headline":"Almega Tj\u00e4nste&shy;f\u00f6rbunden tecknar nytt kollektivavtal f\u00f6r tj\u00e4nstem\u00e4n inom Fastigheter","datePublished":"2025-06-05T13:30:00+00:00","dateModified":"2025-06-05T13:39:13+00:00","mainEntityOfPage":{"@id":"https:\/\/www.almega.se\/2025\/06\/almega-tjansteforbunden-tecknar-nytt-kollektivavtal-for-tjansteman-inom-fastigheter\/"},"wordCount":169,"image":{"@id":"https:\/\/www.almega.se\/2025\/06\/almega-tjansteforbunden-tecknar-nytt-kollektivavtal-for-tjansteman-inom-fastigheter\/#primaryimage"},"thumbnailUrl":"https:\/\/www.almega.se\/app\/uploads\/2025\/06\/649f72bb-3924-438a-98c5-26a5904c522c.jpg","keywords":["avtalsr\u00f6relsen 2025"],"articleSection":["Avtalsr\u00f6relse"],"inLanguage":"sv-SE"},{"@type":"WebPage","@id":"https:\/\/www.almega.se\/2025\/06\/almega-tjansteforbunden-tecknar-nytt-kollektivavtal-for-tjansteman-inom-fastigheter\/","url":"https:\/\/www.almega.se\/2025\/06\/almega-tjansteforbunden-tecknar-nytt-kollektivavtal-for-tjansteman-inom-fastigheter\/","name":"Almega Tj\u00e4nstef\u00f6rbunden tecknar nytt kollektivavtal f\u00f6r tj\u00e4nstem\u00e4n inom Fastigheter | Almega","isPartOf":{"@id":"https:\/\/www.almega.se\/#website"},"primaryImageOfPage":{"@id":"https:\/\/www.almega.se\/2025\/06\/almega-tjansteforbunden-tecknar-nytt-kollektivavtal-for-tjansteman-inom-fastigheter\/#primaryimage"},"image":{"@id":"https:\/\/www.almega.se\/2025\/06\/almega-tjansteforbunden-tecknar-nytt-kollektivavtal-for-tjansteman-inom-fastigheter\/#primaryimage"},"thumbnailUrl":"https:\/\/www.almega.se\/app\/uploads\/2025\/06\/649f72bb-3924-438a-98c5-26a5904c522c.jpg","datePublished":"2025-06-05T13:30:00+00:00","dateModified":"2025-06-05T13:39:13+00:00","author":{"@id":"https:\/\/www.almega.se\/#\/schema\/person\/860599f2ded56005a909a04b92cf7035"},"breadcrumb":{"@id":"https:\/\/www.almega.se\/2025\/06\/almega-tjansteforbunden-tecknar-nytt-kollektivavtal-for-tjansteman-inom-fastigheter\/#breadcrumb"},"inLanguage":"sv-SE","potentialAction":[{"@type":"ReadAction","target":["https:\/\/www.almega.se\/2025\/06\/almega-tjansteforbunden-tecknar-nytt-kollektivavtal-for-tjansteman-inom-fastigheter\/"]}]},{"@type":"ImageObject","inLanguage":"sv-SE","@id":"https:\/\/www.almega.se\/2025\/06\/almega-tjansteforbunden-tecknar-nytt-kollektivavtal-for-tjansteman-inom-fastigheter\/#primaryimage","url":"https:\/\/www.almega.se\/app\/uploads\/2025\/06\/649f72bb-3924-438a-98c5-26a5904c522c.jpg","contentUrl":"https:\/\/www.almega.se\/app\/uploads\/2025\/06\/649f72bb-3924-438a-98c5-26a5904c522c.jpg","width":2048,"height":1365,"caption":"649f72bb-3924-438a-98c5-26a5904c522c.jpg"},{"@type":"BreadcrumbList","@id":"https:\/\/www.almega.se\/2025\/06\/almega-tjansteforbunden-tecknar-nytt-kollektivavtal-for-tjansteman-inom-fastigheter\/#breadcrumb","itemListElement":[{"@type":"ListItem","position":1,"name":"Home","item":"https:\/\/www.almega.se\/"},{"@type":"ListItem","position":2,"name":"Almega Tj\u00e4nste&shy;f\u00f6rbunden tecknar nytt kollektivavtal f\u00f6r tj\u00e4nstem\u00e4n inom Fastigheter"}]},{"@type":"WebSite","@id":"https:\/\/www.almega.se\/#website","url":"https:\/\/www.almega.se\/","name":"Almega","description":"","potentialAction":[{"@type":"SearchAction","target":{"@type":"EntryPoint","urlTemplate":"https:\/\/www.almega.se\/?s={search_term_string}"},"query-input":{"@type":"PropertyValueSpecification","valueRequired":true,"valueName":"search_term_string"}}],"inLanguage":"sv-SE"},{"@type":"Person","@id":"https:\/\/www.almega.se\/#\/schema\/person\/860599f2ded56005a909a04b92cf7035","name":"Marianne Ahlgren","image":{"@type":"ImageObject","inLanguage":"sv-SE","@id":"https:\/\/www.almega.se\/#\/schema\/person\/image\/","url":"https:\/\/secure.gravatar.com\/avatar\/4c350e8b0dd656a6bbe04785780665ac53c7b373c038b1140ce3ae5e8cb21bef?s=96&d=mm&r=g","contentUrl":"https:\/\/secure.gravatar.com\/avatar\/4c350e8b0dd656a6bbe04785780665ac53c7b373c038b1140ce3ae5e8cb21bef?s=96&d=mm&r=g","caption":"Marianne Ahlgren"},"url":"https:\/\/www.almega.se\/person\/marianneahlgren\/"}]}},"_links":{"self":[{"href":"https:\/\/www.almega.se\/api\/wp\/v2\/posts\/80294","targetHints":{"allow":["GET"]}}],"collection":[{"href":"https:\/\/www.almega.se\/api\/wp\/v2\/posts"}],"about":[{"href":"https:\/\/www.almega.se\/api\/wp\/v2\/types\/post"}],"author":[{"embeddable":true,"href":"https:\/\/www.almega.se\/api\/wp\/v2\/users\/3380"}],"replies":[{"embeddable":true,"href":"https:\/\/www.almega.se\/api\/wp\/v2\/comments?post=80294"}],"version-history":[{"count":1,"href":"https:\/\/www.almega.se\/api\/wp\/v2\/posts\/80294\/revisions"}],"predecessor-version":[{"id":80296,"href":"https:\/\/www.almega.se\/api\/wp\/v2\/posts\/80294\/revisions\/80296"}],"wp:featuredmedia":[{"embeddable":true,"href":"https:\/\/www.almega.se\/api\/wp\/v2\/media\/80295"}],"wp:attachment":[{"href":"https:\/\/www.almega.se\/api\/wp\/v2\/media?parent=80294"}],"wp:term":[{"taxonomy":"category","embeddable":true,"href":"https:\/\/www.almega.se\/api\/wp\/v2\/categories?post=80294"},{"taxonomy":"post_tag","embeddable":true,"href":"https:\/\/www.almega.se\/api\/wp\/v2\/tags?post=80294"},{"taxonomy":"type","embeddable":true,"href":"https:\/\/www.almega.se\/api\/wp\/v2\/article_type?post=80294"},{"taxonomy":"agreement","embeddable":true,"href":"https:\/\/www.almega.se\/api\/wp\/v2\/agreement?post=80294"}],"curies":[{"name":"wp","href":"https:\/\/api.w.org\/{rel}","templated":true}]}}