{"id":80187,"date":"2025-06-04T10:32:41","date_gmt":"2025-06-04T08:32:41","guid":{"rendered":"https:\/\/www.almega.se\/2025\/06\/medlare-utsedda-i-varslad-konflikt-pa-serviceentreprenad\/"},"modified":"2025-06-04T10:34:48","modified_gmt":"2025-06-04T08:34:48","slug":"medlare-utsedda-i-varslad-konflikt-pa-serviceentreprenad","status":"publish","type":"post","link":"https:\/\/www.almega.se\/2025\/06\/medlare-utsedda-i-varslad-konflikt-pa-serviceentreprenad\/","title":{"rendered":"Medlare utsedda i varslad konflikt p\u00e5 Serviceentreprenad"},"content":{"rendered":"\n<p class=\"intro\">Fackf\u00f6rbunden Fastighetsanst\u00e4lldas f\u00f6rbund och SEKO varslade i g\u00e5r om konflikt p\u00e5 avtalet Serviceentreprenad. \u201dBeklagligt att Fastighets och Seko inte ville forts\u00e4tta f\u00f6rhandla. Nu hoppas vi att medlarna kan bidra till att den varslade strejken inte bryter ut.\u201d Det s\u00e4ger Servicef\u00f6retagens chef Martin Stenmo.<\/p>\n<p>\u2013 Vi har erbjudit v\u00e5ra fackliga motparter samma l\u00f6sningar som alla andra har p\u00e5 den svenska arbetsmarknaden, men de har valt att g\u00e5 konfliktv\u00e4gen i st\u00e4llet. Det har varit ett utmanande f\u00f6rhandlingsklimat och vi st\u00e5r tyv\u00e4rr l\u00e5ngt ifr\u00e5n varandra. Vi hade g\u00e4rna fortsatt f\u00f6rhandlingarna med m\u00e5l att komma \u00f6verens om ett nytt avtal inom de ramar som arbetsmarknadens parter best\u00e4mt tillsammans, det s\u00e5 kallade m\u00e4rket.<\/p>\n<p>Kollektivavtalet l\u00f6pte ut den 31 maj och varslet kom den 3 juni. Medlingsinstitutet har nu utsett de tre medlarna Robert Sch\u00f6n, Gerald Lindberg och Lenita Granlund. Robert Sch\u00f6n var tidigare vice vd i Industriarbetsgivarna, Gerald Lindberg var tidigare andre ordf\u00f6rande i Livsmedelsarbetaref\u00f6rbundet och Lenita Granlund var tidigare avtalssekreterare i Kommunal.\u00a0<\/p>\n<p>\u2013 Vi ser positivt p\u00e5 att f\u00f6rhandlingarna nu tas \u00f6ver av tre erfarna medlare och vi hoppas och tror att de kommer att kunna bidra till ett nytt kollektivavtal innan Fastighets och SEKOs oansvariga varsel tr\u00e4der i kraft.<\/p>\n<p>Varslet ber\u00f6r sju medlemsf\u00f6retag inom Almega Servicef\u00f6retagen som alla utf\u00f6r st\u00e4dtj\u00e4nster p\u00e5 ett antal f\u00f6retag brett inom svenskt n\u00e4ringsliv. Om parterna inte kommer \u00f6verens bryter strejken ut den 16 juni.<\/p>\n<p>\u2013 Jag hoppas att v\u00e5ra fackliga motparter nu tar sitt ansvar och accepterar samma typ av l\u00f6sningar som parterna \u00e4r \u00f6verens om och som alla andra har p\u00e5 den svenska arbetsmarknaden, avslutar Martin Stenmo. \u00a0<\/p>\n\n","protected":false},"excerpt":{"rendered":"<p>Fackf\u00f6rbunden Fastighetsanst\u00e4lldas f\u00f6rbund och SEKO varslade i g\u00e5r om konflikt p\u00e5 avtalet Serviceentreprenad. \u201dBeklagligt att Fastighets och Seko inte ville forts\u00e4tta f\u00f6rhandla. Nu hoppas vi att medlarna kan bidra till att den varslade strejken inte bryter ut.\u201d Det s\u00e4ger Servicef\u00f6retagens chef Martin Stenmo.<\/p>\n","protected":false},"author":3380,"featured_media":80188,"comment_status":"closed","ping_status":"closed","sticky":false,"template":"","format":"standard","meta":{"_acf_changed":false,"footnotes":""},"categories":[636],"tags":[779],"article_type":[93],"agreement":[],"class_list":["post-80187","post","type-post","status-publish","format-standard","has-post-thumbnail","hentry","category-avtalsrorelse","tag-avtalsrorelsen","type-pressmeddelanden"],"acf":[],"yoast_head":"<!-- This site is optimized with the Yoast SEO Premium plugin v26.8 (Yoast SEO v26.8) - https:\/\/yoast.com\/product\/yoast-seo-premium-wordpress\/ -->\n<title>Medlare utsedda i varslad konflikt p\u00e5 Serviceentreprenad | Almega<\/title>\n<meta name=\"robots\" content=\"index, follow, max-snippet:-1, max-image-preview:large, max-video-preview:-1\" \/>\n<link rel=\"canonical\" href=\"https:\/\/www.almega.se\/2025\/06\/medlare-utsedda-i-varslad-konflikt-pa-serviceentreprenad\/\" \/>\n<meta property=\"og:locale\" content=\"sv_SE\" \/>\n<meta property=\"og:type\" content=\"article\" \/>\n<meta property=\"og:title\" content=\"Medlare utsedda i varslad konflikt p\u00e5 Serviceentreprenad\" \/>\n<meta property=\"og:description\" content=\"Fackf\u00f6rbunden Fastighetsanst\u00e4lldas f\u00f6rbund och SEKO varslade i g\u00e5r om konflikt p\u00e5 avtalet Serviceentreprenad. \u201dBeklagligt att Fastighets och Seko inte ville forts\u00e4tta f\u00f6rhandla. Nu hoppas vi att medlarna kan bidra till att den varslade strejken inte bryter ut.\u201d Det s\u00e4ger Servicef\u00f6retagens chef Martin Stenmo.\" \/>\n<meta property=\"og:url\" content=\"https:\/\/www.almega.se\/2025\/06\/medlare-utsedda-i-varslad-konflikt-pa-serviceentreprenad\/\" \/>\n<meta property=\"og:site_name\" content=\"Almega\" \/>\n<meta property=\"article:published_time\" content=\"2025-06-04T08:32:41+00:00\" \/>\n<meta property=\"article:modified_time\" content=\"2025-06-04T08:34:48+00:00\" \/>\n<meta property=\"og:image\" content=\"https:\/\/www.almega.se\/app\/uploads\/2025\/06\/9fa92c2d-de17-4e12-a451-fa6bb375f337-scaled.jpg\" \/>\n\t<meta property=\"og:image:width\" content=\"2560\" \/>\n\t<meta property=\"og:image:height\" content=\"1920\" \/>\n\t<meta property=\"og:image:type\" content=\"image\/jpeg\" \/>\n<meta name=\"author\" content=\"Marianne Ahlgren\" \/>\n<meta name=\"twitter:card\" content=\"summary_large_image\" \/>\n<meta name=\"twitter:label1\" content=\"Skriven av\" \/>\n\t<meta name=\"twitter:data1\" content=\"Marianne Ahlgren\" \/>\n\t<meta name=\"twitter:label2\" content=\"Ber\u00e4knad l\u00e4stid\" \/>\n\t<meta name=\"twitter:data2\" content=\"2 minuter\" \/>\n<!-- \/ Yoast SEO Premium plugin. -->","yoast_head_json":{"title":"Medlare utsedda i varslad konflikt p\u00e5 Serviceentreprenad | Almega","robots":{"index":"index","follow":"follow","max-snippet":"max-snippet:-1","max-image-preview":"max-image-preview:large","max-video-preview":"max-video-preview:-1"},"canonical":"https:\/\/www.almega.se\/2025\/06\/medlare-utsedda-i-varslad-konflikt-pa-serviceentreprenad\/","og_locale":"sv_SE","og_type":"article","og_title":"Medlare utsedda i varslad konflikt p\u00e5 Serviceentreprenad","og_description":"Fackf\u00f6rbunden Fastighetsanst\u00e4lldas f\u00f6rbund och SEKO varslade i g\u00e5r om konflikt p\u00e5 avtalet Serviceentreprenad. \u201dBeklagligt att Fastighets och Seko inte ville forts\u00e4tta f\u00f6rhandla. Nu hoppas vi att medlarna kan bidra till att den varslade strejken inte bryter ut.\u201d Det s\u00e4ger Servicef\u00f6retagens chef Martin Stenmo.","og_url":"https:\/\/www.almega.se\/2025\/06\/medlare-utsedda-i-varslad-konflikt-pa-serviceentreprenad\/","og_site_name":"Almega","article_published_time":"2025-06-04T08:32:41+00:00","article_modified_time":"2025-06-04T08:34:48+00:00","og_image":[{"width":2560,"height":1920,"url":"https:\/\/www.almega.se\/app\/uploads\/2025\/06\/9fa92c2d-de17-4e12-a451-fa6bb375f337-scaled.jpg","type":"image\/jpeg"}],"author":"Marianne Ahlgren","twitter_card":"summary_large_image","twitter_misc":{"Skriven av":"Marianne Ahlgren","Ber\u00e4knad l\u00e4stid":"2 minuter"},"schema":{"@context":"https:\/\/schema.org","@graph":[{"@type":"NewsArticle","@id":"https:\/\/www.almega.se\/2025\/06\/medlare-utsedda-i-varslad-konflikt-pa-serviceentreprenad\/#article","isPartOf":{"@id":"https:\/\/www.almega.se\/2025\/06\/medlare-utsedda-i-varslad-konflikt-pa-serviceentreprenad\/"},"author":{"name":"Marianne Ahlgren","@id":"https:\/\/www.almega.se\/#\/schema\/person\/860599f2ded56005a909a04b92cf7035"},"headline":"Medlare utsedda i varslad konflikt p\u00e5 Serviceentreprenad","datePublished":"2025-06-04T08:32:41+00:00","dateModified":"2025-06-04T08:34:48+00:00","mainEntityOfPage":{"@id":"https:\/\/www.almega.se\/2025\/06\/medlare-utsedda-i-varslad-konflikt-pa-serviceentreprenad\/"},"wordCount":300,"image":{"@id":"https:\/\/www.almega.se\/2025\/06\/medlare-utsedda-i-varslad-konflikt-pa-serviceentreprenad\/#primaryimage"},"thumbnailUrl":"https:\/\/www.almega.se\/app\/uploads\/2025\/06\/9fa92c2d-de17-4e12-a451-fa6bb375f337-scaled.jpg","keywords":["Avtalsr\u00f6relsen"],"articleSection":["Avtalsr\u00f6relse"],"inLanguage":"sv-SE"},{"@type":"WebPage","@id":"https:\/\/www.almega.se\/2025\/06\/medlare-utsedda-i-varslad-konflikt-pa-serviceentreprenad\/","url":"https:\/\/www.almega.se\/2025\/06\/medlare-utsedda-i-varslad-konflikt-pa-serviceentreprenad\/","name":"Medlare utsedda i varslad konflikt p\u00e5 Serviceentreprenad | Almega","isPartOf":{"@id":"https:\/\/www.almega.se\/#website"},"primaryImageOfPage":{"@id":"https:\/\/www.almega.se\/2025\/06\/medlare-utsedda-i-varslad-konflikt-pa-serviceentreprenad\/#primaryimage"},"image":{"@id":"https:\/\/www.almega.se\/2025\/06\/medlare-utsedda-i-varslad-konflikt-pa-serviceentreprenad\/#primaryimage"},"thumbnailUrl":"https:\/\/www.almega.se\/app\/uploads\/2025\/06\/9fa92c2d-de17-4e12-a451-fa6bb375f337-scaled.jpg","datePublished":"2025-06-04T08:32:41+00:00","dateModified":"2025-06-04T08:34:48+00:00","author":{"@id":"https:\/\/www.almega.se\/#\/schema\/person\/860599f2ded56005a909a04b92cf7035"},"breadcrumb":{"@id":"https:\/\/www.almega.se\/2025\/06\/medlare-utsedda-i-varslad-konflikt-pa-serviceentreprenad\/#breadcrumb"},"inLanguage":"sv-SE","potentialAction":[{"@type":"ReadAction","target":["https:\/\/www.almega.se\/2025\/06\/medlare-utsedda-i-varslad-konflikt-pa-serviceentreprenad\/"]}]},{"@type":"ImageObject","inLanguage":"sv-SE","@id":"https:\/\/www.almega.se\/2025\/06\/medlare-utsedda-i-varslad-konflikt-pa-serviceentreprenad\/#primaryimage","url":"https:\/\/www.almega.se\/app\/uploads\/2025\/06\/9fa92c2d-de17-4e12-a451-fa6bb375f337-scaled.jpg","contentUrl":"https:\/\/www.almega.se\/app\/uploads\/2025\/06\/9fa92c2d-de17-4e12-a451-fa6bb375f337-scaled.jpg","width":2560,"height":1920,"caption":"9fa92c2d-de17-4e12-a451-fa6bb375f337.jpg"},{"@type":"BreadcrumbList","@id":"https:\/\/www.almega.se\/2025\/06\/medlare-utsedda-i-varslad-konflikt-pa-serviceentreprenad\/#breadcrumb","itemListElement":[{"@type":"ListItem","position":1,"name":"Home","item":"https:\/\/www.almega.se\/"},{"@type":"ListItem","position":2,"name":"Medlare utsedda i varslad konflikt p\u00e5 Serviceentreprenad"}]},{"@type":"WebSite","@id":"https:\/\/www.almega.se\/#website","url":"https:\/\/www.almega.se\/","name":"Almega","description":"","potentialAction":[{"@type":"SearchAction","target":{"@type":"EntryPoint","urlTemplate":"https:\/\/www.almega.se\/?s={search_term_string}"},"query-input":{"@type":"PropertyValueSpecification","valueRequired":true,"valueName":"search_term_string"}}],"inLanguage":"sv-SE"},{"@type":"Person","@id":"https:\/\/www.almega.se\/#\/schema\/person\/860599f2ded56005a909a04b92cf7035","name":"Marianne Ahlgren","image":{"@type":"ImageObject","inLanguage":"sv-SE","@id":"https:\/\/www.almega.se\/#\/schema\/person\/image\/","url":"https:\/\/secure.gravatar.com\/avatar\/4c350e8b0dd656a6bbe04785780665ac53c7b373c038b1140ce3ae5e8cb21bef?s=96&d=mm&r=g","contentUrl":"https:\/\/secure.gravatar.com\/avatar\/4c350e8b0dd656a6bbe04785780665ac53c7b373c038b1140ce3ae5e8cb21bef?s=96&d=mm&r=g","caption":"Marianne Ahlgren"},"url":"https:\/\/www.almega.se\/person\/marianneahlgren\/"}]}},"_links":{"self":[{"href":"https:\/\/www.almega.se\/api\/wp\/v2\/posts\/80187","targetHints":{"allow":["GET"]}}],"collection":[{"href":"https:\/\/www.almega.se\/api\/wp\/v2\/posts"}],"about":[{"href":"https:\/\/www.almega.se\/api\/wp\/v2\/types\/post"}],"author":[{"embeddable":true,"href":"https:\/\/www.almega.se\/api\/wp\/v2\/users\/3380"}],"replies":[{"embeddable":true,"href":"https:\/\/www.almega.se\/api\/wp\/v2\/comments?post=80187"}],"version-history":[{"count":1,"href":"https:\/\/www.almega.se\/api\/wp\/v2\/posts\/80187\/revisions"}],"predecessor-version":[{"id":80189,"href":"https:\/\/www.almega.se\/api\/wp\/v2\/posts\/80187\/revisions\/80189"}],"wp:featuredmedia":[{"embeddable":true,"href":"https:\/\/www.almega.se\/api\/wp\/v2\/media\/80188"}],"wp:attachment":[{"href":"https:\/\/www.almega.se\/api\/wp\/v2\/media?parent=80187"}],"wp:term":[{"taxonomy":"category","embeddable":true,"href":"https:\/\/www.almega.se\/api\/wp\/v2\/categories?post=80187"},{"taxonomy":"post_tag","embeddable":true,"href":"https:\/\/www.almega.se\/api\/wp\/v2\/tags?post=80187"},{"taxonomy":"type","embeddable":true,"href":"https:\/\/www.almega.se\/api\/wp\/v2\/article_type?post=80187"},{"taxonomy":"agreement","embeddable":true,"href":"https:\/\/www.almega.se\/api\/wp\/v2\/agreement?post=80187"}],"curies":[{"name":"wp","href":"https:\/\/api.w.org\/{rel}","templated":true}]}}