{"id":80185,"date":"2025-06-04T10:50:17","date_gmt":"2025-06-04T08:50:17","guid":{"rendered":"https:\/\/www.almega.se\/?p=80185"},"modified":"2025-06-06T09:31:26","modified_gmt":"2025-06-06T07:31:26","slug":"kommunal-varslar-om-strejk-mot-almega-vardforetagarna","status":"publish","type":"post","link":"https:\/\/www.almega.se\/2025\/06\/kommunal-varslar-om-strejk-mot-almega-vardforetagarna\/","title":{"rendered":"Kommunal varslar om strejk mot Almega V\u00e5rd&shy;f\u00f6retagarna"},"content":{"rendered":"<p class=\"intro\">V\u00e5rdf\u00f6retagarna har mottagit varsel om konflikt. Varslet g\u00e4ller ett antal utpekade medlemsf\u00f6retag och en eventuell konflikt tr\u00e4der i kraft 16\/6 kl. 07:00. Ber\u00f6rda medlemsf\u00f6retag kommer att kontaktas separat.<\/p>\n\n<p>H\u00e4r kan du l\u00e4sa varslen.<\/p>\n\n\n\n<p><a href=\"https:\/\/www.almega.se\/app\/uploads\/2025\/06\/Varsel-om-stridsatgarder-avseende-Vardforetagarna-Bransch-E-Vard-behandling-samt-omsorgsverksamhet-m-bilagor.pdf\" target=\"_blank\" rel=\"noreferrer noopener\">Varsel bransch V\u00e5rd, behandling och omsorgsverksamhet.<\/a><\/p>\n\n\n\n<p><a href=\"https:\/\/www.almega.se\/app\/uploads\/2025\/06\/Varsel-om-stridsatgarder-avseende-Vardforetagarna-Bransch-Aldreomsorg-F-med-bilagor.pdf\" target=\"_blank\" rel=\"noreferrer noopener\">Varsel bransch \u00c4ldreomsorg.<\/a><\/p>\n\n\n\n<p>Har du fr\u00e5gor s\u00e5 kan du ringa v\u00e5r konfliktjour 08-762 60 80.<\/p>\n","protected":false},"excerpt":{"rendered":"<p>H\u00e4r kan du l\u00e4sa varslen. Varsel bransch V\u00e5rd, behandling och omsorgsverksamhet. Varsel bransch \u00c4ldreomsorg. Har du fr\u00e5gor s\u00e5 kan du ringa v\u00e5r konfliktjour 08-762 60 80.<\/p>\n","protected":false},"author":21100,"featured_media":0,"comment_status":"closed","ping_status":"closed","sticky":false,"template":"","format":"standard","meta":{"_acf_changed":false,"footnotes":""},"categories":[1],"tags":[],"article_type":[307],"agreement":[411,243,244],"class_list":["post-80185","post","type-post","status-publish","format-standard","hentry","category-okategoriserade","type-medlemsnyheter","agreement-a438d278-7ccb-e711-810f-003dd8b71e49","agreement-1ac6e1f5-3f44-e211-be83-005056b20fd8","agreement-70ee1081-3f44-e211-be83-005056b20fd8"],"acf":[],"yoast_head":"<!-- This site is optimized with the Yoast SEO Premium plugin v26.8 (Yoast SEO v26.8) - https:\/\/yoast.com\/product\/yoast-seo-premium-wordpress\/ -->\n<title>Kommunal varslar om strejk mot Almega V\u00e5rdf\u00f6retagarna | Almega<\/title>\n<meta name=\"robots\" content=\"index, follow, max-snippet:-1, max-image-preview:large, max-video-preview:-1\" \/>\n<link rel=\"canonical\" href=\"https:\/\/www.almega.se\/2025\/06\/kommunal-varslar-om-strejk-mot-almega-vardforetagarna\/\" \/>\n<meta property=\"og:locale\" content=\"sv_SE\" \/>\n<meta property=\"og:type\" content=\"article\" \/>\n<meta property=\"og:title\" content=\"Kommunal varslar om strejk mot Almega V\u00e5rdf\u00f6retagarna\" \/>\n<meta property=\"og:description\" content=\"H\u00e4r kan du l\u00e4sa varslen. Varsel bransch V\u00e5rd, behandling och omsorgsverksamhet. Varsel bransch \u00c4ldreomsorg. Har du fr\u00e5gor s\u00e5 kan du ringa v\u00e5r konfliktjour 08-762 60 80.\" \/>\n<meta property=\"og:url\" content=\"https:\/\/www.almega.se\/2025\/06\/kommunal-varslar-om-strejk-mot-almega-vardforetagarna\/\" \/>\n<meta property=\"og:site_name\" content=\"Almega\" \/>\n<meta property=\"article:published_time\" content=\"2025-06-04T08:50:17+00:00\" \/>\n<meta property=\"article:modified_time\" content=\"2025-06-06T07:31:26+00:00\" \/>\n<meta property=\"og:image\" content=\"https:\/\/www.almega.se\/app\/uploads\/2020\/12\/almega-share-logo.png\" \/>\n\t<meta property=\"og:image:width\" content=\"1200\" \/>\n\t<meta property=\"og:image:height\" content=\"630\" \/>\n\t<meta property=\"og:image:type\" content=\"image\/png\" \/>\n<meta name=\"author\" content=\"Christoffer Bj\u00f6rkwall\" \/>\n<meta name=\"twitter:card\" content=\"summary_large_image\" \/>\n<meta name=\"twitter:label1\" content=\"Skriven av\" \/>\n\t<meta name=\"twitter:data1\" content=\"Christoffer Bj\u00f6rkwall\" \/>\n\t<meta name=\"twitter:label2\" content=\"Ber\u00e4knad l\u00e4stid\" \/>\n\t<meta name=\"twitter:data2\" content=\"1 minut\" \/>\n<!-- \/ Yoast SEO Premium plugin. -->","yoast_head_json":{"title":"Kommunal varslar om strejk mot Almega V\u00e5rdf\u00f6retagarna | Almega","robots":{"index":"index","follow":"follow","max-snippet":"max-snippet:-1","max-image-preview":"max-image-preview:large","max-video-preview":"max-video-preview:-1"},"canonical":"https:\/\/www.almega.se\/2025\/06\/kommunal-varslar-om-strejk-mot-almega-vardforetagarna\/","og_locale":"sv_SE","og_type":"article","og_title":"Kommunal varslar om strejk mot Almega V\u00e5rdf\u00f6retagarna","og_description":"H\u00e4r kan du l\u00e4sa varslen. Varsel bransch V\u00e5rd, behandling och omsorgsverksamhet. Varsel bransch \u00c4ldreomsorg. Har du fr\u00e5gor s\u00e5 kan du ringa v\u00e5r konfliktjour 08-762 60 80.","og_url":"https:\/\/www.almega.se\/2025\/06\/kommunal-varslar-om-strejk-mot-almega-vardforetagarna\/","og_site_name":"Almega","article_published_time":"2025-06-04T08:50:17+00:00","article_modified_time":"2025-06-06T07:31:26+00:00","og_image":[{"width":1200,"height":630,"url":"https:\/\/www.almega.se\/app\/uploads\/2020\/12\/almega-share-logo.png","type":"image\/png"}],"author":"Christoffer Bj\u00f6rkwall","twitter_card":"summary_large_image","twitter_misc":{"Skriven av":"Christoffer Bj\u00f6rkwall","Ber\u00e4knad l\u00e4stid":"1 minut"},"schema":{"@context":"https:\/\/schema.org","@graph":[{"@type":"NewsArticle","@id":"https:\/\/www.almega.se\/2025\/06\/kommunal-varslar-om-strejk-mot-almega-vardforetagarna\/#article","isPartOf":{"@id":"https:\/\/www.almega.se\/2025\/06\/kommunal-varslar-om-strejk-mot-almega-vardforetagarna\/"},"author":{"name":"Christoffer Bj\u00f6rkwall","@id":"https:\/\/www.almega.se\/#\/schema\/person\/85455dd30dc7dd48496950cee22dd217"},"headline":"Kommunal varslar om strejk mot Almega V\u00e5rd&shy;f\u00f6retagarna","datePublished":"2025-06-04T08:50:17+00:00","dateModified":"2025-06-06T07:31:26+00:00","mainEntityOfPage":{"@id":"https:\/\/www.almega.se\/2025\/06\/kommunal-varslar-om-strejk-mot-almega-vardforetagarna\/"},"wordCount":38,"inLanguage":"sv-SE"},{"@type":"WebPage","@id":"https:\/\/www.almega.se\/2025\/06\/kommunal-varslar-om-strejk-mot-almega-vardforetagarna\/","url":"https:\/\/www.almega.se\/2025\/06\/kommunal-varslar-om-strejk-mot-almega-vardforetagarna\/","name":"Kommunal varslar om strejk mot Almega V\u00e5rdf\u00f6retagarna | Almega","isPartOf":{"@id":"https:\/\/www.almega.se\/#website"},"datePublished":"2025-06-04T08:50:17+00:00","dateModified":"2025-06-06T07:31:26+00:00","author":{"@id":"https:\/\/www.almega.se\/#\/schema\/person\/85455dd30dc7dd48496950cee22dd217"},"breadcrumb":{"@id":"https:\/\/www.almega.se\/2025\/06\/kommunal-varslar-om-strejk-mot-almega-vardforetagarna\/#breadcrumb"},"inLanguage":"sv-SE","potentialAction":[{"@type":"ReadAction","target":["https:\/\/www.almega.se\/2025\/06\/kommunal-varslar-om-strejk-mot-almega-vardforetagarna\/"]}]},{"@type":"BreadcrumbList","@id":"https:\/\/www.almega.se\/2025\/06\/kommunal-varslar-om-strejk-mot-almega-vardforetagarna\/#breadcrumb","itemListElement":[{"@type":"ListItem","position":1,"name":"Home","item":"https:\/\/www.almega.se\/"},{"@type":"ListItem","position":2,"name":"Kommunal varslar om strejk mot Almega V\u00e5rd&shy;f\u00f6retagarna"}]},{"@type":"WebSite","@id":"https:\/\/www.almega.se\/#website","url":"https:\/\/www.almega.se\/","name":"Almega","description":"","potentialAction":[{"@type":"SearchAction","target":{"@type":"EntryPoint","urlTemplate":"https:\/\/www.almega.se\/?s={search_term_string}"},"query-input":{"@type":"PropertyValueSpecification","valueRequired":true,"valueName":"search_term_string"}}],"inLanguage":"sv-SE"},{"@type":"Person","@id":"https:\/\/www.almega.se\/#\/schema\/person\/85455dd30dc7dd48496950cee22dd217","name":"Christoffer Bj\u00f6rkwall","image":{"@type":"ImageObject","inLanguage":"sv-SE","@id":"https:\/\/www.almega.se\/#\/schema\/person\/image\/","url":"https:\/\/secure.gravatar.com\/avatar\/956880dd99ad7977c1311ac56674963f4336935dd0a0213718b2293a4929de54?s=96&d=mm&r=g","contentUrl":"https:\/\/secure.gravatar.com\/avatar\/956880dd99ad7977c1311ac56674963f4336935dd0a0213718b2293a4929de54?s=96&d=mm&r=g","caption":"Christoffer Bj\u00f6rkwall"},"url":"https:\/\/www.almega.se\/person\/_j9ud6qydtb7peyh5q9truisdz8givruub40jznsy\/"}]}},"_links":{"self":[{"href":"https:\/\/www.almega.se\/api\/wp\/v2\/posts\/80185","targetHints":{"allow":["GET"]}}],"collection":[{"href":"https:\/\/www.almega.se\/api\/wp\/v2\/posts"}],"about":[{"href":"https:\/\/www.almega.se\/api\/wp\/v2\/types\/post"}],"author":[{"embeddable":true,"href":"https:\/\/www.almega.se\/api\/wp\/v2\/users\/21100"}],"replies":[{"embeddable":true,"href":"https:\/\/www.almega.se\/api\/wp\/v2\/comments?post=80185"}],"version-history":[{"count":6,"href":"https:\/\/www.almega.se\/api\/wp\/v2\/posts\/80185\/revisions"}],"predecessor-version":[{"id":80302,"href":"https:\/\/www.almega.se\/api\/wp\/v2\/posts\/80185\/revisions\/80302"}],"wp:attachment":[{"href":"https:\/\/www.almega.se\/api\/wp\/v2\/media?parent=80185"}],"wp:term":[{"taxonomy":"category","embeddable":true,"href":"https:\/\/www.almega.se\/api\/wp\/v2\/categories?post=80185"},{"taxonomy":"post_tag","embeddable":true,"href":"https:\/\/www.almega.se\/api\/wp\/v2\/tags?post=80185"},{"taxonomy":"type","embeddable":true,"href":"https:\/\/www.almega.se\/api\/wp\/v2\/article_type?post=80185"},{"taxonomy":"agreement","embeddable":true,"href":"https:\/\/www.almega.se\/api\/wp\/v2\/agreement?post=80185"}],"curies":[{"name":"wp","href":"https:\/\/api.w.org\/{rel}","templated":true}]}}