{"id":80179,"date":"2025-06-04T10:03:08","date_gmt":"2025-06-04T08:03:08","guid":{"rendered":"https:\/\/www.almega.se\/2025\/06\/medlare-utsedda-i-arbetsmarknadskonflikten-mycket-rutinerade\/"},"modified":"2025-06-04T10:17:10","modified_gmt":"2025-06-04T08:17:10","slug":"medlare-utsedda-i-arbetsmarknadskonflikten-mycket-rutinerade","status":"publish","type":"post","link":"https:\/\/www.almega.se\/2025\/06\/medlare-utsedda-i-arbetsmarknadskonflikten-mycket-rutinerade\/","title":{"rendered":"Medlare utsedda i arbetsmarknadskonflikten \u2013 &#8221;Mycket rutinerade&#8221;"},"content":{"rendered":"\n<p class=\"intro\">I g\u00e5r varslade fackf\u00f6rbundet Kommunal om konflikt efter att ha avbrutit f\u00f6rhandlingarna om nya kollektivavtal. \u201dAtt Kommunal inte vill acceptera samma l\u00f6sningar som vunnit acceptans p\u00e5 resten av arbetsmarknaden \u00e4r beklagligt. Nu hoppas vi att medlarna kan leda processen i m\u00e5l innan n\u00e5gon konflikt bryter ut\u201d, s\u00e4ger V\u00e5rdf\u00f6retagarnas Per \u00d6stlund.<\/p>\n<p>\u2013 F\u00f6rhandlingarna har p\u00e5g\u00e5tt i m\u00e5nader. Vi har f\u00f6reslagit en rad l\u00f6sningar som redan har accepterats av arbetsgivare och fackf\u00f6rbund p\u00e5 andra avtalsomr\u00e5den. Men Kommunal vill ha mer och d\u00e5 \u00e4r det sv\u00e5rt att f\u00f6rhandla, s\u00e4ger Per \u00d6stlund.<\/p>\n<p>De tidigare kollektivavtalen mellan V\u00e5rdf\u00f6retagarna och Kommunal inom v\u00e5rd, omsorg och \u00e4ldreomsorg l\u00f6pte ut den 31 maj. Ig\u00e5r, den 3 juni, varslade fackf\u00f6rbundet om konflikt och nu har Medlingsinstitutet utsett medlare. Dessa blir Anders Hammarb\u00e4ck, tidigare f\u00f6rhandlingschef p\u00e5 fackf\u00f6rbundet Vision, och Kurt Eriksson, tidigare chefsjurist p\u00e5 Medlingsinstitutet.<\/p>\n<p>\u2013 Medlarna \u00e4r mycket rutinerade och vi \u00e4r \u00f6vertygade om ett vi, under deras ledning, kommer f\u00e5 till avtal som \u00e4r h\u00e5llbara f\u00f6r b\u00e5de medarbetare och arbetsgivare, s\u00e4ger Per \u00d6stlund.<\/p>\n<p>Varslet ber\u00f6r ett antal utvalda yrkesgrupper p\u00e5 ett drygt 30-tal f\u00f6retag och strids\u00e5tg\u00e4rderna bryter ut den 16 juni, om inte ett nytt avtal kommer p\u00e5 plats innan dess.<\/p>\n<p>\u2013 Konflikten kommer f\u00e5 stora konsekvenser f\u00f6r medlemsf\u00f6retagen, men jag t\u00e4nker framf\u00f6r allt f\u00f6r de patienter och omsorgstagare som riskerar att drabbas. V\u00e5r f\u00f6rhoppning \u00e4r att n\u00e5 ett avtal innan konflikten bryter ut, men det kr\u00e4ver att Kommunal tar ansvar och f\u00f6ljer de regler som g\u00e4ller p\u00e5 svensk arbetsmarknad, s\u00e4ger Per \u00d6stlund.<\/p>\n<\/p>\n<p><em>Attraktiva och branschanpassade villkor \u00e4r avg\u00f6rande f\u00f6r tj\u00e4nstesektorns framg\u00e5ng och Almega str\u00e4var alltid efter att skapa de b\u00e4sta f\u00f6ruts\u00e4ttningarna f\u00f6r b\u00e5de arbetsgivare och medarbetare. Under avtalsr\u00f6relsen 2025 tecknar Almega sammanlagt 125 avtal, flest av alla arbetsgivarorganisationer.<\/em><\/p>\n\n","protected":false},"excerpt":{"rendered":"<p>I g\u00e5r varslade fackf\u00f6rbundet Kommunal om konflikt efter att ha avbrutit f\u00f6rhandlingarna om nya kollektivavtal. \u201dAtt Kommunal inte vill acceptera samma l\u00f6sningar som vunnit acceptans p\u00e5 resten av arbetsmarknaden \u00e4r beklagligt. Nu hoppas vi att medlarna kan leda processen i m\u00e5l innan n\u00e5gon konflikt bryter ut\u201d, s\u00e4ger V\u00e5rdf\u00f6retagarnas Per \u00d6stlund.<\/p>\n","protected":false},"author":6356,"featured_media":80180,"comment_status":"closed","ping_status":"closed","sticky":false,"template":"","format":"standard","meta":{"_acf_changed":false,"footnotes":""},"categories":[636],"tags":[779],"article_type":[93],"agreement":[],"class_list":["post-80179","post","type-post","status-publish","format-standard","has-post-thumbnail","hentry","category-avtalsrorelse","tag-avtalsrorelsen","type-pressmeddelanden"],"acf":[],"yoast_head":"<!-- This site is optimized with the Yoast SEO Premium plugin v26.8 (Yoast SEO v26.8) - https:\/\/yoast.com\/product\/yoast-seo-premium-wordpress\/ -->\n<title>Medlare utsedda i arbetsmarknadskonflikten \u2013 &quot;Mycket rutinerade&quot; | Almega<\/title>\n<meta name=\"robots\" content=\"index, follow, max-snippet:-1, max-image-preview:large, max-video-preview:-1\" \/>\n<link rel=\"canonical\" href=\"https:\/\/www.almega.se\/2025\/06\/medlare-utsedda-i-arbetsmarknadskonflikten-mycket-rutinerade\/\" \/>\n<meta property=\"og:locale\" content=\"sv_SE\" \/>\n<meta property=\"og:type\" content=\"article\" \/>\n<meta property=\"og:title\" content=\"Medlare utsedda i arbetsmarknadskonflikten \u2013 &quot;Mycket rutinerade&quot;\" \/>\n<meta property=\"og:description\" content=\"I g\u00e5r varslade fackf\u00f6rbundet Kommunal om konflikt efter att ha avbrutit f\u00f6rhandlingarna om nya kollektivavtal. \u201dAtt Kommunal inte vill acceptera samma l\u00f6sningar som vunnit acceptans p\u00e5 resten av arbetsmarknaden \u00e4r beklagligt. Nu hoppas vi att medlarna kan leda processen i m\u00e5l innan n\u00e5gon konflikt bryter ut\u201d, s\u00e4ger V\u00e5rdf\u00f6retagarnas Per \u00d6stlund.\" \/>\n<meta property=\"og:url\" content=\"https:\/\/www.almega.se\/2025\/06\/medlare-utsedda-i-arbetsmarknadskonflikten-mycket-rutinerade\/\" \/>\n<meta property=\"og:site_name\" content=\"Almega\" \/>\n<meta property=\"article:published_time\" content=\"2025-06-04T08:03:08+00:00\" \/>\n<meta property=\"article:modified_time\" content=\"2025-06-04T08:17:10+00:00\" \/>\n<meta property=\"og:image\" content=\"https:\/\/www.almega.se\/app\/uploads\/2025\/06\/8fb7a082-55ef-479c-bbbd-f7ffa6008b98.jpg\" \/>\n\t<meta property=\"og:image:width\" content=\"2381\" \/>\n\t<meta property=\"og:image:height\" content=\"2036\" \/>\n\t<meta property=\"og:image:type\" content=\"image\/jpeg\" \/>\n<meta name=\"author\" content=\"Erik Juhlin\" \/>\n<meta name=\"twitter:card\" content=\"summary_large_image\" \/>\n<meta name=\"twitter:label1\" content=\"Skriven av\" \/>\n\t<meta name=\"twitter:data1\" content=\"Erik Juhlin\" \/>\n\t<meta name=\"twitter:label2\" content=\"Ber\u00e4knad l\u00e4stid\" \/>\n\t<meta name=\"twitter:data2\" content=\"2 minuter\" \/>\n<!-- \/ Yoast SEO Premium plugin. -->","yoast_head_json":{"title":"Medlare utsedda i arbetsmarknadskonflikten \u2013 \"Mycket rutinerade\" | Almega","robots":{"index":"index","follow":"follow","max-snippet":"max-snippet:-1","max-image-preview":"max-image-preview:large","max-video-preview":"max-video-preview:-1"},"canonical":"https:\/\/www.almega.se\/2025\/06\/medlare-utsedda-i-arbetsmarknadskonflikten-mycket-rutinerade\/","og_locale":"sv_SE","og_type":"article","og_title":"Medlare utsedda i arbetsmarknadskonflikten \u2013 \"Mycket rutinerade\"","og_description":"I g\u00e5r varslade fackf\u00f6rbundet Kommunal om konflikt efter att ha avbrutit f\u00f6rhandlingarna om nya kollektivavtal. \u201dAtt Kommunal inte vill acceptera samma l\u00f6sningar som vunnit acceptans p\u00e5 resten av arbetsmarknaden \u00e4r beklagligt. Nu hoppas vi att medlarna kan leda processen i m\u00e5l innan n\u00e5gon konflikt bryter ut\u201d, s\u00e4ger V\u00e5rdf\u00f6retagarnas Per \u00d6stlund.","og_url":"https:\/\/www.almega.se\/2025\/06\/medlare-utsedda-i-arbetsmarknadskonflikten-mycket-rutinerade\/","og_site_name":"Almega","article_published_time":"2025-06-04T08:03:08+00:00","article_modified_time":"2025-06-04T08:17:10+00:00","og_image":[{"width":2381,"height":2036,"url":"https:\/\/www.almega.se\/app\/uploads\/2025\/06\/8fb7a082-55ef-479c-bbbd-f7ffa6008b98.jpg","type":"image\/jpeg"}],"author":"Erik Juhlin","twitter_card":"summary_large_image","twitter_misc":{"Skriven av":"Erik Juhlin","Ber\u00e4knad l\u00e4stid":"2 minuter"},"schema":{"@context":"https:\/\/schema.org","@graph":[{"@type":"NewsArticle","@id":"https:\/\/www.almega.se\/2025\/06\/medlare-utsedda-i-arbetsmarknadskonflikten-mycket-rutinerade\/#article","isPartOf":{"@id":"https:\/\/www.almega.se\/2025\/06\/medlare-utsedda-i-arbetsmarknadskonflikten-mycket-rutinerade\/"},"author":{"name":"Erik Juhlin","@id":"https:\/\/www.almega.se\/#\/schema\/person\/3c181ea7ead5ab7b14c61584637720f5"},"headline":"Medlare utsedda i arbetsmarknadskonflikten \u2013 &#8221;Mycket rutinerade&#8221;","datePublished":"2025-06-04T08:03:08+00:00","dateModified":"2025-06-04T08:17:10+00:00","mainEntityOfPage":{"@id":"https:\/\/www.almega.se\/2025\/06\/medlare-utsedda-i-arbetsmarknadskonflikten-mycket-rutinerade\/"},"wordCount":338,"image":{"@id":"https:\/\/www.almega.se\/2025\/06\/medlare-utsedda-i-arbetsmarknadskonflikten-mycket-rutinerade\/#primaryimage"},"thumbnailUrl":"https:\/\/www.almega.se\/app\/uploads\/2025\/06\/8fb7a082-55ef-479c-bbbd-f7ffa6008b98.jpg","keywords":["Avtalsr\u00f6relsen"],"articleSection":["Avtalsr\u00f6relse"],"inLanguage":"sv-SE"},{"@type":"WebPage","@id":"https:\/\/www.almega.se\/2025\/06\/medlare-utsedda-i-arbetsmarknadskonflikten-mycket-rutinerade\/","url":"https:\/\/www.almega.se\/2025\/06\/medlare-utsedda-i-arbetsmarknadskonflikten-mycket-rutinerade\/","name":"Medlare utsedda i arbetsmarknadskonflikten \u2013 \"Mycket rutinerade\" | Almega","isPartOf":{"@id":"https:\/\/www.almega.se\/#website"},"primaryImageOfPage":{"@id":"https:\/\/www.almega.se\/2025\/06\/medlare-utsedda-i-arbetsmarknadskonflikten-mycket-rutinerade\/#primaryimage"},"image":{"@id":"https:\/\/www.almega.se\/2025\/06\/medlare-utsedda-i-arbetsmarknadskonflikten-mycket-rutinerade\/#primaryimage"},"thumbnailUrl":"https:\/\/www.almega.se\/app\/uploads\/2025\/06\/8fb7a082-55ef-479c-bbbd-f7ffa6008b98.jpg","datePublished":"2025-06-04T08:03:08+00:00","dateModified":"2025-06-04T08:17:10+00:00","author":{"@id":"https:\/\/www.almega.se\/#\/schema\/person\/3c181ea7ead5ab7b14c61584637720f5"},"breadcrumb":{"@id":"https:\/\/www.almega.se\/2025\/06\/medlare-utsedda-i-arbetsmarknadskonflikten-mycket-rutinerade\/#breadcrumb"},"inLanguage":"sv-SE","potentialAction":[{"@type":"ReadAction","target":["https:\/\/www.almega.se\/2025\/06\/medlare-utsedda-i-arbetsmarknadskonflikten-mycket-rutinerade\/"]}]},{"@type":"ImageObject","inLanguage":"sv-SE","@id":"https:\/\/www.almega.se\/2025\/06\/medlare-utsedda-i-arbetsmarknadskonflikten-mycket-rutinerade\/#primaryimage","url":"https:\/\/www.almega.se\/app\/uploads\/2025\/06\/8fb7a082-55ef-479c-bbbd-f7ffa6008b98.jpg","contentUrl":"https:\/\/www.almega.se\/app\/uploads\/2025\/06\/8fb7a082-55ef-479c-bbbd-f7ffa6008b98.jpg","width":2381,"height":2036,"caption":"P\u00e4r \u00d6stlund, f\u00f6rhandlingschef, V\u00e5rdf\u00f6retagarna"},{"@type":"BreadcrumbList","@id":"https:\/\/www.almega.se\/2025\/06\/medlare-utsedda-i-arbetsmarknadskonflikten-mycket-rutinerade\/#breadcrumb","itemListElement":[{"@type":"ListItem","position":1,"name":"Home","item":"https:\/\/www.almega.se\/"},{"@type":"ListItem","position":2,"name":"Medlare utsedda i arbetsmarknadskonflikten \u2013 &#8221;Mycket rutinerade&#8221;"}]},{"@type":"WebSite","@id":"https:\/\/www.almega.se\/#website","url":"https:\/\/www.almega.se\/","name":"Almega","description":"","potentialAction":[{"@type":"SearchAction","target":{"@type":"EntryPoint","urlTemplate":"https:\/\/www.almega.se\/?s={search_term_string}"},"query-input":{"@type":"PropertyValueSpecification","valueRequired":true,"valueName":"search_term_string"}}],"inLanguage":"sv-SE"},{"@type":"Person","@id":"https:\/\/www.almega.se\/#\/schema\/person\/3c181ea7ead5ab7b14c61584637720f5","name":"Erik Juhlin","image":{"@type":"ImageObject","inLanguage":"sv-SE","@id":"https:\/\/www.almega.se\/#\/schema\/person\/image\/","url":"https:\/\/secure.gravatar.com\/avatar\/ef0e97454357041724f27ea1630fa5bf78b30eea6fc56998e6a03142ad5b1370?s=96&d=mm&r=g","contentUrl":"https:\/\/secure.gravatar.com\/avatar\/ef0e97454357041724f27ea1630fa5bf78b30eea6fc56998e6a03142ad5b1370?s=96&d=mm&r=g","caption":"Erik Juhlin"},"url":"https:\/\/www.almega.se\/person\/erikjuhlin\/"}]}},"_links":{"self":[{"href":"https:\/\/www.almega.se\/api\/wp\/v2\/posts\/80179","targetHints":{"allow":["GET"]}}],"collection":[{"href":"https:\/\/www.almega.se\/api\/wp\/v2\/posts"}],"about":[{"href":"https:\/\/www.almega.se\/api\/wp\/v2\/types\/post"}],"author":[{"embeddable":true,"href":"https:\/\/www.almega.se\/api\/wp\/v2\/users\/6356"}],"replies":[{"embeddable":true,"href":"https:\/\/www.almega.se\/api\/wp\/v2\/comments?post=80179"}],"version-history":[{"count":1,"href":"https:\/\/www.almega.se\/api\/wp\/v2\/posts\/80179\/revisions"}],"predecessor-version":[{"id":80181,"href":"https:\/\/www.almega.se\/api\/wp\/v2\/posts\/80179\/revisions\/80181"}],"wp:featuredmedia":[{"embeddable":true,"href":"https:\/\/www.almega.se\/api\/wp\/v2\/media\/80180"}],"wp:attachment":[{"href":"https:\/\/www.almega.se\/api\/wp\/v2\/media?parent=80179"}],"wp:term":[{"taxonomy":"category","embeddable":true,"href":"https:\/\/www.almega.se\/api\/wp\/v2\/categories?post=80179"},{"taxonomy":"post_tag","embeddable":true,"href":"https:\/\/www.almega.se\/api\/wp\/v2\/tags?post=80179"},{"taxonomy":"type","embeddable":true,"href":"https:\/\/www.almega.se\/api\/wp\/v2\/article_type?post=80179"},{"taxonomy":"agreement","embeddable":true,"href":"https:\/\/www.almega.se\/api\/wp\/v2\/agreement?post=80179"}],"curies":[{"name":"wp","href":"https:\/\/api.w.org\/{rel}","templated":true}]}}