{"id":80141,"date":"2025-06-03T16:12:07","date_gmt":"2025-06-03T14:12:07","guid":{"rendered":"https:\/\/www.almega.se\/?p=80141"},"modified":"2025-06-03T16:29:30","modified_gmt":"2025-06-03T14:29:30","slug":"information-om-konfliktvarsel-avseende-bransch-vard-och-behandlingsverksamhet-samt-omsorgsverksamhet-e-och-bransch-aldreomsorg-f","status":"publish","type":"post","link":"https:\/\/www.almega.se\/2025\/06\/information-om-konfliktvarsel-avseende-bransch-vard-och-behandlingsverksamhet-samt-omsorgsverksamhet-e-och-bransch-aldreomsorg-f\/","title":{"rendered":"Information om konfliktvarsel avseende bransch V\u00e5rd och behandlings&shy;verksamhet samt omsorgs&shy;verksamhet (E) och bransch \u00c4ldreomsorg (F)"},"content":{"rendered":"<p class=\"intro\"><strong>V\u00e5rdf\u00f6retagarna har idag mottagit varsel om konflikt. Varslet g\u00e4ller ett antal utpekade medlemsf\u00f6retag och en eventuell konflikt tr\u00e4der i kraft 16\/6 kl. 07:00. Ber\u00f6rda medlemsf\u00f6retag kommer att kontaktas separat. <\/strong><\/p>\n\n<p>Nu inleds arbetet med att analysera effekterna av en eventuellt utbruten konflikt samtidigt som processen om ett nytt kollektivtal forts\u00e4tter inom ramen f\u00f6r medling.<\/p>\n\n\n\n<p><strong>Medling i konflikten<\/strong><br>Medlare fr\u00e5n Medlingsinstitutet kommer att tills\u00e4ttas inom kort. N\u00e4r medlarna tillsatts forts\u00e4tter f\u00f6rhandlingarna under medlarnas ledning.<\/p>\n\n\n\n<p><strong>Vad h\u00e4nder nu?<\/strong><br>En varslad konflikt\u00e5tg\u00e4rd f\u00e5r inte tr\u00e4da ikraft tidigare \u00e4n sju arbetsdagar fr\u00e5n det att varslet \u00f6verl\u00e4mnats. I detta fall tr\u00e4der de f\u00f6rsta strids\u00e5tg\u00e4rderna som tidigare n\u00e4mnts inte ikraft f\u00f6rr\u00e4n den 16 juni 2025 kl. 7:00 om inte nytt kollektivavtal tr\u00e4ffats innan dess.<\/p>\n\n\n\n<p>Fram till dess (under varseltiden) g\u00e4ller samma villkor och regler som vanligt. Arbetsgivare som \u00e4r ber\u00f6rda av konflikten har samma m\u00f6jligheter att leda och f\u00f6rdela arbetet, beordra \u00f6vertid m.m. som n\u00e4r det inte r\u00e5der konflikt. Alla anst\u00e4llda, oavsett om de \u00e4r medlemmar i Kommunal eller inte, ska arbeta som vanligt och samtliga \u00e4r skyldiga att delta i det f\u00f6rebyggande arbete arbetsgivaren vidtar med anledning av konfliktvarslet. De har ocks\u00e5 samma skyldighet som vanligt att arbeta \u00f6vertid under varseltiden, dvs. fram till den 16 juni 2025 kl. 07.00.<\/p>\n\n\n\n<p>All v\u00e5r konfliktinformation ska&nbsp;endast&nbsp;delges f\u00f6retagets representanter. De som \u00e4r medlemmar i fackf\u00f6rbund ska inte f\u00e5 del av denna, detta g\u00e4ller \u00e4ven chefer i organisationen och medlemmar i ledningsgruppen.<\/p>\n\n\n\n<p><strong>Vad inneb\u00e4r Kommunals varsel?<\/strong><br>Kommunals varsel omfattar strejk och total arbetsnedl\u00e4ggelse&nbsp;p\u00e5 ett antal utpekade arbetsplatser som framg\u00e5r i varslet. Kommunal har \u00e4ven varslat om nyanst\u00e4llnings- mertids- och \u00f6vertidsblockad samt blockad mot inhyrning p\u00e5 ett antal utpekade arbetsplatser.<\/p>\n\n\n\n<p><strong>Bakgrund<\/strong><br>Bakgrunden till konflikten \u00e4r att parterna \u00e4nnu inte har lyckats enas om ett nytt kollektivavtal. Kommunal har inte velat acceptera en l\u00f6sning vad g\u00e4ller ers\u00e4ttning f\u00f6r deltidsanst\u00e4lldas mertidsarbete som \u00e4r i linje med vad andra p\u00e5 arbetsmarknaden har kommit \u00f6verens om.<\/p>\n\n\n\n<p><strong>Kontaktuppgifter<\/strong><br>Vi kommer att f\u00f6rs\u00f6ka l\u00f6sa den uppkomna situationen s\u00e5 snabbt som m\u00f6jligt f\u00f6r att konflikten inte ska bryta ut. Ber\u00f6rda f\u00f6rhandlare kommer d\u00e4rf\u00f6r vara sv\u00e5ra att n\u00e5 men har du fr\u00e5gor maila till <a href=\"mailto:konflikt@almega.se\">konflikt@almega.se<\/a> s\u00e5 svarar vi s\u00e5 snart vi kan.<\/p>\n\n\n\n<p><strong>L\u00f6pande information<\/strong><br>L\u00f6pande information om konflikten finner du p\u00e5 Avtalsr\u00f6relsen.se, <a href=\"https:\/\/www.almega.se\/fokus\/avtalsrorelsen\/\">Avtalsr\u00f6relsen | Almega.<\/a><\/p>\n\n\n\n<p>Ytterligare information finns p\u00e5 Arbetsgivarguiden om du inte har n\u00e5gon inloggning skapar du den sj\u00e4lv, klicka p\u00e5 l\u00e4nken under inloggningsrutorna. Du beh\u00f6ver ert organisationsnummer och medlemsnummer (finns p\u00e5 fakturan fr\u00e5n Svenskt N\u00e4ringsliv). Om du inte hittar medlemsnumret kan du mejla organisationsnumret till medlem@almega.se s\u00e5 hj\u00e4lper vi dig.<\/p>\n","protected":false},"excerpt":{"rendered":"<p>Nu inleds arbetet med att analysera effekterna av en eventuellt utbruten konflikt samtidigt som processen om ett nytt kollektivtal forts\u00e4tter inom ramen f\u00f6r medling. Medling i konfliktenMedlare fr\u00e5n Medlingsinstitutet kommer att tills\u00e4ttas inom kort. N\u00e4r &hellip;<\/p>\n","protected":false},"author":21100,"featured_media":0,"comment_status":"closed","ping_status":"closed","sticky":false,"template":"","format":"standard","meta":{"_acf_changed":false,"footnotes":""},"categories":[1],"tags":[],"article_type":[313],"agreement":[411,243,244],"class_list":["post-80141","post","type-post","status-publish","format-standard","hentry","category-okategoriserade","type-arbetsgivarnytt","agreement-a438d278-7ccb-e711-810f-003dd8b71e49","agreement-1ac6e1f5-3f44-e211-be83-005056b20fd8","agreement-70ee1081-3f44-e211-be83-005056b20fd8"],"acf":[],"yoast_head":"<!-- This site is optimized with the Yoast SEO Premium plugin v26.8 (Yoast SEO v26.8) - https:\/\/yoast.com\/product\/yoast-seo-premium-wordpress\/ -->\n<title>Information om konfliktvarsel avseende bransch V\u00e5rd och behandlingsverksamhet samt omsorgsverksamhet (E) och bransch \u00c4ldreomsorg (F) | Almega<\/title>\n<meta name=\"robots\" content=\"index, follow, max-snippet:-1, max-image-preview:large, max-video-preview:-1\" \/>\n<link rel=\"canonical\" href=\"https:\/\/www.almega.se\/2025\/06\/information-om-konfliktvarsel-avseende-bransch-vard-och-behandlingsverksamhet-samt-omsorgsverksamhet-e-och-bransch-aldreomsorg-f\/\" \/>\n<meta property=\"og:locale\" content=\"sv_SE\" \/>\n<meta property=\"og:type\" content=\"article\" \/>\n<meta property=\"og:title\" content=\"Information om konfliktvarsel avseende bransch V\u00e5rd och behandlingsverksamhet samt omsorgsverksamhet (E) och bransch \u00c4ldreomsorg (F)\" \/>\n<meta property=\"og:description\" content=\"Nu inleds arbetet med att analysera effekterna av en eventuellt utbruten konflikt samtidigt som processen om ett nytt kollektivtal forts\u00e4tter inom ramen f\u00f6r medling. Medling i konfliktenMedlare fr\u00e5n Medlingsinstitutet kommer att tills\u00e4ttas inom kort. N\u00e4r &hellip;\" \/>\n<meta property=\"og:url\" content=\"https:\/\/www.almega.se\/2025\/06\/information-om-konfliktvarsel-avseende-bransch-vard-och-behandlingsverksamhet-samt-omsorgsverksamhet-e-och-bransch-aldreomsorg-f\/\" \/>\n<meta property=\"og:site_name\" content=\"Almega\" \/>\n<meta property=\"article:published_time\" content=\"2025-06-03T14:12:07+00:00\" \/>\n<meta property=\"article:modified_time\" content=\"2025-06-03T14:29:30+00:00\" \/>\n<meta property=\"og:image\" content=\"https:\/\/www.almega.se\/app\/uploads\/2020\/12\/almega-share-logo.png\" \/>\n\t<meta property=\"og:image:width\" content=\"1200\" \/>\n\t<meta property=\"og:image:height\" content=\"630\" \/>\n\t<meta property=\"og:image:type\" content=\"image\/png\" \/>\n<meta name=\"author\" content=\"Christoffer Bj\u00f6rkwall\" \/>\n<meta name=\"twitter:card\" content=\"summary_large_image\" \/>\n<meta name=\"twitter:label1\" content=\"Skriven av\" \/>\n\t<meta name=\"twitter:data1\" content=\"Christoffer Bj\u00f6rkwall\" \/>\n\t<meta name=\"twitter:label2\" content=\"Ber\u00e4knad l\u00e4stid\" \/>\n\t<meta name=\"twitter:data2\" content=\"2 minuter\" \/>\n<!-- \/ Yoast SEO Premium plugin. -->","yoast_head_json":{"title":"Information om konfliktvarsel avseende bransch V\u00e5rd och behandlingsverksamhet samt omsorgsverksamhet (E) och bransch \u00c4ldreomsorg (F) | Almega","robots":{"index":"index","follow":"follow","max-snippet":"max-snippet:-1","max-image-preview":"max-image-preview:large","max-video-preview":"max-video-preview:-1"},"canonical":"https:\/\/www.almega.se\/2025\/06\/information-om-konfliktvarsel-avseende-bransch-vard-och-behandlingsverksamhet-samt-omsorgsverksamhet-e-och-bransch-aldreomsorg-f\/","og_locale":"sv_SE","og_type":"article","og_title":"Information om konfliktvarsel avseende bransch V\u00e5rd och behandlingsverksamhet samt omsorgsverksamhet (E) och bransch \u00c4ldreomsorg (F)","og_description":"Nu inleds arbetet med att analysera effekterna av en eventuellt utbruten konflikt samtidigt som processen om ett nytt kollektivtal forts\u00e4tter inom ramen f\u00f6r medling. Medling i konfliktenMedlare fr\u00e5n Medlingsinstitutet kommer att tills\u00e4ttas inom kort. N\u00e4r &hellip;","og_url":"https:\/\/www.almega.se\/2025\/06\/information-om-konfliktvarsel-avseende-bransch-vard-och-behandlingsverksamhet-samt-omsorgsverksamhet-e-och-bransch-aldreomsorg-f\/","og_site_name":"Almega","article_published_time":"2025-06-03T14:12:07+00:00","article_modified_time":"2025-06-03T14:29:30+00:00","og_image":[{"width":1200,"height":630,"url":"https:\/\/www.almega.se\/app\/uploads\/2020\/12\/almega-share-logo.png","type":"image\/png"}],"author":"Christoffer Bj\u00f6rkwall","twitter_card":"summary_large_image","twitter_misc":{"Skriven av":"Christoffer Bj\u00f6rkwall","Ber\u00e4knad l\u00e4stid":"2 minuter"},"schema":{"@context":"https:\/\/schema.org","@graph":[{"@type":"NewsArticle","@id":"https:\/\/www.almega.se\/2025\/06\/information-om-konfliktvarsel-avseende-bransch-vard-och-behandlingsverksamhet-samt-omsorgsverksamhet-e-och-bransch-aldreomsorg-f\/#article","isPartOf":{"@id":"https:\/\/www.almega.se\/2025\/06\/information-om-konfliktvarsel-avseende-bransch-vard-och-behandlingsverksamhet-samt-omsorgsverksamhet-e-och-bransch-aldreomsorg-f\/"},"author":{"name":"Christoffer Bj\u00f6rkwall","@id":"https:\/\/www.almega.se\/#\/schema\/person\/85455dd30dc7dd48496950cee22dd217"},"headline":"Information om konfliktvarsel avseende bransch V\u00e5rd och behandlings&shy;verksamhet samt omsorgs&shy;verksamhet (E) och bransch \u00c4ldreomsorg (F)","datePublished":"2025-06-03T14:12:07+00:00","dateModified":"2025-06-03T14:29:30+00:00","mainEntityOfPage":{"@id":"https:\/\/www.almega.se\/2025\/06\/information-om-konfliktvarsel-avseende-bransch-vard-och-behandlingsverksamhet-samt-omsorgsverksamhet-e-och-bransch-aldreomsorg-f\/"},"wordCount":470,"inLanguage":"sv-SE"},{"@type":"WebPage","@id":"https:\/\/www.almega.se\/2025\/06\/information-om-konfliktvarsel-avseende-bransch-vard-och-behandlingsverksamhet-samt-omsorgsverksamhet-e-och-bransch-aldreomsorg-f\/","url":"https:\/\/www.almega.se\/2025\/06\/information-om-konfliktvarsel-avseende-bransch-vard-och-behandlingsverksamhet-samt-omsorgsverksamhet-e-och-bransch-aldreomsorg-f\/","name":"Information om konfliktvarsel avseende bransch V\u00e5rd och behandlingsverksamhet samt omsorgsverksamhet (E) och bransch \u00c4ldreomsorg (F) | Almega","isPartOf":{"@id":"https:\/\/www.almega.se\/#website"},"datePublished":"2025-06-03T14:12:07+00:00","dateModified":"2025-06-03T14:29:30+00:00","author":{"@id":"https:\/\/www.almega.se\/#\/schema\/person\/85455dd30dc7dd48496950cee22dd217"},"breadcrumb":{"@id":"https:\/\/www.almega.se\/2025\/06\/information-om-konfliktvarsel-avseende-bransch-vard-och-behandlingsverksamhet-samt-omsorgsverksamhet-e-och-bransch-aldreomsorg-f\/#breadcrumb"},"inLanguage":"sv-SE","potentialAction":[{"@type":"ReadAction","target":["https:\/\/www.almega.se\/2025\/06\/information-om-konfliktvarsel-avseende-bransch-vard-och-behandlingsverksamhet-samt-omsorgsverksamhet-e-och-bransch-aldreomsorg-f\/"]}]},{"@type":"BreadcrumbList","@id":"https:\/\/www.almega.se\/2025\/06\/information-om-konfliktvarsel-avseende-bransch-vard-och-behandlingsverksamhet-samt-omsorgsverksamhet-e-och-bransch-aldreomsorg-f\/#breadcrumb","itemListElement":[{"@type":"ListItem","position":1,"name":"Home","item":"https:\/\/www.almega.se\/"},{"@type":"ListItem","position":2,"name":"Information om konfliktvarsel avseende bransch V\u00e5rd och behandlings&shy;verksamhet samt omsorgs&shy;verksamhet (E) och bransch \u00c4ldreomsorg (F)"}]},{"@type":"WebSite","@id":"https:\/\/www.almega.se\/#website","url":"https:\/\/www.almega.se\/","name":"Almega","description":"","potentialAction":[{"@type":"SearchAction","target":{"@type":"EntryPoint","urlTemplate":"https:\/\/www.almega.se\/?s={search_term_string}"},"query-input":{"@type":"PropertyValueSpecification","valueRequired":true,"valueName":"search_term_string"}}],"inLanguage":"sv-SE"},{"@type":"Person","@id":"https:\/\/www.almega.se\/#\/schema\/person\/85455dd30dc7dd48496950cee22dd217","name":"Christoffer Bj\u00f6rkwall","image":{"@type":"ImageObject","inLanguage":"sv-SE","@id":"https:\/\/www.almega.se\/#\/schema\/person\/image\/","url":"https:\/\/secure.gravatar.com\/avatar\/956880dd99ad7977c1311ac56674963f4336935dd0a0213718b2293a4929de54?s=96&d=mm&r=g","contentUrl":"https:\/\/secure.gravatar.com\/avatar\/956880dd99ad7977c1311ac56674963f4336935dd0a0213718b2293a4929de54?s=96&d=mm&r=g","caption":"Christoffer Bj\u00f6rkwall"},"url":"https:\/\/www.almega.se\/person\/_j9ud6qydtb7peyh5q9truisdz8givruub40jznsy\/"}]}},"_links":{"self":[{"href":"https:\/\/www.almega.se\/api\/wp\/v2\/posts\/80141","targetHints":{"allow":["GET"]}}],"collection":[{"href":"https:\/\/www.almega.se\/api\/wp\/v2\/posts"}],"about":[{"href":"https:\/\/www.almega.se\/api\/wp\/v2\/types\/post"}],"author":[{"embeddable":true,"href":"https:\/\/www.almega.se\/api\/wp\/v2\/users\/21100"}],"replies":[{"embeddable":true,"href":"https:\/\/www.almega.se\/api\/wp\/v2\/comments?post=80141"}],"version-history":[{"count":4,"href":"https:\/\/www.almega.se\/api\/wp\/v2\/posts\/80141\/revisions"}],"predecessor-version":[{"id":80163,"href":"https:\/\/www.almega.se\/api\/wp\/v2\/posts\/80141\/revisions\/80163"}],"wp:attachment":[{"href":"https:\/\/www.almega.se\/api\/wp\/v2\/media?parent=80141"}],"wp:term":[{"taxonomy":"category","embeddable":true,"href":"https:\/\/www.almega.se\/api\/wp\/v2\/categories?post=80141"},{"taxonomy":"post_tag","embeddable":true,"href":"https:\/\/www.almega.se\/api\/wp\/v2\/tags?post=80141"},{"taxonomy":"type","embeddable":true,"href":"https:\/\/www.almega.se\/api\/wp\/v2\/article_type?post=80141"},{"taxonomy":"agreement","embeddable":true,"href":"https:\/\/www.almega.se\/api\/wp\/v2\/agreement?post=80141"}],"curies":[{"name":"wp","href":"https:\/\/api.w.org\/{rel}","templated":true}]}}