{"id":80133,"date":"2025-06-03T15:31:53","date_gmt":"2025-06-03T13:31:53","guid":{"rendered":"https:\/\/www.almega.se\/2025\/06\/oansvariga-varsel-fran-fastighets-och-seko\/"},"modified":"2025-06-04T13:26:54","modified_gmt":"2025-06-04T11:26:54","slug":"oansvariga-varsel-fran-fastighets-och-seko","status":"publish","type":"post","link":"https:\/\/www.almega.se\/2025\/06\/oansvariga-varsel-fran-fastighets-och-seko\/","title":{"rendered":"Oansvariga varsel fr\u00e5n Fastighets och SEKO"},"content":{"rendered":"\n<p class=\"intro\">Servicef\u00f6retagen inom Almega Tj\u00e4nstef\u00f6rbunden har idag tagit emot ett varsel om konflikt fr\u00e5n Fastighetsanst\u00e4lldas f\u00f6rbund och SEKO p\u00e5 avtalet f\u00f6r\u00a0Serviceentreprenad.<\/p>\n<p>\u2013 Vi beklagar att Fastighets och SEKO varslar om konflikt. Vi hade g\u00e4rna fortsatt f\u00f6rhandlingarna med m\u00e5l att komma \u00f6verens om ett nytt avtal inom de ramar som arbetsmarknadens parter best\u00e4mt tillsammans, det s\u00e5 kallade m\u00e4rket. V\u00e5ra fackliga motparter valde i st\u00e4llet att varsla om konflikt.<\/p>\n<p>\u2013 Det har varit ett utmanande f\u00f6rhandlingsklimat och vi st\u00e5r l\u00e5ngt ifr\u00e5n varandra. Nu f\u00e5r f\u00f6rhandlingarna forts\u00e4tta under ledning av de medlare som Medlingsinstitutet utser, s\u00e4ger Martin Stenmo, Chef Almega Servicef\u00f6retagen.<\/p>\n<p>Varslet om konflikt inkom till Servicef\u00f6retagen i dag tisdagen den 3 juni och strids\u00e5tg\u00e4rderna tr\u00e4der i kraft den 16 juni<strong> <\/strong>kl 06.00.\u00a0Fokus ligger nu p\u00e5 att analysera effekterna av en eventuellt utbruten konflikt samtidigt som processen om ett nytt kollektivtal forts\u00e4tter enligt g\u00e4ngse procedur.<\/p>\n<\/p>\n<p><em>Attraktiva och branschanpassade villkor \u00e4r avg\u00f6rande f\u00f6r tj\u00e4nstesektorns framg\u00e5ng och Almega str\u00e4var alltid efter att skapa de b\u00e4sta f\u00f6ruts\u00e4ttningarna f\u00f6r b\u00e5de arbetsgivare och medarbetare. Under avtalsr\u00f6relsen 2025 tecknar Almega sammanlagt 125 avtal, flest av alla arbetsgivarorganisationer.<\/em><\/p>\n<\/p>\n\n","protected":false},"excerpt":{"rendered":"<p>Servicef\u00f6retagen inom Almega Tj\u00e4nstef\u00f6rbunden har idag tagit emot ett varsel om konflikt fr\u00e5n Fastighetsanst\u00e4lldas f\u00f6rbund och SEKO p\u00e5 avtalet f\u00f6r\u00a0Serviceentreprenad.<\/p>\n","protected":false},"author":3380,"featured_media":80134,"comment_status":"closed","ping_status":"closed","sticky":false,"template":"","format":"standard","meta":{"_acf_changed":false,"footnotes":""},"categories":[636],"tags":[780],"article_type":[93],"agreement":[],"class_list":["post-80133","post","type-post","status-publish","format-standard","has-post-thumbnail","hentry","category-avtalsrorelse","tag-avtalsrorelsen-2025","type-pressmeddelanden"],"acf":[],"yoast_head":"<!-- This site is optimized with the Yoast SEO Premium plugin v26.8 (Yoast SEO v26.8) - https:\/\/yoast.com\/product\/yoast-seo-premium-wordpress\/ -->\n<title>Oansvariga varsel fr\u00e5n Fastighets och SEKO | Almega<\/title>\n<meta name=\"robots\" content=\"index, follow, max-snippet:-1, max-image-preview:large, max-video-preview:-1\" \/>\n<link rel=\"canonical\" href=\"https:\/\/www.almega.se\/2025\/06\/oansvariga-varsel-fran-fastighets-och-seko\/\" \/>\n<meta property=\"og:locale\" content=\"sv_SE\" \/>\n<meta property=\"og:type\" content=\"article\" \/>\n<meta property=\"og:title\" content=\"Oansvariga varsel fr\u00e5n Fastighets och SEKO\" \/>\n<meta property=\"og:description\" content=\"Servicef\u00f6retagen inom Almega Tj\u00e4nstef\u00f6rbunden har idag tagit emot ett varsel om konflikt fr\u00e5n Fastighetsanst\u00e4lldas f\u00f6rbund och SEKO p\u00e5 avtalet f\u00f6r\u00a0Serviceentreprenad.\" \/>\n<meta property=\"og:url\" content=\"https:\/\/www.almega.se\/2025\/06\/oansvariga-varsel-fran-fastighets-och-seko\/\" \/>\n<meta property=\"og:site_name\" content=\"Almega\" \/>\n<meta property=\"article:published_time\" content=\"2025-06-03T13:31:53+00:00\" \/>\n<meta property=\"article:modified_time\" content=\"2025-06-04T11:26:54+00:00\" \/>\n<meta property=\"og:image\" content=\"https:\/\/www.almega.se\/app\/uploads\/2025\/06\/6cc1cde7-bb1c-4a88-95b3-71dae0fa8c02-scaled.jpg\" \/>\n\t<meta property=\"og:image:width\" content=\"2560\" \/>\n\t<meta property=\"og:image:height\" content=\"1920\" \/>\n\t<meta property=\"og:image:type\" content=\"image\/jpeg\" \/>\n<meta name=\"author\" content=\"Marianne Ahlgren\" \/>\n<meta name=\"twitter:card\" content=\"summary_large_image\" \/>\n<meta name=\"twitter:label1\" content=\"Skriven av\" \/>\n\t<meta name=\"twitter:data1\" content=\"Marianne Ahlgren\" \/>\n\t<meta name=\"twitter:label2\" content=\"Ber\u00e4knad l\u00e4stid\" \/>\n\t<meta name=\"twitter:data2\" content=\"2 minuter\" \/>\n<!-- \/ Yoast SEO Premium plugin. -->","yoast_head_json":{"title":"Oansvariga varsel fr\u00e5n Fastighets och SEKO | Almega","robots":{"index":"index","follow":"follow","max-snippet":"max-snippet:-1","max-image-preview":"max-image-preview:large","max-video-preview":"max-video-preview:-1"},"canonical":"https:\/\/www.almega.se\/2025\/06\/oansvariga-varsel-fran-fastighets-och-seko\/","og_locale":"sv_SE","og_type":"article","og_title":"Oansvariga varsel fr\u00e5n Fastighets och SEKO","og_description":"Servicef\u00f6retagen inom Almega Tj\u00e4nstef\u00f6rbunden har idag tagit emot ett varsel om konflikt fr\u00e5n Fastighetsanst\u00e4lldas f\u00f6rbund och SEKO p\u00e5 avtalet f\u00f6r\u00a0Serviceentreprenad.","og_url":"https:\/\/www.almega.se\/2025\/06\/oansvariga-varsel-fran-fastighets-och-seko\/","og_site_name":"Almega","article_published_time":"2025-06-03T13:31:53+00:00","article_modified_time":"2025-06-04T11:26:54+00:00","og_image":[{"width":2560,"height":1920,"url":"https:\/\/www.almega.se\/app\/uploads\/2025\/06\/6cc1cde7-bb1c-4a88-95b3-71dae0fa8c02-scaled.jpg","type":"image\/jpeg"}],"author":"Marianne Ahlgren","twitter_card":"summary_large_image","twitter_misc":{"Skriven av":"Marianne Ahlgren","Ber\u00e4knad l\u00e4stid":"2 minuter"},"schema":{"@context":"https:\/\/schema.org","@graph":[{"@type":"NewsArticle","@id":"https:\/\/www.almega.se\/2025\/06\/oansvariga-varsel-fran-fastighets-och-seko\/#article","isPartOf":{"@id":"https:\/\/www.almega.se\/2025\/06\/oansvariga-varsel-fran-fastighets-och-seko\/"},"author":{"name":"Marianne Ahlgren","@id":"https:\/\/www.almega.se\/#\/schema\/person\/860599f2ded56005a909a04b92cf7035"},"headline":"Oansvariga varsel fr\u00e5n Fastighets och SEKO","datePublished":"2025-06-03T13:31:53+00:00","dateModified":"2025-06-04T11:26:54+00:00","mainEntityOfPage":{"@id":"https:\/\/www.almega.se\/2025\/06\/oansvariga-varsel-fran-fastighets-och-seko\/"},"wordCount":219,"image":{"@id":"https:\/\/www.almega.se\/2025\/06\/oansvariga-varsel-fran-fastighets-och-seko\/#primaryimage"},"thumbnailUrl":"https:\/\/www.almega.se\/app\/uploads\/2025\/06\/6cc1cde7-bb1c-4a88-95b3-71dae0fa8c02-scaled.jpg","keywords":["avtalsr\u00f6relsen 2025"],"articleSection":["Avtalsr\u00f6relse"],"inLanguage":"sv-SE"},{"@type":"WebPage","@id":"https:\/\/www.almega.se\/2025\/06\/oansvariga-varsel-fran-fastighets-och-seko\/","url":"https:\/\/www.almega.se\/2025\/06\/oansvariga-varsel-fran-fastighets-och-seko\/","name":"Oansvariga varsel fr\u00e5n Fastighets och SEKO | Almega","isPartOf":{"@id":"https:\/\/www.almega.se\/#website"},"primaryImageOfPage":{"@id":"https:\/\/www.almega.se\/2025\/06\/oansvariga-varsel-fran-fastighets-och-seko\/#primaryimage"},"image":{"@id":"https:\/\/www.almega.se\/2025\/06\/oansvariga-varsel-fran-fastighets-och-seko\/#primaryimage"},"thumbnailUrl":"https:\/\/www.almega.se\/app\/uploads\/2025\/06\/6cc1cde7-bb1c-4a88-95b3-71dae0fa8c02-scaled.jpg","datePublished":"2025-06-03T13:31:53+00:00","dateModified":"2025-06-04T11:26:54+00:00","author":{"@id":"https:\/\/www.almega.se\/#\/schema\/person\/860599f2ded56005a909a04b92cf7035"},"breadcrumb":{"@id":"https:\/\/www.almega.se\/2025\/06\/oansvariga-varsel-fran-fastighets-och-seko\/#breadcrumb"},"inLanguage":"sv-SE","potentialAction":[{"@type":"ReadAction","target":["https:\/\/www.almega.se\/2025\/06\/oansvariga-varsel-fran-fastighets-och-seko\/"]}]},{"@type":"ImageObject","inLanguage":"sv-SE","@id":"https:\/\/www.almega.se\/2025\/06\/oansvariga-varsel-fran-fastighets-och-seko\/#primaryimage","url":"https:\/\/www.almega.se\/app\/uploads\/2025\/06\/6cc1cde7-bb1c-4a88-95b3-71dae0fa8c02-scaled.jpg","contentUrl":"https:\/\/www.almega.se\/app\/uploads\/2025\/06\/6cc1cde7-bb1c-4a88-95b3-71dae0fa8c02-scaled.jpg","width":2560,"height":1920,"caption":"6cc1cde7-bb1c-4a88-95b3-71dae0fa8c02.jpg"},{"@type":"BreadcrumbList","@id":"https:\/\/www.almega.se\/2025\/06\/oansvariga-varsel-fran-fastighets-och-seko\/#breadcrumb","itemListElement":[{"@type":"ListItem","position":1,"name":"Home","item":"https:\/\/www.almega.se\/"},{"@type":"ListItem","position":2,"name":"Oansvariga varsel fr\u00e5n Fastighets och SEKO"}]},{"@type":"WebSite","@id":"https:\/\/www.almega.se\/#website","url":"https:\/\/www.almega.se\/","name":"Almega","description":"","potentialAction":[{"@type":"SearchAction","target":{"@type":"EntryPoint","urlTemplate":"https:\/\/www.almega.se\/?s={search_term_string}"},"query-input":{"@type":"PropertyValueSpecification","valueRequired":true,"valueName":"search_term_string"}}],"inLanguage":"sv-SE"},{"@type":"Person","@id":"https:\/\/www.almega.se\/#\/schema\/person\/860599f2ded56005a909a04b92cf7035","name":"Marianne Ahlgren","image":{"@type":"ImageObject","inLanguage":"sv-SE","@id":"https:\/\/www.almega.se\/#\/schema\/person\/image\/","url":"https:\/\/secure.gravatar.com\/avatar\/4c350e8b0dd656a6bbe04785780665ac53c7b373c038b1140ce3ae5e8cb21bef?s=96&d=mm&r=g","contentUrl":"https:\/\/secure.gravatar.com\/avatar\/4c350e8b0dd656a6bbe04785780665ac53c7b373c038b1140ce3ae5e8cb21bef?s=96&d=mm&r=g","caption":"Marianne Ahlgren"},"url":"https:\/\/www.almega.se\/person\/marianneahlgren\/"}]}},"_links":{"self":[{"href":"https:\/\/www.almega.se\/api\/wp\/v2\/posts\/80133","targetHints":{"allow":["GET"]}}],"collection":[{"href":"https:\/\/www.almega.se\/api\/wp\/v2\/posts"}],"about":[{"href":"https:\/\/www.almega.se\/api\/wp\/v2\/types\/post"}],"author":[{"embeddable":true,"href":"https:\/\/www.almega.se\/api\/wp\/v2\/users\/3380"}],"replies":[{"embeddable":true,"href":"https:\/\/www.almega.se\/api\/wp\/v2\/comments?post=80133"}],"version-history":[{"count":2,"href":"https:\/\/www.almega.se\/api\/wp\/v2\/posts\/80133\/revisions"}],"predecessor-version":[{"id":80204,"href":"https:\/\/www.almega.se\/api\/wp\/v2\/posts\/80133\/revisions\/80204"}],"wp:featuredmedia":[{"embeddable":true,"href":"https:\/\/www.almega.se\/api\/wp\/v2\/media\/80134"}],"wp:attachment":[{"href":"https:\/\/www.almega.se\/api\/wp\/v2\/media?parent=80133"}],"wp:term":[{"taxonomy":"category","embeddable":true,"href":"https:\/\/www.almega.se\/api\/wp\/v2\/categories?post=80133"},{"taxonomy":"post_tag","embeddable":true,"href":"https:\/\/www.almega.se\/api\/wp\/v2\/tags?post=80133"},{"taxonomy":"type","embeddable":true,"href":"https:\/\/www.almega.se\/api\/wp\/v2\/article_type?post=80133"},{"taxonomy":"agreement","embeddable":true,"href":"https:\/\/www.almega.se\/api\/wp\/v2\/agreement?post=80133"}],"curies":[{"name":"wp","href":"https:\/\/api.w.org\/{rel}","templated":true}]}}