{"id":80099,"date":"2025-06-03T10:34:30","date_gmt":"2025-06-03T08:34:30","guid":{"rendered":"https:\/\/www.almega.se\/2025\/06\/oansvarigt-varsel-om-konflikt-fran-kommunal\/"},"modified":"2025-06-04T13:27:21","modified_gmt":"2025-06-04T11:27:21","slug":"oansvarigt-varsel-om-konflikt-fran-kommunal","status":"publish","type":"post","link":"https:\/\/www.almega.se\/2025\/06\/oansvarigt-varsel-om-konflikt-fran-kommunal\/","title":{"rendered":"\u201dOansvarigt varsel om konflikt fr\u00e5n Kommunal\u201d"},"content":{"rendered":"\n<p class=\"intro\">V\u00e5rdf\u00f6retagarna inom Almega har idag tagit emot ett varsel om konflikt fr\u00e5n fackf\u00f6rbundet Kommunal. \u201dDe vill ha mer \u00e4n alla andra\u201d, s\u00e4ger V\u00e5rdf\u00f6retagarnas f\u00f6rhandlingschef Per \u00d6stlund.<\/p>\n<p>\u2013 Det \u00e4r beklagligt att Kommunal v\u00e4ljer att varsla om konflikt. Vi hade g\u00e4rna fortsatt f\u00f6rhandlingarna f\u00f6r att f\u00e5 till st\u00e5nd ett nytt avtal inom de ramar som arbetsmarknadens parter best\u00e4mt tillsammans, s\u00e4ger Per \u00d6stlund, f\u00f6rhandlingschef p\u00e5 V\u00e5rdf\u00f6retagarna.<\/p>\n<p>Varslet om konflikt ber\u00f6r omkring 50 000 arbetstagare inom sjukv\u00e5rd, behandling- och omsorgsverksamhet samt \u00e4ldreomsorg och inkom till Almega i dag den 3 juni. Strids\u00e5tg\u00e4rderna kommer tr\u00e4da i kraft den 16 juni kl 07:00.<\/p>\n<p>\u2013 Kommunal vill ha mer \u00e4n alla andra p\u00e5 svensk arbetsmarknad. Vi har anstr\u00e4ngt oss f\u00f6r att hitta l\u00f6sningar, bland annat p\u00e5 mertidsfr\u00e5gan, men tyv\u00e4rr, Kommunal accepterar inte de l\u00f6sningar som fungerat p\u00e5 alla andra avtalsomr\u00e5den, s\u00e4ger Per \u00d6stlund.<\/p>\n<p>Nu inleds arbetet med att kartl\u00e4gga effekterna av en eventuellt utbruten konflikt, samtidigt som Medlingsinstitutets oberoende medlare tar \u00f6ver processen.<\/p>\n<p>\u00a0 \u00a0<\/p>\n<p>\u00a0<\/p>\n<p><em>Attraktiva och branschanpassade villkor \u00e4r avg\u00f6rande f\u00f6r tj\u00e4nstesektorns framg\u00e5ng och Almega str\u00e4var alltid efter att skapa de b\u00e4sta f\u00f6ruts\u00e4ttningarna f\u00f6r b\u00e5de arbetsgivare och medarbetare. Under avtalsr\u00f6relsen 2025 tecknar Almega sammanlagt 125 avtal, flest av alla arbetsgivarorganisationer.<\/em><\/p>\n\n","protected":false},"excerpt":{"rendered":"<p>V\u00e5rdf\u00f6retagarna inom Almega har idag tagit emot ett varsel om konflikt fr\u00e5n fackf\u00f6rbundet Kommunal. \u201dDe vill ha mer \u00e4n alla andra\u201d, s\u00e4ger V\u00e5rdf\u00f6retagarnas f\u00f6rhandlingschef Per \u00d6stlund.<\/p>\n","protected":false},"author":6356,"featured_media":80100,"comment_status":"closed","ping_status":"closed","sticky":false,"template":"","format":"standard","meta":{"_acf_changed":false,"footnotes":""},"categories":[636],"tags":[780],"article_type":[93],"agreement":[],"class_list":["post-80099","post","type-post","status-publish","format-standard","has-post-thumbnail","hentry","category-avtalsrorelse","tag-avtalsrorelsen-2025","type-pressmeddelanden"],"acf":[],"yoast_head":"<!-- This site is optimized with the Yoast SEO Premium plugin v26.8 (Yoast SEO v26.8) - https:\/\/yoast.com\/product\/yoast-seo-premium-wordpress\/ -->\n<title>\u201dOansvarigt varsel om konflikt fr\u00e5n Kommunal\u201d | Almega<\/title>\n<meta name=\"robots\" content=\"index, follow, max-snippet:-1, max-image-preview:large, max-video-preview:-1\" \/>\n<link rel=\"canonical\" href=\"https:\/\/www.almega.se\/2025\/06\/oansvarigt-varsel-om-konflikt-fran-kommunal\/\" \/>\n<meta property=\"og:locale\" content=\"sv_SE\" \/>\n<meta property=\"og:type\" content=\"article\" \/>\n<meta property=\"og:title\" content=\"\u201dOansvarigt varsel om konflikt fr\u00e5n Kommunal\u201d\" \/>\n<meta property=\"og:description\" content=\"V\u00e5rdf\u00f6retagarna inom Almega har idag tagit emot ett varsel om konflikt fr\u00e5n fackf\u00f6rbundet Kommunal. \u201dDe vill ha mer \u00e4n alla andra\u201d, s\u00e4ger V\u00e5rdf\u00f6retagarnas f\u00f6rhandlingschef Per \u00d6stlund.\" \/>\n<meta property=\"og:url\" content=\"https:\/\/www.almega.se\/2025\/06\/oansvarigt-varsel-om-konflikt-fran-kommunal\/\" \/>\n<meta property=\"og:site_name\" content=\"Almega\" \/>\n<meta property=\"article:published_time\" content=\"2025-06-03T08:34:30+00:00\" \/>\n<meta property=\"article:modified_time\" content=\"2025-06-04T11:27:21+00:00\" \/>\n<meta property=\"og:image\" content=\"https:\/\/www.almega.se\/app\/uploads\/2025\/06\/53199489-0a1e-4c86-8f64-7870caf228a6-scaled.jpg\" \/>\n\t<meta property=\"og:image:width\" content=\"2560\" \/>\n\t<meta property=\"og:image:height\" content=\"1664\" \/>\n\t<meta property=\"og:image:type\" content=\"image\/jpeg\" \/>\n<meta name=\"author\" content=\"Erik Juhlin\" \/>\n<meta name=\"twitter:card\" content=\"summary_large_image\" \/>\n<meta name=\"twitter:label1\" content=\"Skriven av\" \/>\n\t<meta name=\"twitter:data1\" content=\"Erik Juhlin\" \/>\n\t<meta name=\"twitter:label2\" content=\"Ber\u00e4knad l\u00e4stid\" \/>\n\t<meta name=\"twitter:data2\" content=\"2 minuter\" \/>\n<!-- \/ Yoast SEO Premium plugin. -->","yoast_head_json":{"title":"\u201dOansvarigt varsel om konflikt fr\u00e5n Kommunal\u201d | Almega","robots":{"index":"index","follow":"follow","max-snippet":"max-snippet:-1","max-image-preview":"max-image-preview:large","max-video-preview":"max-video-preview:-1"},"canonical":"https:\/\/www.almega.se\/2025\/06\/oansvarigt-varsel-om-konflikt-fran-kommunal\/","og_locale":"sv_SE","og_type":"article","og_title":"\u201dOansvarigt varsel om konflikt fr\u00e5n Kommunal\u201d","og_description":"V\u00e5rdf\u00f6retagarna inom Almega har idag tagit emot ett varsel om konflikt fr\u00e5n fackf\u00f6rbundet Kommunal. \u201dDe vill ha mer \u00e4n alla andra\u201d, s\u00e4ger V\u00e5rdf\u00f6retagarnas f\u00f6rhandlingschef Per \u00d6stlund.","og_url":"https:\/\/www.almega.se\/2025\/06\/oansvarigt-varsel-om-konflikt-fran-kommunal\/","og_site_name":"Almega","article_published_time":"2025-06-03T08:34:30+00:00","article_modified_time":"2025-06-04T11:27:21+00:00","og_image":[{"width":2560,"height":1664,"url":"https:\/\/www.almega.se\/app\/uploads\/2025\/06\/53199489-0a1e-4c86-8f64-7870caf228a6-scaled.jpg","type":"image\/jpeg"}],"author":"Erik Juhlin","twitter_card":"summary_large_image","twitter_misc":{"Skriven av":"Erik Juhlin","Ber\u00e4knad l\u00e4stid":"2 minuter"},"schema":{"@context":"https:\/\/schema.org","@graph":[{"@type":"NewsArticle","@id":"https:\/\/www.almega.se\/2025\/06\/oansvarigt-varsel-om-konflikt-fran-kommunal\/#article","isPartOf":{"@id":"https:\/\/www.almega.se\/2025\/06\/oansvarigt-varsel-om-konflikt-fran-kommunal\/"},"author":{"name":"Erik Juhlin","@id":"https:\/\/www.almega.se\/#\/schema\/person\/3c181ea7ead5ab7b14c61584637720f5"},"headline":"\u201dOansvarigt varsel om konflikt fr\u00e5n Kommunal\u201d","datePublished":"2025-06-03T08:34:30+00:00","dateModified":"2025-06-04T11:27:21+00:00","mainEntityOfPage":{"@id":"https:\/\/www.almega.se\/2025\/06\/oansvarigt-varsel-om-konflikt-fran-kommunal\/"},"wordCount":234,"image":{"@id":"https:\/\/www.almega.se\/2025\/06\/oansvarigt-varsel-om-konflikt-fran-kommunal\/#primaryimage"},"thumbnailUrl":"https:\/\/www.almega.se\/app\/uploads\/2025\/06\/53199489-0a1e-4c86-8f64-7870caf228a6-scaled.jpg","keywords":["avtalsr\u00f6relsen 2025"],"articleSection":["Avtalsr\u00f6relse"],"inLanguage":"sv-SE"},{"@type":"WebPage","@id":"https:\/\/www.almega.se\/2025\/06\/oansvarigt-varsel-om-konflikt-fran-kommunal\/","url":"https:\/\/www.almega.se\/2025\/06\/oansvarigt-varsel-om-konflikt-fran-kommunal\/","name":"\u201dOansvarigt varsel om konflikt fr\u00e5n Kommunal\u201d | Almega","isPartOf":{"@id":"https:\/\/www.almega.se\/#website"},"primaryImageOfPage":{"@id":"https:\/\/www.almega.se\/2025\/06\/oansvarigt-varsel-om-konflikt-fran-kommunal\/#primaryimage"},"image":{"@id":"https:\/\/www.almega.se\/2025\/06\/oansvarigt-varsel-om-konflikt-fran-kommunal\/#primaryimage"},"thumbnailUrl":"https:\/\/www.almega.se\/app\/uploads\/2025\/06\/53199489-0a1e-4c86-8f64-7870caf228a6-scaled.jpg","datePublished":"2025-06-03T08:34:30+00:00","dateModified":"2025-06-04T11:27:21+00:00","author":{"@id":"https:\/\/www.almega.se\/#\/schema\/person\/3c181ea7ead5ab7b14c61584637720f5"},"breadcrumb":{"@id":"https:\/\/www.almega.se\/2025\/06\/oansvarigt-varsel-om-konflikt-fran-kommunal\/#breadcrumb"},"inLanguage":"sv-SE","potentialAction":[{"@type":"ReadAction","target":["https:\/\/www.almega.se\/2025\/06\/oansvarigt-varsel-om-konflikt-fran-kommunal\/"]}]},{"@type":"ImageObject","inLanguage":"sv-SE","@id":"https:\/\/www.almega.se\/2025\/06\/oansvarigt-varsel-om-konflikt-fran-kommunal\/#primaryimage","url":"https:\/\/www.almega.se\/app\/uploads\/2025\/06\/53199489-0a1e-4c86-8f64-7870caf228a6-scaled.jpg","contentUrl":"https:\/\/www.almega.se\/app\/uploads\/2025\/06\/53199489-0a1e-4c86-8f64-7870caf228a6-scaled.jpg","width":2560,"height":1664,"caption":"Per \u00d6stlund, f\u00f6rhandlingschef p\u00e5 V\u00e5rdf\u00f6retagarna"},{"@type":"BreadcrumbList","@id":"https:\/\/www.almega.se\/2025\/06\/oansvarigt-varsel-om-konflikt-fran-kommunal\/#breadcrumb","itemListElement":[{"@type":"ListItem","position":1,"name":"Home","item":"https:\/\/www.almega.se\/"},{"@type":"ListItem","position":2,"name":"\u201dOansvarigt varsel om konflikt fr\u00e5n Kommunal\u201d"}]},{"@type":"WebSite","@id":"https:\/\/www.almega.se\/#website","url":"https:\/\/www.almega.se\/","name":"Almega","description":"","potentialAction":[{"@type":"SearchAction","target":{"@type":"EntryPoint","urlTemplate":"https:\/\/www.almega.se\/?s={search_term_string}"},"query-input":{"@type":"PropertyValueSpecification","valueRequired":true,"valueName":"search_term_string"}}],"inLanguage":"sv-SE"},{"@type":"Person","@id":"https:\/\/www.almega.se\/#\/schema\/person\/3c181ea7ead5ab7b14c61584637720f5","name":"Erik Juhlin","image":{"@type":"ImageObject","inLanguage":"sv-SE","@id":"https:\/\/www.almega.se\/#\/schema\/person\/image\/","url":"https:\/\/secure.gravatar.com\/avatar\/ef0e97454357041724f27ea1630fa5bf78b30eea6fc56998e6a03142ad5b1370?s=96&d=mm&r=g","contentUrl":"https:\/\/secure.gravatar.com\/avatar\/ef0e97454357041724f27ea1630fa5bf78b30eea6fc56998e6a03142ad5b1370?s=96&d=mm&r=g","caption":"Erik Juhlin"},"url":"https:\/\/www.almega.se\/person\/erikjuhlin\/"}]}},"_links":{"self":[{"href":"https:\/\/www.almega.se\/api\/wp\/v2\/posts\/80099","targetHints":{"allow":["GET"]}}],"collection":[{"href":"https:\/\/www.almega.se\/api\/wp\/v2\/posts"}],"about":[{"href":"https:\/\/www.almega.se\/api\/wp\/v2\/types\/post"}],"author":[{"embeddable":true,"href":"https:\/\/www.almega.se\/api\/wp\/v2\/users\/6356"}],"replies":[{"embeddable":true,"href":"https:\/\/www.almega.se\/api\/wp\/v2\/comments?post=80099"}],"version-history":[{"count":1,"href":"https:\/\/www.almega.se\/api\/wp\/v2\/posts\/80099\/revisions"}],"predecessor-version":[{"id":80101,"href":"https:\/\/www.almega.se\/api\/wp\/v2\/posts\/80099\/revisions\/80101"}],"wp:featuredmedia":[{"embeddable":true,"href":"https:\/\/www.almega.se\/api\/wp\/v2\/media\/80100"}],"wp:attachment":[{"href":"https:\/\/www.almega.se\/api\/wp\/v2\/media?parent=80099"}],"wp:term":[{"taxonomy":"category","embeddable":true,"href":"https:\/\/www.almega.se\/api\/wp\/v2\/categories?post=80099"},{"taxonomy":"post_tag","embeddable":true,"href":"https:\/\/www.almega.se\/api\/wp\/v2\/tags?post=80099"},{"taxonomy":"type","embeddable":true,"href":"https:\/\/www.almega.se\/api\/wp\/v2\/article_type?post=80099"},{"taxonomy":"agreement","embeddable":true,"href":"https:\/\/www.almega.se\/api\/wp\/v2\/agreement?post=80099"}],"curies":[{"name":"wp","href":"https:\/\/api.w.org\/{rel}","templated":true}]}}