{"id":80081,"date":"2025-06-03T09:04:13","date_gmt":"2025-06-03T07:04:13","guid":{"rendered":"https:\/\/www.almega.se\/2025\/06\/nytt-avtal-for-bevaknings-och-sakerhetsbranschen\/"},"modified":"2025-06-03T10:50:17","modified_gmt":"2025-06-03T08:50:17","slug":"nytt-avtal-for-bevaknings-och-sakerhetsbranschen","status":"publish","type":"post","link":"https:\/\/www.almega.se\/2025\/06\/nytt-avtal-for-bevaknings-och-sakerhetsbranschen\/","title":{"rendered":"Nytt avtal f\u00f6r Bevaknings- och s\u00e4kerhets&shy;branschen"},"content":{"rendered":"\n<p class=\"intro\">S\u00e4kerhetsf\u00f6retagen inom Almega\u00a0har, tillsammans med Transportarbetarf\u00f6rbundet, tr\u00e4ffat ett nytt kollektivavtal f\u00f6r Bevaknings- och s\u00e4kerhetsbranschen. Det nya avtalet\u00a0l\u00f6per p\u00e5 24 m\u00e5nader och har ett avtalsv\u00e4rde p\u00e5 6,4 procent.<\/p>\n<p>\u2013 Vi har tecknat ett avtal som ryms inom de ramar, det s\u00e5 kallade m\u00e4rket, som arbetsmarknadens parter \u00e4r \u00f6verens om. Vi har efter konstruktiva f\u00f6rhandlingar nu ett avtal som gynnar s\u00e5v\u00e4l f\u00f6retag som anst\u00e4llda i bevaknings- och s\u00e4kerhetsbranschen. Det s\u00e4ger Adam Dobbertin, f\u00f6rhandlingschef p\u00e5 S\u00e4kerhetsf\u00f6retagen.\u00a0<\/p>\n<p>Kollektivavtalet ber\u00f6r\u00a0ca 20\u00a0000 \u00e5rsanst\u00e4llda medarbetare i 200\u00a0f\u00f6retag.<\/p>\n<p><em><\/em><\/p>\n<p><em>Attraktiva och branschanpassade villkor \u00e4r avg\u00f6rande f\u00f6r tj\u00e4nstesektorns framg\u00e5ng och Almega str\u00e4var alltid efter att skapa de b\u00e4sta f\u00f6ruts\u00e4ttningarna f\u00f6r b\u00e5de arbetsgivare och medarbetare. Under avtalsr\u00f6relsen 2025 tecknar Almega sammanlagt 125 avtal, flest av alla arbetsgivarorganisationer.<\/em><\/p>\n<p><strong>\u00a0<\/strong><\/p>\n\n","protected":false},"excerpt":{"rendered":"<p>S\u00e4kerhetsf\u00f6retagen inom Almega\u00a0har, tillsammans med Transportarbetarf\u00f6rbundet, tr\u00e4ffat ett nytt kollektivavtal f\u00f6r Bevaknings- och s\u00e4kerhetsbranschen. Det nya avtalet\u00a0l\u00f6per p\u00e5 24 m\u00e5nader och har ett avtalsv\u00e4rde p\u00e5 6,4 procent.<\/p>\n","protected":false},"author":3380,"featured_media":80082,"comment_status":"closed","ping_status":"closed","sticky":false,"template":"","format":"standard","meta":{"_acf_changed":false,"footnotes":""},"categories":[636],"tags":[779],"article_type":[93],"agreement":[],"class_list":["post-80081","post","type-post","status-publish","format-standard","has-post-thumbnail","hentry","category-avtalsrorelse","tag-avtalsrorelsen","type-pressmeddelanden"],"acf":[],"yoast_head":"<!-- This site is optimized with the Yoast SEO Premium plugin v26.8 (Yoast SEO v26.8) - https:\/\/yoast.com\/product\/yoast-seo-premium-wordpress\/ -->\n<title>Nytt avtal f\u00f6r Bevaknings- och s\u00e4kerhetsbranschen | Almega<\/title>\n<meta name=\"robots\" content=\"index, follow, max-snippet:-1, max-image-preview:large, max-video-preview:-1\" \/>\n<link rel=\"canonical\" href=\"https:\/\/www.almega.se\/2025\/06\/nytt-avtal-for-bevaknings-och-sakerhetsbranschen\/\" \/>\n<meta property=\"og:locale\" content=\"sv_SE\" \/>\n<meta property=\"og:type\" content=\"article\" \/>\n<meta property=\"og:title\" content=\"Nytt avtal f\u00f6r Bevaknings- och s\u00e4kerhetsbranschen\" \/>\n<meta property=\"og:description\" content=\"S\u00e4kerhetsf\u00f6retagen inom Almega\u00a0har, tillsammans med Transportarbetarf\u00f6rbundet, tr\u00e4ffat ett nytt kollektivavtal f\u00f6r Bevaknings- och s\u00e4kerhetsbranschen. Det nya avtalet\u00a0l\u00f6per p\u00e5 24 m\u00e5nader och har ett avtalsv\u00e4rde p\u00e5 6,4 procent.\" \/>\n<meta property=\"og:url\" content=\"https:\/\/www.almega.se\/2025\/06\/nytt-avtal-for-bevaknings-och-sakerhetsbranschen\/\" \/>\n<meta property=\"og:site_name\" content=\"Almega\" \/>\n<meta property=\"article:published_time\" content=\"2025-06-03T07:04:13+00:00\" \/>\n<meta property=\"article:modified_time\" content=\"2025-06-03T08:50:17+00:00\" \/>\n<meta property=\"og:image\" content=\"https:\/\/www.almega.se\/app\/uploads\/2025\/06\/69a708ab-049d-40b1-9bd5-fd9f5d0ca524-1180x787.jpg\" \/>\n\t<meta property=\"og:image:width\" content=\"1180\" \/>\n\t<meta property=\"og:image:height\" content=\"787\" \/>\n\t<meta property=\"og:image:type\" content=\"image\/jpeg\" \/>\n<meta name=\"author\" content=\"Marianne Ahlgren\" \/>\n<meta name=\"twitter:card\" content=\"summary_large_image\" \/>\n<meta name=\"twitter:label1\" content=\"Skriven av\" \/>\n\t<meta name=\"twitter:data1\" content=\"Marianne Ahlgren\" \/>\n\t<meta name=\"twitter:label2\" content=\"Ber\u00e4knad l\u00e4stid\" \/>\n\t<meta name=\"twitter:data2\" content=\"1 minut\" \/>\n<!-- \/ Yoast SEO Premium plugin. -->","yoast_head_json":{"title":"Nytt avtal f\u00f6r Bevaknings- och s\u00e4kerhetsbranschen | Almega","robots":{"index":"index","follow":"follow","max-snippet":"max-snippet:-1","max-image-preview":"max-image-preview:large","max-video-preview":"max-video-preview:-1"},"canonical":"https:\/\/www.almega.se\/2025\/06\/nytt-avtal-for-bevaknings-och-sakerhetsbranschen\/","og_locale":"sv_SE","og_type":"article","og_title":"Nytt avtal f\u00f6r Bevaknings- och s\u00e4kerhetsbranschen","og_description":"S\u00e4kerhetsf\u00f6retagen inom Almega\u00a0har, tillsammans med Transportarbetarf\u00f6rbundet, tr\u00e4ffat ett nytt kollektivavtal f\u00f6r Bevaknings- och s\u00e4kerhetsbranschen. Det nya avtalet\u00a0l\u00f6per p\u00e5 24 m\u00e5nader och har ett avtalsv\u00e4rde p\u00e5 6,4 procent.","og_url":"https:\/\/www.almega.se\/2025\/06\/nytt-avtal-for-bevaknings-och-sakerhetsbranschen\/","og_site_name":"Almega","article_published_time":"2025-06-03T07:04:13+00:00","article_modified_time":"2025-06-03T08:50:17+00:00","og_image":[{"width":1180,"height":787,"url":"https:\/\/www.almega.se\/app\/uploads\/2025\/06\/69a708ab-049d-40b1-9bd5-fd9f5d0ca524-1180x787.jpg","type":"image\/jpeg"}],"author":"Marianne Ahlgren","twitter_card":"summary_large_image","twitter_misc":{"Skriven av":"Marianne Ahlgren","Ber\u00e4knad l\u00e4stid":"1 minut"},"schema":{"@context":"https:\/\/schema.org","@graph":[{"@type":"NewsArticle","@id":"https:\/\/www.almega.se\/2025\/06\/nytt-avtal-for-bevaknings-och-sakerhetsbranschen\/#article","isPartOf":{"@id":"https:\/\/www.almega.se\/2025\/06\/nytt-avtal-for-bevaknings-och-sakerhetsbranschen\/"},"author":{"name":"Marianne Ahlgren","@id":"https:\/\/www.almega.se\/#\/schema\/person\/860599f2ded56005a909a04b92cf7035"},"headline":"Nytt avtal f\u00f6r Bevaknings- och s\u00e4kerhets&shy;branschen","datePublished":"2025-06-03T07:04:13+00:00","dateModified":"2025-06-03T08:50:17+00:00","mainEntityOfPage":{"@id":"https:\/\/www.almega.se\/2025\/06\/nytt-avtal-for-bevaknings-och-sakerhetsbranschen\/"},"wordCount":155,"image":{"@id":"https:\/\/www.almega.se\/2025\/06\/nytt-avtal-for-bevaknings-och-sakerhetsbranschen\/#primaryimage"},"thumbnailUrl":"https:\/\/www.almega.se\/app\/uploads\/2025\/06\/69a708ab-049d-40b1-9bd5-fd9f5d0ca524.jpg","keywords":["Avtalsr\u00f6relsen"],"articleSection":["Avtalsr\u00f6relse"],"inLanguage":"sv-SE"},{"@type":"WebPage","@id":"https:\/\/www.almega.se\/2025\/06\/nytt-avtal-for-bevaknings-och-sakerhetsbranschen\/","url":"https:\/\/www.almega.se\/2025\/06\/nytt-avtal-for-bevaknings-och-sakerhetsbranschen\/","name":"Nytt avtal f\u00f6r Bevaknings- och s\u00e4kerhetsbranschen | Almega","isPartOf":{"@id":"https:\/\/www.almega.se\/#website"},"primaryImageOfPage":{"@id":"https:\/\/www.almega.se\/2025\/06\/nytt-avtal-for-bevaknings-och-sakerhetsbranschen\/#primaryimage"},"image":{"@id":"https:\/\/www.almega.se\/2025\/06\/nytt-avtal-for-bevaknings-och-sakerhetsbranschen\/#primaryimage"},"thumbnailUrl":"https:\/\/www.almega.se\/app\/uploads\/2025\/06\/69a708ab-049d-40b1-9bd5-fd9f5d0ca524.jpg","datePublished":"2025-06-03T07:04:13+00:00","dateModified":"2025-06-03T08:50:17+00:00","author":{"@id":"https:\/\/www.almega.se\/#\/schema\/person\/860599f2ded56005a909a04b92cf7035"},"breadcrumb":{"@id":"https:\/\/www.almega.se\/2025\/06\/nytt-avtal-for-bevaknings-och-sakerhetsbranschen\/#breadcrumb"},"inLanguage":"sv-SE","potentialAction":[{"@type":"ReadAction","target":["https:\/\/www.almega.se\/2025\/06\/nytt-avtal-for-bevaknings-och-sakerhetsbranschen\/"]}]},{"@type":"ImageObject","inLanguage":"sv-SE","@id":"https:\/\/www.almega.se\/2025\/06\/nytt-avtal-for-bevaknings-och-sakerhetsbranschen\/#primaryimage","url":"https:\/\/www.almega.se\/app\/uploads\/2025\/06\/69a708ab-049d-40b1-9bd5-fd9f5d0ca524.jpg","contentUrl":"https:\/\/www.almega.se\/app\/uploads\/2025\/06\/69a708ab-049d-40b1-9bd5-fd9f5d0ca524.jpg","width":8000,"height":5335,"caption":"Almega"},{"@type":"BreadcrumbList","@id":"https:\/\/www.almega.se\/2025\/06\/nytt-avtal-for-bevaknings-och-sakerhetsbranschen\/#breadcrumb","itemListElement":[{"@type":"ListItem","position":1,"name":"Home","item":"https:\/\/www.almega.se\/"},{"@type":"ListItem","position":2,"name":"Nytt avtal f\u00f6r Bevaknings- och s\u00e4kerhets&shy;branschen"}]},{"@type":"WebSite","@id":"https:\/\/www.almega.se\/#website","url":"https:\/\/www.almega.se\/","name":"Almega","description":"","potentialAction":[{"@type":"SearchAction","target":{"@type":"EntryPoint","urlTemplate":"https:\/\/www.almega.se\/?s={search_term_string}"},"query-input":{"@type":"PropertyValueSpecification","valueRequired":true,"valueName":"search_term_string"}}],"inLanguage":"sv-SE"},{"@type":"Person","@id":"https:\/\/www.almega.se\/#\/schema\/person\/860599f2ded56005a909a04b92cf7035","name":"Marianne Ahlgren","image":{"@type":"ImageObject","inLanguage":"sv-SE","@id":"https:\/\/www.almega.se\/#\/schema\/person\/image\/","url":"https:\/\/secure.gravatar.com\/avatar\/4c350e8b0dd656a6bbe04785780665ac53c7b373c038b1140ce3ae5e8cb21bef?s=96&d=mm&r=g","contentUrl":"https:\/\/secure.gravatar.com\/avatar\/4c350e8b0dd656a6bbe04785780665ac53c7b373c038b1140ce3ae5e8cb21bef?s=96&d=mm&r=g","caption":"Marianne Ahlgren"},"url":"https:\/\/www.almega.se\/person\/marianneahlgren\/"}]}},"_links":{"self":[{"href":"https:\/\/www.almega.se\/api\/wp\/v2\/posts\/80081","targetHints":{"allow":["GET"]}}],"collection":[{"href":"https:\/\/www.almega.se\/api\/wp\/v2\/posts"}],"about":[{"href":"https:\/\/www.almega.se\/api\/wp\/v2\/types\/post"}],"author":[{"embeddable":true,"href":"https:\/\/www.almega.se\/api\/wp\/v2\/users\/3380"}],"replies":[{"embeddable":true,"href":"https:\/\/www.almega.se\/api\/wp\/v2\/comments?post=80081"}],"version-history":[{"count":1,"href":"https:\/\/www.almega.se\/api\/wp\/v2\/posts\/80081\/revisions"}],"predecessor-version":[{"id":80083,"href":"https:\/\/www.almega.se\/api\/wp\/v2\/posts\/80081\/revisions\/80083"}],"wp:featuredmedia":[{"embeddable":true,"href":"https:\/\/www.almega.se\/api\/wp\/v2\/media\/80082"}],"wp:attachment":[{"href":"https:\/\/www.almega.se\/api\/wp\/v2\/media?parent=80081"}],"wp:term":[{"taxonomy":"category","embeddable":true,"href":"https:\/\/www.almega.se\/api\/wp\/v2\/categories?post=80081"},{"taxonomy":"post_tag","embeddable":true,"href":"https:\/\/www.almega.se\/api\/wp\/v2\/tags?post=80081"},{"taxonomy":"type","embeddable":true,"href":"https:\/\/www.almega.se\/api\/wp\/v2\/article_type?post=80081"},{"taxonomy":"agreement","embeddable":true,"href":"https:\/\/www.almega.se\/api\/wp\/v2\/agreement?post=80081"}],"curies":[{"name":"wp","href":"https:\/\/api.w.org\/{rel}","templated":true}]}}