{"id":79995,"date":"2025-06-02T09:31:06","date_gmt":"2025-06-02T07:31:06","guid":{"rendered":"https:\/\/www.almega.se\/?p=79995"},"modified":"2025-06-02T09:31:07","modified_gmt":"2025-06-02T07:31:07","slug":"debatt-dagens-valfard-bygger-pa-valfrihet-for-alla","status":"publish","type":"post","link":"https:\/\/www.almega.se\/2025\/06\/debatt-dagens-valfard-bygger-pa-valfrihet-for-alla\/","title":{"rendered":"Debatt: Dagens v\u00e4lf\u00e4rd bygger p\u00e5 valfrihet f\u00f6r alla"},"content":{"rendered":"<p class=\"intro\">De som vill f\u00f6rbjuda aktiebolag i v\u00e4lf\u00e4rden vill i praktiken f\u00f6rbjuda valfrihet f\u00f6r miljontals svenskar. L\u00e5t svenska folket beh\u00e5lla kontrollen \u00f6ver sin v\u00e4lf\u00e4rd, skriver f\u00f6re\u00adtr\u00e4dare f\u00f6r f\u00f6retag inom v\u00e5rd, omsorg och skola.<\/p>\n\n<p><strong>Det talas mycket om<\/strong>&nbsp;att \u201dta tillbaka kontrollen\u201d. P\u00e5 Socialdemokraternas partikongress denna vecka riktas retoriken mot den fria v\u00e4lf\u00e4rden. Man vill \u201dst\u00e4da upp i marknadskaoset\u201d och \u201dg\u00f6ra upp med marknadsmisslyckanden\u201d i bransch f\u00f6r bransch, sektor f\u00f6r sektor. Om slagorden blir verklighet kommer stora delar av den v\u00e4lf\u00e4rd vi alla tar f\u00f6r given att raseras.<\/p>\n\n\n\n<p>I praktiken inneb\u00e4r de kraftfulla politiska uttrycken ett politiskt \u00e5tert\u00e5g till ett system d\u00e4r brukaren st\u00e5r maktl\u00f6s, d\u00e4r valfriheten stryps och d\u00e4r ideologi g\u00e5r f\u00f6re verklighetens behov. Ett system som kort sagt \u00e4r b\u00e5de dyrare och s\u00e4mre och d\u00e4r medarbetare, som \u00e4r betydligt mer n\u00f6jda i privat drivna verksamheter, f\u00e5r kraftigt f\u00f6rs\u00e4mrade m\u00f6jligheter att v\u00e4lja arbetsgivare.<\/p>\n\n\n\n<p>Systemet med privata utf\u00f6rare och valfrihet f\u00f6ddes ur medborgarnas frustration \u00f6ver att inte kunna p\u00e5verka sin vardag. Reformerna p\u00e5 1980- och 90-talen syftade till att flytta makt fr\u00e5n byr\u00e5kratin till m\u00e4nniskor s\u00e5 att man oberoende av pl\u00e5nbok skulle f\u00e5 r\u00e4tt att v\u00e4lja skola till sitt barn, v\u00e5rdcentral n\u00e4r man \u00e4r sjuk eller hemtj\u00e4nst p\u00e5 \u00e5lderns h\u00f6st. Det var inte en h\u00f6gerid\u00e9, utan en bred folklig reformvilja som str\u00e4ckte sig \u00f6ver block\u00adgr\u00e4nserna. SSU, under Karl-Petter Thorwaldssons ledning, drev kampanjer f\u00f6r \u00f6kad egenmakt. Socialdemokratiska regeringar f\u00f6rvaltade och utvecklade valfriheten l\u00e5ngt efter att Carl Bildt l\u00e4mnat Rosenbad.<\/p>\n\n\n\n<p><strong>I dag \u00e4r det tydligt<\/strong>&nbsp;att valfriheten uppskattas och fungerar.<\/p>\n\n\n\n<ul class=\"wp-block-list\">\n<li>420\u00a0000 elever g\u00e5r i frist\u00e5ende skolor.<\/li>\n\n\n\n<li>46 procent av alla v\u00e5rdcentraler \u00e4r privat drivna.<\/li>\n\n\n\n<li>72 procent av de assistansber\u00e4ttigade har valt en privat akt\u00f6r.<\/li>\n\n\n\n<li>46\u00a0000 svenskar har valt ett privat \u00e4ldreboende eller hemtj\u00e4nstutf\u00f6rare.<\/li>\n<\/ul>\n\n\n\n<p>Det handlar inte om lyx f\u00f6r vissa, utan om valfrihet i vardagen f\u00f6r alla. Den svenska modellen, med skattefinansierad v\u00e4lf\u00e4rd i kombination med valfrihet, ger goda resultat, h\u00f6g n\u00f6jdhet och mer v\u00e4lf\u00e4rd f\u00f6r varje skattekrona. \u00c4nd\u00e5 vill Socialdemokraterna, i st\u00e4llet f\u00f6r att varsamt v\u00e5rda reformer, g\u00f6ra drastiska f\u00f6r\u00e4ndringar av den svenska v\u00e4lf\u00e4rden.<\/p>\n\n\n\n<p>Sj\u00e4lvklart finns s\u00e5dant som m\u00e5ste f\u00f6rb\u00e4ttras. Det har funnits problem med enskilda akt\u00f6rer i svensk skola som kraftigt missk\u00f6tt undervisningen och samtidigt delat ut vinst. S\u00e5 ska det inte g\u00e5 till och d\u00e4rf\u00f6r har bransch- och arbetsgivarorganisationen Almega Utbildning en ny uppf\u00f6randekod och ett etiskt r\u00e5d som ska skapa en h\u00f6gre standard f\u00f6r hela branschen. V\u00e5rdf\u00f6retagarna har under m\u00e5nga \u00e5r drivit p\u00e5 f\u00f6r politiska reformer f\u00f6r att stoppa kriminalitet i v\u00e5rd och omsorg.<\/p>\n\n\n\n<p><strong>Men vi m\u00e5ste ocks\u00e5<\/strong>\u00a0tala klarspr\u00e5k om problemens natur. Sverige har p\u00e5 ett par decennier g\u00e5tt fr\u00e5n ett h\u00f6gtillitsland med system riggade utifr\u00e5n f\u00f6rest\u00e4llningen att m\u00e4nniskor kan och vill g\u00f6ra r\u00e4tt. Nu m\u00e5ste v\u00e5ra system anpassas utifr\u00e5n en ny verklighet. V\u00e5ra organisationer vill sj\u00e4lvklart, tillsammans med politiken och myndigheterna, g\u00f6ra allt f\u00f6r att stoppa den kriminalitet som \u00e4ter sig in i samh\u00e4llets alla sektorer, ocks\u00e5 i v\u00e5ra branscher. V\u00e5ra seri\u00f6sa medlemsf\u00f6retag ska inte beh\u00f6va konkurrera med kriminella.<\/p>\n\n\n\n<p>Men vi s\u00e4ger ocks\u00e5 ifr\u00e5n. De som vill f\u00f6rbjuda aktiebolag i v\u00e4lf\u00e4rden vill i praktiken f\u00f6rbjuda valfrihet f\u00f6r miljontals svenskar. Det vore ett dr\u00e5pslag mot b\u00e5de kvalitet och kapacitet i skola, v\u00e5rd och omsorg. Den svenska v\u00e4lf\u00e4rdsmodellen bygger p\u00e5 solidarisk finansiering men ocks\u00e5 p\u00e5 m\u00e5ngfald, egenmakt och entrepren\u00f6rskap. Utan f\u00f6retagare som v\u00e5gar satsa, investera och utveckla blir valfriheten ett tomt l\u00f6fte.<\/p>\n\n\n\n<blockquote class=\"wp-block-quote is-layout-flow wp-block-quote-is-layout-flow\">\n<p>&#8221;Ta g\u00e4rna tillbaka kontrollen \u00f6ver otrygghet och kriminalitet i v\u00e5rt samh\u00e4lle. Men l\u00e5t svenska familjer, patienter och omsorgstagare beh\u00e5lla kontrollen \u00f6ver sin v\u00e4lf\u00e4rd.&#8221;<\/p>\n<\/blockquote>\n\n\n\n<p><strong>P\u00e5 samma s\u00e4tt&nbsp;<\/strong>som valfriheten och f\u00f6retagandet l\u00f6ste strukturella problem med maktl\u00f6shet f\u00f6r 30\u201340 \u00e5r sedan kan vi anv\u00e4nda dessa verktyg f\u00f6r att hantera v\u00e5r tids stora utmaning, demografin. En snabbt \u00e5ldrande befolkning, v\u00e4xande v\u00e5rdbehov och \u00f6kande kompetensbrist. F\u00f6r att m\u00f6ta dessa utmaningar kr\u00e4vs nyt\u00e4nkande och d\u00e5 spelar entrepren\u00f6rskap en avg\u00f6rande roll.<\/p>\n\n\n\n<p>Nya id\u00e9er, snabbare arbetss\u00e4tt och investeringar i digitalisering, logistik och specialiserade v\u00e5rdformer har redan bidragit till att effektivisera resurser och h\u00f6ja kvaliteten. Det \u00e4r ofta privata akt\u00f6rer som g\u00e5r i br\u00e4schen och som v\u00e5gar starta nya \u00e4ldreboenden, pr\u00f6va nya utbildningsmetoder eller utveckla v\u00e5rdtj\u00e4nster d\u00e4r det offentliga inte hinner med. I en tid d\u00e5 antalet \u00e4ldre \u00f6kar kraftigt samtidigt som f\u00e4rre ska f\u00f6rs\u00f6rja fler, har Sverige inte r\u00e5d att avf\u00e4rda innovation.<\/p>\n\n\n\n<p>Ta g\u00e4rna tillbaka kontrollen \u00f6ver otrygghet och kriminalitet i v\u00e5rt samh\u00e4lle. Men l\u00e5t svenska familjer, patienter och omsorgstagare beh\u00e5lla kontrollen \u00f6ver sin v\u00e4lf\u00e4rd.<\/p>\n\n\n\n<p><strong>Antje Dedering<\/strong><br>f\u00f6rbundsdirekt\u00f6r, V\u00e5rdf\u00f6retagarna<br><strong>Andreas M\u00f6rck<\/strong><br>f\u00f6rbundsdirekt\u00f6r Almega Utbildning<br><strong>Ann \u00d6berg<\/strong><br>vd, Almega<\/p>\n\n\n\n\n\n<figure class=\"wp-block-image size-large\"><img loading=\"lazy\" decoding=\"async\" width=\"1180\" height=\"787\" src=\"https:\/\/www.almega.se\/app\/uploads\/2025\/06\/Antje-Dedering-1180x787.jpg\" alt=\"Antje Dedering, f\u00f6rbundsdirekt\u00f6r V\u00e5rdf\u00f6retagarna\" class=\"wp-image-79997\" srcset=\"https:\/\/www.almega.se\/app\/uploads\/2025\/06\/Antje-Dedering-1180x787.jpg 1180w, https:\/\/www.almega.se\/app\/uploads\/2025\/06\/Antje-Dedering-580x387.jpg 580w, https:\/\/www.almega.se\/app\/uploads\/2025\/06\/Antje-Dedering-380x253.jpg 380w, https:\/\/www.almega.se\/app\/uploads\/2025\/06\/Antje-Dedering-768x512.jpg 768w, https:\/\/www.almega.se\/app\/uploads\/2025\/06\/Antje-Dedering-1536x1024.jpg 1536w, https:\/\/www.almega.se\/app\/uploads\/2025\/06\/Antje-Dedering.jpg 1599w\" sizes=\"auto, (max-width: 1180px) 100vw, 1180px\" \/><\/figure>\n\n\n\n<p>Antje Dedering,<br>f\u00f6rbundsdirekt\u00f6r, V\u00e5rdf\u00f6retagarna<\/p>\n\n\n\n\n\n<figure class=\"wp-block-image size-full\"><img loading=\"lazy\" decoding=\"async\" width=\"1127\" height=\"751\" src=\"https:\/\/www.almega.se\/app\/uploads\/2025\/06\/Andreas-Morck-liten-1.png\" alt=\"\" class=\"wp-image-80005\" srcset=\"https:\/\/www.almega.se\/app\/uploads\/2025\/06\/Andreas-Morck-liten-1.png 1127w, https:\/\/www.almega.se\/app\/uploads\/2025\/06\/Andreas-Morck-liten-1-580x386.png 580w, https:\/\/www.almega.se\/app\/uploads\/2025\/06\/Andreas-Morck-liten-1-380x253.png 380w, https:\/\/www.almega.se\/app\/uploads\/2025\/06\/Andreas-Morck-liten-1-768x512.png 768w\" sizes=\"auto, (max-width: 1127px) 100vw, 1127px\" \/><\/figure>\n\n\n\n<p>Andreas M\u00f6rck,<br>f\u00f6rbundsdirekt\u00f6r, Almega Utbildning<\/p>\n\n\n\n\n\n<figure class=\"wp-block-image size-large\"><img loading=\"lazy\" decoding=\"async\" width=\"1180\" height=\"787\" src=\"https:\/\/www.almega.se\/app\/uploads\/2025\/06\/Ann-Oberg-1180x787.jpg\" alt=\"Ann \u00d6berg, vd Almega\" class=\"wp-image-80006\" srcset=\"https:\/\/www.almega.se\/app\/uploads\/2025\/06\/Ann-Oberg-1180x787.jpg 1180w, https:\/\/www.almega.se\/app\/uploads\/2025\/06\/Ann-Oberg-580x387.jpg 580w, https:\/\/www.almega.se\/app\/uploads\/2025\/06\/Ann-Oberg-380x253.jpg 380w, https:\/\/www.almega.se\/app\/uploads\/2025\/06\/Ann-Oberg-768x512.jpg 768w, https:\/\/www.almega.se\/app\/uploads\/2025\/06\/Ann-Oberg-1536x1024.jpg 1536w, https:\/\/www.almega.se\/app\/uploads\/2025\/06\/Ann-Oberg-2048x1365.jpg 2048w\" sizes=\"auto, (max-width: 1180px) 100vw, 1180px\" \/><\/figure>\n\n\n\n<p>Ann \u00d6berg,<br>vd, Almega<\/p>\n\n\n","protected":false},"excerpt":{"rendered":"<p>Det talas mycket om&nbsp;att \u201dta tillbaka kontrollen\u201d. P\u00e5 Socialdemokraternas partikongress denna vecka riktas retoriken mot den fria v\u00e4lf\u00e4rden. Man vill \u201dst\u00e4da upp i marknadskaoset\u201d och \u201dg\u00f6ra upp med marknadsmisslyckanden\u201d i bransch f\u00f6r bransch, sektor f\u00f6r &hellip;<\/p>\n","protected":false},"author":21574,"featured_media":80000,"comment_status":"closed","ping_status":"closed","sticky":false,"template":"","format":"standard","meta":{"_acf_changed":false,"footnotes":""},"categories":[64,46],"tags":[50],"article_type":[49],"agreement":[],"class_list":["post-79995","post","type-post","status-publish","format-standard","has-post-thumbnail","hentry","category-arbetsmarknad","category-valfard","tag-tjanstesektorns-utveckling","type-debattartiklar"],"acf":[],"yoast_head":"<!-- This site is optimized with the Yoast SEO Premium plugin v26.8 (Yoast SEO v26.8) - https:\/\/yoast.com\/product\/yoast-seo-premium-wordpress\/ -->\n<title>Debatt: Dagens v\u00e4lf\u00e4rd bygger p\u00e5 valfrihet f\u00f6r alla | Almega<\/title>\n<meta name=\"robots\" content=\"index, follow, max-snippet:-1, max-image-preview:large, max-video-preview:-1\" \/>\n<link rel=\"canonical\" href=\"https:\/\/www.almega.se\/2025\/06\/debatt-dagens-valfard-bygger-pa-valfrihet-for-alla\/\" \/>\n<meta property=\"og:locale\" content=\"sv_SE\" \/>\n<meta property=\"og:type\" content=\"article\" \/>\n<meta property=\"og:title\" content=\"Debatt: Dagens v\u00e4lf\u00e4rd bygger p\u00e5 valfrihet f\u00f6r alla\" \/>\n<meta property=\"og:description\" content=\"Det talas mycket om&nbsp;att \u201dta tillbaka kontrollen\u201d. P\u00e5 Socialdemokraternas partikongress denna vecka riktas retoriken mot den fria v\u00e4lf\u00e4rden. Man vill \u201dst\u00e4da upp i marknadskaoset\u201d och \u201dg\u00f6ra upp med marknadsmisslyckanden\u201d i bransch f\u00f6r bransch, sektor f\u00f6r &hellip;\" \/>\n<meta property=\"og:url\" content=\"https:\/\/www.almega.se\/2025\/06\/debatt-dagens-valfard-bygger-pa-valfrihet-for-alla\/\" \/>\n<meta property=\"og:site_name\" content=\"Almega\" \/>\n<meta property=\"article:published_time\" content=\"2025-06-02T07:31:06+00:00\" \/>\n<meta property=\"article:modified_time\" content=\"2025-06-02T07:31:07+00:00\" \/>\n<meta property=\"og:image\" content=\"https:\/\/www.almega.se\/app\/uploads\/2025\/06\/ima158048-1180x787.jpg\" \/>\n\t<meta property=\"og:image:width\" content=\"1180\" \/>\n\t<meta property=\"og:image:height\" content=\"787\" \/>\n\t<meta property=\"og:image:type\" content=\"image\/jpeg\" \/>\n<meta name=\"author\" content=\"Sandra Mildenberger\" \/>\n<meta name=\"twitter:card\" content=\"summary_large_image\" \/>\n<meta name=\"twitter:label1\" content=\"Skriven av\" \/>\n\t<meta name=\"twitter:data1\" content=\"Sandra Mildenberger\" \/>\n\t<meta name=\"twitter:label2\" content=\"Ber\u00e4knad l\u00e4stid\" \/>\n\t<meta name=\"twitter:data2\" content=\"5 minuter\" \/>\n<!-- \/ Yoast SEO Premium plugin. -->","yoast_head_json":{"title":"Debatt: Dagens v\u00e4lf\u00e4rd bygger p\u00e5 valfrihet f\u00f6r alla | Almega","robots":{"index":"index","follow":"follow","max-snippet":"max-snippet:-1","max-image-preview":"max-image-preview:large","max-video-preview":"max-video-preview:-1"},"canonical":"https:\/\/www.almega.se\/2025\/06\/debatt-dagens-valfard-bygger-pa-valfrihet-for-alla\/","og_locale":"sv_SE","og_type":"article","og_title":"Debatt: Dagens v\u00e4lf\u00e4rd bygger p\u00e5 valfrihet f\u00f6r alla","og_description":"Det talas mycket om&nbsp;att \u201dta tillbaka kontrollen\u201d. P\u00e5 Socialdemokraternas partikongress denna vecka riktas retoriken mot den fria v\u00e4lf\u00e4rden. Man vill \u201dst\u00e4da upp i marknadskaoset\u201d och \u201dg\u00f6ra upp med marknadsmisslyckanden\u201d i bransch f\u00f6r bransch, sektor f\u00f6r &hellip;","og_url":"https:\/\/www.almega.se\/2025\/06\/debatt-dagens-valfard-bygger-pa-valfrihet-for-alla\/","og_site_name":"Almega","article_published_time":"2025-06-02T07:31:06+00:00","article_modified_time":"2025-06-02T07:31:07+00:00","og_image":[{"width":1180,"height":787,"url":"https:\/\/www.almega.se\/app\/uploads\/2025\/06\/ima158048-1180x787.jpg","type":"image\/jpeg"}],"author":"Sandra Mildenberger","twitter_card":"summary_large_image","twitter_misc":{"Skriven av":"Sandra Mildenberger","Ber\u00e4knad l\u00e4stid":"5 minuter"},"schema":{"@context":"https:\/\/schema.org","@graph":[{"@type":"NewsArticle","@id":"https:\/\/www.almega.se\/2025\/06\/debatt-dagens-valfard-bygger-pa-valfrihet-for-alla\/#article","isPartOf":{"@id":"https:\/\/www.almega.se\/2025\/06\/debatt-dagens-valfard-bygger-pa-valfrihet-for-alla\/"},"author":{"name":"Sandra Mildenberger","@id":"https:\/\/www.almega.se\/#\/schema\/person\/432bf15cd5b8c34477366237d76e0e28"},"headline":"Debatt: Dagens v\u00e4lf\u00e4rd bygger p\u00e5 valfrihet f\u00f6r alla","datePublished":"2025-06-02T07:31:06+00:00","dateModified":"2025-06-02T07:31:07+00:00","mainEntityOfPage":{"@id":"https:\/\/www.almega.se\/2025\/06\/debatt-dagens-valfard-bygger-pa-valfrihet-for-alla\/"},"wordCount":906,"image":{"@id":"https:\/\/www.almega.se\/2025\/06\/debatt-dagens-valfard-bygger-pa-valfrihet-for-alla\/#primaryimage"},"thumbnailUrl":"https:\/\/www.almega.se\/app\/uploads\/2025\/06\/ima158048.jpg","keywords":["Tj\u00e4nstesektorns utveckling"],"articleSection":["Arbetsmarknad","V\u00e4lf\u00e4rd"],"inLanguage":"sv-SE"},{"@type":"WebPage","@id":"https:\/\/www.almega.se\/2025\/06\/debatt-dagens-valfard-bygger-pa-valfrihet-for-alla\/","url":"https:\/\/www.almega.se\/2025\/06\/debatt-dagens-valfard-bygger-pa-valfrihet-for-alla\/","name":"Debatt: Dagens v\u00e4lf\u00e4rd bygger p\u00e5 valfrihet f\u00f6r alla | Almega","isPartOf":{"@id":"https:\/\/www.almega.se\/#website"},"primaryImageOfPage":{"@id":"https:\/\/www.almega.se\/2025\/06\/debatt-dagens-valfard-bygger-pa-valfrihet-for-alla\/#primaryimage"},"image":{"@id":"https:\/\/www.almega.se\/2025\/06\/debatt-dagens-valfard-bygger-pa-valfrihet-for-alla\/#primaryimage"},"thumbnailUrl":"https:\/\/www.almega.se\/app\/uploads\/2025\/06\/ima158048.jpg","datePublished":"2025-06-02T07:31:06+00:00","dateModified":"2025-06-02T07:31:07+00:00","author":{"@id":"https:\/\/www.almega.se\/#\/schema\/person\/432bf15cd5b8c34477366237d76e0e28"},"breadcrumb":{"@id":"https:\/\/www.almega.se\/2025\/06\/debatt-dagens-valfard-bygger-pa-valfrihet-for-alla\/#breadcrumb"},"inLanguage":"sv-SE","potentialAction":[{"@type":"ReadAction","target":["https:\/\/www.almega.se\/2025\/06\/debatt-dagens-valfard-bygger-pa-valfrihet-for-alla\/"]}]},{"@type":"ImageObject","inLanguage":"sv-SE","@id":"https:\/\/www.almega.se\/2025\/06\/debatt-dagens-valfard-bygger-pa-valfrihet-for-alla\/#primaryimage","url":"https:\/\/www.almega.se\/app\/uploads\/2025\/06\/ima158048.jpg","contentUrl":"https:\/\/www.almega.se\/app\/uploads\/2025\/06\/ima158048.jpg","width":2500,"height":1667,"caption":"Helikopter bild \u00f6ver Stockholm"},{"@type":"BreadcrumbList","@id":"https:\/\/www.almega.se\/2025\/06\/debatt-dagens-valfard-bygger-pa-valfrihet-for-alla\/#breadcrumb","itemListElement":[{"@type":"ListItem","position":1,"name":"Home","item":"https:\/\/www.almega.se\/"},{"@type":"ListItem","position":2,"name":"Debatt: Dagens v\u00e4lf\u00e4rd bygger p\u00e5 valfrihet f\u00f6r alla"}]},{"@type":"WebSite","@id":"https:\/\/www.almega.se\/#website","url":"https:\/\/www.almega.se\/","name":"Almega","description":"","potentialAction":[{"@type":"SearchAction","target":{"@type":"EntryPoint","urlTemplate":"https:\/\/www.almega.se\/?s={search_term_string}"},"query-input":{"@type":"PropertyValueSpecification","valueRequired":true,"valueName":"search_term_string"}}],"inLanguage":"sv-SE"},{"@type":"Person","@id":"https:\/\/www.almega.se\/#\/schema\/person\/432bf15cd5b8c34477366237d76e0e28","name":"Sandra Mildenberger","image":{"@type":"ImageObject","inLanguage":"sv-SE","@id":"https:\/\/www.almega.se\/#\/schema\/person\/image\/","url":"https:\/\/secure.gravatar.com\/avatar\/303ee6ef75fa0849b0b85e527659b8bf3457cd9509f76c13628965581b041b41?s=96&d=mm&r=g","contentUrl":"https:\/\/secure.gravatar.com\/avatar\/303ee6ef75fa0849b0b85e527659b8bf3457cd9509f76c13628965581b041b41?s=96&d=mm&r=g","caption":"Sandra Mildenberger"},"url":"https:\/\/www.almega.se\/person\/sandramildenberger\/"}]}},"_links":{"self":[{"href":"https:\/\/www.almega.se\/api\/wp\/v2\/posts\/79995","targetHints":{"allow":["GET"]}}],"collection":[{"href":"https:\/\/www.almega.se\/api\/wp\/v2\/posts"}],"about":[{"href":"https:\/\/www.almega.se\/api\/wp\/v2\/types\/post"}],"author":[{"embeddable":true,"href":"https:\/\/www.almega.se\/api\/wp\/v2\/users\/21574"}],"replies":[{"embeddable":true,"href":"https:\/\/www.almega.se\/api\/wp\/v2\/comments?post=79995"}],"version-history":[{"count":8,"href":"https:\/\/www.almega.se\/api\/wp\/v2\/posts\/79995\/revisions"}],"predecessor-version":[{"id":80012,"href":"https:\/\/www.almega.se\/api\/wp\/v2\/posts\/79995\/revisions\/80012"}],"wp:featuredmedia":[{"embeddable":true,"href":"https:\/\/www.almega.se\/api\/wp\/v2\/media\/80000"}],"wp:attachment":[{"href":"https:\/\/www.almega.se\/api\/wp\/v2\/media?parent=79995"}],"wp:term":[{"taxonomy":"category","embeddable":true,"href":"https:\/\/www.almega.se\/api\/wp\/v2\/categories?post=79995"},{"taxonomy":"post_tag","embeddable":true,"href":"https:\/\/www.almega.se\/api\/wp\/v2\/tags?post=79995"},{"taxonomy":"type","embeddable":true,"href":"https:\/\/www.almega.se\/api\/wp\/v2\/article_type?post=79995"},{"taxonomy":"agreement","embeddable":true,"href":"https:\/\/www.almega.se\/api\/wp\/v2\/agreement?post=79995"}],"curies":[{"name":"wp","href":"https:\/\/api.w.org\/{rel}","templated":true}]}}