{"id":79981,"date":"2025-05-28T15:00:00","date_gmt":"2025-05-28T13:00:00","guid":{"rendered":"https:\/\/www.almega.se\/2025\/05\/nytt-dagspressavtal-for-tjansteman\/"},"modified":"2025-06-02T11:25:43","modified_gmt":"2025-06-02T09:25:43","slug":"nytt-dagspressavtal-for-tjansteman","status":"publish","type":"post","link":"https:\/\/www.almega.se\/2025\/05\/nytt-dagspressavtal-for-tjansteman\/","title":{"rendered":"Nytt dagspressavtal f\u00f6r tj\u00e4nstem\u00e4n"},"content":{"rendered":"\n<p class=\"intro\">Medief\u00f6retagen har tecknat nytt dagspressavtal f\u00f6r tj\u00e4nstem\u00e4n med Unionen (Bl\u00e5 avtalet). Det nya avtalet str\u00e4cker sig \u00f6ver 24 m\u00e5nader med ett avtalsv\u00e4rde p\u00e5 6,4 procent. Kostnaden f\u00f6rdelas med l\u00f6ne\u00f6kningar p\u00e5 5,5 procent, en arbetstidsf\u00f6rkortning p\u00e5 0,5 procent och avs\u00e4ttning till flexpension p\u00e5 0,4 procent.<\/p>\n<p>\u2013 Det \u00e4r gl\u00e4djande att vi tillsammans med Unionen kunnat n\u00e5 ytterligare ett avtal inom m\u00e4rket. F\u00f6rhandlingarna har var konstruktiva och resulterat i branschanpassade villkor som g\u00f6r att f\u00f6retag kan forts\u00e4tta utvecklas och vara konkurrenskraftiga, s\u00e4ger Rebecca Henriques, Medief\u00f6retagens f\u00f6rhandlingsledare p\u00e5 avtalsomr\u00e5det.<\/p>\n<p>\u00d6verenskommelsen inneb\u00e4r bland annat m\u00f6jlighet att f\u00f6rl\u00e4gga \u00e5rsarbetstid och att fler r\u00f6rliga l\u00f6nedelar inkluderar semesterl\u00f6n.<\/p>\n<p>\u2013 Dagspressavtalet reglerar en viktig verksamhet f\u00f6r mediebranschen. F\u00f6retag som omfattas av dagspressavtalet har nu f\u00e5tt st\u00f6rre flexibilitet i arbetstidsf\u00f6rl\u00e4ggningen genom \u00e5rsarbetstid. Avtalet ger stabilitet och f\u00f6ruts\u00e4gbarhet f\u00f6r de kommande tv\u00e5 \u00e5ren, med kostnads\u00f6kningar inom m\u00e4rket, s\u00e4ger Rebecca Henriques, Medief\u00f6retagens f\u00f6rhandlingsledare p\u00e5 avtalsomr\u00e5det.\u00a0<\/p>\n<p>Avtalet, som g\u00e5r under ben\u00e4mningen Bl\u00e5 avtalet, omfattar tj\u00e4nstem\u00e4n inom dagspressen. Bl\u00e5 avtalet g\u00e4ller under perioden 1 juni 2025 till 31 maj 2027.<\/p>\n<p><em>Attraktiva och branschanpassade villkor \u00e4r avg\u00f6rande f\u00f6r tj\u00e4nstesektorns framg\u00e5ng och Almega str\u00e4var alltid efter att skapa de b\u00e4sta f\u00f6ruts\u00e4ttningarna f\u00f6r b\u00e5de arbetsgivare och medarbetare. Under avtalsr\u00f6relsen 2025 tecknar Almega sammanlagt 125 avtal, flest av alla arbetsgivarorganisationer.<\/em><\/p>\n\n","protected":false},"excerpt":{"rendered":"<p>Medief\u00f6retagen har tecknat nytt dagspressavtal f\u00f6r tj\u00e4nstem\u00e4n med Unionen (Bl\u00e5 avtalet). Det nya avtalet str\u00e4cker sig \u00f6ver 24 m\u00e5nader med ett avtalsv\u00e4rde p\u00e5 6,4 procent. Kostnaden f\u00f6rdelas med l\u00f6ne\u00f6kningar p\u00e5 5,5 procent, en arbetstidsf\u00f6rkortning p\u00e5 0,5 procent och avs\u00e4ttning till flexpension p\u00e5 0,4 procent.<\/p>\n","protected":false},"author":6356,"featured_media":79982,"comment_status":"closed","ping_status":"closed","sticky":false,"template":"","format":"standard","meta":{"_acf_changed":false,"footnotes":""},"categories":[636],"tags":[779],"article_type":[93],"agreement":[],"class_list":["post-79981","post","type-post","status-publish","format-standard","has-post-thumbnail","hentry","category-avtalsrorelse","tag-avtalsrorelsen","type-pressmeddelanden"],"acf":[],"yoast_head":"<!-- This site is optimized with the Yoast SEO Premium plugin v26.8 (Yoast SEO v26.8) - https:\/\/yoast.com\/product\/yoast-seo-premium-wordpress\/ -->\n<title>Nytt dagspressavtal f\u00f6r tj\u00e4nstem\u00e4n | Almega<\/title>\n<meta name=\"robots\" content=\"index, follow, max-snippet:-1, max-image-preview:large, max-video-preview:-1\" \/>\n<link rel=\"canonical\" href=\"https:\/\/www.almega.se\/2025\/05\/nytt-dagspressavtal-for-tjansteman\/\" \/>\n<meta property=\"og:locale\" content=\"sv_SE\" \/>\n<meta property=\"og:type\" content=\"article\" \/>\n<meta property=\"og:title\" content=\"Nytt dagspressavtal f\u00f6r tj\u00e4nstem\u00e4n\" \/>\n<meta property=\"og:description\" content=\"Medief\u00f6retagen har tecknat nytt dagspressavtal f\u00f6r tj\u00e4nstem\u00e4n med Unionen (Bl\u00e5 avtalet). Det nya avtalet str\u00e4cker sig \u00f6ver 24 m\u00e5nader med ett avtalsv\u00e4rde p\u00e5 6,4 procent. Kostnaden f\u00f6rdelas med l\u00f6ne\u00f6kningar p\u00e5 5,5 procent, en arbetstidsf\u00f6rkortning p\u00e5 0,5 procent och avs\u00e4ttning till flexpension p\u00e5 0,4 procent.\" \/>\n<meta property=\"og:url\" content=\"https:\/\/www.almega.se\/2025\/05\/nytt-dagspressavtal-for-tjansteman\/\" \/>\n<meta property=\"og:site_name\" content=\"Almega\" \/>\n<meta property=\"article:published_time\" content=\"2025-05-28T13:00:00+00:00\" \/>\n<meta property=\"article:modified_time\" content=\"2025-06-02T09:25:43+00:00\" \/>\n<meta property=\"og:image\" content=\"https:\/\/www.almega.se\/app\/uploads\/2025\/05\/a1ffd3b9-adcd-47f8-a8ef-07d2b305f473-scaled.jpg\" \/>\n\t<meta property=\"og:image:width\" content=\"2560\" \/>\n\t<meta property=\"og:image:height\" content=\"1707\" \/>\n\t<meta property=\"og:image:type\" content=\"image\/jpeg\" \/>\n<meta name=\"author\" content=\"Erik Juhlin\" \/>\n<meta name=\"twitter:card\" content=\"summary_large_image\" \/>\n<meta name=\"twitter:label1\" content=\"Skriven av\" \/>\n\t<meta name=\"twitter:data1\" content=\"Erik Juhlin\" \/>\n\t<meta name=\"twitter:label2\" content=\"Ber\u00e4knad l\u00e4stid\" \/>\n\t<meta name=\"twitter:data2\" content=\"2 minuter\" \/>\n<!-- \/ Yoast SEO Premium plugin. -->","yoast_head_json":{"title":"Nytt dagspressavtal f\u00f6r tj\u00e4nstem\u00e4n | Almega","robots":{"index":"index","follow":"follow","max-snippet":"max-snippet:-1","max-image-preview":"max-image-preview:large","max-video-preview":"max-video-preview:-1"},"canonical":"https:\/\/www.almega.se\/2025\/05\/nytt-dagspressavtal-for-tjansteman\/","og_locale":"sv_SE","og_type":"article","og_title":"Nytt dagspressavtal f\u00f6r tj\u00e4nstem\u00e4n","og_description":"Medief\u00f6retagen har tecknat nytt dagspressavtal f\u00f6r tj\u00e4nstem\u00e4n med Unionen (Bl\u00e5 avtalet). Det nya avtalet str\u00e4cker sig \u00f6ver 24 m\u00e5nader med ett avtalsv\u00e4rde p\u00e5 6,4 procent. Kostnaden f\u00f6rdelas med l\u00f6ne\u00f6kningar p\u00e5 5,5 procent, en arbetstidsf\u00f6rkortning p\u00e5 0,5 procent och avs\u00e4ttning till flexpension p\u00e5 0,4 procent.","og_url":"https:\/\/www.almega.se\/2025\/05\/nytt-dagspressavtal-for-tjansteman\/","og_site_name":"Almega","article_published_time":"2025-05-28T13:00:00+00:00","article_modified_time":"2025-06-02T09:25:43+00:00","og_image":[{"width":2560,"height":1707,"url":"https:\/\/www.almega.se\/app\/uploads\/2025\/05\/a1ffd3b9-adcd-47f8-a8ef-07d2b305f473-scaled.jpg","type":"image\/jpeg"}],"author":"Erik Juhlin","twitter_card":"summary_large_image","twitter_misc":{"Skriven av":"Erik Juhlin","Ber\u00e4knad l\u00e4stid":"2 minuter"},"schema":{"@context":"https:\/\/schema.org","@graph":[{"@type":"NewsArticle","@id":"https:\/\/www.almega.se\/2025\/05\/nytt-dagspressavtal-for-tjansteman\/#article","isPartOf":{"@id":"https:\/\/www.almega.se\/2025\/05\/nytt-dagspressavtal-for-tjansteman\/"},"author":{"name":"Erik Juhlin","@id":"https:\/\/www.almega.se\/#\/schema\/person\/3c181ea7ead5ab7b14c61584637720f5"},"headline":"Nytt dagspressavtal f\u00f6r tj\u00e4nstem\u00e4n","datePublished":"2025-05-28T13:00:00+00:00","dateModified":"2025-06-02T09:25:43+00:00","mainEntityOfPage":{"@id":"https:\/\/www.almega.se\/2025\/05\/nytt-dagspressavtal-for-tjansteman\/"},"wordCount":257,"image":{"@id":"https:\/\/www.almega.se\/2025\/05\/nytt-dagspressavtal-for-tjansteman\/#primaryimage"},"thumbnailUrl":"https:\/\/www.almega.se\/app\/uploads\/2025\/05\/a1ffd3b9-adcd-47f8-a8ef-07d2b305f473-scaled.jpg","keywords":["Avtalsr\u00f6relsen"],"articleSection":["Avtalsr\u00f6relse"],"inLanguage":"sv-SE"},{"@type":"WebPage","@id":"https:\/\/www.almega.se\/2025\/05\/nytt-dagspressavtal-for-tjansteman\/","url":"https:\/\/www.almega.se\/2025\/05\/nytt-dagspressavtal-for-tjansteman\/","name":"Nytt dagspressavtal f\u00f6r tj\u00e4nstem\u00e4n | Almega","isPartOf":{"@id":"https:\/\/www.almega.se\/#website"},"primaryImageOfPage":{"@id":"https:\/\/www.almega.se\/2025\/05\/nytt-dagspressavtal-for-tjansteman\/#primaryimage"},"image":{"@id":"https:\/\/www.almega.se\/2025\/05\/nytt-dagspressavtal-for-tjansteman\/#primaryimage"},"thumbnailUrl":"https:\/\/www.almega.se\/app\/uploads\/2025\/05\/a1ffd3b9-adcd-47f8-a8ef-07d2b305f473-scaled.jpg","datePublished":"2025-05-28T13:00:00+00:00","dateModified":"2025-06-02T09:25:43+00:00","author":{"@id":"https:\/\/www.almega.se\/#\/schema\/person\/3c181ea7ead5ab7b14c61584637720f5"},"breadcrumb":{"@id":"https:\/\/www.almega.se\/2025\/05\/nytt-dagspressavtal-for-tjansteman\/#breadcrumb"},"inLanguage":"sv-SE","potentialAction":[{"@type":"ReadAction","target":["https:\/\/www.almega.se\/2025\/05\/nytt-dagspressavtal-for-tjansteman\/"]}]},{"@type":"ImageObject","inLanguage":"sv-SE","@id":"https:\/\/www.almega.se\/2025\/05\/nytt-dagspressavtal-for-tjansteman\/#primaryimage","url":"https:\/\/www.almega.se\/app\/uploads\/2025\/05\/a1ffd3b9-adcd-47f8-a8ef-07d2b305f473-scaled.jpg","contentUrl":"https:\/\/www.almega.se\/app\/uploads\/2025\/05\/a1ffd3b9-adcd-47f8-a8ef-07d2b305f473-scaled.jpg","width":2560,"height":1707,"caption":"Rebecca Henriques, Medief\u00f6retagen"},{"@type":"BreadcrumbList","@id":"https:\/\/www.almega.se\/2025\/05\/nytt-dagspressavtal-for-tjansteman\/#breadcrumb","itemListElement":[{"@type":"ListItem","position":1,"name":"Home","item":"https:\/\/www.almega.se\/"},{"@type":"ListItem","position":2,"name":"Nytt dagspressavtal f\u00f6r tj\u00e4nstem\u00e4n"}]},{"@type":"WebSite","@id":"https:\/\/www.almega.se\/#website","url":"https:\/\/www.almega.se\/","name":"Almega","description":"","potentialAction":[{"@type":"SearchAction","target":{"@type":"EntryPoint","urlTemplate":"https:\/\/www.almega.se\/?s={search_term_string}"},"query-input":{"@type":"PropertyValueSpecification","valueRequired":true,"valueName":"search_term_string"}}],"inLanguage":"sv-SE"},{"@type":"Person","@id":"https:\/\/www.almega.se\/#\/schema\/person\/3c181ea7ead5ab7b14c61584637720f5","name":"Erik Juhlin","image":{"@type":"ImageObject","inLanguage":"sv-SE","@id":"https:\/\/www.almega.se\/#\/schema\/person\/image\/","url":"https:\/\/secure.gravatar.com\/avatar\/ef0e97454357041724f27ea1630fa5bf78b30eea6fc56998e6a03142ad5b1370?s=96&d=mm&r=g","contentUrl":"https:\/\/secure.gravatar.com\/avatar\/ef0e97454357041724f27ea1630fa5bf78b30eea6fc56998e6a03142ad5b1370?s=96&d=mm&r=g","caption":"Erik Juhlin"},"url":"https:\/\/www.almega.se\/person\/erikjuhlin\/"}]}},"_links":{"self":[{"href":"https:\/\/www.almega.se\/api\/wp\/v2\/posts\/79981","targetHints":{"allow":["GET"]}}],"collection":[{"href":"https:\/\/www.almega.se\/api\/wp\/v2\/posts"}],"about":[{"href":"https:\/\/www.almega.se\/api\/wp\/v2\/types\/post"}],"author":[{"embeddable":true,"href":"https:\/\/www.almega.se\/api\/wp\/v2\/users\/6356"}],"replies":[{"embeddable":true,"href":"https:\/\/www.almega.se\/api\/wp\/v2\/comments?post=79981"}],"version-history":[{"count":1,"href":"https:\/\/www.almega.se\/api\/wp\/v2\/posts\/79981\/revisions"}],"predecessor-version":[{"id":80019,"href":"https:\/\/www.almega.se\/api\/wp\/v2\/posts\/79981\/revisions\/80019"}],"wp:featuredmedia":[{"embeddable":true,"href":"https:\/\/www.almega.se\/api\/wp\/v2\/media\/79982"}],"wp:attachment":[{"href":"https:\/\/www.almega.se\/api\/wp\/v2\/media?parent=79981"}],"wp:term":[{"taxonomy":"category","embeddable":true,"href":"https:\/\/www.almega.se\/api\/wp\/v2\/categories?post=79981"},{"taxonomy":"post_tag","embeddable":true,"href":"https:\/\/www.almega.se\/api\/wp\/v2\/tags?post=79981"},{"taxonomy":"type","embeddable":true,"href":"https:\/\/www.almega.se\/api\/wp\/v2\/article_type?post=79981"},{"taxonomy":"agreement","embeddable":true,"href":"https:\/\/www.almega.se\/api\/wp\/v2\/agreement?post=79981"}],"curies":[{"name":"wp","href":"https:\/\/api.w.org\/{rel}","templated":true}]}}