{"id":79934,"date":"2025-05-27T13:23:35","date_gmt":"2025-05-27T11:23:35","guid":{"rendered":"https:\/\/www.almega.se\/2025\/05\/nytt-avtal-inom-almega-tjansteforbunden-med-seko\/"},"modified":"2025-05-27T14:34:38","modified_gmt":"2025-05-27T12:34:38","slug":"nytt-avtal-inom-almega-tjansteforbunden-med-seko","status":"publish","type":"post","link":"https:\/\/www.almega.se\/2025\/05\/nytt-avtal-inom-almega-tjansteforbunden-med-seko\/","title":{"rendered":"Nytt avtal med Seko f\u00f6r Almega Tj\u00e4nste&shy;f\u00f6rbunden"},"content":{"rendered":"\n<p class=\"intro\">Almega Tj\u00e4nstef\u00f6rbunden har tecknat nytt kollektivavtal inom bransch Utveckling &amp; Tj\u00e4nster, avtalsomr\u00e5de V\u00e4rdepapper, med Seko. Det nya avtalet str\u00e4cker sig \u00f6ver 24 m\u00e5nader och rymmer \u00e4ven pensionsavs\u00e4ttningar. Den totala kostnadsramen \u00e4r 6,4 procent.<\/p>\n<p>\u2013 Det \u00e4r gl\u00e4djande att vi tillsammans kunnat n\u00e5 ytterligare ett avtal inom de ramar som arbetsmarknadens parter gemensamt har kommit \u00f6verens om, s\u00e4ger Roger Solax, avtalsansvarig f\u00f6rhandlare f\u00f6r Almega Tj\u00e4nstef\u00f6rbunden.<\/p>\n<p>Avtalet l\u00f6per under 24 m\u00e5nader och inneb\u00e4r l\u00f6ne\u00f6kningar med 3,1 procent det f\u00f6rsta \u00e5ret och 3,0 procent under avtals\u00e5r tv\u00e5. Dessutom g\u00f6rs under det f\u00f6rsta \u00e5ret ytterligare avs\u00e4ttning till extrapension med 0,3 procent.<\/p>\n\n","protected":false},"excerpt":{"rendered":"<p>Almega Tj\u00e4nstef\u00f6rbunden har tecknat nytt kollektivavtal inom bransch Utveckling &amp; Tj\u00e4nster, avtalsomr\u00e5de V\u00e4rdepapper, med Seko. Det nya avtalet str\u00e4cker sig \u00f6ver 24 m\u00e5nader och rymmer \u00e4ven pensionsavs\u00e4ttningar. Den totala kostnadsramen \u00e4r 6,4 procent.<\/p>\n","protected":false},"author":3380,"featured_media":79935,"comment_status":"closed","ping_status":"closed","sticky":false,"template":"","format":"standard","meta":{"_acf_changed":false,"footnotes":""},"categories":[636],"tags":[779],"article_type":[93],"agreement":[],"class_list":["post-79934","post","type-post","status-publish","format-standard","has-post-thumbnail","hentry","category-avtalsrorelse","tag-avtalsrorelsen","type-pressmeddelanden"],"acf":[],"yoast_head":"<!-- This site is optimized with the Yoast SEO Premium plugin v26.8 (Yoast SEO v26.8) - https:\/\/yoast.com\/product\/yoast-seo-premium-wordpress\/ -->\n<title>Nytt avtal med Seko f\u00f6r Almega Tj\u00e4nstef\u00f6rbunden | Almega<\/title>\n<meta name=\"robots\" content=\"index, follow, max-snippet:-1, max-image-preview:large, max-video-preview:-1\" \/>\n<link rel=\"canonical\" href=\"https:\/\/www.almega.se\/2025\/05\/nytt-avtal-inom-almega-tjansteforbunden-med-seko\/\" \/>\n<meta property=\"og:locale\" content=\"sv_SE\" \/>\n<meta property=\"og:type\" content=\"article\" \/>\n<meta property=\"og:title\" content=\"Nytt avtal med Seko f\u00f6r Almega Tj\u00e4nstef\u00f6rbunden\" \/>\n<meta property=\"og:description\" content=\"Almega Tj\u00e4nstef\u00f6rbunden har tecknat nytt kollektivavtal inom bransch Utveckling &amp; Tj\u00e4nster, avtalsomr\u00e5de V\u00e4rdepapper, med Seko. Det nya avtalet str\u00e4cker sig \u00f6ver 24 m\u00e5nader och rymmer \u00e4ven pensionsavs\u00e4ttningar. Den totala kostnadsramen \u00e4r 6,4 procent.\" \/>\n<meta property=\"og:url\" content=\"https:\/\/www.almega.se\/2025\/05\/nytt-avtal-inom-almega-tjansteforbunden-med-seko\/\" \/>\n<meta property=\"og:site_name\" content=\"Almega\" \/>\n<meta property=\"article:published_time\" content=\"2025-05-27T11:23:35+00:00\" \/>\n<meta property=\"article:modified_time\" content=\"2025-05-27T12:34:38+00:00\" \/>\n<meta property=\"og:image\" content=\"https:\/\/www.almega.se\/app\/uploads\/2025\/05\/8507585a-afa8-4cec-ad7c-31e04ac1c05e-scaled.jpg\" \/>\n\t<meta property=\"og:image:width\" content=\"2560\" \/>\n\t<meta property=\"og:image:height\" content=\"1703\" \/>\n\t<meta property=\"og:image:type\" content=\"image\/jpeg\" \/>\n<meta name=\"author\" content=\"Marianne Ahlgren\" \/>\n<meta name=\"twitter:card\" content=\"summary_large_image\" \/>\n<meta name=\"twitter:label1\" content=\"Skriven av\" \/>\n\t<meta name=\"twitter:data1\" content=\"Marianne Ahlgren\" \/>\n\t<meta name=\"twitter:label2\" content=\"Ber\u00e4knad l\u00e4stid\" \/>\n\t<meta name=\"twitter:data2\" content=\"1 minut\" \/>\n<!-- \/ Yoast SEO Premium plugin. -->","yoast_head_json":{"title":"Nytt avtal med Seko f\u00f6r Almega Tj\u00e4nstef\u00f6rbunden | Almega","robots":{"index":"index","follow":"follow","max-snippet":"max-snippet:-1","max-image-preview":"max-image-preview:large","max-video-preview":"max-video-preview:-1"},"canonical":"https:\/\/www.almega.se\/2025\/05\/nytt-avtal-inom-almega-tjansteforbunden-med-seko\/","og_locale":"sv_SE","og_type":"article","og_title":"Nytt avtal med Seko f\u00f6r Almega Tj\u00e4nstef\u00f6rbunden","og_description":"Almega Tj\u00e4nstef\u00f6rbunden har tecknat nytt kollektivavtal inom bransch Utveckling &amp; Tj\u00e4nster, avtalsomr\u00e5de V\u00e4rdepapper, med Seko. Det nya avtalet str\u00e4cker sig \u00f6ver 24 m\u00e5nader och rymmer \u00e4ven pensionsavs\u00e4ttningar. Den totala kostnadsramen \u00e4r 6,4 procent.","og_url":"https:\/\/www.almega.se\/2025\/05\/nytt-avtal-inom-almega-tjansteforbunden-med-seko\/","og_site_name":"Almega","article_published_time":"2025-05-27T11:23:35+00:00","article_modified_time":"2025-05-27T12:34:38+00:00","og_image":[{"width":2560,"height":1703,"url":"https:\/\/www.almega.se\/app\/uploads\/2025\/05\/8507585a-afa8-4cec-ad7c-31e04ac1c05e-scaled.jpg","type":"image\/jpeg"}],"author":"Marianne Ahlgren","twitter_card":"summary_large_image","twitter_misc":{"Skriven av":"Marianne Ahlgren","Ber\u00e4knad l\u00e4stid":"1 minut"},"schema":{"@context":"https:\/\/schema.org","@graph":[{"@type":"NewsArticle","@id":"https:\/\/www.almega.se\/2025\/05\/nytt-avtal-inom-almega-tjansteforbunden-med-seko\/#article","isPartOf":{"@id":"https:\/\/www.almega.se\/2025\/05\/nytt-avtal-inom-almega-tjansteforbunden-med-seko\/"},"author":{"name":"Marianne Ahlgren","@id":"https:\/\/www.almega.se\/#\/schema\/person\/860599f2ded56005a909a04b92cf7035"},"headline":"Nytt avtal med Seko f\u00f6r Almega Tj\u00e4nste&shy;f\u00f6rbunden","datePublished":"2025-05-27T11:23:35+00:00","dateModified":"2025-05-27T12:34:38+00:00","mainEntityOfPage":{"@id":"https:\/\/www.almega.se\/2025\/05\/nytt-avtal-inom-almega-tjansteforbunden-med-seko\/"},"wordCount":124,"image":{"@id":"https:\/\/www.almega.se\/2025\/05\/nytt-avtal-inom-almega-tjansteforbunden-med-seko\/#primaryimage"},"thumbnailUrl":"https:\/\/www.almega.se\/app\/uploads\/2025\/05\/8507585a-afa8-4cec-ad7c-31e04ac1c05e-scaled.jpg","keywords":["Avtalsr\u00f6relsen"],"articleSection":["Avtalsr\u00f6relse"],"inLanguage":"sv-SE"},{"@type":"WebPage","@id":"https:\/\/www.almega.se\/2025\/05\/nytt-avtal-inom-almega-tjansteforbunden-med-seko\/","url":"https:\/\/www.almega.se\/2025\/05\/nytt-avtal-inom-almega-tjansteforbunden-med-seko\/","name":"Nytt avtal med Seko f\u00f6r Almega Tj\u00e4nstef\u00f6rbunden | Almega","isPartOf":{"@id":"https:\/\/www.almega.se\/#website"},"primaryImageOfPage":{"@id":"https:\/\/www.almega.se\/2025\/05\/nytt-avtal-inom-almega-tjansteforbunden-med-seko\/#primaryimage"},"image":{"@id":"https:\/\/www.almega.se\/2025\/05\/nytt-avtal-inom-almega-tjansteforbunden-med-seko\/#primaryimage"},"thumbnailUrl":"https:\/\/www.almega.se\/app\/uploads\/2025\/05\/8507585a-afa8-4cec-ad7c-31e04ac1c05e-scaled.jpg","datePublished":"2025-05-27T11:23:35+00:00","dateModified":"2025-05-27T12:34:38+00:00","author":{"@id":"https:\/\/www.almega.se\/#\/schema\/person\/860599f2ded56005a909a04b92cf7035"},"breadcrumb":{"@id":"https:\/\/www.almega.se\/2025\/05\/nytt-avtal-inom-almega-tjansteforbunden-med-seko\/#breadcrumb"},"inLanguage":"sv-SE","potentialAction":[{"@type":"ReadAction","target":["https:\/\/www.almega.se\/2025\/05\/nytt-avtal-inom-almega-tjansteforbunden-med-seko\/"]}]},{"@type":"ImageObject","inLanguage":"sv-SE","@id":"https:\/\/www.almega.se\/2025\/05\/nytt-avtal-inom-almega-tjansteforbunden-med-seko\/#primaryimage","url":"https:\/\/www.almega.se\/app\/uploads\/2025\/05\/8507585a-afa8-4cec-ad7c-31e04ac1c05e-scaled.jpg","contentUrl":"https:\/\/www.almega.se\/app\/uploads\/2025\/05\/8507585a-afa8-4cec-ad7c-31e04ac1c05e-scaled.jpg","width":2560,"height":1703,"caption":"Roger Solax"},{"@type":"BreadcrumbList","@id":"https:\/\/www.almega.se\/2025\/05\/nytt-avtal-inom-almega-tjansteforbunden-med-seko\/#breadcrumb","itemListElement":[{"@type":"ListItem","position":1,"name":"Home","item":"https:\/\/www.almega.se\/"},{"@type":"ListItem","position":2,"name":"Nytt avtal med Seko f\u00f6r Almega Tj\u00e4nste&shy;f\u00f6rbunden"}]},{"@type":"WebSite","@id":"https:\/\/www.almega.se\/#website","url":"https:\/\/www.almega.se\/","name":"Almega","description":"","potentialAction":[{"@type":"SearchAction","target":{"@type":"EntryPoint","urlTemplate":"https:\/\/www.almega.se\/?s={search_term_string}"},"query-input":{"@type":"PropertyValueSpecification","valueRequired":true,"valueName":"search_term_string"}}],"inLanguage":"sv-SE"},{"@type":"Person","@id":"https:\/\/www.almega.se\/#\/schema\/person\/860599f2ded56005a909a04b92cf7035","name":"Marianne Ahlgren","image":{"@type":"ImageObject","inLanguage":"sv-SE","@id":"https:\/\/www.almega.se\/#\/schema\/person\/image\/","url":"https:\/\/secure.gravatar.com\/avatar\/4c350e8b0dd656a6bbe04785780665ac53c7b373c038b1140ce3ae5e8cb21bef?s=96&d=mm&r=g","contentUrl":"https:\/\/secure.gravatar.com\/avatar\/4c350e8b0dd656a6bbe04785780665ac53c7b373c038b1140ce3ae5e8cb21bef?s=96&d=mm&r=g","caption":"Marianne Ahlgren"},"url":"https:\/\/www.almega.se\/person\/marianneahlgren\/"}]}},"_links":{"self":[{"href":"https:\/\/www.almega.se\/api\/wp\/v2\/posts\/79934","targetHints":{"allow":["GET"]}}],"collection":[{"href":"https:\/\/www.almega.se\/api\/wp\/v2\/posts"}],"about":[{"href":"https:\/\/www.almega.se\/api\/wp\/v2\/types\/post"}],"author":[{"embeddable":true,"href":"https:\/\/www.almega.se\/api\/wp\/v2\/users\/3380"}],"replies":[{"embeddable":true,"href":"https:\/\/www.almega.se\/api\/wp\/v2\/comments?post=79934"}],"version-history":[{"count":2,"href":"https:\/\/www.almega.se\/api\/wp\/v2\/posts\/79934\/revisions"}],"predecessor-version":[{"id":79938,"href":"https:\/\/www.almega.se\/api\/wp\/v2\/posts\/79934\/revisions\/79938"}],"wp:featuredmedia":[{"embeddable":true,"href":"https:\/\/www.almega.se\/api\/wp\/v2\/media\/79935"}],"wp:attachment":[{"href":"https:\/\/www.almega.se\/api\/wp\/v2\/media?parent=79934"}],"wp:term":[{"taxonomy":"category","embeddable":true,"href":"https:\/\/www.almega.se\/api\/wp\/v2\/categories?post=79934"},{"taxonomy":"post_tag","embeddable":true,"href":"https:\/\/www.almega.se\/api\/wp\/v2\/tags?post=79934"},{"taxonomy":"type","embeddable":true,"href":"https:\/\/www.almega.se\/api\/wp\/v2\/article_type?post=79934"},{"taxonomy":"agreement","embeddable":true,"href":"https:\/\/www.almega.se\/api\/wp\/v2\/agreement?post=79934"}],"curies":[{"name":"wp","href":"https:\/\/api.w.org\/{rel}","templated":true}]}}