{"id":79897,"date":"2025-05-23T14:00:00","date_gmt":"2025-05-23T12:00:00","guid":{"rendered":"https:\/\/www.almega.se\/2025\/05\/nytt-avtal-med-journalistforbundet\/"},"modified":"2025-05-23T15:15:04","modified_gmt":"2025-05-23T13:15:04","slug":"nytt-avtal-med-journalistforbundet","status":"publish","type":"post","link":"https:\/\/www.almega.se\/2025\/05\/nytt-avtal-med-journalistforbundet\/","title":{"rendered":"Nytt avtal med Journalist&shy;f\u00f6rbundet"},"content":{"rendered":"<p class=\"intro\">Medief\u00f6retagen inom Almega har tecknat nytt dagspressavtal med Svenska Journalistf\u00f6rbundet. Det nya avtalet l\u00f6per p\u00e5 24 m\u00e5nader och har ett avtalsv\u00e4rde p\u00e5 6,4 procent.<\/p>\n\n<p>\u2013 Jag \u00e4r glad \u00f6ver att vi f\u00e5tt till ett avtal anpassat utifr\u00e5n de f\u00f6ruts\u00e4ttningar som r\u00e5der p\u00e5 avtalsomr\u00e5det och som ryms inom m\u00e4rket, de ramar som arbetsmarknadens parter \u00e4r \u00f6verens om, s\u00e4ger <strong>Louise Bjarnestam,<\/strong> f\u00f6rhandlingschef p\u00e5 Medief\u00f6retagen.<\/p>\n\n\n\n<p>Bland annat medf\u00f6r det nya kollektivavtalet ut\u00f6kade m\u00f6jligheter att provanst\u00e4lla samt att till\u00e4gget vid viss kompensationsledighet s\u00e4nks.<\/p>\n\n\n\n      <blockquote class=\"Expert-comment__quote\">\n      <p>Dessa f\u00f6r\u00e4ndringar \u00e4r mycket v\u00e4rdefulla f\u00f6r arbetsgivarna<\/p>\n\n      \n             <a href=\"https:\/\/www.almega.se\/person\/louisebjarnestam\/\">\n          <figure class=\"Contact-card__image\">\n            <img decoding=\"async\" src=\"https:\/\/www.almega.se\/app\/uploads\/2026\/02\/Louise_Bjarnestam_DSF2766-380x285.jpg\" alt=\"Louise Bjarnestam\">\n          <\/figure>\n        <\/a>\n          \n      <h2 class=\"Contact-card__title\">Louise Bjarnestam<\/h2>\n      <p class=\"mb-0\">F\u00f6rhandlingschef<\/p>\n      \n                  <a href=\"https:\/\/www.almega.se\/person\/louisebjarnestam\/\" class=\"Contact-card__link\">\n        \n          <p class=\"Contact-card__arrow__text\">L\u00e4s mer<\/p>\n          \n          <svg class='icon icon--arrow-tip'  width=\"11\" height=\"16\" viewBox=\"0 0 11 16\" fill=\"none\" xmlns=\"http:\/\/www.w3.org\/2000\/svg\">\n<path d=\"M0.858398 15L9.2304 7.99664L0.967732 1.00001\" stroke=\"black\" stroke-width=\"2\" stroke-miterlimit=\"10\"\/>\n<\/svg>\n\n          \n      <\/a>\n\n      \n    \n  \n    <\/blockquote>\n  \n\n\n\n<p>\u2013 Dessa f\u00f6r\u00e4ndringar \u00e4r mycket v\u00e4rdefulla f\u00f6r arbetsgivarna p\u00e5 omr\u00e5det och en del av motvalutan f\u00f6r den arbetstidsf\u00f6rkortning som \u00e4ven inf\u00f6rs. Arbetstidsf\u00f6rkortningen, en dag per \u00e5r fr\u00e5n 2026, kommer ocks\u00e5 att f\u00f6rl\u00e4ggas av arbetsgivaren, s\u00e4ger Louise Bjarnestam.<\/p>\n\n\n\n<p>Det tidigare kollektivavtalet l\u00f6pte ut den 31 mars 2025 och det nya g\u00e4ller fr\u00e5n och med den 1 april 2025 till och med den 31 mars 2027 och har ett totalt avtalsv\u00e4rde p\u00e5 6,4 procent.<\/p>\n\n\n\n<p>Attraktiva och branschanpassade villkor \u00e4r avg\u00f6rande f\u00f6r tj\u00e4nstesektorns framg\u00e5ng och Almega str\u00e4var alltid efter att skapa de b\u00e4sta f\u00f6ruts\u00e4ttningarna f\u00f6r b\u00e5de arbetsgivare och medarbetare. Under avtalsr\u00f6relsen 2025 tecknar Almega sammanlagt 125 avtal, flest av alla arbetsgivarorganisationer.<\/p>\n\n\n\n      <a href=\"https:\/\/www.almega.se\/aktiviteter-avtalsrorelsen\/\" target=\"\" class=\"Button is-text Button--arrow-tip\">\n      \n        Avtalsr\u00f6relsen 2025\n      \n      \n                \n                <svg class='icon icon--arrow-tip'  width=\"11\" height=\"16\" viewBox=\"0 0 11 16\" fill=\"none\" xmlns=\"http:\/\/www.w3.org\/2000\/svg\">\n<path d=\"M0.858398 15L9.2304 7.99664L0.967732 1.00001\" stroke=\"black\" stroke-width=\"2\" stroke-miterlimit=\"10\"\/>\n<\/svg>\n\n        \n    <\/a>\n  \n","protected":false},"excerpt":{"rendered":"<p>Medief\u00f6retagen inom Almega har tecknat nytt dagspressavtal med Svenska Journalistf\u00f6rbundet. Det nya avtalet l\u00f6per p\u00e5 24 m\u00e5nader och har ett avtalsv\u00e4rde p\u00e5 6,4 procent.<\/p>\n","protected":false},"author":6356,"featured_media":79898,"comment_status":"closed","ping_status":"closed","sticky":false,"template":"","format":"standard","meta":{"_acf_changed":false,"footnotes":""},"categories":[603,636],"tags":[],"article_type":[93],"agreement":[],"class_list":["post-79897","post","type-post","status-publish","format-standard","has-post-thumbnail","hentry","category-almega","category-avtalsrorelse","type-pressmeddelanden"],"acf":[],"yoast_head":"<!-- This site is optimized with the Yoast SEO Premium plugin v26.8 (Yoast SEO v26.8) - https:\/\/yoast.com\/product\/yoast-seo-premium-wordpress\/ -->\n<title>Nytt avtal med Journalistf\u00f6rbundet | Almega<\/title>\n<meta name=\"description\" content=\"Dessa f\u00f6r\u00e4ndringar \u00e4r mycket v\u00e4rdefulla f\u00f6r arbetsgivarna p\u00e5 omr\u00e5det och en del av motvalutan f\u00f6r den arbetstidsf\u00f6rkortning som \u00e4ven inf\u00f6rs.\" \/>\n<meta name=\"robots\" content=\"index, follow, max-snippet:-1, max-image-preview:large, max-video-preview:-1\" \/>\n<link rel=\"canonical\" href=\"https:\/\/www.almega.se\/2025\/05\/nytt-avtal-med-journalistforbundet\/\" \/>\n<meta property=\"og:locale\" content=\"sv_SE\" \/>\n<meta property=\"og:type\" content=\"article\" \/>\n<meta property=\"og:title\" content=\"Nytt avtal med Journalistf\u00f6rbundet\" \/>\n<meta property=\"og:description\" content=\"Dessa f\u00f6r\u00e4ndringar \u00e4r mycket v\u00e4rdefulla f\u00f6r arbetsgivarna p\u00e5 omr\u00e5det och en del av motvalutan f\u00f6r den arbetstidsf\u00f6rkortning som \u00e4ven inf\u00f6rs.\" \/>\n<meta property=\"og:url\" content=\"https:\/\/www.almega.se\/2025\/05\/nytt-avtal-med-journalistforbundet\/\" \/>\n<meta property=\"og:site_name\" content=\"Almega\" \/>\n<meta property=\"article:published_time\" content=\"2025-05-23T12:00:00+00:00\" \/>\n<meta property=\"article:modified_time\" content=\"2025-05-23T13:15:04+00:00\" \/>\n<meta property=\"og:image\" content=\"https:\/\/www.almega.se\/app\/uploads\/2025\/05\/5edd8fc5-bb8d-4ba6-b785-4060914f4460-1180x788.jpg\" \/>\n\t<meta property=\"og:image:width\" content=\"1180\" \/>\n\t<meta property=\"og:image:height\" content=\"788\" \/>\n\t<meta property=\"og:image:type\" content=\"image\/jpeg\" \/>\n<meta name=\"author\" content=\"Erik Juhlin\" \/>\n<meta name=\"twitter:card\" content=\"summary_large_image\" \/>\n<meta name=\"twitter:label1\" content=\"Skriven av\" \/>\n\t<meta name=\"twitter:data1\" content=\"Erik Juhlin\" \/>\n\t<meta name=\"twitter:label2\" content=\"Ber\u00e4knad l\u00e4stid\" \/>\n\t<meta name=\"twitter:data2\" content=\"2 minuter\" \/>\n<!-- \/ Yoast SEO Premium plugin. -->","yoast_head_json":{"title":"Nytt avtal med Journalistf\u00f6rbundet | Almega","description":"Dessa f\u00f6r\u00e4ndringar \u00e4r mycket v\u00e4rdefulla f\u00f6r arbetsgivarna p\u00e5 omr\u00e5det och en del av motvalutan f\u00f6r den arbetstidsf\u00f6rkortning som \u00e4ven inf\u00f6rs.","robots":{"index":"index","follow":"follow","max-snippet":"max-snippet:-1","max-image-preview":"max-image-preview:large","max-video-preview":"max-video-preview:-1"},"canonical":"https:\/\/www.almega.se\/2025\/05\/nytt-avtal-med-journalistforbundet\/","og_locale":"sv_SE","og_type":"article","og_title":"Nytt avtal med Journalistf\u00f6rbundet","og_description":"Dessa f\u00f6r\u00e4ndringar \u00e4r mycket v\u00e4rdefulla f\u00f6r arbetsgivarna p\u00e5 omr\u00e5det och en del av motvalutan f\u00f6r den arbetstidsf\u00f6rkortning som \u00e4ven inf\u00f6rs.","og_url":"https:\/\/www.almega.se\/2025\/05\/nytt-avtal-med-journalistforbundet\/","og_site_name":"Almega","article_published_time":"2025-05-23T12:00:00+00:00","article_modified_time":"2025-05-23T13:15:04+00:00","og_image":[{"width":1180,"height":788,"url":"https:\/\/www.almega.se\/app\/uploads\/2025\/05\/5edd8fc5-bb8d-4ba6-b785-4060914f4460-1180x788.jpg","type":"image\/jpeg"}],"author":"Erik Juhlin","twitter_card":"summary_large_image","twitter_misc":{"Skriven av":"Erik Juhlin","Ber\u00e4knad l\u00e4stid":"2 minuter"},"schema":{"@context":"https:\/\/schema.org","@graph":[{"@type":"NewsArticle","@id":"https:\/\/www.almega.se\/2025\/05\/nytt-avtal-med-journalistforbundet\/#article","isPartOf":{"@id":"https:\/\/www.almega.se\/2025\/05\/nytt-avtal-med-journalistforbundet\/"},"author":{"name":"Erik Juhlin","@id":"https:\/\/www.almega.se\/#\/schema\/person\/3c181ea7ead5ab7b14c61584637720f5"},"headline":"Nytt avtal med Journalist&shy;f\u00f6rbundet","datePublished":"2025-05-23T12:00:00+00:00","dateModified":"2025-05-23T13:15:04+00:00","mainEntityOfPage":{"@id":"https:\/\/www.almega.se\/2025\/05\/nytt-avtal-med-journalistforbundet\/"},"wordCount":200,"image":{"@id":"https:\/\/www.almega.se\/2025\/05\/nytt-avtal-med-journalistforbundet\/#primaryimage"},"thumbnailUrl":"https:\/\/www.almega.se\/app\/uploads\/2025\/05\/5edd8fc5-bb8d-4ba6-b785-4060914f4460.jpg","articleSection":["Almega","Avtalsr\u00f6relse"],"inLanguage":"sv-SE"},{"@type":"WebPage","@id":"https:\/\/www.almega.se\/2025\/05\/nytt-avtal-med-journalistforbundet\/","url":"https:\/\/www.almega.se\/2025\/05\/nytt-avtal-med-journalistforbundet\/","name":"Nytt avtal med Journalistf\u00f6rbundet | Almega","isPartOf":{"@id":"https:\/\/www.almega.se\/#website"},"primaryImageOfPage":{"@id":"https:\/\/www.almega.se\/2025\/05\/nytt-avtal-med-journalistforbundet\/#primaryimage"},"image":{"@id":"https:\/\/www.almega.se\/2025\/05\/nytt-avtal-med-journalistforbundet\/#primaryimage"},"thumbnailUrl":"https:\/\/www.almega.se\/app\/uploads\/2025\/05\/5edd8fc5-bb8d-4ba6-b785-4060914f4460.jpg","datePublished":"2025-05-23T12:00:00+00:00","dateModified":"2025-05-23T13:15:04+00:00","author":{"@id":"https:\/\/www.almega.se\/#\/schema\/person\/3c181ea7ead5ab7b14c61584637720f5"},"description":"Dessa f\u00f6r\u00e4ndringar \u00e4r mycket v\u00e4rdefulla f\u00f6r arbetsgivarna p\u00e5 omr\u00e5det och en del av motvalutan f\u00f6r den arbetstidsf\u00f6rkortning som \u00e4ven inf\u00f6rs.","breadcrumb":{"@id":"https:\/\/www.almega.se\/2025\/05\/nytt-avtal-med-journalistforbundet\/#breadcrumb"},"inLanguage":"sv-SE","potentialAction":[{"@type":"ReadAction","target":["https:\/\/www.almega.se\/2025\/05\/nytt-avtal-med-journalistforbundet\/"]}]},{"@type":"ImageObject","inLanguage":"sv-SE","@id":"https:\/\/www.almega.se\/2025\/05\/nytt-avtal-med-journalistforbundet\/#primaryimage","url":"https:\/\/www.almega.se\/app\/uploads\/2025\/05\/5edd8fc5-bb8d-4ba6-b785-4060914f4460.jpg","contentUrl":"https:\/\/www.almega.se\/app\/uploads\/2025\/05\/5edd8fc5-bb8d-4ba6-b785-4060914f4460.jpg","width":2500,"height":1669,"caption":"Dagspress"},{"@type":"BreadcrumbList","@id":"https:\/\/www.almega.se\/2025\/05\/nytt-avtal-med-journalistforbundet\/#breadcrumb","itemListElement":[{"@type":"ListItem","position":1,"name":"Home","item":"https:\/\/www.almega.se\/"},{"@type":"ListItem","position":2,"name":"Nytt avtal med Journalist&shy;f\u00f6rbundet"}]},{"@type":"WebSite","@id":"https:\/\/www.almega.se\/#website","url":"https:\/\/www.almega.se\/","name":"Almega","description":"","potentialAction":[{"@type":"SearchAction","target":{"@type":"EntryPoint","urlTemplate":"https:\/\/www.almega.se\/?s={search_term_string}"},"query-input":{"@type":"PropertyValueSpecification","valueRequired":true,"valueName":"search_term_string"}}],"inLanguage":"sv-SE"},{"@type":"Person","@id":"https:\/\/www.almega.se\/#\/schema\/person\/3c181ea7ead5ab7b14c61584637720f5","name":"Erik Juhlin","image":{"@type":"ImageObject","inLanguage":"sv-SE","@id":"https:\/\/www.almega.se\/#\/schema\/person\/image\/","url":"https:\/\/secure.gravatar.com\/avatar\/ef0e97454357041724f27ea1630fa5bf78b30eea6fc56998e6a03142ad5b1370?s=96&d=mm&r=g","contentUrl":"https:\/\/secure.gravatar.com\/avatar\/ef0e97454357041724f27ea1630fa5bf78b30eea6fc56998e6a03142ad5b1370?s=96&d=mm&r=g","caption":"Erik Juhlin"},"url":"https:\/\/www.almega.se\/person\/erikjuhlin\/"}]}},"_links":{"self":[{"href":"https:\/\/www.almega.se\/api\/wp\/v2\/posts\/79897","targetHints":{"allow":["GET"]}}],"collection":[{"href":"https:\/\/www.almega.se\/api\/wp\/v2\/posts"}],"about":[{"href":"https:\/\/www.almega.se\/api\/wp\/v2\/types\/post"}],"author":[{"embeddable":true,"href":"https:\/\/www.almega.se\/api\/wp\/v2\/users\/6356"}],"replies":[{"embeddable":true,"href":"https:\/\/www.almega.se\/api\/wp\/v2\/comments?post=79897"}],"version-history":[{"count":1,"href":"https:\/\/www.almega.se\/api\/wp\/v2\/posts\/79897\/revisions"}],"predecessor-version":[{"id":79908,"href":"https:\/\/www.almega.se\/api\/wp\/v2\/posts\/79897\/revisions\/79908"}],"wp:featuredmedia":[{"embeddable":true,"href":"https:\/\/www.almega.se\/api\/wp\/v2\/media\/79898"}],"wp:attachment":[{"href":"https:\/\/www.almega.se\/api\/wp\/v2\/media?parent=79897"}],"wp:term":[{"taxonomy":"category","embeddable":true,"href":"https:\/\/www.almega.se\/api\/wp\/v2\/categories?post=79897"},{"taxonomy":"post_tag","embeddable":true,"href":"https:\/\/www.almega.se\/api\/wp\/v2\/tags?post=79897"},{"taxonomy":"type","embeddable":true,"href":"https:\/\/www.almega.se\/api\/wp\/v2\/article_type?post=79897"},{"taxonomy":"agreement","embeddable":true,"href":"https:\/\/www.almega.se\/api\/wp\/v2\/agreement?post=79897"}],"curies":[{"name":"wp","href":"https:\/\/api.w.org\/{rel}","templated":true}]}}