{"id":79720,"date":"2025-05-21T11:39:22","date_gmt":"2025-05-21T09:39:22","guid":{"rendered":"https:\/\/www.almega.se\/?p=79720"},"modified":"2025-05-21T11:39:23","modified_gmt":"2025-05-21T09:39:23","slug":"almega-tjansteforbunden-tecknar-nya-apoteksavtal","status":"publish","type":"post","link":"https:\/\/www.almega.se\/2025\/05\/almega-tjansteforbunden-tecknar-nya-apoteksavtal\/","title":{"rendered":"Almega Tj\u00e4nste&shy;f\u00f6rbunden tecknar nya apoteksavtal"},"content":{"rendered":"<p class=\"intro\"><strong>Almega Tj\u00e4nstef\u00f6rbunden har tr\u00e4ffat nya avtal f\u00f6r apoteksbranschen med Sveriges Farmaceuter, Sveriges Ingenj\u00f6rer och Unionen.<\/strong><\/p>\n\n<p>\u2013 F\u00f6rhandlingarna har varit tuffa men pr\u00e4glats av en vilja att komma \u00f6verens. Jag \u00e4r glad att vi lyckats f\u00e5 till villkor som fungerar f\u00f6r b\u00e5de medarbetare och f\u00f6retag inom de kostnadsramar som g\u00e4ller, s\u00e4ger Maria Tingnell, f\u00f6rhandlingsledare f\u00f6r Apoteksf\u00f6retagen inom Almega Tj\u00e4nstef\u00f6rbunden.<\/p>\n\n\n\n<p>De nya avtalen str\u00e4cker sig \u00f6ver 24 m\u00e5nader med en total kostnads\u00f6kningsniv\u00e5 p\u00e5 6,4 procent. Inom kostnadsramen ryms \u00e4ven pensionsavs\u00e4ttningar.<\/p>\n\n\n\n<p><em>Attraktiva och branschanpassade villkor \u00e4r avg\u00f6rande f\u00f6r tj\u00e4nstesektorns framg\u00e5ng och Almega str\u00e4var alltid efter att skapa de b\u00e4sta f\u00f6ruts\u00e4ttningarna f\u00f6r b\u00e5de arbetsgivare och medarbetare. Under avtalsr\u00f6relsen 2025 tecknar Almega sammanlagt 125 avtal, flest av alla arbetsgivarorganisationer.<\/em><\/p>\n","protected":false},"excerpt":{"rendered":"<p>\u2013 F\u00f6rhandlingarna har varit tuffa men pr\u00e4glats av en vilja att komma \u00f6verens. Jag \u00e4r glad att vi lyckats f\u00e5 till villkor som fungerar f\u00f6r b\u00e5de medarbetare och f\u00f6retag inom de kostnadsramar som g\u00e4ller, s\u00e4ger &hellip;<\/p>\n","protected":false},"author":3380,"featured_media":79721,"comment_status":"closed","ping_status":"closed","sticky":false,"template":"","format":"standard","meta":{"_acf_changed":false,"footnotes":""},"categories":[636],"tags":[775],"article_type":[],"agreement":[],"class_list":["post-79720","post","type-post","status-publish","format-standard","has-post-thumbnail","hentry","category-avtalsrorelse","tag-avtalsrorelse"],"acf":[],"yoast_head":"<!-- This site is optimized with the Yoast SEO Premium plugin v26.8 (Yoast SEO v26.8) - https:\/\/yoast.com\/product\/yoast-seo-premium-wordpress\/ -->\n<title>Almega Tj\u00e4nstef\u00f6rbunden tecknar nya apoteksavtal | Almega<\/title>\n<meta name=\"robots\" content=\"index, follow, max-snippet:-1, max-image-preview:large, max-video-preview:-1\" \/>\n<link rel=\"canonical\" href=\"https:\/\/www.almega.se\/2025\/05\/almega-tjansteforbunden-tecknar-nya-apoteksavtal\/\" \/>\n<meta property=\"og:locale\" content=\"sv_SE\" \/>\n<meta property=\"og:type\" content=\"article\" \/>\n<meta property=\"og:title\" content=\"Almega Tj\u00e4nstef\u00f6rbunden tecknar nya apoteksavtal\" \/>\n<meta property=\"og:description\" content=\"\u2013 F\u00f6rhandlingarna har varit tuffa men pr\u00e4glats av en vilja att komma \u00f6verens. Jag \u00e4r glad att vi lyckats f\u00e5 till villkor som fungerar f\u00f6r b\u00e5de medarbetare och f\u00f6retag inom de kostnadsramar som g\u00e4ller, s\u00e4ger &hellip;\" \/>\n<meta property=\"og:url\" content=\"https:\/\/www.almega.se\/2025\/05\/almega-tjansteforbunden-tecknar-nya-apoteksavtal\/\" \/>\n<meta property=\"og:site_name\" content=\"Almega\" \/>\n<meta property=\"article:published_time\" content=\"2025-05-21T09:39:22+00:00\" \/>\n<meta property=\"article:modified_time\" content=\"2025-05-21T09:39:23+00:00\" \/>\n<meta property=\"og:image\" content=\"https:\/\/www.almega.se\/app\/uploads\/2025\/05\/293bd7d4-b7ca-4c1f-8ca9-ee90f5c8082f-w_960.jpg\" \/>\n\t<meta property=\"og:image:width\" content=\"960\" \/>\n\t<meta property=\"og:image:height\" content=\"501\" \/>\n\t<meta property=\"og:image:type\" content=\"image\/jpeg\" \/>\n<meta name=\"author\" content=\"Marianne Ahlgren\" \/>\n<meta name=\"twitter:card\" content=\"summary_large_image\" \/>\n<meta name=\"twitter:label1\" content=\"Skriven av\" \/>\n\t<meta name=\"twitter:data1\" content=\"Marianne Ahlgren\" \/>\n\t<meta name=\"twitter:label2\" content=\"Ber\u00e4knad l\u00e4stid\" \/>\n\t<meta name=\"twitter:data2\" content=\"1 minut\" \/>\n<!-- \/ Yoast SEO Premium plugin. -->","yoast_head_json":{"title":"Almega Tj\u00e4nstef\u00f6rbunden tecknar nya apoteksavtal | Almega","robots":{"index":"index","follow":"follow","max-snippet":"max-snippet:-1","max-image-preview":"max-image-preview:large","max-video-preview":"max-video-preview:-1"},"canonical":"https:\/\/www.almega.se\/2025\/05\/almega-tjansteforbunden-tecknar-nya-apoteksavtal\/","og_locale":"sv_SE","og_type":"article","og_title":"Almega Tj\u00e4nstef\u00f6rbunden tecknar nya apoteksavtal","og_description":"\u2013 F\u00f6rhandlingarna har varit tuffa men pr\u00e4glats av en vilja att komma \u00f6verens. Jag \u00e4r glad att vi lyckats f\u00e5 till villkor som fungerar f\u00f6r b\u00e5de medarbetare och f\u00f6retag inom de kostnadsramar som g\u00e4ller, s\u00e4ger &hellip;","og_url":"https:\/\/www.almega.se\/2025\/05\/almega-tjansteforbunden-tecknar-nya-apoteksavtal\/","og_site_name":"Almega","article_published_time":"2025-05-21T09:39:22+00:00","article_modified_time":"2025-05-21T09:39:23+00:00","og_image":[{"width":960,"height":501,"url":"https:\/\/www.almega.se\/app\/uploads\/2025\/05\/293bd7d4-b7ca-4c1f-8ca9-ee90f5c8082f-w_960.jpg","type":"image\/jpeg"}],"author":"Marianne Ahlgren","twitter_card":"summary_large_image","twitter_misc":{"Skriven av":"Marianne Ahlgren","Ber\u00e4knad l\u00e4stid":"1 minut"},"schema":{"@context":"https:\/\/schema.org","@graph":[{"@type":"NewsArticle","@id":"https:\/\/www.almega.se\/2025\/05\/almega-tjansteforbunden-tecknar-nya-apoteksavtal\/#article","isPartOf":{"@id":"https:\/\/www.almega.se\/2025\/05\/almega-tjansteforbunden-tecknar-nya-apoteksavtal\/"},"author":{"name":"Marianne Ahlgren","@id":"https:\/\/www.almega.se\/#\/schema\/person\/860599f2ded56005a909a04b92cf7035"},"headline":"Almega Tj\u00e4nste&shy;f\u00f6rbunden tecknar nya apoteksavtal","datePublished":"2025-05-21T09:39:22+00:00","dateModified":"2025-05-21T09:39:23+00:00","mainEntityOfPage":{"@id":"https:\/\/www.almega.se\/2025\/05\/almega-tjansteforbunden-tecknar-nya-apoteksavtal\/"},"wordCount":128,"image":{"@id":"https:\/\/www.almega.se\/2025\/05\/almega-tjansteforbunden-tecknar-nya-apoteksavtal\/#primaryimage"},"thumbnailUrl":"https:\/\/www.almega.se\/app\/uploads\/2025\/05\/293bd7d4-b7ca-4c1f-8ca9-ee90f5c8082f-w_960.jpg","keywords":["avtalsr\u00f6relse"],"articleSection":["Avtalsr\u00f6relse"],"inLanguage":"sv-SE"},{"@type":"WebPage","@id":"https:\/\/www.almega.se\/2025\/05\/almega-tjansteforbunden-tecknar-nya-apoteksavtal\/","url":"https:\/\/www.almega.se\/2025\/05\/almega-tjansteforbunden-tecknar-nya-apoteksavtal\/","name":"Almega Tj\u00e4nstef\u00f6rbunden tecknar nya apoteksavtal | Almega","isPartOf":{"@id":"https:\/\/www.almega.se\/#website"},"primaryImageOfPage":{"@id":"https:\/\/www.almega.se\/2025\/05\/almega-tjansteforbunden-tecknar-nya-apoteksavtal\/#primaryimage"},"image":{"@id":"https:\/\/www.almega.se\/2025\/05\/almega-tjansteforbunden-tecknar-nya-apoteksavtal\/#primaryimage"},"thumbnailUrl":"https:\/\/www.almega.se\/app\/uploads\/2025\/05\/293bd7d4-b7ca-4c1f-8ca9-ee90f5c8082f-w_960.jpg","datePublished":"2025-05-21T09:39:22+00:00","dateModified":"2025-05-21T09:39:23+00:00","author":{"@id":"https:\/\/www.almega.se\/#\/schema\/person\/860599f2ded56005a909a04b92cf7035"},"breadcrumb":{"@id":"https:\/\/www.almega.se\/2025\/05\/almega-tjansteforbunden-tecknar-nya-apoteksavtal\/#breadcrumb"},"inLanguage":"sv-SE","potentialAction":[{"@type":"ReadAction","target":["https:\/\/www.almega.se\/2025\/05\/almega-tjansteforbunden-tecknar-nya-apoteksavtal\/"]}]},{"@type":"ImageObject","inLanguage":"sv-SE","@id":"https:\/\/www.almega.se\/2025\/05\/almega-tjansteforbunden-tecknar-nya-apoteksavtal\/#primaryimage","url":"https:\/\/www.almega.se\/app\/uploads\/2025\/05\/293bd7d4-b7ca-4c1f-8ca9-ee90f5c8082f-w_960.jpg","contentUrl":"https:\/\/www.almega.se\/app\/uploads\/2025\/05\/293bd7d4-b7ca-4c1f-8ca9-ee90f5c8082f-w_960.jpg","width":960,"height":501},{"@type":"BreadcrumbList","@id":"https:\/\/www.almega.se\/2025\/05\/almega-tjansteforbunden-tecknar-nya-apoteksavtal\/#breadcrumb","itemListElement":[{"@type":"ListItem","position":1,"name":"Home","item":"https:\/\/www.almega.se\/"},{"@type":"ListItem","position":2,"name":"Almega Tj\u00e4nste&shy;f\u00f6rbunden tecknar nya apoteksavtal"}]},{"@type":"WebSite","@id":"https:\/\/www.almega.se\/#website","url":"https:\/\/www.almega.se\/","name":"Almega","description":"","potentialAction":[{"@type":"SearchAction","target":{"@type":"EntryPoint","urlTemplate":"https:\/\/www.almega.se\/?s={search_term_string}"},"query-input":{"@type":"PropertyValueSpecification","valueRequired":true,"valueName":"search_term_string"}}],"inLanguage":"sv-SE"},{"@type":"Person","@id":"https:\/\/www.almega.se\/#\/schema\/person\/860599f2ded56005a909a04b92cf7035","name":"Marianne Ahlgren","image":{"@type":"ImageObject","inLanguage":"sv-SE","@id":"https:\/\/www.almega.se\/#\/schema\/person\/image\/","url":"https:\/\/secure.gravatar.com\/avatar\/4c350e8b0dd656a6bbe04785780665ac53c7b373c038b1140ce3ae5e8cb21bef?s=96&d=mm&r=g","contentUrl":"https:\/\/secure.gravatar.com\/avatar\/4c350e8b0dd656a6bbe04785780665ac53c7b373c038b1140ce3ae5e8cb21bef?s=96&d=mm&r=g","caption":"Marianne Ahlgren"},"url":"https:\/\/www.almega.se\/person\/marianneahlgren\/"}]}},"_links":{"self":[{"href":"https:\/\/www.almega.se\/api\/wp\/v2\/posts\/79720","targetHints":{"allow":["GET"]}}],"collection":[{"href":"https:\/\/www.almega.se\/api\/wp\/v2\/posts"}],"about":[{"href":"https:\/\/www.almega.se\/api\/wp\/v2\/types\/post"}],"author":[{"embeddable":true,"href":"https:\/\/www.almega.se\/api\/wp\/v2\/users\/3380"}],"replies":[{"embeddable":true,"href":"https:\/\/www.almega.se\/api\/wp\/v2\/comments?post=79720"}],"version-history":[{"count":1,"href":"https:\/\/www.almega.se\/api\/wp\/v2\/posts\/79720\/revisions"}],"predecessor-version":[{"id":79722,"href":"https:\/\/www.almega.se\/api\/wp\/v2\/posts\/79720\/revisions\/79722"}],"wp:featuredmedia":[{"embeddable":true,"href":"https:\/\/www.almega.se\/api\/wp\/v2\/media\/79721"}],"wp:attachment":[{"href":"https:\/\/www.almega.se\/api\/wp\/v2\/media?parent=79720"}],"wp:term":[{"taxonomy":"category","embeddable":true,"href":"https:\/\/www.almega.se\/api\/wp\/v2\/categories?post=79720"},{"taxonomy":"post_tag","embeddable":true,"href":"https:\/\/www.almega.se\/api\/wp\/v2\/tags?post=79720"},{"taxonomy":"type","embeddable":true,"href":"https:\/\/www.almega.se\/api\/wp\/v2\/article_type?post=79720"},{"taxonomy":"agreement","embeddable":true,"href":"https:\/\/www.almega.se\/api\/wp\/v2\/agreement?post=79720"}],"curies":[{"name":"wp","href":"https:\/\/api.w.org\/{rel}","templated":true}]}}