{"id":79531,"date":"2025-05-13T13:16:05","date_gmt":"2025-05-13T11:16:05","guid":{"rendered":"https:\/\/www.almega.se\/?p=79531"},"modified":"2025-09-08T10:18:11","modified_gmt":"2025-09-08T08:18:11","slug":"almega-medverkar-pa-motesplats-offentliga-affarer-2025","status":"publish","type":"post","link":"https:\/\/www.almega.se\/2025\/05\/almega-medverkar-pa-motesplats-offentliga-affarer-2025\/","title":{"rendered":"Almega medverkar p\u00e5 M\u00f6tesplats Offentliga Aff\u00e4rer 2025"},"content":{"rendered":"<p class=\"intro\">M\u00f6tesplats Offentliga Aff\u00e4rer ger tillf\u00e4lle till dialog och intressanta erfarenhetsutbyten kring offentlig upphandling \u2013 nu och f\u00f6r framtiden. Almega kommer att medverka och medlemsf\u00f6retag har m\u00f6jlighet att k\u00f6pa biljetter till konferensen till rabatterat pris.<\/p>\n\n<p>Den 24 och 25 september g\u00e5r M\u00f6tesplats Offentliga Aff\u00e4rer av stapeln p\u00e5 Nacka Strand M\u00f6ten &amp; Event i Stockholm. En sp\u00e4nnande m\u00f6tesplats som ger tillf\u00e4lle till dialog och intressanta erfarenhetsutbyten kring offentlig upphandling \u2013 nu och i framtiden, d\u00e4r Almega medverkar med ett seminarium. Se hela programmet h\u00e4r:&nbsp;<a href=\"https:\/\/eur02.safelinks.protection.outlook.com\/?url=https%3A%2F%2Fmotesplatsoffentligaaffarer.se%2Fprogram%2F&amp;data=05%7C02%7Creka.tolnai%40almega.se%7C52b59fb40fa645dcc46408ddeeabf4ea%7C1d019c94da7b49c2bf935ee1bb4b6882%7C0%7C0%7C638929144530504430%7CUnknown%7CTWFpbGZsb3d8eyJFbXB0eU1hcGkiOnRydWUsIlYiOiIwLjAuMDAwMCIsIlAiOiJXaW4zMiIsIkFOIjoiTWFpbCIsIldUIjoyfQ%3D%3D%7C0%7C%7C%7C&amp;sdata=F%2BL5OZNzJ2zfDCglVwKqHUQc2mMCurcnt5ivKEKKieQ%3D&amp;reserved=0\">https:\/\/motesplatsoffentligaaffarer.se\/program\/<\/a><\/p>\n\n\n\n<p>F\u00f6retag som \u00e4r medlemmar i Almegas f\u00f6rbund har m\u00f6jlighet att k\u00f6pa biljetter till konferensen M\u00f6tesplats Offentliga Aff\u00e4rer till rabatterat pris. <\/p>\n\n\n\n<p>Information om Almegas seminarium:<\/p>\n\n\n\n<p><strong><em>\u201dOffentlig upphandling och tj\u00e4nstef\u00f6retag &#8211; hur st\u00e5r det egentligen till?\u201d<\/em><\/strong><\/p>\n\n\n\n<p>Tid och plats: 25 sept kl. 14.00-14.30, Stora scenen<\/p>\n\n\n\n<p><strong>Medverkande vid seminariet:&nbsp;<\/strong><\/p>\n\n\n\n\n\n\n\n\n<figure class=\"wp-block-image size-full is-resized\"><img loading=\"lazy\" decoding=\"async\" width=\"1080\" height=\"1350\" src=\"https:\/\/www.almega.se\/app\/uploads\/2025\/05\/1-1.png\" alt=\"\" class=\"wp-image-82122\" style=\"width:337px;height:auto\" srcset=\"https:\/\/www.almega.se\/app\/uploads\/2025\/05\/1-1.png 1080w, https:\/\/www.almega.se\/app\/uploads\/2025\/05\/1-1-580x725.png 580w, https:\/\/www.almega.se\/app\/uploads\/2025\/05\/1-1-380x475.png 380w, https:\/\/www.almega.se\/app\/uploads\/2025\/05\/1-1-768x960.png 768w\" sizes=\"auto, (max-width: 1080px) 100vw, 1080px\" \/><\/figure>\n\n\n\n<p>Ulrica Dyrke, jurist och n\u00e4ringspolitisk expert p\u00e5 Almega<\/p>\n\n\n\n\n\n<figure class=\"wp-block-image size-full\"><img loading=\"lazy\" decoding=\"async\" width=\"1080\" height=\"1350\" src=\"https:\/\/www.almega.se\/app\/uploads\/2025\/05\/2.png\" alt=\"\" class=\"wp-image-82118\" srcset=\"https:\/\/www.almega.se\/app\/uploads\/2025\/05\/2.png 1080w, https:\/\/www.almega.se\/app\/uploads\/2025\/05\/2-580x725.png 580w, https:\/\/www.almega.se\/app\/uploads\/2025\/05\/2-380x475.png 380w, https:\/\/www.almega.se\/app\/uploads\/2025\/05\/2-768x960.png 768w\" sizes=\"auto, (max-width: 1080px) 100vw, 1080px\" \/><\/figure>\n\n\n\n<p>Jens Engstr\u00f6m, n\u00e4ringspolitisk export p\u00e5 Almega Servicef\u00f6retagen<\/p>\n\n\n\n\n\n<figure class=\"wp-block-image size-full\"><img loading=\"lazy\" decoding=\"async\" width=\"1080\" height=\"1350\" src=\"https:\/\/www.almega.se\/app\/uploads\/2025\/05\/3.png\" alt=\"\" class=\"wp-image-82119\" srcset=\"https:\/\/www.almega.se\/app\/uploads\/2025\/05\/3.png 1080w, https:\/\/www.almega.se\/app\/uploads\/2025\/05\/3-580x725.png 580w, https:\/\/www.almega.se\/app\/uploads\/2025\/05\/3-380x475.png 380w, https:\/\/www.almega.se\/app\/uploads\/2025\/05\/3-768x960.png 768w\" sizes=\"auto, (max-width: 1080px) 100vw, 1080px\" \/><\/figure>\n\n\n\n<p>Kristine Nilsson Wieslander, f\u00f6rbundsjurist p\u00e5 Innovationsf\u00f6retagen<\/p>\n\n\n\n\n\n\n\n\n\n<figure class=\"wp-block-image size-full is-resized\"><img loading=\"lazy\" decoding=\"async\" width=\"1080\" height=\"1350\" src=\"https:\/\/www.almega.se\/app\/uploads\/2025\/05\/4.png\" alt=\"\" class=\"wp-image-82120\" style=\"width:337px;height:auto\" srcset=\"https:\/\/www.almega.se\/app\/uploads\/2025\/05\/4.png 1080w, https:\/\/www.almega.se\/app\/uploads\/2025\/05\/4-580x725.png 580w, https:\/\/www.almega.se\/app\/uploads\/2025\/05\/4-380x475.png 380w, https:\/\/www.almega.se\/app\/uploads\/2025\/05\/4-768x960.png 768w\" sizes=\"auto, (max-width: 1080px) 100vw, 1080px\" \/><\/figure>\n\n\n\n<p>Maria Bergstr\u00f6m, anbudschef p\u00e5 Humana<\/p>\n\n\n\n\n\n<figure class=\"wp-block-image size-full\"><img loading=\"lazy\" decoding=\"async\" width=\"1080\" height=\"1350\" src=\"https:\/\/www.almega.se\/app\/uploads\/2025\/05\/5.png\" alt=\"\" class=\"wp-image-82121\" srcset=\"https:\/\/www.almega.se\/app\/uploads\/2025\/05\/5.png 1080w, https:\/\/www.almega.se\/app\/uploads\/2025\/05\/5-580x725.png 580w, https:\/\/www.almega.se\/app\/uploads\/2025\/05\/5-380x475.png 380w, https:\/\/www.almega.se\/app\/uploads\/2025\/05\/5-768x960.png 768w\" sizes=\"auto, (max-width: 1080px) 100vw, 1080px\" \/><\/figure>\n\n\n\n<p>Anders Jonsson, bid manager p\u00e5 Avarn Security<\/p>\n\n\n\n\n<a class='Share__link Share__link--url copy-text' href='#' rel='nofollow' data-text='om-medlemsrabatten' title='Dela url' data-confirmation='L\u00e4nken kopierades till urklipp'><svg class='icon icon--link'  width='18' height='18' viewBox='0 0 18 18' fill='none' xmlns='http:\/\/www.w3.org\/2000\/svg'>\n            <path d='M10.4142 0.514721L6.87868 4.05025L8.29289 5.46447L11.1213 2.63604L15.364 6.87868L12.5355 9.70711L13.9497 11.1213L17.4853 7.58579C17.8763 7.19476 17.8763 6.5626 17.4853 6.17158L11.8284 0.514721C11.4374 0.123691 10.8052 0.123691 10.4142 0.514721Z' fill='black'\/>\n            <path d='M9.7071 12.5355L6.87868 15.364L2.63604 11.1213L5.46446 8.2929L4.05025 6.87868L0.514716 10.4142C0.123686 10.8052 0.123686 11.4374 0.514716 11.8284L6.17157 17.4853C6.5626 17.8763 7.19475 17.8763 7.58578 17.4853L11.1213 13.9497L9.7071 12.5355Z' fill='black'\/>\n            <path d='M6.17157 11.8284C6.5626 12.2195 7.19475 12.2195 7.58578 11.8284L11.8284 7.58579C12.2195 7.19476 12.2195 6.56261 11.8284 6.17158C11.4374 5.78055 10.8052 5.78055 10.4142 6.17158L6.17157 10.4142C5.78054 10.8052 5.78054 11.4374 6.17157 11.8284Z' fill='black'\/>\n            <\/svg> <\/a>\n<h2 class=\"wp-block-heading\" id=\"h-om-medlemsrabatten\">Om medlemsrabatten<\/h2>\n\n\n\n<p>G\u00f6r s\u00e5 h\u00e4r f\u00f6r att l\u00e4gga in koden:&nbsp;G\u00e5 in p\u00e5 M\u00f6tesplats<a href=\"https:\/\/motesplatsoffentligaaffarer.se\/\"> Offentliga Aff\u00e4rers webbplats<\/a>. Registrera deltagande f\u00f6r tv\u00e5dagarsbiljett. N\u00e4r ni har tryckt \u201dbetalning\u201d kommer det upp en rullmeny med m\u00f6jlighet att l\u00e4gga in rabattkoden. Skriv koden INVITE-ALMEGA. Tryck d\u00e4refter p\u00e5 \u201dAktivera\u201d.<\/p>\n\n\n\n      <blockquote class=\"Expert-comment__quote\">\n      <p>&#8221;Almega lyfter tj\u00e4nstef\u00f6retagens syn p\u00e5 offentlig upphandling&#8221;<\/p>\n\n      \n             <a href=\"https:\/\/www.almega.se\/person\/ulricadyrke\/\">\n          <figure class=\"Contact-card__image\">\n            <img decoding=\"async\" src=\"https:\/\/www.almega.se\/app\/uploads\/2024\/12\/DSF0645-380x285.jpg\" alt=\"Ulrica Dyrke\">\n          <\/figure>\n        <\/a>\n          \n      <h2 class=\"Contact-card__title\">Ulrica Dyrke<\/h2>\n      <p class=\"mb-0\">Jurist och N\u00e4ringspolitisk expert<\/p>\n      \n                  <a href=\"https:\/\/www.almega.se\/person\/ulricadyrke\/\" class=\"Contact-card__link\">\n        \n          <p class=\"Contact-card__arrow__text\">L\u00e4s mer<\/p>\n          \n          <svg class='icon icon--arrow-tip'  width=\"11\" height=\"16\" viewBox=\"0 0 11 16\" fill=\"none\" xmlns=\"http:\/\/www.w3.org\/2000\/svg\">\n<path d=\"M0.858398 15L9.2304 7.99664L0.967732 1.00001\" stroke=\"black\" stroke-width=\"2\" stroke-miterlimit=\"10\"\/>\n<\/svg>\n\n          \n      <\/a>\n\n      \n    \n  \n    <\/blockquote>\n  \n\n\n\n\n\n\n\n\n\n      <a href=\"https:\/\/www.almega.se\/#varaforbund\" target=\"\" class=\"Button is-text Button--arrow-tip\">\n      \n        Vilka f\u00f6rbund ing\u00e5r i Almega?\n      \n      \n                \n                <svg class='icon icon--arrow-tip'  width=\"11\" height=\"16\" viewBox=\"0 0 11 16\" fill=\"none\" xmlns=\"http:\/\/www.w3.org\/2000\/svg\">\n<path d=\"M0.858398 15L9.2304 7.99664L0.967732 1.00001\" stroke=\"black\" stroke-width=\"2\" stroke-miterlimit=\"10\"\/>\n<\/svg>\n\n        \n    <\/a>\n  \n\n","protected":false},"excerpt":{"rendered":"<p>Den 24 och 25 september g\u00e5r M\u00f6tesplats Offentliga Aff\u00e4rer av stapeln p\u00e5 Nacka Strand M\u00f6ten &amp; Event i Stockholm. En sp\u00e4nnande m\u00f6tesplats som ger tillf\u00e4lle till dialog och intressanta erfarenhetsutbyten kring offentlig upphandling \u2013 nu &hellip;<\/p>\n","protected":false},"author":16543,"featured_media":82326,"comment_status":"closed","ping_status":"closed","sticky":false,"template":"","format":"standard","meta":{"_acf_changed":false,"footnotes":""},"categories":[603,572],"tags":[],"article_type":[55],"agreement":[],"class_list":["post-79531","post","type-post","status-publish","format-standard","has-post-thumbnail","hentry","category-almega","category-offentlig-upphandling","type-artiklar"],"acf":[],"yoast_head":"<!-- This site is optimized with the Yoast SEO Premium plugin v26.8 (Yoast SEO v26.8) - https:\/\/yoast.com\/product\/yoast-seo-premium-wordpress\/ -->\n<title>Almega medverkar p\u00e5 M\u00f6tesplats Offentliga Aff\u00e4rer 2025 | Almega<\/title>\n<meta name=\"description\" content=\"Offentlig upphandling \u00e4r en av Almegas prioriterade fr\u00e5gor och medverkar d\u00e4rf\u00f6r p\u00e5 konferensen M\u00f6tesplats Offentliga Aff\u00e4rer 25-26 september.\" \/>\n<meta name=\"robots\" content=\"index, follow, max-snippet:-1, max-image-preview:large, max-video-preview:-1\" \/>\n<link rel=\"canonical\" href=\"https:\/\/www.almega.se\/2025\/05\/almega-medverkar-pa-motesplats-offentliga-affarer-2025\/\" \/>\n<meta property=\"og:locale\" content=\"sv_SE\" \/>\n<meta property=\"og:type\" content=\"article\" \/>\n<meta property=\"og:title\" content=\"Almega medverkar p\u00e5 M\u00f6tesplats Offentliga Aff\u00e4rer 2025\" \/>\n<meta property=\"og:description\" content=\"Offentlig upphandling \u00e4r en av Almegas prioriterade fr\u00e5gor och medverkar d\u00e4rf\u00f6r p\u00e5 konferensen M\u00f6tesplats Offentliga Aff\u00e4rer 25-26 september.\" \/>\n<meta property=\"og:url\" content=\"https:\/\/www.almega.se\/2025\/05\/almega-medverkar-pa-motesplats-offentliga-affarer-2025\/\" \/>\n<meta property=\"og:site_name\" content=\"Almega\" \/>\n<meta property=\"article:published_time\" content=\"2025-05-13T11:16:05+00:00\" \/>\n<meta property=\"article:modified_time\" content=\"2025-09-08T08:18:11+00:00\" \/>\n<meta property=\"og:image\" content=\"https:\/\/www.almega.se\/app\/uploads\/2025\/05\/ud-offentliga-affarer.png\" \/>\n\t<meta property=\"og:image:width\" content=\"1080\" \/>\n\t<meta property=\"og:image:height\" content=\"1080\" \/>\n\t<meta property=\"og:image:type\" content=\"image\/png\" \/>\n<meta name=\"author\" content=\"R\u00e9ka Tolnai\" \/>\n<meta name=\"twitter:card\" content=\"summary_large_image\" \/>\n<meta name=\"twitter:label1\" content=\"Skriven av\" \/>\n\t<meta name=\"twitter:data1\" content=\"R\u00e9ka Tolnai\" \/>\n\t<meta name=\"twitter:label2\" content=\"Ber\u00e4knad l\u00e4stid\" \/>\n\t<meta name=\"twitter:data2\" content=\"3 minuter\" \/>\n<!-- \/ Yoast SEO Premium plugin. -->","yoast_head_json":{"title":"Almega medverkar p\u00e5 M\u00f6tesplats Offentliga Aff\u00e4rer 2025 | Almega","description":"Offentlig upphandling \u00e4r en av Almegas prioriterade fr\u00e5gor och medverkar d\u00e4rf\u00f6r p\u00e5 konferensen M\u00f6tesplats Offentliga Aff\u00e4rer 25-26 september.","robots":{"index":"index","follow":"follow","max-snippet":"max-snippet:-1","max-image-preview":"max-image-preview:large","max-video-preview":"max-video-preview:-1"},"canonical":"https:\/\/www.almega.se\/2025\/05\/almega-medverkar-pa-motesplats-offentliga-affarer-2025\/","og_locale":"sv_SE","og_type":"article","og_title":"Almega medverkar p\u00e5 M\u00f6tesplats Offentliga Aff\u00e4rer 2025","og_description":"Offentlig upphandling \u00e4r en av Almegas prioriterade fr\u00e5gor och medverkar d\u00e4rf\u00f6r p\u00e5 konferensen M\u00f6tesplats Offentliga Aff\u00e4rer 25-26 september.","og_url":"https:\/\/www.almega.se\/2025\/05\/almega-medverkar-pa-motesplats-offentliga-affarer-2025\/","og_site_name":"Almega","article_published_time":"2025-05-13T11:16:05+00:00","article_modified_time":"2025-09-08T08:18:11+00:00","og_image":[{"width":1080,"height":1080,"url":"https:\/\/www.almega.se\/app\/uploads\/2025\/05\/ud-offentliga-affarer.png","type":"image\/png"}],"author":"R\u00e9ka Tolnai","twitter_card":"summary_large_image","twitter_misc":{"Skriven av":"R\u00e9ka Tolnai","Ber\u00e4knad l\u00e4stid":"3 minuter"},"schema":{"@context":"https:\/\/schema.org","@graph":[{"@type":"NewsArticle","@id":"https:\/\/www.almega.se\/2025\/05\/almega-medverkar-pa-motesplats-offentliga-affarer-2025\/#article","isPartOf":{"@id":"https:\/\/www.almega.se\/2025\/05\/almega-medverkar-pa-motesplats-offentliga-affarer-2025\/"},"author":{"name":"R\u00e9ka Tolnai","@id":"https:\/\/www.almega.se\/#\/schema\/person\/e54aa110880538cf5ceac0ac54bbecf7"},"headline":"Almega medverkar p\u00e5 M\u00f6tesplats Offentliga Aff\u00e4rer 2025","datePublished":"2025-05-13T11:16:05+00:00","dateModified":"2025-09-08T08:18:11+00:00","mainEntityOfPage":{"@id":"https:\/\/www.almega.se\/2025\/05\/almega-medverkar-pa-motesplats-offentliga-affarer-2025\/"},"wordCount":219,"image":{"@id":"https:\/\/www.almega.se\/2025\/05\/almega-medverkar-pa-motesplats-offentliga-affarer-2025\/#primaryimage"},"thumbnailUrl":"https:\/\/www.almega.se\/app\/uploads\/2025\/05\/ud-offentliga-affarer.png","articleSection":["Almega","Offentlig upphandling"],"inLanguage":"sv-SE"},{"@type":"WebPage","@id":"https:\/\/www.almega.se\/2025\/05\/almega-medverkar-pa-motesplats-offentliga-affarer-2025\/","url":"https:\/\/www.almega.se\/2025\/05\/almega-medverkar-pa-motesplats-offentliga-affarer-2025\/","name":"Almega medverkar p\u00e5 M\u00f6tesplats Offentliga Aff\u00e4rer 2025 | Almega","isPartOf":{"@id":"https:\/\/www.almega.se\/#website"},"primaryImageOfPage":{"@id":"https:\/\/www.almega.se\/2025\/05\/almega-medverkar-pa-motesplats-offentliga-affarer-2025\/#primaryimage"},"image":{"@id":"https:\/\/www.almega.se\/2025\/05\/almega-medverkar-pa-motesplats-offentliga-affarer-2025\/#primaryimage"},"thumbnailUrl":"https:\/\/www.almega.se\/app\/uploads\/2025\/05\/ud-offentliga-affarer.png","datePublished":"2025-05-13T11:16:05+00:00","dateModified":"2025-09-08T08:18:11+00:00","author":{"@id":"https:\/\/www.almega.se\/#\/schema\/person\/e54aa110880538cf5ceac0ac54bbecf7"},"description":"Offentlig upphandling \u00e4r en av Almegas prioriterade fr\u00e5gor och medverkar d\u00e4rf\u00f6r p\u00e5 konferensen M\u00f6tesplats Offentliga Aff\u00e4rer 25-26 september.","breadcrumb":{"@id":"https:\/\/www.almega.se\/2025\/05\/almega-medverkar-pa-motesplats-offentliga-affarer-2025\/#breadcrumb"},"inLanguage":"sv-SE","potentialAction":[{"@type":"ReadAction","target":["https:\/\/www.almega.se\/2025\/05\/almega-medverkar-pa-motesplats-offentliga-affarer-2025\/"]}]},{"@type":"ImageObject","inLanguage":"sv-SE","@id":"https:\/\/www.almega.se\/2025\/05\/almega-medverkar-pa-motesplats-offentliga-affarer-2025\/#primaryimage","url":"https:\/\/www.almega.se\/app\/uploads\/2025\/05\/ud-offentliga-affarer.png","contentUrl":"https:\/\/www.almega.se\/app\/uploads\/2025\/05\/ud-offentliga-affarer.png","width":1080,"height":1080},{"@type":"BreadcrumbList","@id":"https:\/\/www.almega.se\/2025\/05\/almega-medverkar-pa-motesplats-offentliga-affarer-2025\/#breadcrumb","itemListElement":[{"@type":"ListItem","position":1,"name":"Home","item":"https:\/\/www.almega.se\/"},{"@type":"ListItem","position":2,"name":"Almega medverkar p\u00e5 M\u00f6tesplats Offentliga Aff\u00e4rer 2025"}]},{"@type":"WebSite","@id":"https:\/\/www.almega.se\/#website","url":"https:\/\/www.almega.se\/","name":"Almega","description":"","potentialAction":[{"@type":"SearchAction","target":{"@type":"EntryPoint","urlTemplate":"https:\/\/www.almega.se\/?s={search_term_string}"},"query-input":{"@type":"PropertyValueSpecification","valueRequired":true,"valueName":"search_term_string"}}],"inLanguage":"sv-SE"},{"@type":"Person","@id":"https:\/\/www.almega.se\/#\/schema\/person\/e54aa110880538cf5ceac0ac54bbecf7","name":"R\u00e9ka Tolnai","image":{"@type":"ImageObject","inLanguage":"sv-SE","@id":"https:\/\/www.almega.se\/#\/schema\/person\/image\/","url":"https:\/\/secure.gravatar.com\/avatar\/c722d4a4ee787603df9df499a683d681bd2c463bde248da25aabc45883d614d2?s=96&d=mm&r=g","contentUrl":"https:\/\/secure.gravatar.com\/avatar\/c722d4a4ee787603df9df499a683d681bd2c463bde248da25aabc45883d614d2?s=96&d=mm&r=g","caption":"R\u00e9ka Tolnai"},"url":"https:\/\/www.almega.se\/person\/rekatolnai\/"}]}},"_links":{"self":[{"href":"https:\/\/www.almega.se\/api\/wp\/v2\/posts\/79531","targetHints":{"allow":["GET"]}}],"collection":[{"href":"https:\/\/www.almega.se\/api\/wp\/v2\/posts"}],"about":[{"href":"https:\/\/www.almega.se\/api\/wp\/v2\/types\/post"}],"author":[{"embeddable":true,"href":"https:\/\/www.almega.se\/api\/wp\/v2\/users\/16543"}],"replies":[{"embeddable":true,"href":"https:\/\/www.almega.se\/api\/wp\/v2\/comments?post=79531"}],"version-history":[{"count":9,"href":"https:\/\/www.almega.se\/api\/wp\/v2\/posts\/79531\/revisions"}],"predecessor-version":[{"id":82330,"href":"https:\/\/www.almega.se\/api\/wp\/v2\/posts\/79531\/revisions\/82330"}],"wp:featuredmedia":[{"embeddable":true,"href":"https:\/\/www.almega.se\/api\/wp\/v2\/media\/82326"}],"wp:attachment":[{"href":"https:\/\/www.almega.se\/api\/wp\/v2\/media?parent=79531"}],"wp:term":[{"taxonomy":"category","embeddable":true,"href":"https:\/\/www.almega.se\/api\/wp\/v2\/categories?post=79531"},{"taxonomy":"post_tag","embeddable":true,"href":"https:\/\/www.almega.se\/api\/wp\/v2\/tags?post=79531"},{"taxonomy":"type","embeddable":true,"href":"https:\/\/www.almega.se\/api\/wp\/v2\/article_type?post=79531"},{"taxonomy":"agreement","embeddable":true,"href":"https:\/\/www.almega.se\/api\/wp\/v2\/agreement?post=79531"}],"curies":[{"name":"wp","href":"https:\/\/api.w.org\/{rel}","templated":true}]}}