{"id":79512,"date":"2025-05-12T10:42:52","date_gmt":"2025-05-12T08:42:52","guid":{"rendered":"https:\/\/www.almega.se\/?p=79512"},"modified":"2025-05-12T10:42:53","modified_gmt":"2025-05-12T08:42:53","slug":"radgivning-av-sveriges-basta-arbetsrattsexperter","status":"publish","type":"post","link":"https:\/\/www.almega.se\/2025\/05\/radgivning-av-sveriges-basta-arbetsrattsexperter\/","title":{"rendered":"R\u00e5dgivning av Sveriges b\u00e4sta arbetsr\u00e4ttsexperter"},"content":{"rendered":"<p class=\"intro\">Almegas medlemmar f\u00e5r r\u00e5dgivning och hj\u00e4lp av Sveriges b\u00e4sta arbetsr\u00e4ttsjurister, avtalsexperter och f\u00f6rhandlare n\u00e4r det beh\u00f6vs som mest. Peter Lindgren \u00e4r en av v\u00e5ra erfarna arbetsr\u00e4ttsjurister.<\/p>\n\n<h3 class=\"wp-block-heading\" id=\"h-peter-vilka-fragor-brukar-vara-medlemsforetag-ringa-in-till-radgivningen-kring\">Peter, vilka fr\u00e5gor brukar v\u00e5ra medlemsf\u00f6retag ringa in till r\u00e5dgivningen kring? <br><\/h3>\n\n\n\n<p>&#8211; Det \u00e4r givetvis varierande fr\u00e5gor som p\u00e5 olika s\u00e4tt uppkommer i relationen mellan arbetsgivare och arbetstagare. Det kan g\u00e4lla fr\u00e5gor i samband med anst\u00e4llningens ing\u00e5ende eller avslutande. N\u00e4r det g\u00e4ller fr\u00e5gor om upps\u00e4gning p\u00e5 grund av arbetsbrist kan vi tydligt f\u00f6lja konjunkturen. Vi f\u00e5r ocks\u00e5 m\u00e5nga fr\u00e5gor kring missk\u00f6tsamhet, l\u00f6nerevision, arbetstid, arbetsmilj\u00f6, semester och annan ledighet eller sjukdom och rehabilitering. V\u00e5ra medlemsf\u00f6retag vill g\u00f6ra r\u00e4tt f\u00f6r sig och d\u00e4rf\u00f6r h\u00f6r man av sig till oss om man \u00e4r os\u00e4ker. D\u00e5 hj\u00e4lper vi till.<\/p>\n\n\n\n<h3 class=\"wp-block-heading\" id=\"h-vem-ar-det-man-kommer-fram-till-nar-man-ringer-radgivningen\">Vem \u00e4r det man kommer fram till n\u00e4r man ringer r\u00e5dgivningen? <\/h3>\n\n\n\n<p>&#8211; Du f\u00e5r prata med v\u00e5ra arbetsr\u00e4ttsjurister och arbetsr\u00e4ttsexperter. Vi \u00e4r n\u00e4stan 70 kollegor p\u00e5 Almega som hj\u00e4lps \u00e5t att bemanna jouren och vi \u00e4r tillg\u00e4ngliga p\u00e5 vardagar mellan kl 8.30 \u2013 17. Alla har en bred och allm\u00e4n kunskap i arbetsr\u00e4ttsliga fr\u00e5gor och inkommande samtal sorteras s\u00e5 att f\u00f6retaget hamnar hos r\u00e4tt jourhavare. Jouren \u00e4r en enormt uppskattad tj\u00e4nst bland v\u00e5ra medlemmar.<\/p>\n\n\n\n<h3 class=\"wp-block-heading\" id=\"h-en-del-fragor-leder-till-tvist-mellan-parterna-vilka-kan-det-vara\"> En del fr\u00e5gor leder till tvist mellan parterna. Vilka kan det vara? <\/h3>\n\n\n\n<p>&#8211; De \u00e4renden som g\u00e5r hela v\u00e4gen till domstol \u00e4r ofta upps\u00e4gningar fr\u00e5n arbetsgivarens sida. V\u00e5ra jurister bitr\u00e4der givetvis i \u00e4rendet hela v\u00e4gen.<\/p>\n\n\n\n<h3 class=\"wp-block-heading\" id=\"h-latt-att-gora-ratt\"> L\u00e4tt att g\u00f6ra r\u00e4tt! <\/h3>\n\n\n\n<p>Almegas medlemmar har \u00e4ven tillg\u00e5ng till Arbetsgivarguiden, som hj\u00e4lper dig att g\u00f6ra r\u00e4tt i djungeln av avtal, lagar och praxis som g\u00e4ller p\u00e5 den svenska arbetsmarknaden. Arbetsgivarguiden \u00e4r byggd utifr\u00e5n att det ska vara l\u00e4tt att g\u00f6ra r\u00e4tt. All information \u00e4r filtrerad utifr\u00e5n ditt f\u00f6retag och \u00e4r s\u00f6kbar. D\u00e4rf\u00f6r f\u00e5r du snabbt tillg\u00e5ng till alla avtalstexter som r\u00f6r det du beh\u00f6ver veta mer om.<\/p>\n\n\n\n      <a href=\"https:\/\/www.almega.se\/kontakt\/radgivning\/\" target=\"_blank\" class=\"Button is-text Button--arrow-tip\">\n      \n        L\u00e4s mer om R\u00e5dgivningen\n      \n      \n                \n                <svg class='icon icon--arrow-tip'  width=\"11\" height=\"16\" viewBox=\"0 0 11 16\" fill=\"none\" xmlns=\"http:\/\/www.w3.org\/2000\/svg\">\n<path d=\"M0.858398 15L9.2304 7.99664L0.967732 1.00001\" stroke=\"black\" stroke-width=\"2\" stroke-miterlimit=\"10\"\/>\n<\/svg>\n\n        \n    <\/a>\n  \n\n\n\n      <a href=\"https:\/\/www.almega.se\/om-arbetsgivarguiden\/\" target=\"_blank\" class=\"Button is-text Button--arrow-tip\">\n      \n        L\u00e4s mer om Arbetsgivarguiden\n      \n      \n                \n                <svg class='icon icon--arrow-tip'  width=\"11\" height=\"16\" viewBox=\"0 0 11 16\" fill=\"none\" xmlns=\"http:\/\/www.w3.org\/2000\/svg\">\n<path d=\"M0.858398 15L9.2304 7.99664L0.967732 1.00001\" stroke=\"black\" stroke-width=\"2\" stroke-miterlimit=\"10\"\/>\n<\/svg>\n\n        \n    <\/a>\n  \n","protected":false},"excerpt":{"rendered":"<p>Peter, vilka fr\u00e5gor brukar v\u00e5ra medlemsf\u00f6retag ringa in till r\u00e5dgivningen kring? &#8211; Det \u00e4r givetvis varierande fr\u00e5gor som p\u00e5 olika s\u00e4tt uppkommer i relationen mellan arbetsgivare och arbetstagare. Det kan g\u00e4lla fr\u00e5gor i samband med &hellip;<\/p>\n","protected":false},"author":21574,"featured_media":79517,"comment_status":"closed","ping_status":"closed","sticky":false,"template":"","format":"standard","meta":{"_acf_changed":false,"footnotes":""},"categories":[603,451],"tags":[693,76],"article_type":[55],"agreement":[],"class_list":["post-79512","post","type-post","status-publish","format-standard","has-post-thumbnail","hentry","category-almega","category-arbetsgivarfragor","tag-arbetsratt","tag-kollektivavtal","type-artiklar"],"acf":[],"yoast_head":"<!-- This site is optimized with the Yoast SEO Premium plugin v26.8 (Yoast SEO v26.8) - https:\/\/yoast.com\/product\/yoast-seo-premium-wordpress\/ -->\n<title>R\u00e5dgivning av Sveriges b\u00e4sta arbetsr\u00e4ttsexperter | Almega<\/title>\n<meta name=\"robots\" content=\"index, follow, max-snippet:-1, max-image-preview:large, max-video-preview:-1\" \/>\n<link rel=\"canonical\" href=\"https:\/\/www.almega.se\/2025\/05\/radgivning-av-sveriges-basta-arbetsrattsexperter\/\" \/>\n<meta property=\"og:locale\" content=\"sv_SE\" \/>\n<meta property=\"og:type\" content=\"article\" \/>\n<meta property=\"og:title\" content=\"R\u00e5dgivning av Sveriges b\u00e4sta arbetsr\u00e4ttsexperter\" \/>\n<meta property=\"og:description\" content=\"Peter, vilka fr\u00e5gor brukar v\u00e5ra medlemsf\u00f6retag ringa in till r\u00e5dgivningen kring? &#8211; Det \u00e4r givetvis varierande fr\u00e5gor som p\u00e5 olika s\u00e4tt uppkommer i relationen mellan arbetsgivare och arbetstagare. Det kan g\u00e4lla fr\u00e5gor i samband med &hellip;\" \/>\n<meta property=\"og:url\" content=\"https:\/\/www.almega.se\/2025\/05\/radgivning-av-sveriges-basta-arbetsrattsexperter\/\" \/>\n<meta property=\"og:site_name\" content=\"Almega\" \/>\n<meta property=\"article:published_time\" content=\"2025-05-12T08:42:52+00:00\" \/>\n<meta property=\"article:modified_time\" content=\"2025-05-12T08:42:53+00:00\" \/>\n<meta property=\"og:image\" content=\"https:\/\/www.almega.se\/app\/uploads\/2025\/05\/Peter-Lindgren-scaled.jpg\" \/>\n\t<meta property=\"og:image:width\" content=\"2560\" \/>\n\t<meta property=\"og:image:height\" content=\"1380\" \/>\n\t<meta property=\"og:image:type\" content=\"image\/jpeg\" \/>\n<meta name=\"author\" content=\"Sandra Mildenberger\" \/>\n<meta name=\"twitter:card\" content=\"summary_large_image\" \/>\n<meta name=\"twitter:label1\" content=\"Skriven av\" \/>\n\t<meta name=\"twitter:data1\" content=\"Sandra Mildenberger\" \/>\n\t<meta name=\"twitter:label2\" content=\"Ber\u00e4knad l\u00e4stid\" \/>\n\t<meta name=\"twitter:data2\" content=\"2 minuter\" \/>\n<!-- \/ Yoast SEO Premium plugin. -->","yoast_head_json":{"title":"R\u00e5dgivning av Sveriges b\u00e4sta arbetsr\u00e4ttsexperter | Almega","robots":{"index":"index","follow":"follow","max-snippet":"max-snippet:-1","max-image-preview":"max-image-preview:large","max-video-preview":"max-video-preview:-1"},"canonical":"https:\/\/www.almega.se\/2025\/05\/radgivning-av-sveriges-basta-arbetsrattsexperter\/","og_locale":"sv_SE","og_type":"article","og_title":"R\u00e5dgivning av Sveriges b\u00e4sta arbetsr\u00e4ttsexperter","og_description":"Peter, vilka fr\u00e5gor brukar v\u00e5ra medlemsf\u00f6retag ringa in till r\u00e5dgivningen kring? &#8211; Det \u00e4r givetvis varierande fr\u00e5gor som p\u00e5 olika s\u00e4tt uppkommer i relationen mellan arbetsgivare och arbetstagare. Det kan g\u00e4lla fr\u00e5gor i samband med &hellip;","og_url":"https:\/\/www.almega.se\/2025\/05\/radgivning-av-sveriges-basta-arbetsrattsexperter\/","og_site_name":"Almega","article_published_time":"2025-05-12T08:42:52+00:00","article_modified_time":"2025-05-12T08:42:53+00:00","og_image":[{"width":2560,"height":1380,"url":"https:\/\/www.almega.se\/app\/uploads\/2025\/05\/Peter-Lindgren-scaled.jpg","type":"image\/jpeg"}],"author":"Sandra Mildenberger","twitter_card":"summary_large_image","twitter_misc":{"Skriven av":"Sandra Mildenberger","Ber\u00e4knad l\u00e4stid":"2 minuter"},"schema":{"@context":"https:\/\/schema.org","@graph":[{"@type":"NewsArticle","@id":"https:\/\/www.almega.se\/2025\/05\/radgivning-av-sveriges-basta-arbetsrattsexperter\/#article","isPartOf":{"@id":"https:\/\/www.almega.se\/2025\/05\/radgivning-av-sveriges-basta-arbetsrattsexperter\/"},"author":{"name":"Sandra Mildenberger","@id":"https:\/\/www.almega.se\/#\/schema\/person\/432bf15cd5b8c34477366237d76e0e28"},"headline":"R\u00e5dgivning av Sveriges b\u00e4sta arbetsr\u00e4ttsexperter","datePublished":"2025-05-12T08:42:52+00:00","dateModified":"2025-05-12T08:42:53+00:00","mainEntityOfPage":{"@id":"https:\/\/www.almega.se\/2025\/05\/radgivning-av-sveriges-basta-arbetsrattsexperter\/"},"wordCount":351,"image":{"@id":"https:\/\/www.almega.se\/2025\/05\/radgivning-av-sveriges-basta-arbetsrattsexperter\/#primaryimage"},"thumbnailUrl":"https:\/\/www.almega.se\/app\/uploads\/2025\/05\/Peter-Lindgren-scaled.jpg","keywords":["Arbetsr\u00e4tt","Kollektivavtal"],"articleSection":["Almega","Arbetsgivarfr\u00e5gor"],"inLanguage":"sv-SE"},{"@type":"WebPage","@id":"https:\/\/www.almega.se\/2025\/05\/radgivning-av-sveriges-basta-arbetsrattsexperter\/","url":"https:\/\/www.almega.se\/2025\/05\/radgivning-av-sveriges-basta-arbetsrattsexperter\/","name":"R\u00e5dgivning av Sveriges b\u00e4sta arbetsr\u00e4ttsexperter | Almega","isPartOf":{"@id":"https:\/\/www.almega.se\/#website"},"primaryImageOfPage":{"@id":"https:\/\/www.almega.se\/2025\/05\/radgivning-av-sveriges-basta-arbetsrattsexperter\/#primaryimage"},"image":{"@id":"https:\/\/www.almega.se\/2025\/05\/radgivning-av-sveriges-basta-arbetsrattsexperter\/#primaryimage"},"thumbnailUrl":"https:\/\/www.almega.se\/app\/uploads\/2025\/05\/Peter-Lindgren-scaled.jpg","datePublished":"2025-05-12T08:42:52+00:00","dateModified":"2025-05-12T08:42:53+00:00","author":{"@id":"https:\/\/www.almega.se\/#\/schema\/person\/432bf15cd5b8c34477366237d76e0e28"},"breadcrumb":{"@id":"https:\/\/www.almega.se\/2025\/05\/radgivning-av-sveriges-basta-arbetsrattsexperter\/#breadcrumb"},"inLanguage":"sv-SE","potentialAction":[{"@type":"ReadAction","target":["https:\/\/www.almega.se\/2025\/05\/radgivning-av-sveriges-basta-arbetsrattsexperter\/"]}]},{"@type":"ImageObject","inLanguage":"sv-SE","@id":"https:\/\/www.almega.se\/2025\/05\/radgivning-av-sveriges-basta-arbetsrattsexperter\/#primaryimage","url":"https:\/\/www.almega.se\/app\/uploads\/2025\/05\/Peter-Lindgren-scaled.jpg","contentUrl":"https:\/\/www.almega.se\/app\/uploads\/2025\/05\/Peter-Lindgren-scaled.jpg","width":2560,"height":1380,"caption":"Peter Lindgren, arbetsr\u00e4ttsjurist"},{"@type":"BreadcrumbList","@id":"https:\/\/www.almega.se\/2025\/05\/radgivning-av-sveriges-basta-arbetsrattsexperter\/#breadcrumb","itemListElement":[{"@type":"ListItem","position":1,"name":"Home","item":"https:\/\/www.almega.se\/"},{"@type":"ListItem","position":2,"name":"R\u00e5dgivning av Sveriges b\u00e4sta arbetsr\u00e4ttsexperter"}]},{"@type":"WebSite","@id":"https:\/\/www.almega.se\/#website","url":"https:\/\/www.almega.se\/","name":"Almega","description":"","potentialAction":[{"@type":"SearchAction","target":{"@type":"EntryPoint","urlTemplate":"https:\/\/www.almega.se\/?s={search_term_string}"},"query-input":{"@type":"PropertyValueSpecification","valueRequired":true,"valueName":"search_term_string"}}],"inLanguage":"sv-SE"},{"@type":"Person","@id":"https:\/\/www.almega.se\/#\/schema\/person\/432bf15cd5b8c34477366237d76e0e28","name":"Sandra Mildenberger","image":{"@type":"ImageObject","inLanguage":"sv-SE","@id":"https:\/\/www.almega.se\/#\/schema\/person\/image\/","url":"https:\/\/secure.gravatar.com\/avatar\/303ee6ef75fa0849b0b85e527659b8bf3457cd9509f76c13628965581b041b41?s=96&d=mm&r=g","contentUrl":"https:\/\/secure.gravatar.com\/avatar\/303ee6ef75fa0849b0b85e527659b8bf3457cd9509f76c13628965581b041b41?s=96&d=mm&r=g","caption":"Sandra Mildenberger"},"url":"https:\/\/www.almega.se\/person\/sandramildenberger\/"}]}},"_links":{"self":[{"href":"https:\/\/www.almega.se\/api\/wp\/v2\/posts\/79512","targetHints":{"allow":["GET"]}}],"collection":[{"href":"https:\/\/www.almega.se\/api\/wp\/v2\/posts"}],"about":[{"href":"https:\/\/www.almega.se\/api\/wp\/v2\/types\/post"}],"author":[{"embeddable":true,"href":"https:\/\/www.almega.se\/api\/wp\/v2\/users\/21574"}],"replies":[{"embeddable":true,"href":"https:\/\/www.almega.se\/api\/wp\/v2\/comments?post=79512"}],"version-history":[{"count":6,"href":"https:\/\/www.almega.se\/api\/wp\/v2\/posts\/79512\/revisions"}],"predecessor-version":[{"id":79519,"href":"https:\/\/www.almega.se\/api\/wp\/v2\/posts\/79512\/revisions\/79519"}],"wp:featuredmedia":[{"embeddable":true,"href":"https:\/\/www.almega.se\/api\/wp\/v2\/media\/79517"}],"wp:attachment":[{"href":"https:\/\/www.almega.se\/api\/wp\/v2\/media?parent=79512"}],"wp:term":[{"taxonomy":"category","embeddable":true,"href":"https:\/\/www.almega.se\/api\/wp\/v2\/categories?post=79512"},{"taxonomy":"post_tag","embeddable":true,"href":"https:\/\/www.almega.se\/api\/wp\/v2\/tags?post=79512"},{"taxonomy":"type","embeddable":true,"href":"https:\/\/www.almega.se\/api\/wp\/v2\/article_type?post=79512"},{"taxonomy":"agreement","embeddable":true,"href":"https:\/\/www.almega.se\/api\/wp\/v2\/agreement?post=79512"}],"curies":[{"name":"wp","href":"https:\/\/api.w.org\/{rel}","templated":true}]}}