{"id":79488,"date":"2025-05-09T10:42:14","date_gmt":"2025-05-09T08:42:14","guid":{"rendered":"https:\/\/www.almega.se\/?p=79488"},"modified":"2025-05-16T15:21:17","modified_gmt":"2025-05-16T13:21:17","slug":"nej-kommunal-det-stammer-inte","status":"publish","type":"post","link":"https:\/\/www.almega.se\/2025\/05\/nej-kommunal-det-stammer-inte\/","title":{"rendered":"Nej Kommunal, det st\u00e4mmer inte"},"content":{"rendered":"<p style=\"font-weight: 400;\">I slutet av maj g\u00e5r flera kollektivavtal inom v\u00e5rdsektorn ut. F\u00f6rhandlingarna har precis inletts, men tonl\u00e4get fr\u00e5n Kommunal \u00e4r redan h\u00f6gt p\u00e5 reklamtavlor och i sociala medier. Men st\u00e4mmer deras p\u00e5st\u00e5enden verkligen? Vi st\u00e4llde n\u00e5gra fr\u00e5gor till Per \u00d6stlund som \u00e4r f\u00f6rhandlingschef p\u00e5 V\u00e5rdf\u00f6retagarna.<\/p>\n\n<p><strong>Vad tycker du om p\u00e5st\u00e5endena i Kommunals kampanj?<\/strong><\/p>\n\n\n\n<p>Det \u00e4r f\u00f6rvisso en kampanj, men det finns en gr\u00e4ns f\u00f6r hur illvilliga tolkningar man kan g\u00f6ra. Kommunal p\u00e5st\u00e5r att vi vill g\u00f6ra kraftiga f\u00f6rs\u00e4mringar f\u00f6r deras medlemmar, n\u00e4r allt vi vill \u00e4r att teckna avtal p\u00e5 m\u00e4rket, allts\u00e5 l\u00f6ne\u00f6kningar p\u00e5 6,4 procent. F\u00f6r oss \u00e4r det en sj\u00e4lvklarhet att respektera den svenska modellen, det som parterna p\u00e5 arbetsmarknaden kommit \u00f6verens om.<\/p>\n\n\n\n<p>Det h\u00f6ga tonl\u00e4ge och negativa bild som Kommunal nu ger uttryck f\u00f6r i sin kommunikation k\u00e4nner vi igen fr\u00e5n tidigare avtalsr\u00f6relser. Vi vill inte ge oss in i det, men vi tycker inte att det speglar verkligheten. Fr\u00e5gar man medarbetarna s\u00e5 \u00e4r v\u00e5ra medlemsf\u00f6retag b\u00e4ttre arbetsgivare \u00e4n deras offentliga motsvarigheter.<\/p>\n\n\n\n<p><\/p>\n\n\n\n<p><strong>Vilka fr\u00e5gor \u00e4r viktiga f\u00f6r V\u00e5rdf\u00f6retagarna i \u00e5rets avtalsr\u00f6relse?<\/strong><\/p>\n\n\n\n<p>Vi vill teckna avtal som \u00e4r bra f\u00f6r b\u00e5de medarbetarna och arbetsgivarna. Detta \u00e4r en f\u00f6ruts\u00e4ttning f\u00f6r att kunna attrahera och beh\u00e5lla kompetenta medarbetare, vilket i sin tur \u00e4r en f\u00f6ruts\u00e4ttning f\u00f6r v\u00e5ra medlemsf\u00f6retags framg\u00e5ng.<\/p>\n\n\n\n<p>De viktigaste fr\u00e5gorna i \u00e5rets avtalsr\u00f6relse handlar om:<\/p>\n\n\n\n<ul class=\"wp-block-list\">\n<li>St\u00f6rre m\u00f6jligheter att premiera medarbetare som sticker ut med goda arbetsinsatser.\u00a0<\/li>\n\n\n\n<li>Mindre betungande byr\u00e5krati och administration som tar tid fr\u00e5n den viktiga k\u00e4rnverksamheten.\u00a0<\/li>\n\n\n\n<li>St\u00f6rre m\u00f6jligheter att kunna bemanna verksamheterna p\u00e5 b\u00e4sta s\u00e4tt f\u00f6r de vi finns till f\u00f6r.\u00a0<\/li>\n<\/ul>\n\n\n\n<p><\/p>\n\n\n\n<p><strong>Med tanke p\u00e5 Kommunals kampanj och det h\u00f6ga tonl\u00e4get: Hur \u00e4r egentligen st\u00e4mningen i f\u00f6rhandlingsrummet?\u00a0<\/strong><\/p>\n\n\n\n<p>I f\u00f6rhandlingsrummen \u00e4r tonl\u00e4get ett helt annat, d\u00e4r har vi en bra och konstruktiv dialog. Jag tycker att vi har en bra relation och respekt f\u00f6r varandras utg\u00e5ngspunkter. Men f\u00f6rhandlingar \u00e4r f\u00f6rhandlingar, s\u00e5 vi f\u00e5r se vad som \u00e4r m\u00f6jligt att f\u00f6rverkliga. V\u00e5r m\u00e5ls\u00e4ttning \u00e4r alltid att n\u00e5 avtal som \u00e4r bra b\u00e5de f\u00f6r medarbetarna och f\u00f6retagen.<\/p>\n\n\n\n<p><a href=\"https:\/\/www.vardforetagarna.se\/2025\/05\/om-kommunals-kampanj-mot-vardforetagarna-2\/\">H\u00e4r kan du l\u00e4sa mer om V\u00e5rdf\u00f6retagarnas syn p\u00e5 Kommunals kampanj<\/a><\/p>\n","protected":false},"excerpt":{"rendered":"<p>Vad tycker du om p\u00e5st\u00e5endena i Kommunals kampanj? Det \u00e4r f\u00f6rvisso en kampanj, men det finns en gr\u00e4ns f\u00f6r hur illvilliga tolkningar man kan g\u00f6ra. Kommunal p\u00e5st\u00e5r att vi vill g\u00f6ra kraftiga f\u00f6rs\u00e4mringar f\u00f6r deras &hellip;<\/p>\n","protected":false},"author":3380,"featured_media":79489,"comment_status":"closed","ping_status":"closed","sticky":false,"template":"","format":"standard","meta":{"_acf_changed":false,"footnotes":""},"categories":[636],"tags":[],"article_type":[],"agreement":[],"class_list":["post-79488","post","type-post","status-publish","format-standard","has-post-thumbnail","hentry","category-avtalsrorelse"],"acf":[],"yoast_head":"<!-- This site is optimized with the Yoast SEO Premium plugin v26.8 (Yoast SEO v26.8) - https:\/\/yoast.com\/product\/yoast-seo-premium-wordpress\/ -->\n<title>Nej Kommunal, det st\u00e4mmer inte | Almega<\/title>\n<meta name=\"robots\" content=\"index, follow, max-snippet:-1, max-image-preview:large, max-video-preview:-1\" \/>\n<link rel=\"canonical\" href=\"https:\/\/www.almega.se\/2025\/05\/nej-kommunal-det-stammer-inte\/\" \/>\n<meta property=\"og:locale\" content=\"sv_SE\" \/>\n<meta property=\"og:type\" content=\"article\" \/>\n<meta property=\"og:title\" content=\"Nej Kommunal, det st\u00e4mmer inte\" \/>\n<meta property=\"og:description\" content=\"Vad tycker du om p\u00e5st\u00e5endena i Kommunals kampanj? Det \u00e4r f\u00f6rvisso en kampanj, men det finns en gr\u00e4ns f\u00f6r hur illvilliga tolkningar man kan g\u00f6ra. Kommunal p\u00e5st\u00e5r att vi vill g\u00f6ra kraftiga f\u00f6rs\u00e4mringar f\u00f6r deras &hellip;\" \/>\n<meta property=\"og:url\" content=\"https:\/\/www.almega.se\/2025\/05\/nej-kommunal-det-stammer-inte\/\" \/>\n<meta property=\"og:site_name\" content=\"Almega\" \/>\n<meta property=\"article:published_time\" content=\"2025-05-09T08:42:14+00:00\" \/>\n<meta property=\"article:modified_time\" content=\"2025-05-16T13:21:17+00:00\" \/>\n<meta property=\"og:image\" content=\"https:\/\/www.almega.se\/app\/uploads\/2025\/05\/parostlund-580x580-1.jpg\" \/>\n\t<meta property=\"og:image:width\" content=\"580\" \/>\n\t<meta property=\"og:image:height\" content=\"580\" \/>\n\t<meta property=\"og:image:type\" content=\"image\/jpeg\" \/>\n<meta name=\"author\" content=\"Marianne Ahlgren\" \/>\n<meta name=\"twitter:card\" content=\"summary_large_image\" \/>\n<meta name=\"twitter:label1\" content=\"Skriven av\" \/>\n\t<meta name=\"twitter:data1\" content=\"Marianne Ahlgren\" \/>\n\t<meta name=\"twitter:label2\" content=\"Ber\u00e4knad l\u00e4stid\" \/>\n\t<meta name=\"twitter:data2\" content=\"2 minuter\" \/>\n<!-- \/ Yoast SEO Premium plugin. -->","yoast_head_json":{"title":"Nej Kommunal, det st\u00e4mmer inte | Almega","robots":{"index":"index","follow":"follow","max-snippet":"max-snippet:-1","max-image-preview":"max-image-preview:large","max-video-preview":"max-video-preview:-1"},"canonical":"https:\/\/www.almega.se\/2025\/05\/nej-kommunal-det-stammer-inte\/","og_locale":"sv_SE","og_type":"article","og_title":"Nej Kommunal, det st\u00e4mmer inte","og_description":"Vad tycker du om p\u00e5st\u00e5endena i Kommunals kampanj? Det \u00e4r f\u00f6rvisso en kampanj, men det finns en gr\u00e4ns f\u00f6r hur illvilliga tolkningar man kan g\u00f6ra. Kommunal p\u00e5st\u00e5r att vi vill g\u00f6ra kraftiga f\u00f6rs\u00e4mringar f\u00f6r deras &hellip;","og_url":"https:\/\/www.almega.se\/2025\/05\/nej-kommunal-det-stammer-inte\/","og_site_name":"Almega","article_published_time":"2025-05-09T08:42:14+00:00","article_modified_time":"2025-05-16T13:21:17+00:00","og_image":[{"width":580,"height":580,"url":"https:\/\/www.almega.se\/app\/uploads\/2025\/05\/parostlund-580x580-1.jpg","type":"image\/jpeg"}],"author":"Marianne Ahlgren","twitter_card":"summary_large_image","twitter_misc":{"Skriven av":"Marianne Ahlgren","Ber\u00e4knad l\u00e4stid":"2 minuter"},"schema":{"@context":"https:\/\/schema.org","@graph":[{"@type":"NewsArticle","@id":"https:\/\/www.almega.se\/2025\/05\/nej-kommunal-det-stammer-inte\/#article","isPartOf":{"@id":"https:\/\/www.almega.se\/2025\/05\/nej-kommunal-det-stammer-inte\/"},"author":{"name":"Marianne Ahlgren","@id":"https:\/\/www.almega.se\/#\/schema\/person\/860599f2ded56005a909a04b92cf7035"},"headline":"Nej Kommunal, det st\u00e4mmer inte","datePublished":"2025-05-09T08:42:14+00:00","dateModified":"2025-05-16T13:21:17+00:00","mainEntityOfPage":{"@id":"https:\/\/www.almega.se\/2025\/05\/nej-kommunal-det-stammer-inte\/"},"wordCount":380,"image":{"@id":"https:\/\/www.almega.se\/2025\/05\/nej-kommunal-det-stammer-inte\/#primaryimage"},"thumbnailUrl":"https:\/\/www.almega.se\/app\/uploads\/2025\/05\/parostlund-580x580-1.jpg","articleSection":["Avtalsr\u00f6relse"],"inLanguage":"sv-SE"},{"@type":"WebPage","@id":"https:\/\/www.almega.se\/2025\/05\/nej-kommunal-det-stammer-inte\/","url":"https:\/\/www.almega.se\/2025\/05\/nej-kommunal-det-stammer-inte\/","name":"Nej Kommunal, det st\u00e4mmer inte | Almega","isPartOf":{"@id":"https:\/\/www.almega.se\/#website"},"primaryImageOfPage":{"@id":"https:\/\/www.almega.se\/2025\/05\/nej-kommunal-det-stammer-inte\/#primaryimage"},"image":{"@id":"https:\/\/www.almega.se\/2025\/05\/nej-kommunal-det-stammer-inte\/#primaryimage"},"thumbnailUrl":"https:\/\/www.almega.se\/app\/uploads\/2025\/05\/parostlund-580x580-1.jpg","datePublished":"2025-05-09T08:42:14+00:00","dateModified":"2025-05-16T13:21:17+00:00","author":{"@id":"https:\/\/www.almega.se\/#\/schema\/person\/860599f2ded56005a909a04b92cf7035"},"breadcrumb":{"@id":"https:\/\/www.almega.se\/2025\/05\/nej-kommunal-det-stammer-inte\/#breadcrumb"},"inLanguage":"sv-SE","potentialAction":[{"@type":"ReadAction","target":["https:\/\/www.almega.se\/2025\/05\/nej-kommunal-det-stammer-inte\/"]}]},{"@type":"ImageObject","inLanguage":"sv-SE","@id":"https:\/\/www.almega.se\/2025\/05\/nej-kommunal-det-stammer-inte\/#primaryimage","url":"https:\/\/www.almega.se\/app\/uploads\/2025\/05\/parostlund-580x580-1.jpg","contentUrl":"https:\/\/www.almega.se\/app\/uploads\/2025\/05\/parostlund-580x580-1.jpg","width":580,"height":580},{"@type":"BreadcrumbList","@id":"https:\/\/www.almega.se\/2025\/05\/nej-kommunal-det-stammer-inte\/#breadcrumb","itemListElement":[{"@type":"ListItem","position":1,"name":"Home","item":"https:\/\/www.almega.se\/"},{"@type":"ListItem","position":2,"name":"Nej Kommunal, det st\u00e4mmer inte"}]},{"@type":"WebSite","@id":"https:\/\/www.almega.se\/#website","url":"https:\/\/www.almega.se\/","name":"Almega","description":"","potentialAction":[{"@type":"SearchAction","target":{"@type":"EntryPoint","urlTemplate":"https:\/\/www.almega.se\/?s={search_term_string}"},"query-input":{"@type":"PropertyValueSpecification","valueRequired":true,"valueName":"search_term_string"}}],"inLanguage":"sv-SE"},{"@type":"Person","@id":"https:\/\/www.almega.se\/#\/schema\/person\/860599f2ded56005a909a04b92cf7035","name":"Marianne Ahlgren","image":{"@type":"ImageObject","inLanguage":"sv-SE","@id":"https:\/\/www.almega.se\/#\/schema\/person\/image\/","url":"https:\/\/secure.gravatar.com\/avatar\/4c350e8b0dd656a6bbe04785780665ac53c7b373c038b1140ce3ae5e8cb21bef?s=96&d=mm&r=g","contentUrl":"https:\/\/secure.gravatar.com\/avatar\/4c350e8b0dd656a6bbe04785780665ac53c7b373c038b1140ce3ae5e8cb21bef?s=96&d=mm&r=g","caption":"Marianne Ahlgren"},"url":"https:\/\/www.almega.se\/person\/marianneahlgren\/"}]}},"_links":{"self":[{"href":"https:\/\/www.almega.se\/api\/wp\/v2\/posts\/79488","targetHints":{"allow":["GET"]}}],"collection":[{"href":"https:\/\/www.almega.se\/api\/wp\/v2\/posts"}],"about":[{"href":"https:\/\/www.almega.se\/api\/wp\/v2\/types\/post"}],"author":[{"embeddable":true,"href":"https:\/\/www.almega.se\/api\/wp\/v2\/users\/3380"}],"replies":[{"embeddable":true,"href":"https:\/\/www.almega.se\/api\/wp\/v2\/comments?post=79488"}],"version-history":[{"count":3,"href":"https:\/\/www.almega.se\/api\/wp\/v2\/posts\/79488\/revisions"}],"predecessor-version":[{"id":79631,"href":"https:\/\/www.almega.se\/api\/wp\/v2\/posts\/79488\/revisions\/79631"}],"wp:featuredmedia":[{"embeddable":true,"href":"https:\/\/www.almega.se\/api\/wp\/v2\/media\/79489"}],"wp:attachment":[{"href":"https:\/\/www.almega.se\/api\/wp\/v2\/media?parent=79488"}],"wp:term":[{"taxonomy":"category","embeddable":true,"href":"https:\/\/www.almega.se\/api\/wp\/v2\/categories?post=79488"},{"taxonomy":"post_tag","embeddable":true,"href":"https:\/\/www.almega.se\/api\/wp\/v2\/tags?post=79488"},{"taxonomy":"type","embeddable":true,"href":"https:\/\/www.almega.se\/api\/wp\/v2\/article_type?post=79488"},{"taxonomy":"agreement","embeddable":true,"href":"https:\/\/www.almega.se\/api\/wp\/v2\/agreement?post=79488"}],"curies":[{"name":"wp","href":"https:\/\/api.w.org\/{rel}","templated":true}]}}