{"id":79328,"date":"2025-05-08T09:00:00","date_gmt":"2025-05-08T07:00:00","guid":{"rendered":"https:\/\/www.almega.se\/2025\/05\/nytt-avtal-for-tjansteman-i-bemanningsbranschen\/"},"modified":"2025-05-08T09:02:42","modified_gmt":"2025-05-08T07:02:42","slug":"nytt-avtal-for-tjansteman-i-bemanningsbranschen","status":"publish","type":"post","link":"https:\/\/www.almega.se\/2025\/05\/nytt-avtal-for-tjansteman-i-bemanningsbranschen\/","title":{"rendered":"Nytt avtal f\u00f6r tj\u00e4nstem\u00e4n i bemannings&shy;branschen"},"content":{"rendered":"\n<p class=\"intro\">Kompetensf\u00f6retagen inom Almega har, tillsammans med Unionen\u00a0och Akademikerf\u00f6rbunden,\u00a0tecknat nya\u00a0kollektivavtal f\u00f6r tj\u00e4nstem\u00e4n inom\u00a0kompetensbranschen. Avtalet\u00a0str\u00e4cker sig \u00f6ver 24 m\u00e5nader med ett totalt avtalsv\u00e4rde p\u00e5 6,4 procent.<\/p>\n<p>\u2013 Vi \u00e4r glada att ha ett nytt avtal p\u00e5 plats efter tuffa men konstruktiva f\u00f6rhandlingar. Till slut lyckades vi hitta vissa branschanpassningar p\u00e5 arbetstidsf\u00f6rkortning som tillsammans med \u00f6vriga f\u00f6r\u00e4ndringar av avtalet gjorde att vi kunde n\u00e5 en \u00f6verenskommelse med v\u00e5ra motparter om ett nytt kollektivavtal f\u00f6r tj\u00e4nstem\u00e4n. Arbetstidsf\u00f6rkortning sl\u00e5r extra h\u00e5rt p\u00e5 v\u00e5ra f\u00f6retag vilket gjorde att f\u00f6rhandlingarna har dragit ut p\u00e5 tiden.<\/p>\n<p>\u2013 I dessa tuffa tider har det varit viktigt att f\u00e5 till ett avtal som ocks\u00e5 inneb\u00e4r kostnadsbesparingar. Vi har ocks\u00e5, tillsammans med v\u00e5ra motparter, moderniserat avtalet utifr\u00e5n hur branschen utvecklats, till exempel genom uppdaterade begrepp och nya m\u00f6jligheter i l\u00f6neavtalen. Det s\u00e4ger Johan Huldt som \u00e4r f\u00f6rhandlingschef p\u00e5 Kompetensf\u00f6retagen.\u00a0<\/p>\n<p>De\u00a0tidigare kollektivavtalen\u00a0l\u00f6pte\u00a0ut den 30 april 2025 och det\u00a0nya g\u00e4ller fr\u00e5n och med den 1 maj 2025 till och med den 30 april 2027.\u00a0<\/p>\n<p>Kompetensbranschen best\u00e5r av bemannings-, rekryterings och omst\u00e4llningsf\u00f6retag.\u00a0<\/p>\n<p>Kollektivavtalen\u00a0f\u00f6r tj\u00e4nstem\u00e4n\u00a0ber\u00f6r knappt\u00a030\u00a0000 medarbetare vid\u00a0930\u00a0f\u00f6retag.\u00a0<\/p>\n<p><strong><em>\u00a0<\/em><\/strong><\/p>\n<p><em>Attraktiva och branschanpassade villkor \u00e4r avg\u00f6rande f\u00f6r tj\u00e4nstesektorns framg\u00e5ng och Almega str\u00e4var alltid efter att skapa de b\u00e4sta f\u00f6ruts\u00e4ttningarna f\u00f6r b\u00e5de arbetsgivare och medarbetare. Under avtalsr\u00f6relsen 2025 tecknar Almega sammanlagt 125 avtal, flest av alla arbetsgivarorganisationer.<\/em><\/p>\n\n","protected":false},"excerpt":{"rendered":"<p>Kompetensf\u00f6retagen inom Almega har, tillsammans med Unionen\u00a0och Akademikerf\u00f6rbunden,\u00a0tecknat nya\u00a0kollektivavtal f\u00f6r tj\u00e4nstem\u00e4n inom\u00a0kompetensbranschen. Avtalet\u00a0str\u00e4cker sig \u00f6ver 24 m\u00e5nader med ett totalt avtalsv\u00e4rde p\u00e5 6,4 procent.<\/p>\n","protected":false},"author":3380,"featured_media":79329,"comment_status":"closed","ping_status":"closed","sticky":false,"template":"","format":"standard","meta":{"_acf_changed":false,"footnotes":""},"categories":[636],"tags":[],"article_type":[93],"agreement":[],"class_list":["post-79328","post","type-post","status-publish","format-standard","has-post-thumbnail","hentry","category-avtalsrorelse","type-pressmeddelanden"],"acf":[],"yoast_head":"<!-- This site is optimized with the Yoast SEO Premium plugin v26.8 (Yoast SEO v26.8) - https:\/\/yoast.com\/product\/yoast-seo-premium-wordpress\/ -->\n<title>Nytt avtal f\u00f6r tj\u00e4nstem\u00e4n i bemanningsbranschen | Almega<\/title>\n<meta name=\"robots\" content=\"index, follow, max-snippet:-1, max-image-preview:large, max-video-preview:-1\" \/>\n<link rel=\"canonical\" href=\"https:\/\/www.almega.se\/2025\/05\/nytt-avtal-for-tjansteman-i-bemanningsbranschen\/\" \/>\n<meta property=\"og:locale\" content=\"sv_SE\" \/>\n<meta property=\"og:type\" content=\"article\" \/>\n<meta property=\"og:title\" content=\"Nytt avtal f\u00f6r tj\u00e4nstem\u00e4n i bemanningsbranschen\" \/>\n<meta property=\"og:description\" content=\"Kompetensf\u00f6retagen inom Almega har, tillsammans med Unionen\u00a0och Akademikerf\u00f6rbunden,\u00a0tecknat nya\u00a0kollektivavtal f\u00f6r tj\u00e4nstem\u00e4n inom\u00a0kompetensbranschen. Avtalet\u00a0str\u00e4cker sig \u00f6ver 24 m\u00e5nader med ett totalt avtalsv\u00e4rde p\u00e5 6,4 procent.\" \/>\n<meta property=\"og:url\" content=\"https:\/\/www.almega.se\/2025\/05\/nytt-avtal-for-tjansteman-i-bemanningsbranschen\/\" \/>\n<meta property=\"og:site_name\" content=\"Almega\" \/>\n<meta property=\"article:published_time\" content=\"2025-05-08T07:00:00+00:00\" \/>\n<meta property=\"article:modified_time\" content=\"2025-05-08T07:02:42+00:00\" \/>\n<meta property=\"og:image\" content=\"https:\/\/www.almega.se\/app\/uploads\/2025\/05\/358bc6ea-1b75-4f41-9e0b-da14a4821316-1180x787.jpg\" \/>\n\t<meta property=\"og:image:width\" content=\"1180\" \/>\n\t<meta property=\"og:image:height\" content=\"787\" \/>\n\t<meta property=\"og:image:type\" content=\"image\/jpeg\" \/>\n<meta name=\"author\" content=\"Marianne Ahlgren\" \/>\n<meta name=\"twitter:card\" content=\"summary_large_image\" \/>\n<meta name=\"twitter:label1\" content=\"Skriven av\" \/>\n\t<meta name=\"twitter:data1\" content=\"Marianne Ahlgren\" \/>\n\t<meta name=\"twitter:label2\" content=\"Ber\u00e4knad l\u00e4stid\" \/>\n\t<meta name=\"twitter:data2\" content=\"2 minuter\" \/>\n<!-- \/ Yoast SEO Premium plugin. -->","yoast_head_json":{"title":"Nytt avtal f\u00f6r tj\u00e4nstem\u00e4n i bemanningsbranschen | Almega","robots":{"index":"index","follow":"follow","max-snippet":"max-snippet:-1","max-image-preview":"max-image-preview:large","max-video-preview":"max-video-preview:-1"},"canonical":"https:\/\/www.almega.se\/2025\/05\/nytt-avtal-for-tjansteman-i-bemanningsbranschen\/","og_locale":"sv_SE","og_type":"article","og_title":"Nytt avtal f\u00f6r tj\u00e4nstem\u00e4n i bemanningsbranschen","og_description":"Kompetensf\u00f6retagen inom Almega har, tillsammans med Unionen\u00a0och Akademikerf\u00f6rbunden,\u00a0tecknat nya\u00a0kollektivavtal f\u00f6r tj\u00e4nstem\u00e4n inom\u00a0kompetensbranschen. Avtalet\u00a0str\u00e4cker sig \u00f6ver 24 m\u00e5nader med ett totalt avtalsv\u00e4rde p\u00e5 6,4 procent.","og_url":"https:\/\/www.almega.se\/2025\/05\/nytt-avtal-for-tjansteman-i-bemanningsbranschen\/","og_site_name":"Almega","article_published_time":"2025-05-08T07:00:00+00:00","article_modified_time":"2025-05-08T07:02:42+00:00","og_image":[{"width":1180,"height":787,"url":"https:\/\/www.almega.se\/app\/uploads\/2025\/05\/358bc6ea-1b75-4f41-9e0b-da14a4821316-1180x787.jpg","type":"image\/jpeg"}],"author":"Marianne Ahlgren","twitter_card":"summary_large_image","twitter_misc":{"Skriven av":"Marianne Ahlgren","Ber\u00e4knad l\u00e4stid":"2 minuter"},"schema":{"@context":"https:\/\/schema.org","@graph":[{"@type":"NewsArticle","@id":"https:\/\/www.almega.se\/2025\/05\/nytt-avtal-for-tjansteman-i-bemanningsbranschen\/#article","isPartOf":{"@id":"https:\/\/www.almega.se\/2025\/05\/nytt-avtal-for-tjansteman-i-bemanningsbranschen\/"},"author":{"name":"Marianne Ahlgren","@id":"https:\/\/www.almega.se\/#\/schema\/person\/860599f2ded56005a909a04b92cf7035"},"headline":"Nytt avtal f\u00f6r tj\u00e4nstem\u00e4n i bemannings&shy;branschen","datePublished":"2025-05-08T07:00:00+00:00","dateModified":"2025-05-08T07:02:42+00:00","mainEntityOfPage":{"@id":"https:\/\/www.almega.se\/2025\/05\/nytt-avtal-for-tjansteman-i-bemanningsbranschen\/"},"wordCount":270,"image":{"@id":"https:\/\/www.almega.se\/2025\/05\/nytt-avtal-for-tjansteman-i-bemanningsbranschen\/#primaryimage"},"thumbnailUrl":"https:\/\/www.almega.se\/app\/uploads\/2025\/05\/358bc6ea-1b75-4f41-9e0b-da14a4821316.jpg","articleSection":["Avtalsr\u00f6relse"],"inLanguage":"sv-SE"},{"@type":"WebPage","@id":"https:\/\/www.almega.se\/2025\/05\/nytt-avtal-for-tjansteman-i-bemanningsbranschen\/","url":"https:\/\/www.almega.se\/2025\/05\/nytt-avtal-for-tjansteman-i-bemanningsbranschen\/","name":"Nytt avtal f\u00f6r tj\u00e4nstem\u00e4n i bemanningsbranschen | Almega","isPartOf":{"@id":"https:\/\/www.almega.se\/#website"},"primaryImageOfPage":{"@id":"https:\/\/www.almega.se\/2025\/05\/nytt-avtal-for-tjansteman-i-bemanningsbranschen\/#primaryimage"},"image":{"@id":"https:\/\/www.almega.se\/2025\/05\/nytt-avtal-for-tjansteman-i-bemanningsbranschen\/#primaryimage"},"thumbnailUrl":"https:\/\/www.almega.se\/app\/uploads\/2025\/05\/358bc6ea-1b75-4f41-9e0b-da14a4821316.jpg","datePublished":"2025-05-08T07:00:00+00:00","dateModified":"2025-05-08T07:02:42+00:00","author":{"@id":"https:\/\/www.almega.se\/#\/schema\/person\/860599f2ded56005a909a04b92cf7035"},"breadcrumb":{"@id":"https:\/\/www.almega.se\/2025\/05\/nytt-avtal-for-tjansteman-i-bemanningsbranschen\/#breadcrumb"},"inLanguage":"sv-SE","potentialAction":[{"@type":"ReadAction","target":["https:\/\/www.almega.se\/2025\/05\/nytt-avtal-for-tjansteman-i-bemanningsbranschen\/"]}]},{"@type":"ImageObject","inLanguage":"sv-SE","@id":"https:\/\/www.almega.se\/2025\/05\/nytt-avtal-for-tjansteman-i-bemanningsbranschen\/#primaryimage","url":"https:\/\/www.almega.se\/app\/uploads\/2025\/05\/358bc6ea-1b75-4f41-9e0b-da14a4821316.jpg","contentUrl":"https:\/\/www.almega.se\/app\/uploads\/2025\/05\/358bc6ea-1b75-4f41-9e0b-da14a4821316.jpg","width":8256,"height":5504,"caption":"358bc6ea-1b75-4f41-9e0b-da14a4821316.jpg"},{"@type":"BreadcrumbList","@id":"https:\/\/www.almega.se\/2025\/05\/nytt-avtal-for-tjansteman-i-bemanningsbranschen\/#breadcrumb","itemListElement":[{"@type":"ListItem","position":1,"name":"Home","item":"https:\/\/www.almega.se\/"},{"@type":"ListItem","position":2,"name":"Nytt avtal f\u00f6r tj\u00e4nstem\u00e4n i bemannings&shy;branschen"}]},{"@type":"WebSite","@id":"https:\/\/www.almega.se\/#website","url":"https:\/\/www.almega.se\/","name":"Almega","description":"","potentialAction":[{"@type":"SearchAction","target":{"@type":"EntryPoint","urlTemplate":"https:\/\/www.almega.se\/?s={search_term_string}"},"query-input":{"@type":"PropertyValueSpecification","valueRequired":true,"valueName":"search_term_string"}}],"inLanguage":"sv-SE"},{"@type":"Person","@id":"https:\/\/www.almega.se\/#\/schema\/person\/860599f2ded56005a909a04b92cf7035","name":"Marianne Ahlgren","image":{"@type":"ImageObject","inLanguage":"sv-SE","@id":"https:\/\/www.almega.se\/#\/schema\/person\/image\/","url":"https:\/\/secure.gravatar.com\/avatar\/4c350e8b0dd656a6bbe04785780665ac53c7b373c038b1140ce3ae5e8cb21bef?s=96&d=mm&r=g","contentUrl":"https:\/\/secure.gravatar.com\/avatar\/4c350e8b0dd656a6bbe04785780665ac53c7b373c038b1140ce3ae5e8cb21bef?s=96&d=mm&r=g","caption":"Marianne Ahlgren"},"url":"https:\/\/www.almega.se\/person\/marianneahlgren\/"}]}},"_links":{"self":[{"href":"https:\/\/www.almega.se\/api\/wp\/v2\/posts\/79328","targetHints":{"allow":["GET"]}}],"collection":[{"href":"https:\/\/www.almega.se\/api\/wp\/v2\/posts"}],"about":[{"href":"https:\/\/www.almega.se\/api\/wp\/v2\/types\/post"}],"author":[{"embeddable":true,"href":"https:\/\/www.almega.se\/api\/wp\/v2\/users\/3380"}],"replies":[{"embeddable":true,"href":"https:\/\/www.almega.se\/api\/wp\/v2\/comments?post=79328"}],"version-history":[{"count":1,"href":"https:\/\/www.almega.se\/api\/wp\/v2\/posts\/79328\/revisions"}],"predecessor-version":[{"id":79331,"href":"https:\/\/www.almega.se\/api\/wp\/v2\/posts\/79328\/revisions\/79331"}],"wp:featuredmedia":[{"embeddable":true,"href":"https:\/\/www.almega.se\/api\/wp\/v2\/media\/79329"}],"wp:attachment":[{"href":"https:\/\/www.almega.se\/api\/wp\/v2\/media?parent=79328"}],"wp:term":[{"taxonomy":"category","embeddable":true,"href":"https:\/\/www.almega.se\/api\/wp\/v2\/categories?post=79328"},{"taxonomy":"post_tag","embeddable":true,"href":"https:\/\/www.almega.se\/api\/wp\/v2\/tags?post=79328"},{"taxonomy":"type","embeddable":true,"href":"https:\/\/www.almega.se\/api\/wp\/v2\/article_type?post=79328"},{"taxonomy":"agreement","embeddable":true,"href":"https:\/\/www.almega.se\/api\/wp\/v2\/agreement?post=79328"}],"curies":[{"name":"wp","href":"https:\/\/api.w.org\/{rel}","templated":true}]}}