{"id":79263,"date":"2025-05-07T16:30:00","date_gmt":"2025-05-07T14:30:00","guid":{"rendered":"https:\/\/www.almega.se\/2025\/05\/sakerhetsforetagen-tecknar-nya-tjanstemannaavtal\/"},"modified":"2025-05-07T17:49:21","modified_gmt":"2025-05-07T15:49:21","slug":"sakerhetsforetagen-tecknar-nya-tjanstemannaavtal","status":"publish","type":"post","link":"https:\/\/www.almega.se\/2025\/05\/sakerhetsforetagen-tecknar-nya-tjanstemannaavtal\/","title":{"rendered":"S\u00e4kerhets&shy;f\u00f6retagen tecknar nya tj\u00e4nstemannaavtal"},"content":{"rendered":"\n<p class=\"intro\">S\u00e4kerhetsf\u00f6retagen inom Almega har tecknat kollektivavtal p\u00e5 tj\u00e4nstemannaomr\u00e5det med fackf\u00f6rbunden Ledarna och Unionen.<\/p>\n<p>\u2013 Det \u00e4r gl\u00e4djande att vi tillsammans kunnat n\u00e5 ytterligare ett avtal inom m\u00e4rket. F\u00f6rhandlingarna har var konstruktiva och resulterat branschanpassade villkor som fungerar f\u00f6r s\u00e5v\u00e4l tj\u00e4nstem\u00e4nnen som arbetsgivarna, s\u00e4ger Mia B\u00e4ckman, S\u00e4kerhetsf\u00f6retagens f\u00f6rhandlingsledare p\u00e5 avtalsomr\u00e5det.<\/p>\n<p>De nya avtalen str\u00e4cker sig \u00f6ver 24 m\u00e5nader och har en total kostnadsram om 6,4 procent.<\/p>\n<\/p>\n<p><em>Attraktiva och branschanpassade villkor \u00e4r avg\u00f6rande f\u00f6r tj\u00e4nstesektorns framg\u00e5ng och Almega str\u00e4var alltid efter att skapa de b\u00e4sta f\u00f6ruts\u00e4ttningarna f\u00f6r b\u00e5de arbetsgivare och medarbetare. Under avtalsr\u00f6relsen 2025 tecknar Almega sammanlagt 125 avtal, flest av alla arbetsgivarorganisationer.<\/em><\/p>\n\n","protected":false},"excerpt":{"rendered":"<p>S\u00e4kerhetsf\u00f6retagen inom Almega har tecknat kollektivavtal p\u00e5 tj\u00e4nstemannaomr\u00e5det med fackf\u00f6rbunden Ledarna och Unionen.<\/p>\n","protected":false},"author":6356,"featured_media":79264,"comment_status":"closed","ping_status":"closed","sticky":false,"template":"","format":"standard","meta":{"_acf_changed":false,"footnotes":""},"categories":[636],"tags":[],"article_type":[93],"agreement":[],"class_list":["post-79263","post","type-post","status-publish","format-standard","has-post-thumbnail","hentry","category-avtalsrorelse","type-pressmeddelanden"],"acf":[],"yoast_head":"<!-- This site is optimized with the Yoast SEO Premium plugin v26.8 (Yoast SEO v26.8) - https:\/\/yoast.com\/product\/yoast-seo-premium-wordpress\/ -->\n<title>S\u00e4kerhetsf\u00f6retagen tecknar nya tj\u00e4nstemannaavtal | Almega<\/title>\n<meta name=\"robots\" content=\"index, follow, max-snippet:-1, max-image-preview:large, max-video-preview:-1\" \/>\n<link rel=\"canonical\" href=\"https:\/\/www.almega.se\/2025\/05\/sakerhetsforetagen-tecknar-nya-tjanstemannaavtal\/\" \/>\n<meta property=\"og:locale\" content=\"sv_SE\" \/>\n<meta property=\"og:type\" content=\"article\" \/>\n<meta property=\"og:title\" content=\"S\u00e4kerhetsf\u00f6retagen tecknar nya tj\u00e4nstemannaavtal\" \/>\n<meta property=\"og:description\" content=\"S\u00e4kerhetsf\u00f6retagen inom Almega har tecknat kollektivavtal p\u00e5 tj\u00e4nstemannaomr\u00e5det med fackf\u00f6rbunden Ledarna och Unionen.\" \/>\n<meta property=\"og:url\" content=\"https:\/\/www.almega.se\/2025\/05\/sakerhetsforetagen-tecknar-nya-tjanstemannaavtal\/\" \/>\n<meta property=\"og:site_name\" content=\"Almega\" \/>\n<meta property=\"article:published_time\" content=\"2025-05-07T14:30:00+00:00\" \/>\n<meta property=\"article:modified_time\" content=\"2025-05-07T15:49:21+00:00\" \/>\n<meta property=\"og:image\" content=\"https:\/\/www.almega.se\/app\/uploads\/2025\/05\/513ad38a-a612-456d-883f-6e162ef29aa5-scaled.jpg\" \/>\n\t<meta property=\"og:image:width\" content=\"2560\" \/>\n\t<meta property=\"og:image:height\" content=\"1643\" \/>\n\t<meta property=\"og:image:type\" content=\"image\/jpeg\" \/>\n<meta name=\"author\" content=\"Erik Juhlin\" \/>\n<meta name=\"twitter:card\" content=\"summary_large_image\" \/>\n<meta name=\"twitter:label1\" content=\"Skriven av\" \/>\n\t<meta name=\"twitter:data1\" content=\"Erik Juhlin\" \/>\n\t<meta name=\"twitter:label2\" content=\"Ber\u00e4knad l\u00e4stid\" \/>\n\t<meta name=\"twitter:data2\" content=\"1 minut\" \/>\n<!-- \/ Yoast SEO Premium plugin. -->","yoast_head_json":{"title":"S\u00e4kerhetsf\u00f6retagen tecknar nya tj\u00e4nstemannaavtal | Almega","robots":{"index":"index","follow":"follow","max-snippet":"max-snippet:-1","max-image-preview":"max-image-preview:large","max-video-preview":"max-video-preview:-1"},"canonical":"https:\/\/www.almega.se\/2025\/05\/sakerhetsforetagen-tecknar-nya-tjanstemannaavtal\/","og_locale":"sv_SE","og_type":"article","og_title":"S\u00e4kerhetsf\u00f6retagen tecknar nya tj\u00e4nstemannaavtal","og_description":"S\u00e4kerhetsf\u00f6retagen inom Almega har tecknat kollektivavtal p\u00e5 tj\u00e4nstemannaomr\u00e5det med fackf\u00f6rbunden Ledarna och Unionen.","og_url":"https:\/\/www.almega.se\/2025\/05\/sakerhetsforetagen-tecknar-nya-tjanstemannaavtal\/","og_site_name":"Almega","article_published_time":"2025-05-07T14:30:00+00:00","article_modified_time":"2025-05-07T15:49:21+00:00","og_image":[{"width":2560,"height":1643,"url":"https:\/\/www.almega.se\/app\/uploads\/2025\/05\/513ad38a-a612-456d-883f-6e162ef29aa5-scaled.jpg","type":"image\/jpeg"}],"author":"Erik Juhlin","twitter_card":"summary_large_image","twitter_misc":{"Skriven av":"Erik Juhlin","Ber\u00e4knad l\u00e4stid":"1 minut"},"schema":{"@context":"https:\/\/schema.org","@graph":[{"@type":"NewsArticle","@id":"https:\/\/www.almega.se\/2025\/05\/sakerhetsforetagen-tecknar-nya-tjanstemannaavtal\/#article","isPartOf":{"@id":"https:\/\/www.almega.se\/2025\/05\/sakerhetsforetagen-tecknar-nya-tjanstemannaavtal\/"},"author":{"name":"Erik Juhlin","@id":"https:\/\/www.almega.se\/#\/schema\/person\/3c181ea7ead5ab7b14c61584637720f5"},"headline":"S\u00e4kerhets&shy;f\u00f6retagen tecknar nya tj\u00e4nstemannaavtal","datePublished":"2025-05-07T14:30:00+00:00","dateModified":"2025-05-07T15:49:21+00:00","mainEntityOfPage":{"@id":"https:\/\/www.almega.se\/2025\/05\/sakerhetsforetagen-tecknar-nya-tjanstemannaavtal\/"},"wordCount":135,"image":{"@id":"https:\/\/www.almega.se\/2025\/05\/sakerhetsforetagen-tecknar-nya-tjanstemannaavtal\/#primaryimage"},"thumbnailUrl":"https:\/\/www.almega.se\/app\/uploads\/2025\/05\/513ad38a-a612-456d-883f-6e162ef29aa5-scaled.jpg","articleSection":["Avtalsr\u00f6relse"],"inLanguage":"sv-SE"},{"@type":"WebPage","@id":"https:\/\/www.almega.se\/2025\/05\/sakerhetsforetagen-tecknar-nya-tjanstemannaavtal\/","url":"https:\/\/www.almega.se\/2025\/05\/sakerhetsforetagen-tecknar-nya-tjanstemannaavtal\/","name":"S\u00e4kerhetsf\u00f6retagen tecknar nya tj\u00e4nstemannaavtal | Almega","isPartOf":{"@id":"https:\/\/www.almega.se\/#website"},"primaryImageOfPage":{"@id":"https:\/\/www.almega.se\/2025\/05\/sakerhetsforetagen-tecknar-nya-tjanstemannaavtal\/#primaryimage"},"image":{"@id":"https:\/\/www.almega.se\/2025\/05\/sakerhetsforetagen-tecknar-nya-tjanstemannaavtal\/#primaryimage"},"thumbnailUrl":"https:\/\/www.almega.se\/app\/uploads\/2025\/05\/513ad38a-a612-456d-883f-6e162ef29aa5-scaled.jpg","datePublished":"2025-05-07T14:30:00+00:00","dateModified":"2025-05-07T15:49:21+00:00","author":{"@id":"https:\/\/www.almega.se\/#\/schema\/person\/3c181ea7ead5ab7b14c61584637720f5"},"breadcrumb":{"@id":"https:\/\/www.almega.se\/2025\/05\/sakerhetsforetagen-tecknar-nya-tjanstemannaavtal\/#breadcrumb"},"inLanguage":"sv-SE","potentialAction":[{"@type":"ReadAction","target":["https:\/\/www.almega.se\/2025\/05\/sakerhetsforetagen-tecknar-nya-tjanstemannaavtal\/"]}]},{"@type":"ImageObject","inLanguage":"sv-SE","@id":"https:\/\/www.almega.se\/2025\/05\/sakerhetsforetagen-tecknar-nya-tjanstemannaavtal\/#primaryimage","url":"https:\/\/www.almega.se\/app\/uploads\/2025\/05\/513ad38a-a612-456d-883f-6e162ef29aa5-scaled.jpg","contentUrl":"https:\/\/www.almega.se\/app\/uploads\/2025\/05\/513ad38a-a612-456d-883f-6e162ef29aa5-scaled.jpg","width":2560,"height":1643,"caption":"Mia B\u00e4ckman, f\u00f6rhandlingsledare, S\u00e4kerhetsf\u00f6retagen"},{"@type":"BreadcrumbList","@id":"https:\/\/www.almega.se\/2025\/05\/sakerhetsforetagen-tecknar-nya-tjanstemannaavtal\/#breadcrumb","itemListElement":[{"@type":"ListItem","position":1,"name":"Home","item":"https:\/\/www.almega.se\/"},{"@type":"ListItem","position":2,"name":"S\u00e4kerhets&shy;f\u00f6retagen tecknar nya tj\u00e4nstemannaavtal"}]},{"@type":"WebSite","@id":"https:\/\/www.almega.se\/#website","url":"https:\/\/www.almega.se\/","name":"Almega","description":"","potentialAction":[{"@type":"SearchAction","target":{"@type":"EntryPoint","urlTemplate":"https:\/\/www.almega.se\/?s={search_term_string}"},"query-input":{"@type":"PropertyValueSpecification","valueRequired":true,"valueName":"search_term_string"}}],"inLanguage":"sv-SE"},{"@type":"Person","@id":"https:\/\/www.almega.se\/#\/schema\/person\/3c181ea7ead5ab7b14c61584637720f5","name":"Erik Juhlin","image":{"@type":"ImageObject","inLanguage":"sv-SE","@id":"https:\/\/www.almega.se\/#\/schema\/person\/image\/","url":"https:\/\/secure.gravatar.com\/avatar\/ef0e97454357041724f27ea1630fa5bf78b30eea6fc56998e6a03142ad5b1370?s=96&d=mm&r=g","contentUrl":"https:\/\/secure.gravatar.com\/avatar\/ef0e97454357041724f27ea1630fa5bf78b30eea6fc56998e6a03142ad5b1370?s=96&d=mm&r=g","caption":"Erik Juhlin"},"url":"https:\/\/www.almega.se\/person\/erikjuhlin\/"}]}},"_links":{"self":[{"href":"https:\/\/www.almega.se\/api\/wp\/v2\/posts\/79263","targetHints":{"allow":["GET"]}}],"collection":[{"href":"https:\/\/www.almega.se\/api\/wp\/v2\/posts"}],"about":[{"href":"https:\/\/www.almega.se\/api\/wp\/v2\/types\/post"}],"author":[{"embeddable":true,"href":"https:\/\/www.almega.se\/api\/wp\/v2\/users\/6356"}],"replies":[{"embeddable":true,"href":"https:\/\/www.almega.se\/api\/wp\/v2\/comments?post=79263"}],"version-history":[{"count":1,"href":"https:\/\/www.almega.se\/api\/wp\/v2\/posts\/79263\/revisions"}],"predecessor-version":[{"id":79295,"href":"https:\/\/www.almega.se\/api\/wp\/v2\/posts\/79263\/revisions\/79295"}],"wp:featuredmedia":[{"embeddable":true,"href":"https:\/\/www.almega.se\/api\/wp\/v2\/media\/79264"}],"wp:attachment":[{"href":"https:\/\/www.almega.se\/api\/wp\/v2\/media?parent=79263"}],"wp:term":[{"taxonomy":"category","embeddable":true,"href":"https:\/\/www.almega.se\/api\/wp\/v2\/categories?post=79263"},{"taxonomy":"post_tag","embeddable":true,"href":"https:\/\/www.almega.se\/api\/wp\/v2\/tags?post=79263"},{"taxonomy":"type","embeddable":true,"href":"https:\/\/www.almega.se\/api\/wp\/v2\/article_type?post=79263"},{"taxonomy":"agreement","embeddable":true,"href":"https:\/\/www.almega.se\/api\/wp\/v2\/agreement?post=79263"}],"curies":[{"name":"wp","href":"https:\/\/api.w.org\/{rel}","templated":true}]}}