{"id":79144,"date":"2025-05-06T10:53:56","date_gmt":"2025-05-06T08:53:56","guid":{"rendered":"https:\/\/www.almega.se\/?p=79144"},"modified":"2025-05-08T16:52:04","modified_gmt":"2025-05-08T14:52:04","slug":"debatt-kortare-dagar-kostar-181-miljarder-om-aret","status":"publish","type":"post","link":"https:\/\/www.almega.se\/2025\/05\/debatt-kortare-dagar-kostar-181-miljarder-om-aret\/","title":{"rendered":"Debatt: Kortare dagar kostar 181 miljarder om \u00e5ret"},"content":{"rendered":"<p class=\"intro\">En generell arbetstidsf\u00f6rkortning med bibeh\u00e5llen l\u00f6n vore ett dr\u00e5pslag mot tj\u00e4nstesektorn. Det utg\u00f6r ocks\u00e5 ett direkt hot mot svensk ekonomi, skriver Ann \u00d6berg, Maria M\u00f6ller och Patrick Joyce fr\u00e5n Almega i Expressen.<\/p>\n\n<p>&#8221;Som arbetsgivarorganisation har Almega inget principiellt mot kortare arbetstid. P\u00e5 individniv\u00e5 kan vi till och med sympatisera med en \u00f6nskan att ibland arbeta mindre.<\/p>\n\n\n\n<p>Men en arbetstidsf\u00f6rkortning m\u00e5ste undantagsl\u00f6st beslutas fr\u00e5n fall till fall, av arbetsgivaren och utifr\u00e5n f\u00f6retagets f\u00f6ruts\u00e4ttningar. En generell arbetstidsf\u00f6rkortning genom kollektivavtal \u00e4r fel v\u00e4g att g\u00e5 \u2013 genom lagstiftning vore det f\u00f6r\u00f6dande. Och anledningarna r\u00e4knas i miljarder.&#8221;<\/p>\n\n\n\n<p>Det skriver <strong>Ann \u00d6berg<\/strong>, vd, Almega,<strong> Maria M\u00f6ller<\/strong>, arbetsgivarpolitisk chef, Almega och<strong> Patrick Joyce,<\/strong>&nbsp;chefekonom, Almega i en <a href=\"https:\/\/www.expressen.se\/debatt\/debatt-kortare-dagar-kostar-181-miljarder-om-aret\/\" target=\"_blank\" rel=\"noreferrer noopener\">debattartikel i Expressen.<\/a><\/p>\n\n\n\n      <a href=\"https:\/\/www.expressen.se\/debatt\/debatt-kortare-dagar-kostar-181-miljarder-om-aret\/\" target=\"\" class=\"Button is-text Button--external-link\">\n      \n        L\u00e4s hela debattartikeln: Kortare dagar kostar 181 miljarder om \u00e5ret (expressen.se)\n      \n      \n                <svg class='icon icon--external-link'  width=\"16\" height=\"16\" viewBox=\"0 0 16 16\" fill=\"none\" xmlns=\"http:\/\/www.w3.org\/2000\/svg\">\n<path d=\"M9 1H15V7\" stroke=\"black\" stroke-width=\"2\" stroke-miterlimit=\"10\"\/>\n<path d=\"M5 2H1V15H14V11\" stroke=\"black\" stroke-width=\"2\" stroke-miterlimit=\"10\"\/>\n<path d=\"M15 1L6 10\" stroke=\"black\" stroke-width=\"2\" stroke-miterlimit=\"10\"\/>\n<\/svg>\n\n        \n    <\/a>\n  \n\n\n\n      <a href=\"https:\/\/www.almega.se\/2025\/05\/ny-rapport-tid-ar-pengar-och-valstand\/\" target=\"\" class=\"Button is-text Button--arrow-tip\">\n      \n        Rapporten om kortare arbetstid hittar du h\u00e4r\n      \n      \n                \n                <svg class='icon icon--arrow-tip'  width=\"11\" height=\"16\" viewBox=\"0 0 11 16\" fill=\"none\" xmlns=\"http:\/\/www.w3.org\/2000\/svg\">\n<path d=\"M0.858398 15L9.2304 7.99664L0.967732 1.00001\" stroke=\"black\" stroke-width=\"2\" stroke-miterlimit=\"10\"\/>\n<\/svg>\n\n        \n    <\/a>\n  \n","protected":false},"excerpt":{"rendered":"<p>En generell arbetstidsf\u00f6rkortning med bibeh\u00e5llen l\u00f6n vore ett dr\u00e5pslag mot tj\u00e4nstesektorn. Det utg\u00f6r ocks\u00e5 ett direkt hot mot svensk ekonomi, skriver Ann \u00d6berg, Maria M\u00f6ller och Patrick Joyce fr\u00e5n Almega i Expressen.<\/p>\n","protected":false},"author":16543,"featured_media":73258,"comment_status":"closed","ping_status":"closed","sticky":false,"template":"","format":"standard","meta":{"_acf_changed":false,"footnotes":""},"categories":[603,451,64],"tags":[714],"article_type":[49],"agreement":[],"class_list":["post-79144","post","type-post","status-publish","format-standard","has-post-thumbnail","hentry","category-almega","category-arbetsgivarfragor","category-arbetsmarknad","tag-arbetstidsforkortning","type-debattartiklar"],"acf":[],"yoast_head":"<!-- This site is optimized with the Yoast SEO Premium plugin v26.8 (Yoast SEO v26.8) - https:\/\/yoast.com\/product\/yoast-seo-premium-wordpress\/ -->\n<title>Debatt: Kortare dagar kostar 181 miljarder om \u00e5ret | Almega<\/title>\n<meta name=\"robots\" content=\"index, follow, max-snippet:-1, max-image-preview:large, max-video-preview:-1\" \/>\n<link rel=\"canonical\" href=\"https:\/\/www.almega.se\/2025\/05\/debatt-kortare-dagar-kostar-181-miljarder-om-aret\/\" \/>\n<meta property=\"og:locale\" content=\"sv_SE\" \/>\n<meta property=\"og:type\" content=\"article\" \/>\n<meta property=\"og:title\" content=\"Debatt: Kortare dagar kostar 181 miljarder om \u00e5ret\" \/>\n<meta property=\"og:description\" content=\"En generell arbetstidsf\u00f6rkortning med bibeh\u00e5llen l\u00f6n vore ett dr\u00e5pslag mot tj\u00e4nstesektorn. Det utg\u00f6r ocks\u00e5 ett direkt hot mot svensk ekonomi, skriver Ann \u00d6berg, Maria M\u00f6ller och Patrick Joyce fr\u00e5n Almega i Expressen.\" \/>\n<meta property=\"og:url\" content=\"https:\/\/www.almega.se\/2025\/05\/debatt-kortare-dagar-kostar-181-miljarder-om-aret\/\" \/>\n<meta property=\"og:site_name\" content=\"Almega\" \/>\n<meta property=\"article:published_time\" content=\"2025-05-06T08:53:56+00:00\" \/>\n<meta property=\"article:modified_time\" content=\"2025-05-08T14:52:04+00:00\" \/>\n<meta property=\"og:image\" content=\"https:\/\/www.almega.se\/app\/uploads\/2024\/04\/9244-e1714034627783-1180x786.jpg\" \/>\n\t<meta property=\"og:image:width\" content=\"1180\" \/>\n\t<meta property=\"og:image:height\" content=\"786\" \/>\n\t<meta property=\"og:image:type\" content=\"image\/jpeg\" \/>\n<meta name=\"author\" content=\"R\u00e9ka Tolnai\" \/>\n<meta name=\"twitter:card\" content=\"summary_large_image\" \/>\n<meta name=\"twitter:label1\" content=\"Skriven av\" \/>\n\t<meta name=\"twitter:data1\" content=\"R\u00e9ka Tolnai\" \/>\n\t<meta name=\"twitter:label2\" content=\"Ber\u00e4knad l\u00e4stid\" \/>\n\t<meta name=\"twitter:data2\" content=\"1 minut\" \/>\n<!-- \/ Yoast SEO Premium plugin. -->","yoast_head_json":{"title":"Debatt: Kortare dagar kostar 181 miljarder om \u00e5ret | Almega","robots":{"index":"index","follow":"follow","max-snippet":"max-snippet:-1","max-image-preview":"max-image-preview:large","max-video-preview":"max-video-preview:-1"},"canonical":"https:\/\/www.almega.se\/2025\/05\/debatt-kortare-dagar-kostar-181-miljarder-om-aret\/","og_locale":"sv_SE","og_type":"article","og_title":"Debatt: Kortare dagar kostar 181 miljarder om \u00e5ret","og_description":"En generell arbetstidsf\u00f6rkortning med bibeh\u00e5llen l\u00f6n vore ett dr\u00e5pslag mot tj\u00e4nstesektorn. Det utg\u00f6r ocks\u00e5 ett direkt hot mot svensk ekonomi, skriver Ann \u00d6berg, Maria M\u00f6ller och Patrick Joyce fr\u00e5n Almega i Expressen.","og_url":"https:\/\/www.almega.se\/2025\/05\/debatt-kortare-dagar-kostar-181-miljarder-om-aret\/","og_site_name":"Almega","article_published_time":"2025-05-06T08:53:56+00:00","article_modified_time":"2025-05-08T14:52:04+00:00","og_image":[{"width":1180,"height":786,"url":"https:\/\/www.almega.se\/app\/uploads\/2024\/04\/9244-e1714034627783-1180x786.jpg","type":"image\/jpeg"}],"author":"R\u00e9ka Tolnai","twitter_card":"summary_large_image","twitter_misc":{"Skriven av":"R\u00e9ka Tolnai","Ber\u00e4knad l\u00e4stid":"1 minut"},"schema":{"@context":"https:\/\/schema.org","@graph":[{"@type":"NewsArticle","@id":"https:\/\/www.almega.se\/2025\/05\/debatt-kortare-dagar-kostar-181-miljarder-om-aret\/#article","isPartOf":{"@id":"https:\/\/www.almega.se\/2025\/05\/debatt-kortare-dagar-kostar-181-miljarder-om-aret\/"},"author":{"name":"R\u00e9ka Tolnai","@id":"https:\/\/www.almega.se\/#\/schema\/person\/e54aa110880538cf5ceac0ac54bbecf7"},"headline":"Debatt: Kortare dagar kostar 181 miljarder om \u00e5ret","datePublished":"2025-05-06T08:53:56+00:00","dateModified":"2025-05-08T14:52:04+00:00","mainEntityOfPage":{"@id":"https:\/\/www.almega.se\/2025\/05\/debatt-kortare-dagar-kostar-181-miljarder-om-aret\/"},"wordCount":103,"image":{"@id":"https:\/\/www.almega.se\/2025\/05\/debatt-kortare-dagar-kostar-181-miljarder-om-aret\/#primaryimage"},"thumbnailUrl":"https:\/\/www.almega.se\/app\/uploads\/2024\/04\/9244-e1714034627783.jpg","keywords":["arbetstidsf\u00f6rkortning"],"articleSection":["Almega","Arbetsgivarfr\u00e5gor","Arbetsmarknad"],"inLanguage":"sv-SE"},{"@type":"WebPage","@id":"https:\/\/www.almega.se\/2025\/05\/debatt-kortare-dagar-kostar-181-miljarder-om-aret\/","url":"https:\/\/www.almega.se\/2025\/05\/debatt-kortare-dagar-kostar-181-miljarder-om-aret\/","name":"Debatt: Kortare dagar kostar 181 miljarder om \u00e5ret | Almega","isPartOf":{"@id":"https:\/\/www.almega.se\/#website"},"primaryImageOfPage":{"@id":"https:\/\/www.almega.se\/2025\/05\/debatt-kortare-dagar-kostar-181-miljarder-om-aret\/#primaryimage"},"image":{"@id":"https:\/\/www.almega.se\/2025\/05\/debatt-kortare-dagar-kostar-181-miljarder-om-aret\/#primaryimage"},"thumbnailUrl":"https:\/\/www.almega.se\/app\/uploads\/2024\/04\/9244-e1714034627783.jpg","datePublished":"2025-05-06T08:53:56+00:00","dateModified":"2025-05-08T14:52:04+00:00","author":{"@id":"https:\/\/www.almega.se\/#\/schema\/person\/e54aa110880538cf5ceac0ac54bbecf7"},"breadcrumb":{"@id":"https:\/\/www.almega.se\/2025\/05\/debatt-kortare-dagar-kostar-181-miljarder-om-aret\/#breadcrumb"},"inLanguage":"sv-SE","potentialAction":[{"@type":"ReadAction","target":["https:\/\/www.almega.se\/2025\/05\/debatt-kortare-dagar-kostar-181-miljarder-om-aret\/"]}]},{"@type":"ImageObject","inLanguage":"sv-SE","@id":"https:\/\/www.almega.se\/2025\/05\/debatt-kortare-dagar-kostar-181-miljarder-om-aret\/#primaryimage","url":"https:\/\/www.almega.se\/app\/uploads\/2024\/04\/9244-e1714034627783.jpg","contentUrl":"https:\/\/www.almega.se\/app\/uploads\/2024\/04\/9244-e1714034627783.jpg","width":2000,"height":1333,"caption":"Ann \u00d6berg, vd Almega"},{"@type":"BreadcrumbList","@id":"https:\/\/www.almega.se\/2025\/05\/debatt-kortare-dagar-kostar-181-miljarder-om-aret\/#breadcrumb","itemListElement":[{"@type":"ListItem","position":1,"name":"Home","item":"https:\/\/www.almega.se\/"},{"@type":"ListItem","position":2,"name":"Debatt: Kortare dagar kostar 181 miljarder om \u00e5ret"}]},{"@type":"WebSite","@id":"https:\/\/www.almega.se\/#website","url":"https:\/\/www.almega.se\/","name":"Almega","description":"","potentialAction":[{"@type":"SearchAction","target":{"@type":"EntryPoint","urlTemplate":"https:\/\/www.almega.se\/?s={search_term_string}"},"query-input":{"@type":"PropertyValueSpecification","valueRequired":true,"valueName":"search_term_string"}}],"inLanguage":"sv-SE"},{"@type":"Person","@id":"https:\/\/www.almega.se\/#\/schema\/person\/e54aa110880538cf5ceac0ac54bbecf7","name":"R\u00e9ka Tolnai","image":{"@type":"ImageObject","inLanguage":"sv-SE","@id":"https:\/\/www.almega.se\/#\/schema\/person\/image\/","url":"https:\/\/secure.gravatar.com\/avatar\/c722d4a4ee787603df9df499a683d681bd2c463bde248da25aabc45883d614d2?s=96&d=mm&r=g","contentUrl":"https:\/\/secure.gravatar.com\/avatar\/c722d4a4ee787603df9df499a683d681bd2c463bde248da25aabc45883d614d2?s=96&d=mm&r=g","caption":"R\u00e9ka Tolnai"},"url":"https:\/\/www.almega.se\/person\/rekatolnai\/"}]}},"_links":{"self":[{"href":"https:\/\/www.almega.se\/api\/wp\/v2\/posts\/79144","targetHints":{"allow":["GET"]}}],"collection":[{"href":"https:\/\/www.almega.se\/api\/wp\/v2\/posts"}],"about":[{"href":"https:\/\/www.almega.se\/api\/wp\/v2\/types\/post"}],"author":[{"embeddable":true,"href":"https:\/\/www.almega.se\/api\/wp\/v2\/users\/16543"}],"replies":[{"embeddable":true,"href":"https:\/\/www.almega.se\/api\/wp\/v2\/comments?post=79144"}],"version-history":[{"count":9,"href":"https:\/\/www.almega.se\/api\/wp\/v2\/posts\/79144\/revisions"}],"predecessor-version":[{"id":79452,"href":"https:\/\/www.almega.se\/api\/wp\/v2\/posts\/79144\/revisions\/79452"}],"wp:featuredmedia":[{"embeddable":true,"href":"https:\/\/www.almega.se\/api\/wp\/v2\/media\/73258"}],"wp:attachment":[{"href":"https:\/\/www.almega.se\/api\/wp\/v2\/media?parent=79144"}],"wp:term":[{"taxonomy":"category","embeddable":true,"href":"https:\/\/www.almega.se\/api\/wp\/v2\/categories?post=79144"},{"taxonomy":"post_tag","embeddable":true,"href":"https:\/\/www.almega.se\/api\/wp\/v2\/tags?post=79144"},{"taxonomy":"type","embeddable":true,"href":"https:\/\/www.almega.se\/api\/wp\/v2\/article_type?post=79144"},{"taxonomy":"agreement","embeddable":true,"href":"https:\/\/www.almega.se\/api\/wp\/v2\/agreement?post=79144"}],"curies":[{"name":"wp","href":"https:\/\/api.w.org\/{rel}","templated":true}]}}