{"id":79077,"date":"2025-05-05T11:32:32","date_gmt":"2025-05-05T09:32:32","guid":{"rendered":"https:\/\/www.almega.se\/?p=79077"},"modified":"2025-05-18T16:03:24","modified_gmt":"2025-05-18T14:03:24","slug":"nytt-lageravtal-med-handelsanstalldas-forbund-for-tiden-1-april-2025-31-mars-2027","status":"publish","type":"post","link":"https:\/\/www.almega.se\/2025\/05\/nytt-lageravtal-med-handelsanstalldas-forbund-for-tiden-1-april-2025-31-mars-2027\/","title":{"rendered":"Nytt Lageravtal med Handelsanst\u00e4lldas f\u00f6rbund f\u00f6r tiden 1 april 2025 &#8211; 31 mars 2027"},"content":{"rendered":"<p class=\"intro\">Den 23 april 2025 tr\u00e4ffade Almega Tj\u00e4nstef\u00f6rbunden ett nytt avtal f\u00f6r Lagring och distribution inom tj\u00e4nstef\u00f6retag \u2013 med Handelsanst\u00e4lldas f\u00f6rbund \u2013 om l\u00f6ner och allm\u00e4nna anst\u00e4llningsvillkor f\u00f6r tiden 1 april 2025 \u2013 31 mars 2027.<\/p>\n\n<p><a href=\"https:\/\/www.almega.se\/app\/uploads\/2025\/05\/Forhprotokoll-LagringochDistribution-KorrOriginal-Tjforbunden-Handels-2025.pdf\" target=\"_blank\" rel=\"noreferrer noopener\">\u00d6verenskommelsen med bilagor<\/a> (inloggning kr\u00e4vs)<\/p>\n\n\n<a class='Share__link Share__link--url copy-text' href='#' rel='nofollow' data-text='avtalet-innehaller-bland-annat-foljande' title='Dela url' data-confirmation='L\u00e4nken kopierades till urklipp'><svg class='icon icon--link'  width='18' height='18' viewBox='0 0 18 18' fill='none' xmlns='http:\/\/www.w3.org\/2000\/svg'>\n            <path d='M10.4142 0.514721L6.87868 4.05025L8.29289 5.46447L11.1213 2.63604L15.364 6.87868L12.5355 9.70711L13.9497 11.1213L17.4853 7.58579C17.8763 7.19476 17.8763 6.5626 17.4853 6.17158L11.8284 0.514721C11.4374 0.123691 10.8052 0.123691 10.4142 0.514721Z' fill='black'\/>\n            <path d='M9.7071 12.5355L6.87868 15.364L2.63604 11.1213L5.46446 8.2929L4.05025 6.87868L0.514716 10.4142C0.123686 10.8052 0.123686 11.4374 0.514716 11.8284L6.17157 17.4853C6.5626 17.8763 7.19475 17.8763 7.58578 17.4853L11.1213 13.9497L9.7071 12.5355Z' fill='black'\/>\n            <path d='M6.17157 11.8284C6.5626 12.2195 7.19475 12.2195 7.58578 11.8284L11.8284 7.58579C12.2195 7.19476 12.2195 6.56261 11.8284 6.17158C11.4374 5.78055 10.8052 5.78055 10.4142 6.17158L6.17157 10.4142C5.78054 10.8052 5.78054 11.4374 6.17157 11.8284Z' fill='black'\/>\n            <\/svg> <\/a>\n<h2 class=\"wp-block-heading\" id=\"h-avtalet-innehaller-bland-annat-foljande\">Avtalet inneh\u00e5ller bland annat f\u00f6ljande<\/h2>\n\n\n\n<ul class=\"wp-block-list\">\n<li>Avtalsperiod 24 m\u00e5nader med ett totalt v\u00e4rde p\u00e5 6,4 procent.<\/li>\n\n\n\n<li>L\u00f6nerna h\u00f6js med det f\u00f6rsta avtals\u00e5ret med 1&nbsp;084 kronor per m\u00e5nad och det anda avtals\u00e5ret med 989 kr.<\/li>\n\n\n\n<li>Minimil\u00f6nerna h\u00f6js f\u00f6rsta avtals\u00e5ret med mellan 271 &#8211; 813 kr\/m\u00e5nad och andra avtals\u00e5ret med mellan 247 &#8211; 742 kr\/m\u00e5nad. H\u00f6jningen av minimil\u00f6nen beror p\u00e5 \u00e5lder och branschvana.<\/li>\n\n\n\n<li>Steget f\u00f6r h\u00f6jning av minimil\u00f6nen f\u00f6r efter 20 \u00e5r f\u00f6rv\u00e4rvad branschvana vid f\u00f6retaget h\u00f6js fr\u00e5n 6 m\u00e5nader till 12 m\u00e5nader.<\/li>\n\n\n\n<li>Halva l\u00f6neutrymmet kan f\u00f6rdelas lokalt efter lokala parters \u00f6verenskommelse.<\/li>\n\n\n\n<li>Ans\u00f6kan om f\u00f6r\u00e4ldraledighet i samband med huvudsemester ska ske senast 1 mars respektive \u00e5r.<\/li>\n\n\n\n<li>Arbetstagare har r\u00e4tt till max tv\u00e5 resdagar i samband med permission antingen vid urnneds\u00e4ttning eller begravning av n\u00e4ra anh\u00f6rig. Restid kan anv\u00e4ndas endast vid ett av dessa tillf\u00e4llen.<\/li>\n\n\n\n<li>Mertid blir m\u00f6jlig att beordra.<\/li>\n\n\n\n<li>Beordrad mertid ger samma ers\u00e4ttning som beordrad \u00f6vertid.<\/li>\n\n\n\n<li>Ej beordrad mertid ger ej mertidsers\u00e4ttning.<\/li>\n\n\n\n<li>R\u00e4tt att utf\u00e4rda anst\u00e4llningsbevis i st\u00e4llet f\u00f6r mertid.<\/li>\n\n\n\n<li>F\u00f6renklad\/f\u00f6rtydligad pottber\u00e4kning.<\/li>\n<\/ul>\n\n\n\n<h3 class=\"wp-block-heading\" id=\"h-loner-forsta-avtalsaret-1-april-2025-31-mars-2026\">L\u00f6ner f\u00f6rsta avtals\u00e5ret 1 april 2025 &#8211; 31 mars 2026<\/h3>\n\n\n\n<p><strong>A &nbsp;&nbsp;&nbsp;&nbsp;&nbsp;&nbsp;&nbsp;&nbsp;&nbsp;&nbsp;&nbsp;&nbsp;&nbsp; Generell l\u00f6ne\u00f6kning<br><\/strong>Per den 1 april 2025 h\u00f6js utg\u00e5ende l\u00f6ner f\u00f6r alla anst\u00e4llda, med 542 kr per m\u00e5nad (3,12 kronor per timme). <strong><\/strong><\/p>\n\n\n\n<p><strong>B &nbsp;&nbsp;&nbsp;&nbsp;&nbsp;&nbsp;&nbsp;&nbsp;&nbsp;&nbsp;&nbsp;&nbsp;&nbsp; L\u00f6neutrymme f\u00f6r individuell f\u00f6rdelning (pott)<br><\/strong>Ut\u00f6ver den generella h\u00f6jningen enligt ovan A ska f\u00f6r arbetstagare som fyllt 18 ett l\u00f6neutrymme f\u00f6r lokal f\u00f6rdelning ber\u00e4knas om i genomsnitt 542 kronor per m\u00e5nad (3,12 kronor\/timme) f\u00f6r heltidsanst\u00e4lld arbetstagare som fyllt 18 \u00e5r. F\u00f6r deltidsanst\u00e4lld ber\u00e4knas potten i proportion till syssels\u00e4ttningsgraden.<\/p>\n\n\n\n<p>Parterna b\u00f6r komma \u00f6verens om hur det lokala l\u00f6neutrymmet ska f\u00f6rdelas.<\/p>\n\n\n\n<p>I de fall de lokala parterna efter f\u00f6rhandlingar inte kan tr\u00e4ffa en \u00f6verenskommelse om hur det lokala l\u00f6neutrymmet ska f\u00f6rdelas finns m\u00f6jlighet f\u00f6r lokal part att f\u00f6ra fr\u00e5gan till central f\u00f6rhandling. Om inte heller de centrala parterna kan enas ska potten f\u00f6rdelas generellt det vill s\u00e4ga l\u00e4ggas ut lika f\u00f6r alla med 542 kr per m\u00e5nad (3,12 kronor per timme).<\/p>\n\n\n\n<p>Om arbetsgivaren inte l\u00e4gger ut den del av potten som Handels medlemmar genererar p\u00e5 dessa har de r\u00e4tt att se utl\u00e4gget f\u00f6r \u00f6vriga medarbetare avidentifierat f\u00f6r att kontrollera att potten lagts ut.<\/p>\n\n\n\n<p>Part som \u00f6nskar f\u00f6rhandla om f\u00f6rdelning av det lokala l\u00f6neutrymmet ska senast den 3 juni 2025 beg\u00e4ra f\u00f6rhandling hos den andra parten. Om s\u00e5dan f\u00f6rhandling inte beg\u00e4rs ska hela potten (1&nbsp;084 kr per m\u00e5nad f\u00f6r heltidsanst\u00e4lld) l\u00e4ggas ut lika till alla.<\/p>\n\n\n\n<p>Beg\u00e4ran om central f\u00f6rhandling ska vara motparten tillhanda senast den 26 augusti 2025.<\/p>\n\n\n\n<p><strong>Lokal l\u00f6nebildning<br><\/strong>Lokala parter kan komma \u00f6verens om att disponera det sammanlagda utrymmet f\u00f6r utg\u00e5ende l\u00f6ner och individuell f\u00f6rdelning som en lokal l\u00f6nebildning. L\u00f6neniv\u00e5erna f\u00e5r dock inte understiga l\u00f6nen i minimil\u00f6netabellen.<\/p>\n\n\n\n<p>De centrala parterna \u00e4r positivt inst\u00e4llda till att de lokala parterna arbetar med l\u00f6nebildning. Lokala parterna ges d\u00e4rf\u00f6r m\u00f6jligheter att arbeta med lokal l\u00f6nebildningsmodell som ett alternativ till den modell som fastst\u00e4llt i detta avtal.<\/p>\n\n\n\n<p><strong>C&nbsp;&nbsp;&nbsp;&nbsp;&nbsp;&nbsp;&nbsp;&nbsp;&nbsp;&nbsp;&nbsp;&nbsp;&nbsp;&nbsp; Minimil\u00f6ner<br><\/strong>Fr\u00e5n och med den 1 april 2025 h\u00f6js avtalets minimil\u00f6ner enligt nedan.<\/p>\n\n\n\n<p><strong>F\u00f6r tiden 2025-04-01 \u2013 2026-03-31 g\u00e4ller f\u00f6ljande minimil\u00f6netabell:<\/strong><\/p>\n\n\n\n<figure class=\"wp-block-table\"><table><tbody><tr><td><strong>L\u00f6negrupp<\/strong><\/td><td><strong>Timl\u00f6n<\/strong><\/td><td><strong>M\u00e5nadsl\u00f6n<\/strong><\/td><\/tr><tr><td>16 \u00e5r<\/td><td>106,13 kr<\/td><td>18 467 kr<\/td><\/tr><tr><td>17 \u00e5r<\/td><td>112,13 kr<\/td><td>19 510 kr<\/td><\/tr><tr><td>18 \u00e5r<\/td><td>164,02 kr<\/td><td>28 539 kr<\/td><\/tr><tr><td>19 \u00e5r<\/td><td>164,37 kr<\/td><td>28 600 kr<\/td><\/tr><tr><td>20 \u00e5r<\/td><td>165,29 kr<\/td><td>28 760 kr<\/td><\/tr><tr><td>+ 12 m\u00e5n<\/td><td>167,73 kr<\/td><td>29 185 kr<\/td><\/tr><\/tbody><\/table><\/figure>\n\n\n\n<h3 class=\"wp-block-heading\" id=\"h-ovrigt\">\u00d6vrigt<\/h3>\n\n\n\n<p><strong>Lokala l\u00f6netill\u00e4gg<br><\/strong>De lokalt \u00f6verenskomna l\u00f6netill\u00e4ggen h\u00f6js med 3,4 %.<strong><\/strong><\/p>\n\n\n\n<p><strong>Semesterl\u00f6negaranti<br><\/strong>F\u00f6r heltidsanst\u00e4lld arbetstagare med minst tre m\u00e5naders sammanh\u00e4ngande anst\u00e4llningstid ska semesterl\u00f6nen per betald semesterdag under semester\u00e5ret 1 april 2025 \u2013 31 mars 2026 vara l\u00e4gst f\u00f6r;<strong><\/strong><\/p>\n\n\n\n<p>Arbetstagare som fyllt 18 \u00e5r&nbsp;&nbsp;&nbsp;&nbsp;&nbsp;&nbsp;&nbsp;&nbsp;&nbsp;&nbsp;&nbsp;&nbsp;&nbsp;&nbsp;&nbsp;&nbsp;&nbsp;&nbsp;&nbsp;&nbsp;&nbsp;&nbsp;&nbsp; 1 473 kr<\/p>\n\n\n\n<p>Arbetstagare som fyllt 21 \u00e5r&nbsp;&nbsp;&nbsp;&nbsp;&nbsp;&nbsp;&nbsp;&nbsp;&nbsp;&nbsp;&nbsp;&nbsp;&nbsp;&nbsp;&nbsp;&nbsp;&nbsp;&nbsp;&nbsp;&nbsp;&nbsp;&nbsp;&nbsp; 1 746 kr<\/p>\n\n\n\n<p><strong>M\u00e5ltidsers\u00e4ttning&nbsp;&nbsp;&nbsp;&nbsp;&nbsp;&nbsp;<br><\/strong>M\u00e5ltidsers\u00e4ttning enligt \u00a7 10:1 h\u00f6js fr\u00e5n den 1 april 2025 till 131 kronor.<\/p>\n\n\n\n<h3 class=\"wp-block-heading\" id=\"h-loner-andra-avtalsaret-1-april-2026-31-mars-2027\">L\u00f6ner andra avtals\u00e5ret 1 april 2026 \u2013 31 mars 2027<\/h3>\n\n\n\n<p><strong>A &nbsp;&nbsp;&nbsp;&nbsp;&nbsp;&nbsp;&nbsp;&nbsp;&nbsp;&nbsp;&nbsp;&nbsp;&nbsp; Generell l\u00f6ne\u00f6kning<br><\/strong>Per den 1 april 2026 h\u00f6js utg\u00e5ende l\u00f6ner f\u00f6r alla anst\u00e4llda, med 495 kr per m\u00e5nad (2,84 kronor per timme). <strong><\/strong><\/p>\n\n\n\n<p><strong>B &nbsp;&nbsp;&nbsp;&nbsp;&nbsp;&nbsp;&nbsp;&nbsp;&nbsp;&nbsp;&nbsp;&nbsp;&nbsp; L\u00f6neutrymme f\u00f6r individuell f\u00f6rdelning (pott)<br><\/strong>Ut\u00f6ver den generella h\u00f6jningen enligt ovan A ska f\u00f6r arbetstagare som fyllt 18 ett l\u00f6neutrymme f\u00f6r lokal f\u00f6rdelning ber\u00e4knas om i genomsnitt 494 kronor per m\u00e5nad (2,84 kronor\/timme) f\u00f6r heltidsanst\u00e4lld arbetstagare som fyllt 18 \u00e5r. F\u00f6r deltidsanst\u00e4lld ber\u00e4knas potten i proportion till syssels\u00e4ttningsgraden.<\/p>\n\n\n\n<p>Parterna b\u00f6r komma \u00f6verens om hur det lokala l\u00f6neutrymmet ska f\u00f6rdelas.<\/p>\n\n\n\n<p>I de fall de lokala parterna efter f\u00f6rhandlingar inte kan tr\u00e4ffa en \u00f6verenskommelse om hur det lokala l\u00f6neutrymmet ska f\u00f6rdelas finns m\u00f6jlighet f\u00f6r lokal part att f\u00f6ra fr\u00e5gan till central f\u00f6rhandling. Om inte heller de centrala parterna kan enas ska potten f\u00f6rdelas generellt det vill s\u00e4ga l\u00e4ggas ut lika f\u00f6r alla med 989 kr per m\u00e5nad (5,68 kronor per timme).<\/p>\n\n\n\n<p>Om arbetsgivaren inte l\u00e4gger ut den del av potten som Handels medlemmar genererar p\u00e5 dessa har de r\u00e4tt att se utl\u00e4gget f\u00f6r \u00f6vriga medarbetare avidentifierat f\u00f6r att kontrollera att potten lagts ut.<\/p>\n\n\n\n<p>Part som \u00f6nskar f\u00f6rhandla om f\u00f6rdelning av det lokala l\u00f6neutrymmet ska senast den 3 juni 2026 beg\u00e4ra f\u00f6rhandling hos den andra parten. Om s\u00e5dan f\u00f6rhandling inte beg\u00e4rs ska hela potten (989 kr per m\u00e5nad f\u00f6r heltidsanst\u00e4lld) l\u00e4ggas ut lika till alla.<\/p>\n\n\n\n<p>Beg\u00e4ran om central f\u00f6rhandling ska vara motparten tillhanda senast den 14 april 2026.<\/p>\n\n\n\n<p><strong>Lokal l\u00f6nebildning<br><\/strong>Lokala parter kan komma \u00f6verens om att disponera det sammanlagda utrymmet f\u00f6r utg\u00e5ende l\u00f6ner och individuell f\u00f6rdelning som en lokal l\u00f6nebildning. L\u00f6neniv\u00e5erna f\u00e5r dock inte understiga l\u00f6nen i minimil\u00f6netabellen.<\/p>\n\n\n\n<p>De centrala parterna \u00e4r positivt inst\u00e4llda till att de lokala parterna arbetar med l\u00f6nebildning. Lokala parterna ges d\u00e4rf\u00f6r m\u00f6jligheter att arbeta med lokal l\u00f6nebildningsmodell som ett alternativ till den modell som fastst\u00e4llt i detta avtal.<\/p>\n\n\n\n<p><strong>C&nbsp;&nbsp;&nbsp;&nbsp;&nbsp;&nbsp;&nbsp;&nbsp;&nbsp;&nbsp;&nbsp;&nbsp;&nbsp;&nbsp; Minimil\u00f6ner<br><\/strong>Fr\u00e5n och med den 1 april 2026 h\u00f6js avtalets minimil\u00f6ner enligt nedan.<\/p>\n\n\n\n<figure class=\"wp-block-table\"><table><tbody><tr><td><strong>L\u00f6negrupp<\/strong><\/td><td><strong>Timl\u00f6n<\/strong><\/td><td><strong>M\u00e5nadsl\u00f6n<\/strong><\/td><\/tr><tr><td>16 \u00e5r<\/td><td>107,55 kr<\/td><td>18 714 kr<\/td><\/tr><tr><td>17 \u00e5r<\/td><td>113,55 kr<\/td><td>19 757 kr<\/td><\/tr><tr><td>18 \u00e5r<\/td><td>166,86 kr<\/td><td>29 034 kr<\/td><\/tr><tr><td>19 \u00e5r<\/td><td>167,21 kr<\/td><td>29 095 kr<\/td><\/tr><tr><td>20 \u00e5r<\/td><td>168,13 kr<\/td><td>29 255 kr<\/td><\/tr><tr><td>+ 12 m\u00e5n<\/td><td>171,99 kr<\/td><td>29 927 kr<\/td><\/tr><\/tbody><\/table><\/figure>\n\n\n\n<h3 class=\"wp-block-heading\" id=\"h-ovrigt-0\">\u00d6vrigt<\/h3>\n\n\n\n<p><strong>Lokala l\u00f6netill\u00e4gg<br><\/strong>De lokalt \u00f6verenskomna l\u00f6netill\u00e4ggen h\u00f6js med 3,0 %.<strong><\/strong><\/p>\n\n\n\n<p><strong>Semesterl\u00f6negaranti<br><\/strong>F\u00f6r heltidsanst\u00e4lld arbetstagare med minst tre m\u00e5naders sammanh\u00e4ngande anst\u00e4llningstid ska semesterl\u00f6nen per betald semesterdag under semester\u00e5ret 1 april 2026 \u2013 31 mars 2027 vara l\u00e4gst f\u00f6r;<strong><\/strong><\/p>\n\n\n\n<p>Arbetstagare som fyllt 18 \u00e5r&nbsp;&nbsp;&nbsp;&nbsp;&nbsp;&nbsp;&nbsp;&nbsp;&nbsp;&nbsp;&nbsp;&nbsp;&nbsp;&nbsp;&nbsp;&nbsp;&nbsp;<strong>&nbsp;<\/strong>&nbsp;&nbsp;&nbsp;&nbsp;&nbsp; 1 518 kr<\/p>\n\n\n\n<p>Arbetstagare som fyllt 21 \u00e5r&nbsp;&nbsp;&nbsp;&nbsp;&nbsp;&nbsp;&nbsp;&nbsp;&nbsp;&nbsp;&nbsp;&nbsp;&nbsp;&nbsp;&nbsp;&nbsp;&nbsp;&nbsp;&nbsp;&nbsp;&nbsp;&nbsp;&nbsp; 1 799 kr<\/p>\n\n\n\n<p><strong>M\u00e5ltidsers\u00e4ttning&nbsp;&nbsp;&nbsp;&nbsp;&nbsp;&nbsp;<br><\/strong>M\u00e5ltidsers\u00e4ttning enligt \u00a7 10:1 h\u00f6js fr\u00e5n den 1 april 2026 till 135 kronor.<\/p>\n\n\n<a class='Share__link Share__link--url copy-text' href='#' rel='nofollow' data-text='avtalstryck' title='Dela url' data-confirmation='L\u00e4nken kopierades till urklipp'><svg class='icon icon--link'  width='18' height='18' viewBox='0 0 18 18' fill='none' xmlns='http:\/\/www.w3.org\/2000\/svg'>\n            <path d='M10.4142 0.514721L6.87868 4.05025L8.29289 5.46447L11.1213 2.63604L15.364 6.87868L12.5355 9.70711L13.9497 11.1213L17.4853 7.58579C17.8763 7.19476 17.8763 6.5626 17.4853 6.17158L11.8284 0.514721C11.4374 0.123691 10.8052 0.123691 10.4142 0.514721Z' fill='black'\/>\n            <path d='M9.7071 12.5355L6.87868 15.364L2.63604 11.1213L5.46446 8.2929L4.05025 6.87868L0.514716 10.4142C0.123686 10.8052 0.123686 11.4374 0.514716 11.8284L6.17157 17.4853C6.5626 17.8763 7.19475 17.8763 7.58578 17.4853L11.1213 13.9497L9.7071 12.5355Z' fill='black'\/>\n            <path d='M6.17157 11.8284C6.5626 12.2195 7.19475 12.2195 7.58578 11.8284L11.8284 7.58579C12.2195 7.19476 12.2195 6.56261 11.8284 6.17158C11.4374 5.78055 10.8052 5.78055 10.4142 6.17158L6.17157 10.4142C5.78054 10.8052 5.78054 11.4374 6.17157 11.8284Z' fill='black'\/>\n            <\/svg> <\/a>\n<h2 class=\"wp-block-heading\" id=\"h-avtalstryck\">Avtalstryck<\/h2>\n\n\n\n<p>Kollektivavtalet kommer inte att tryckas i fysisk form. I <a href=\"https:\/\/medlem.arbetsgivarguiden.se\/oversikt\" target=\"_blank\" rel=\"noreferrer noopener\">Arbet<\/a><a href=\"https:\/\/medlem.arbetsgivarguiden.se\/oversikt\">sgivarguiden<\/a> kommer det uppdaterade kollektivavtalet att finnas i PDF-format. (Inloggning kr\u00e4vs.)<\/p>\n\n\n\n<p>Har du fr\u00e5gor som r\u00f6r avtalet \u00e4r du alltid v\u00e4lkommen att kontakta oss.<\/p>\n","protected":false},"excerpt":{"rendered":"<p>\u00d6verenskommelsen med bilagor (inloggning kr\u00e4vs) Avtalet inneh\u00e5ller bland annat f\u00f6ljande L\u00f6ner f\u00f6rsta avtals\u00e5ret 1 april 2025 &#8211; 31 mars 2026 A &nbsp;&nbsp;&nbsp;&nbsp;&nbsp;&nbsp;&nbsp;&nbsp;&nbsp;&nbsp;&nbsp;&nbsp;&nbsp; Generell l\u00f6ne\u00f6kningPer den 1 april 2025 h\u00f6js utg\u00e5ende l\u00f6ner f\u00f6r alla anst\u00e4llda, med &hellip;<\/p>\n","protected":false},"author":14836,"featured_media":0,"comment_status":"closed","ping_status":"closed","sticky":false,"template":"","format":"standard","meta":{"_acf_changed":false,"footnotes":""},"categories":[724],"tags":[],"article_type":[313],"agreement":[179],"class_list":["post-79077","post","type-post","status-publish","format-standard","hentry","category-kollektivavtal","type-arbetsgivarnytt","agreement-8bce80f7-ff07-de11-b4e1-02bf9e69ca65"],"acf":[],"yoast_head":"<!-- This site is optimized with the Yoast SEO Premium plugin v26.8 (Yoast SEO v26.8) - https:\/\/yoast.com\/product\/yoast-seo-premium-wordpress\/ -->\n<title>Nytt Lageravtal med Handelsanst\u00e4lldas f\u00f6rbund f\u00f6r tiden 1 april 2025 - 31 mars 2027 | Almega<\/title>\n<meta name=\"robots\" content=\"index, follow, max-snippet:-1, max-image-preview:large, max-video-preview:-1\" \/>\n<link rel=\"canonical\" href=\"https:\/\/www.almega.se\/2025\/05\/nytt-lageravtal-med-handelsanstalldas-forbund-for-tiden-1-april-2025-31-mars-2027\/\" \/>\n<meta property=\"og:locale\" content=\"sv_SE\" \/>\n<meta property=\"og:type\" content=\"article\" \/>\n<meta property=\"og:title\" content=\"Nytt Lageravtal med Handelsanst\u00e4lldas f\u00f6rbund f\u00f6r tiden 1 april 2025 - 31 mars 2027\" \/>\n<meta property=\"og:description\" content=\"\u00d6verenskommelsen med bilagor (inloggning kr\u00e4vs) Avtalet inneh\u00e5ller bland annat f\u00f6ljande L\u00f6ner f\u00f6rsta avtals\u00e5ret 1 april 2025 &#8211; 31 mars 2026 A &nbsp;&nbsp;&nbsp;&nbsp;&nbsp;&nbsp;&nbsp;&nbsp;&nbsp;&nbsp;&nbsp;&nbsp;&nbsp; Generell l\u00f6ne\u00f6kningPer den 1 april 2025 h\u00f6js utg\u00e5ende l\u00f6ner f\u00f6r alla anst\u00e4llda, med &hellip;\" \/>\n<meta property=\"og:url\" content=\"https:\/\/www.almega.se\/2025\/05\/nytt-lageravtal-med-handelsanstalldas-forbund-for-tiden-1-april-2025-31-mars-2027\/\" \/>\n<meta property=\"og:site_name\" content=\"Almega\" \/>\n<meta property=\"article:published_time\" content=\"2025-05-05T09:32:32+00:00\" \/>\n<meta property=\"article:modified_time\" content=\"2025-05-18T14:03:24+00:00\" \/>\n<meta property=\"og:image\" content=\"https:\/\/www.almega.se\/app\/uploads\/2020\/12\/almega-share-logo.png\" \/>\n\t<meta property=\"og:image:width\" content=\"1200\" \/>\n\t<meta property=\"og:image:height\" content=\"630\" \/>\n\t<meta property=\"og:image:type\" content=\"image\/png\" \/>\n<meta name=\"author\" content=\"Eva Pettersson\" \/>\n<meta name=\"twitter:card\" content=\"summary_large_image\" \/>\n<meta name=\"twitter:label1\" content=\"Skriven av\" \/>\n\t<meta name=\"twitter:data1\" content=\"Eva Pettersson\" \/>\n\t<meta name=\"twitter:label2\" content=\"Ber\u00e4knad l\u00e4stid\" \/>\n\t<meta name=\"twitter:data2\" content=\"6 minuter\" \/>\n<!-- \/ Yoast SEO Premium plugin. -->","yoast_head_json":{"title":"Nytt Lageravtal med Handelsanst\u00e4lldas f\u00f6rbund f\u00f6r tiden 1 april 2025 - 31 mars 2027 | Almega","robots":{"index":"index","follow":"follow","max-snippet":"max-snippet:-1","max-image-preview":"max-image-preview:large","max-video-preview":"max-video-preview:-1"},"canonical":"https:\/\/www.almega.se\/2025\/05\/nytt-lageravtal-med-handelsanstalldas-forbund-for-tiden-1-april-2025-31-mars-2027\/","og_locale":"sv_SE","og_type":"article","og_title":"Nytt Lageravtal med Handelsanst\u00e4lldas f\u00f6rbund f\u00f6r tiden 1 april 2025 - 31 mars 2027","og_description":"\u00d6verenskommelsen med bilagor (inloggning kr\u00e4vs) Avtalet inneh\u00e5ller bland annat f\u00f6ljande L\u00f6ner f\u00f6rsta avtals\u00e5ret 1 april 2025 &#8211; 31 mars 2026 A &nbsp;&nbsp;&nbsp;&nbsp;&nbsp;&nbsp;&nbsp;&nbsp;&nbsp;&nbsp;&nbsp;&nbsp;&nbsp; Generell l\u00f6ne\u00f6kningPer den 1 april 2025 h\u00f6js utg\u00e5ende l\u00f6ner f\u00f6r alla anst\u00e4llda, med &hellip;","og_url":"https:\/\/www.almega.se\/2025\/05\/nytt-lageravtal-med-handelsanstalldas-forbund-for-tiden-1-april-2025-31-mars-2027\/","og_site_name":"Almega","article_published_time":"2025-05-05T09:32:32+00:00","article_modified_time":"2025-05-18T14:03:24+00:00","og_image":[{"width":1200,"height":630,"url":"https:\/\/www.almega.se\/app\/uploads\/2020\/12\/almega-share-logo.png","type":"image\/png"}],"author":"Eva Pettersson","twitter_card":"summary_large_image","twitter_misc":{"Skriven av":"Eva Pettersson","Ber\u00e4knad l\u00e4stid":"6 minuter"},"schema":{"@context":"https:\/\/schema.org","@graph":[{"@type":"NewsArticle","@id":"https:\/\/www.almega.se\/2025\/05\/nytt-lageravtal-med-handelsanstalldas-forbund-for-tiden-1-april-2025-31-mars-2027\/#article","isPartOf":{"@id":"https:\/\/www.almega.se\/2025\/05\/nytt-lageravtal-med-handelsanstalldas-forbund-for-tiden-1-april-2025-31-mars-2027\/"},"author":{"name":"Eva Pettersson","@id":"https:\/\/www.almega.se\/#\/schema\/person\/50d695bb8f918c77bd2be177892f84b1"},"headline":"Nytt Lageravtal med Handelsanst\u00e4lldas f\u00f6rbund f\u00f6r tiden 1 april 2025 &#8211; 31 mars 2027","datePublished":"2025-05-05T09:32:32+00:00","dateModified":"2025-05-18T14:03:24+00:00","mainEntityOfPage":{"@id":"https:\/\/www.almega.se\/2025\/05\/nytt-lageravtal-med-handelsanstalldas-forbund-for-tiden-1-april-2025-31-mars-2027\/"},"wordCount":1422,"articleSection":["Kollektivavtal"],"inLanguage":"sv-SE"},{"@type":"WebPage","@id":"https:\/\/www.almega.se\/2025\/05\/nytt-lageravtal-med-handelsanstalldas-forbund-for-tiden-1-april-2025-31-mars-2027\/","url":"https:\/\/www.almega.se\/2025\/05\/nytt-lageravtal-med-handelsanstalldas-forbund-for-tiden-1-april-2025-31-mars-2027\/","name":"Nytt Lageravtal med Handelsanst\u00e4lldas f\u00f6rbund f\u00f6r tiden 1 april 2025 - 31 mars 2027 | Almega","isPartOf":{"@id":"https:\/\/www.almega.se\/#website"},"datePublished":"2025-05-05T09:32:32+00:00","dateModified":"2025-05-18T14:03:24+00:00","author":{"@id":"https:\/\/www.almega.se\/#\/schema\/person\/50d695bb8f918c77bd2be177892f84b1"},"breadcrumb":{"@id":"https:\/\/www.almega.se\/2025\/05\/nytt-lageravtal-med-handelsanstalldas-forbund-for-tiden-1-april-2025-31-mars-2027\/#breadcrumb"},"inLanguage":"sv-SE","potentialAction":[{"@type":"ReadAction","target":["https:\/\/www.almega.se\/2025\/05\/nytt-lageravtal-med-handelsanstalldas-forbund-for-tiden-1-april-2025-31-mars-2027\/"]}]},{"@type":"BreadcrumbList","@id":"https:\/\/www.almega.se\/2025\/05\/nytt-lageravtal-med-handelsanstalldas-forbund-for-tiden-1-april-2025-31-mars-2027\/#breadcrumb","itemListElement":[{"@type":"ListItem","position":1,"name":"Home","item":"https:\/\/www.almega.se\/"},{"@type":"ListItem","position":2,"name":"Nytt Lageravtal med Handelsanst\u00e4lldas f\u00f6rbund f\u00f6r tiden 1 april 2025 &#8211; 31 mars 2027"}]},{"@type":"WebSite","@id":"https:\/\/www.almega.se\/#website","url":"https:\/\/www.almega.se\/","name":"Almega","description":"","potentialAction":[{"@type":"SearchAction","target":{"@type":"EntryPoint","urlTemplate":"https:\/\/www.almega.se\/?s={search_term_string}"},"query-input":{"@type":"PropertyValueSpecification","valueRequired":true,"valueName":"search_term_string"}}],"inLanguage":"sv-SE"},{"@type":"Person","@id":"https:\/\/www.almega.se\/#\/schema\/person\/50d695bb8f918c77bd2be177892f84b1","name":"Eva Pettersson","image":{"@type":"ImageObject","inLanguage":"sv-SE","@id":"https:\/\/www.almega.se\/#\/schema\/person\/image\/","url":"https:\/\/secure.gravatar.com\/avatar\/c4811d04bd37924073d3b0ce1984d0651f0f37902ffb665f3ca439bb5b3e306f?s=96&d=mm&r=g","contentUrl":"https:\/\/secure.gravatar.com\/avatar\/c4811d04bd37924073d3b0ce1984d0651f0f37902ffb665f3ca439bb5b3e306f?s=96&d=mm&r=g","caption":"Eva Pettersson"},"url":"https:\/\/www.almega.se\/person\/evapettersson-2\/"}]}},"_links":{"self":[{"href":"https:\/\/www.almega.se\/api\/wp\/v2\/posts\/79077","targetHints":{"allow":["GET"]}}],"collection":[{"href":"https:\/\/www.almega.se\/api\/wp\/v2\/posts"}],"about":[{"href":"https:\/\/www.almega.se\/api\/wp\/v2\/types\/post"}],"author":[{"embeddable":true,"href":"https:\/\/www.almega.se\/api\/wp\/v2\/users\/14836"}],"replies":[{"embeddable":true,"href":"https:\/\/www.almega.se\/api\/wp\/v2\/comments?post=79077"}],"version-history":[{"count":16,"href":"https:\/\/www.almega.se\/api\/wp\/v2\/posts\/79077\/revisions"}],"predecessor-version":[{"id":79642,"href":"https:\/\/www.almega.se\/api\/wp\/v2\/posts\/79077\/revisions\/79642"}],"wp:attachment":[{"href":"https:\/\/www.almega.se\/api\/wp\/v2\/media?parent=79077"}],"wp:term":[{"taxonomy":"category","embeddable":true,"href":"https:\/\/www.almega.se\/api\/wp\/v2\/categories?post=79077"},{"taxonomy":"post_tag","embeddable":true,"href":"https:\/\/www.almega.se\/api\/wp\/v2\/tags?post=79077"},{"taxonomy":"type","embeddable":true,"href":"https:\/\/www.almega.se\/api\/wp\/v2\/article_type?post=79077"},{"taxonomy":"agreement","embeddable":true,"href":"https:\/\/www.almega.se\/api\/wp\/v2\/agreement?post=79077"}],"curies":[{"name":"wp","href":"https:\/\/api.w.org\/{rel}","templated":true}]}}