{"id":79066,"date":"2025-05-01T11:20:30","date_gmt":"2025-05-01T09:20:30","guid":{"rendered":"https:\/\/www.almega.se\/?p=79066"},"modified":"2025-05-01T11:20:31","modified_gmt":"2025-05-01T09:20:31","slug":"forhandlingarna-om-nytt-tjanstemannaavtal-gra-for-medieforetagen","status":"publish","type":"post","link":"https:\/\/www.almega.se\/2025\/05\/forhandlingarna-om-nytt-tjanstemannaavtal-gra-for-medieforetagen\/","title":{"rendered":"F\u00f6rhandlingarna om nytt tj\u00e4nstemannaavtal (Gr\u00e5) f\u00f6r Medie&shy;f\u00f6retagen"},"content":{"rendered":"<p class=\"intro\">Medief\u00f6retagens tj\u00e4nstemannaavtal (Gr\u00e5) med Unionen och Sveriges Ingenj\u00f6rer l\u00f6per ut den 30 april 2025.<\/p>\n\n<p>Nuvarande tj\u00e4nstemannaavtal forts\u00e4tter att l\u00f6pa \u00e4ven efter detta datum, fram till att parterna kommer \u00f6verens om nytt avtal. F\u00f6rhandlingarna \u00e5terupptas mellan parterna p\u00e5 m\u00e5ndag den 5 maj 2025.<\/p>\n","protected":false},"excerpt":{"rendered":"<p>Nuvarande tj\u00e4nstemannaavtal forts\u00e4tter att l\u00f6pa \u00e4ven efter detta datum, fram till att parterna kommer \u00f6verens om nytt avtal. F\u00f6rhandlingarna \u00e5terupptas mellan parterna p\u00e5 m\u00e5ndag den 5 maj 2025.<\/p>\n","protected":false},"author":14836,"featured_media":0,"comment_status":"closed","ping_status":"closed","sticky":false,"template":"","format":"standard","meta":{"_acf_changed":false,"footnotes":""},"categories":[724],"tags":[],"article_type":[313],"agreement":[230,225],"class_list":["post-79066","post","type-post","status-publish","format-standard","hentry","category-kollektivavtal","type-arbetsgivarnytt","agreement-1fce80f7-ff07-de11-b4e1-02bf9e69ca65","agreement-25ce80f7-ff07-de11-b4e1-02bf9e69ca65"],"acf":[],"yoast_head":"<!-- This site is optimized with the Yoast SEO Premium plugin v26.8 (Yoast SEO v26.8) - https:\/\/yoast.com\/product\/yoast-seo-premium-wordpress\/ -->\n<title>F\u00f6rhandlingarna om nytt tj\u00e4nstemannaavtal (Gr\u00e5) f\u00f6r Medief\u00f6retagen | Almega<\/title>\n<meta name=\"robots\" content=\"index, follow, max-snippet:-1, max-image-preview:large, max-video-preview:-1\" \/>\n<link rel=\"canonical\" href=\"https:\/\/www.almega.se\/2025\/05\/forhandlingarna-om-nytt-tjanstemannaavtal-gra-for-medieforetagen\/\" \/>\n<meta property=\"og:locale\" content=\"sv_SE\" \/>\n<meta property=\"og:type\" content=\"article\" \/>\n<meta property=\"og:title\" content=\"F\u00f6rhandlingarna om nytt tj\u00e4nstemannaavtal (Gr\u00e5) f\u00f6r Medief\u00f6retagen\" \/>\n<meta property=\"og:description\" content=\"Nuvarande tj\u00e4nstemannaavtal forts\u00e4tter att l\u00f6pa \u00e4ven efter detta datum, fram till att parterna kommer \u00f6verens om nytt avtal. F\u00f6rhandlingarna \u00e5terupptas mellan parterna p\u00e5 m\u00e5ndag den 5 maj 2025.\" \/>\n<meta property=\"og:url\" content=\"https:\/\/www.almega.se\/2025\/05\/forhandlingarna-om-nytt-tjanstemannaavtal-gra-for-medieforetagen\/\" \/>\n<meta property=\"og:site_name\" content=\"Almega\" \/>\n<meta property=\"article:published_time\" content=\"2025-05-01T09:20:30+00:00\" \/>\n<meta property=\"article:modified_time\" content=\"2025-05-01T09:20:31+00:00\" \/>\n<meta property=\"og:image\" content=\"https:\/\/www.almega.se\/app\/uploads\/2020\/12\/almega-share-logo.png\" \/>\n\t<meta property=\"og:image:width\" content=\"1200\" \/>\n\t<meta property=\"og:image:height\" content=\"630\" \/>\n\t<meta property=\"og:image:type\" content=\"image\/png\" \/>\n<meta name=\"author\" content=\"Eva Pettersson\" \/>\n<meta name=\"twitter:card\" content=\"summary_large_image\" \/>\n<meta name=\"twitter:label1\" content=\"Skriven av\" \/>\n\t<meta name=\"twitter:data1\" content=\"Eva Pettersson\" \/>\n\t<meta name=\"twitter:label2\" content=\"Ber\u00e4knad l\u00e4stid\" \/>\n\t<meta name=\"twitter:data2\" content=\"1 minut\" \/>\n<!-- \/ Yoast SEO Premium plugin. -->","yoast_head_json":{"title":"F\u00f6rhandlingarna om nytt tj\u00e4nstemannaavtal (Gr\u00e5) f\u00f6r Medief\u00f6retagen | Almega","robots":{"index":"index","follow":"follow","max-snippet":"max-snippet:-1","max-image-preview":"max-image-preview:large","max-video-preview":"max-video-preview:-1"},"canonical":"https:\/\/www.almega.se\/2025\/05\/forhandlingarna-om-nytt-tjanstemannaavtal-gra-for-medieforetagen\/","og_locale":"sv_SE","og_type":"article","og_title":"F\u00f6rhandlingarna om nytt tj\u00e4nstemannaavtal (Gr\u00e5) f\u00f6r Medief\u00f6retagen","og_description":"Nuvarande tj\u00e4nstemannaavtal forts\u00e4tter att l\u00f6pa \u00e4ven efter detta datum, fram till att parterna kommer \u00f6verens om nytt avtal. F\u00f6rhandlingarna \u00e5terupptas mellan parterna p\u00e5 m\u00e5ndag den 5 maj 2025.","og_url":"https:\/\/www.almega.se\/2025\/05\/forhandlingarna-om-nytt-tjanstemannaavtal-gra-for-medieforetagen\/","og_site_name":"Almega","article_published_time":"2025-05-01T09:20:30+00:00","article_modified_time":"2025-05-01T09:20:31+00:00","og_image":[{"width":1200,"height":630,"url":"https:\/\/www.almega.se\/app\/uploads\/2020\/12\/almega-share-logo.png","type":"image\/png"}],"author":"Eva Pettersson","twitter_card":"summary_large_image","twitter_misc":{"Skriven av":"Eva Pettersson","Ber\u00e4knad l\u00e4stid":"1 minut"},"schema":{"@context":"https:\/\/schema.org","@graph":[{"@type":"NewsArticle","@id":"https:\/\/www.almega.se\/2025\/05\/forhandlingarna-om-nytt-tjanstemannaavtal-gra-for-medieforetagen\/#article","isPartOf":{"@id":"https:\/\/www.almega.se\/2025\/05\/forhandlingarna-om-nytt-tjanstemannaavtal-gra-for-medieforetagen\/"},"author":{"name":"Eva Pettersson","@id":"https:\/\/www.almega.se\/#\/schema\/person\/50d695bb8f918c77bd2be177892f84b1"},"headline":"F\u00f6rhandlingarna om nytt tj\u00e4nstemannaavtal (Gr\u00e5) f\u00f6r Medie&shy;f\u00f6retagen","datePublished":"2025-05-01T09:20:30+00:00","dateModified":"2025-05-01T09:20:31+00:00","mainEntityOfPage":{"@id":"https:\/\/www.almega.se\/2025\/05\/forhandlingarna-om-nytt-tjanstemannaavtal-gra-for-medieforetagen\/"},"wordCount":42,"articleSection":["Kollektivavtal"],"inLanguage":"sv-SE"},{"@type":"WebPage","@id":"https:\/\/www.almega.se\/2025\/05\/forhandlingarna-om-nytt-tjanstemannaavtal-gra-for-medieforetagen\/","url":"https:\/\/www.almega.se\/2025\/05\/forhandlingarna-om-nytt-tjanstemannaavtal-gra-for-medieforetagen\/","name":"F\u00f6rhandlingarna om nytt tj\u00e4nstemannaavtal (Gr\u00e5) f\u00f6r Medief\u00f6retagen | Almega","isPartOf":{"@id":"https:\/\/www.almega.se\/#website"},"datePublished":"2025-05-01T09:20:30+00:00","dateModified":"2025-05-01T09:20:31+00:00","author":{"@id":"https:\/\/www.almega.se\/#\/schema\/person\/50d695bb8f918c77bd2be177892f84b1"},"breadcrumb":{"@id":"https:\/\/www.almega.se\/2025\/05\/forhandlingarna-om-nytt-tjanstemannaavtal-gra-for-medieforetagen\/#breadcrumb"},"inLanguage":"sv-SE","potentialAction":[{"@type":"ReadAction","target":["https:\/\/www.almega.se\/2025\/05\/forhandlingarna-om-nytt-tjanstemannaavtal-gra-for-medieforetagen\/"]}]},{"@type":"BreadcrumbList","@id":"https:\/\/www.almega.se\/2025\/05\/forhandlingarna-om-nytt-tjanstemannaavtal-gra-for-medieforetagen\/#breadcrumb","itemListElement":[{"@type":"ListItem","position":1,"name":"Home","item":"https:\/\/www.almega.se\/"},{"@type":"ListItem","position":2,"name":"F\u00f6rhandlingarna om nytt tj\u00e4nstemannaavtal (Gr\u00e5) f\u00f6r Medie&shy;f\u00f6retagen"}]},{"@type":"WebSite","@id":"https:\/\/www.almega.se\/#website","url":"https:\/\/www.almega.se\/","name":"Almega","description":"","potentialAction":[{"@type":"SearchAction","target":{"@type":"EntryPoint","urlTemplate":"https:\/\/www.almega.se\/?s={search_term_string}"},"query-input":{"@type":"PropertyValueSpecification","valueRequired":true,"valueName":"search_term_string"}}],"inLanguage":"sv-SE"},{"@type":"Person","@id":"https:\/\/www.almega.se\/#\/schema\/person\/50d695bb8f918c77bd2be177892f84b1","name":"Eva Pettersson","image":{"@type":"ImageObject","inLanguage":"sv-SE","@id":"https:\/\/www.almega.se\/#\/schema\/person\/image\/","url":"https:\/\/secure.gravatar.com\/avatar\/c4811d04bd37924073d3b0ce1984d0651f0f37902ffb665f3ca439bb5b3e306f?s=96&d=mm&r=g","contentUrl":"https:\/\/secure.gravatar.com\/avatar\/c4811d04bd37924073d3b0ce1984d0651f0f37902ffb665f3ca439bb5b3e306f?s=96&d=mm&r=g","caption":"Eva Pettersson"},"url":"https:\/\/www.almega.se\/person\/evapettersson-2\/"}]}},"_links":{"self":[{"href":"https:\/\/www.almega.se\/api\/wp\/v2\/posts\/79066","targetHints":{"allow":["GET"]}}],"collection":[{"href":"https:\/\/www.almega.se\/api\/wp\/v2\/posts"}],"about":[{"href":"https:\/\/www.almega.se\/api\/wp\/v2\/types\/post"}],"author":[{"embeddable":true,"href":"https:\/\/www.almega.se\/api\/wp\/v2\/users\/14836"}],"replies":[{"embeddable":true,"href":"https:\/\/www.almega.se\/api\/wp\/v2\/comments?post=79066"}],"version-history":[{"count":3,"href":"https:\/\/www.almega.se\/api\/wp\/v2\/posts\/79066\/revisions"}],"predecessor-version":[{"id":79069,"href":"https:\/\/www.almega.se\/api\/wp\/v2\/posts\/79066\/revisions\/79069"}],"wp:attachment":[{"href":"https:\/\/www.almega.se\/api\/wp\/v2\/media?parent=79066"}],"wp:term":[{"taxonomy":"category","embeddable":true,"href":"https:\/\/www.almega.se\/api\/wp\/v2\/categories?post=79066"},{"taxonomy":"post_tag","embeddable":true,"href":"https:\/\/www.almega.se\/api\/wp\/v2\/tags?post=79066"},{"taxonomy":"type","embeddable":true,"href":"https:\/\/www.almega.se\/api\/wp\/v2\/article_type?post=79066"},{"taxonomy":"agreement","embeddable":true,"href":"https:\/\/www.almega.se\/api\/wp\/v2\/agreement?post=79066"}],"curies":[{"name":"wp","href":"https:\/\/api.w.org\/{rel}","templated":true}]}}