{"id":79047,"date":"2025-04-30T13:00:00","date_gmt":"2025-04-30T11:00:00","guid":{"rendered":"https:\/\/www.almega.se\/2025\/04\/nytt-kollektivavtal-for-bemanningsbranschen\/"},"modified":"2025-04-30T13:01:46","modified_gmt":"2025-04-30T11:01:46","slug":"nytt-kollektivavtal-for-bemanningsbranschen","status":"publish","type":"post","link":"https:\/\/www.almega.se\/2025\/04\/nytt-kollektivavtal-for-bemanningsbranschen\/","title":{"rendered":"Nytt kollektivavtal f\u00f6r bemannings&shy;branschen"},"content":{"rendered":"\n<p class=\"intro\">Kompetensf\u00f6retagen inom Almega har tecknat nytt\u00a0kollektivavtal med samtliga LO-f\u00f6rbund f\u00f6r bemanningsbranschen. Avtalet\u00a0str\u00e4cker sig \u00f6ver 24 m\u00e5nader med ett totalt avtalsv\u00e4rde p\u00e5 6,4 procent.<\/p>\n<p>\u2013\u00a0Vi har haft konstruktiva f\u00f6rhandlingar med v\u00e5ra fackliga motparter som resulterat i\u00a0ett\u00a0nytt\u00a0kollektivavtal inom de ramar arbetsmarknadens parter kommit \u00f6verens om. Det s\u00e4ger Johan Huldt som \u00e4r f\u00f6rhandlingschef p\u00e5 Kompetensf\u00f6retagen.\u00a0<\/p>\n<p>Det\u00a0nya avtalet\u00a0inneb\u00e4r bland annat h\u00f6jning av garantil\u00f6neniv\u00e5er i enlighet med m\u00e4rket dvs. 3,4 procent \u00e5r 1 och 3,0 procent \u00e5r 2.<\/p>\n<p>Det\u00a0tidigare kollektivavtalet\u00a0f\u00f6r bemanning l\u00f6per ut den 30 april 2025 och det\u00a0nya g\u00e4ller fr\u00e5n och med den 1 maj 2025 till och med den 30 april 2027.\u00a0<\/p>\n<p>Kollektivavtalen ber\u00f6r ca\u00a035\u00a0000 \u00e5rsanst\u00e4llda medarbetare vid cirka\u00a0700\u00a0f\u00f6retag.\u00a0<\/p>\n<p><strong><em>\u00a0<\/em><\/strong><\/p>\n<p><em>\u00a0<\/em><\/p>\n<p><em>Attraktiva och branschanpassade villkor \u00e4r avg\u00f6rande f\u00f6r tj\u00e4nstesektorns framg\u00e5ng och Almega str\u00e4var alltid efter att skapa de b\u00e4sta f\u00f6ruts\u00e4ttningarna f\u00f6r b\u00e5de arbetsgivare och medarbetare. Under avtalsr\u00f6relsen 2025 tecknar Almega sammanlagt 125 avtal, flest av alla arbetsgivarorganisationer.<\/em><\/p>\n\n","protected":false},"excerpt":{"rendered":"<p>Kompetensf\u00f6retagen inom Almega har tecknat nytt\u00a0kollektivavtal med samtliga LO-f\u00f6rbund f\u00f6r bemanningsbranschen. Avtalet\u00a0str\u00e4cker sig \u00f6ver 24 m\u00e5nader med ett totalt avtalsv\u00e4rde p\u00e5 6,4 procent.<\/p>\n","protected":false},"author":3380,"featured_media":79048,"comment_status":"closed","ping_status":"closed","sticky":false,"template":"","format":"standard","meta":{"_acf_changed":false,"footnotes":""},"categories":[636],"tags":[],"article_type":[93],"agreement":[],"class_list":["post-79047","post","type-post","status-publish","format-standard","has-post-thumbnail","hentry","category-avtalsrorelse","type-pressmeddelanden"],"acf":[],"yoast_head":"<!-- This site is optimized with the Yoast SEO Premium plugin v26.8 (Yoast SEO v26.8) - https:\/\/yoast.com\/product\/yoast-seo-premium-wordpress\/ -->\n<title>Nytt kollektivavtal f\u00f6r bemanningsbranschen | Almega<\/title>\n<meta name=\"robots\" content=\"index, follow, max-snippet:-1, max-image-preview:large, max-video-preview:-1\" \/>\n<link rel=\"canonical\" href=\"https:\/\/www.almega.se\/2025\/04\/nytt-kollektivavtal-for-bemanningsbranschen\/\" \/>\n<meta property=\"og:locale\" content=\"sv_SE\" \/>\n<meta property=\"og:type\" content=\"article\" \/>\n<meta property=\"og:title\" content=\"Nytt kollektivavtal f\u00f6r bemanningsbranschen\" \/>\n<meta property=\"og:description\" content=\"Kompetensf\u00f6retagen inom Almega har tecknat nytt\u00a0kollektivavtal med samtliga LO-f\u00f6rbund f\u00f6r bemanningsbranschen. Avtalet\u00a0str\u00e4cker sig \u00f6ver 24 m\u00e5nader med ett totalt avtalsv\u00e4rde p\u00e5 6,4 procent.\" \/>\n<meta property=\"og:url\" content=\"https:\/\/www.almega.se\/2025\/04\/nytt-kollektivavtal-for-bemanningsbranschen\/\" \/>\n<meta property=\"og:site_name\" content=\"Almega\" \/>\n<meta property=\"article:published_time\" content=\"2025-04-30T11:00:00+00:00\" \/>\n<meta property=\"article:modified_time\" content=\"2025-04-30T11:01:46+00:00\" \/>\n<meta property=\"og:image\" content=\"https:\/\/www.almega.se\/app\/uploads\/2025\/04\/506f72bc-c279-4f34-9542-dab6bbe6032b-1180x787.jpg\" \/>\n\t<meta property=\"og:image:width\" content=\"1180\" \/>\n\t<meta property=\"og:image:height\" content=\"787\" \/>\n\t<meta property=\"og:image:type\" content=\"image\/jpeg\" \/>\n<meta name=\"author\" content=\"Marianne Ahlgren\" \/>\n<meta name=\"twitter:card\" content=\"summary_large_image\" \/>\n<meta name=\"twitter:label1\" content=\"Skriven av\" \/>\n\t<meta name=\"twitter:data1\" content=\"Marianne Ahlgren\" \/>\n\t<meta name=\"twitter:label2\" content=\"Ber\u00e4knad l\u00e4stid\" \/>\n\t<meta name=\"twitter:data2\" content=\"1 minut\" \/>\n<!-- \/ Yoast SEO Premium plugin. -->","yoast_head_json":{"title":"Nytt kollektivavtal f\u00f6r bemanningsbranschen | Almega","robots":{"index":"index","follow":"follow","max-snippet":"max-snippet:-1","max-image-preview":"max-image-preview:large","max-video-preview":"max-video-preview:-1"},"canonical":"https:\/\/www.almega.se\/2025\/04\/nytt-kollektivavtal-for-bemanningsbranschen\/","og_locale":"sv_SE","og_type":"article","og_title":"Nytt kollektivavtal f\u00f6r bemanningsbranschen","og_description":"Kompetensf\u00f6retagen inom Almega har tecknat nytt\u00a0kollektivavtal med samtliga LO-f\u00f6rbund f\u00f6r bemanningsbranschen. Avtalet\u00a0str\u00e4cker sig \u00f6ver 24 m\u00e5nader med ett totalt avtalsv\u00e4rde p\u00e5 6,4 procent.","og_url":"https:\/\/www.almega.se\/2025\/04\/nytt-kollektivavtal-for-bemanningsbranschen\/","og_site_name":"Almega","article_published_time":"2025-04-30T11:00:00+00:00","article_modified_time":"2025-04-30T11:01:46+00:00","og_image":[{"width":1180,"height":787,"url":"https:\/\/www.almega.se\/app\/uploads\/2025\/04\/506f72bc-c279-4f34-9542-dab6bbe6032b-1180x787.jpg","type":"image\/jpeg"}],"author":"Marianne Ahlgren","twitter_card":"summary_large_image","twitter_misc":{"Skriven av":"Marianne Ahlgren","Ber\u00e4knad l\u00e4stid":"1 minut"},"schema":{"@context":"https:\/\/schema.org","@graph":[{"@type":"NewsArticle","@id":"https:\/\/www.almega.se\/2025\/04\/nytt-kollektivavtal-for-bemanningsbranschen\/#article","isPartOf":{"@id":"https:\/\/www.almega.se\/2025\/04\/nytt-kollektivavtal-for-bemanningsbranschen\/"},"author":{"name":"Marianne Ahlgren","@id":"https:\/\/www.almega.se\/#\/schema\/person\/860599f2ded56005a909a04b92cf7035"},"headline":"Nytt kollektivavtal f\u00f6r bemannings&shy;branschen","datePublished":"2025-04-30T11:00:00+00:00","dateModified":"2025-04-30T11:01:46+00:00","mainEntityOfPage":{"@id":"https:\/\/www.almega.se\/2025\/04\/nytt-kollektivavtal-for-bemanningsbranschen\/"},"wordCount":178,"image":{"@id":"https:\/\/www.almega.se\/2025\/04\/nytt-kollektivavtal-for-bemanningsbranschen\/#primaryimage"},"thumbnailUrl":"https:\/\/www.almega.se\/app\/uploads\/2025\/04\/506f72bc-c279-4f34-9542-dab6bbe6032b.jpg","articleSection":["Avtalsr\u00f6relse"],"inLanguage":"sv-SE"},{"@type":"WebPage","@id":"https:\/\/www.almega.se\/2025\/04\/nytt-kollektivavtal-for-bemanningsbranschen\/","url":"https:\/\/www.almega.se\/2025\/04\/nytt-kollektivavtal-for-bemanningsbranschen\/","name":"Nytt kollektivavtal f\u00f6r bemanningsbranschen | Almega","isPartOf":{"@id":"https:\/\/www.almega.se\/#website"},"primaryImageOfPage":{"@id":"https:\/\/www.almega.se\/2025\/04\/nytt-kollektivavtal-for-bemanningsbranschen\/#primaryimage"},"image":{"@id":"https:\/\/www.almega.se\/2025\/04\/nytt-kollektivavtal-for-bemanningsbranschen\/#primaryimage"},"thumbnailUrl":"https:\/\/www.almega.se\/app\/uploads\/2025\/04\/506f72bc-c279-4f34-9542-dab6bbe6032b.jpg","datePublished":"2025-04-30T11:00:00+00:00","dateModified":"2025-04-30T11:01:46+00:00","author":{"@id":"https:\/\/www.almega.se\/#\/schema\/person\/860599f2ded56005a909a04b92cf7035"},"breadcrumb":{"@id":"https:\/\/www.almega.se\/2025\/04\/nytt-kollektivavtal-for-bemanningsbranschen\/#breadcrumb"},"inLanguage":"sv-SE","potentialAction":[{"@type":"ReadAction","target":["https:\/\/www.almega.se\/2025\/04\/nytt-kollektivavtal-for-bemanningsbranschen\/"]}]},{"@type":"ImageObject","inLanguage":"sv-SE","@id":"https:\/\/www.almega.se\/2025\/04\/nytt-kollektivavtal-for-bemanningsbranschen\/#primaryimage","url":"https:\/\/www.almega.se\/app\/uploads\/2025\/04\/506f72bc-c279-4f34-9542-dab6bbe6032b.jpg","contentUrl":"https:\/\/www.almega.se\/app\/uploads\/2025\/04\/506f72bc-c279-4f34-9542-dab6bbe6032b.jpg","width":8256,"height":5504,"caption":"506f72bc-c279-4f34-9542-dab6bbe6032b.jpg"},{"@type":"BreadcrumbList","@id":"https:\/\/www.almega.se\/2025\/04\/nytt-kollektivavtal-for-bemanningsbranschen\/#breadcrumb","itemListElement":[{"@type":"ListItem","position":1,"name":"Home","item":"https:\/\/www.almega.se\/"},{"@type":"ListItem","position":2,"name":"Nytt kollektivavtal f\u00f6r bemannings&shy;branschen"}]},{"@type":"WebSite","@id":"https:\/\/www.almega.se\/#website","url":"https:\/\/www.almega.se\/","name":"Almega","description":"","potentialAction":[{"@type":"SearchAction","target":{"@type":"EntryPoint","urlTemplate":"https:\/\/www.almega.se\/?s={search_term_string}"},"query-input":{"@type":"PropertyValueSpecification","valueRequired":true,"valueName":"search_term_string"}}],"inLanguage":"sv-SE"},{"@type":"Person","@id":"https:\/\/www.almega.se\/#\/schema\/person\/860599f2ded56005a909a04b92cf7035","name":"Marianne Ahlgren","image":{"@type":"ImageObject","inLanguage":"sv-SE","@id":"https:\/\/www.almega.se\/#\/schema\/person\/image\/","url":"https:\/\/secure.gravatar.com\/avatar\/4c350e8b0dd656a6bbe04785780665ac53c7b373c038b1140ce3ae5e8cb21bef?s=96&d=mm&r=g","contentUrl":"https:\/\/secure.gravatar.com\/avatar\/4c350e8b0dd656a6bbe04785780665ac53c7b373c038b1140ce3ae5e8cb21bef?s=96&d=mm&r=g","caption":"Marianne Ahlgren"},"url":"https:\/\/www.almega.se\/person\/marianneahlgren\/"}]}},"_links":{"self":[{"href":"https:\/\/www.almega.se\/api\/wp\/v2\/posts\/79047","targetHints":{"allow":["GET"]}}],"collection":[{"href":"https:\/\/www.almega.se\/api\/wp\/v2\/posts"}],"about":[{"href":"https:\/\/www.almega.se\/api\/wp\/v2\/types\/post"}],"author":[{"embeddable":true,"href":"https:\/\/www.almega.se\/api\/wp\/v2\/users\/3380"}],"replies":[{"embeddable":true,"href":"https:\/\/www.almega.se\/api\/wp\/v2\/comments?post=79047"}],"version-history":[{"count":1,"href":"https:\/\/www.almega.se\/api\/wp\/v2\/posts\/79047\/revisions"}],"predecessor-version":[{"id":79049,"href":"https:\/\/www.almega.se\/api\/wp\/v2\/posts\/79047\/revisions\/79049"}],"wp:featuredmedia":[{"embeddable":true,"href":"https:\/\/www.almega.se\/api\/wp\/v2\/media\/79048"}],"wp:attachment":[{"href":"https:\/\/www.almega.se\/api\/wp\/v2\/media?parent=79047"}],"wp:term":[{"taxonomy":"category","embeddable":true,"href":"https:\/\/www.almega.se\/api\/wp\/v2\/categories?post=79047"},{"taxonomy":"post_tag","embeddable":true,"href":"https:\/\/www.almega.se\/api\/wp\/v2\/tags?post=79047"},{"taxonomy":"type","embeddable":true,"href":"https:\/\/www.almega.se\/api\/wp\/v2\/article_type?post=79047"},{"taxonomy":"agreement","embeddable":true,"href":"https:\/\/www.almega.se\/api\/wp\/v2\/agreement?post=79047"}],"curies":[{"name":"wp","href":"https:\/\/api.w.org\/{rel}","templated":true}]}}