{"id":79022,"date":"2025-04-30T13:04:51","date_gmt":"2025-04-30T11:04:51","guid":{"rendered":"https:\/\/www.almega.se\/?p=79022"},"modified":"2025-04-30T13:04:53","modified_gmt":"2025-04-30T11:04:53","slug":"nytt-kollektivavtal-for-bemanning-tecknat-mellan-kompetensforetagen-och-samtliga-lo-forbund","status":"publish","type":"post","link":"https:\/\/www.almega.se\/2025\/04\/nytt-kollektivavtal-for-bemanning-tecknat-mellan-kompetensforetagen-och-samtliga-lo-forbund\/","title":{"rendered":"Nytt kollektivavtal f\u00f6r bemanning tecknat mellan Kompetens&shy;f\u00f6retagen och samtliga LO-f\u00f6rbund"},"content":{"rendered":"<p class=\"intro\">Kompetensf\u00f6retagen har tecknat ett nytt bemanningsavtal f\u00f6r arbetare med samtliga LO-f\u00f6rbund. Det nya kollektivavtalet g\u00e4ller fr\u00e5n och med 1 maj 2025 till och med 30 april 2027 och str\u00e4cker sig s\u00e5ledes \u00f6ver 24 m\u00e5nader.<\/p>\n\n<p><a href=\"https:\/\/www.almega.se\/app\/uploads\/2025\/04\/Protokoll-bemanningsavtalet-2025-2027-Kompetensforetagen-och-samtliga-LO-forbund.pdf\" target=\"_blank\" rel=\"noreferrer noopener\">\u00d6verenskommelsen med bilagor<\/a> (inloggning kr\u00e4vs)<\/p>\n\n\n<a class='Share__link Share__link--url copy-text' href='#' rel='nofollow' data-text='sammanfattning' title='Dela url' data-confirmation='L\u00e4nken kopierades till urklipp'><svg class='icon icon--link'  width='18' height='18' viewBox='0 0 18 18' fill='none' xmlns='http:\/\/www.w3.org\/2000\/svg'>\n            <path d='M10.4142 0.514721L6.87868 4.05025L8.29289 5.46447L11.1213 2.63604L15.364 6.87868L12.5355 9.70711L13.9497 11.1213L17.4853 7.58579C17.8763 7.19476 17.8763 6.5626 17.4853 6.17158L11.8284 0.514721C11.4374 0.123691 10.8052 0.123691 10.4142 0.514721Z' fill='black'\/>\n            <path d='M9.7071 12.5355L6.87868 15.364L2.63604 11.1213L5.46446 8.2929L4.05025 6.87868L0.514716 10.4142C0.123686 10.8052 0.123686 11.4374 0.514716 11.8284L6.17157 17.4853C6.5626 17.8763 7.19475 17.8763 7.58578 17.4853L11.1213 13.9497L9.7071 12.5355Z' fill='black'\/>\n            <path d='M6.17157 11.8284C6.5626 12.2195 7.19475 12.2195 7.58578 11.8284L11.8284 7.58579C12.2195 7.19476 12.2195 6.56261 11.8284 6.17158C11.4374 5.78055 10.8052 5.78055 10.4142 6.17158L6.17157 10.4142C5.78054 10.8052 5.78054 11.4374 6.17157 11.8284Z' fill='black'\/>\n            <\/svg> <\/a>\n<h2 class=\"wp-block-heading\" id=\"h-sammanfattning\">Sammanfattning<\/h2>\n\n\n\n<p>Avtalet \u00e4r i niv\u00e5 med det s\u00e5 kallade m\u00e4rket p\u00e5 6,4 % f\u00f6rdelat p\u00e5 24 m\u00e5nader.<\/p>\n\n\n\n<p>Avtalet inneh\u00e5ller f\u00f6ljande justeringar:<\/p>\n\n\n\n<ul class=\"wp-block-list\">\n<li>Garantiniv\u00e5n h\u00f6js fr\u00e5n och med 1 maj 2025 till 133,29 kr (3,4%), samt fr\u00e5n och med 1 maj 2026 till 137,29 kr (3,0%).<\/li>\n\n\n\n<li>\u00a0\u00d6vriga ers\u00e4ttningar i bemanningsavtalet, i form av fasta krontal, f\u00f6r arbete i det egna bolaget och f\u00f6r intern utbildning h\u00f6js med 3,4 procent 1 maj 2025 och 3,0 procent 1 maj 2026.<\/li>\n\n\n\n<li>Ny skrivning inf\u00f6rs avseende att arbetsgivaren b\u00f6r beakta den anst\u00e4lldes \u00f6nskem\u00e5l om planerbar fritid n\u00e4r bemanningsf\u00f6retagets verksamhet till\u00e5ter. Skrivningen avser anst\u00e4llda med \u00e5terkommande korta uppdrag.<\/li>\n\n\n\n<li>Till\u00e4mpliga relevanta best\u00e4mmelser om turordning vid upps\u00e4gning p\u00e5 grund av arbetsbrist fr\u00e5n Huvudavtalet l\u00e4ggs in i avtalet. Detta f\u00f6r att klarg\u00f6ra vad som redan g\u00e4ller.<\/li>\n\n\n\n<li>Inf\u00f6rande av avtalstext om f\u00f6renkling av alternativregeln, i enlighet med tidigare parts\u00f6verenskommelse.\u00a0<\/li>\n<\/ul>\n\n\n\n<p>Ut\u00f6ver ovan \u00e4r parterna \u00f6verens om att tills\u00e4tta en gemensam arbetsgrupp om det delade arbetsmilj\u00f6ansvaret mellan bemanningsf\u00f6retag och kundf\u00f6retag.<\/p>\n\n\n\n<p>I sedvanlig ordning \u00e4r \u00f6verenskommelsen prelimin\u00e4r fram till att samtliga LO-f\u00f6rbund antagit den. Inneh\u00e5llet i \u00f6verenskommelsen b\u00f6rjar dock g\u00e4lla fr o m 1 maj 2025.<\/p>\n\n\n<a class='Share__link Share__link--url copy-text' href='#' rel='nofollow' data-text='nytt-kollektivavtal' title='Dela url' data-confirmation='L\u00e4nken kopierades till urklipp'><svg class='icon icon--link'  width='18' height='18' viewBox='0 0 18 18' fill='none' xmlns='http:\/\/www.w3.org\/2000\/svg'>\n            <path d='M10.4142 0.514721L6.87868 4.05025L8.29289 5.46447L11.1213 2.63604L15.364 6.87868L12.5355 9.70711L13.9497 11.1213L17.4853 7.58579C17.8763 7.19476 17.8763 6.5626 17.4853 6.17158L11.8284 0.514721C11.4374 0.123691 10.8052 0.123691 10.4142 0.514721Z' fill='black'\/>\n            <path d='M9.7071 12.5355L6.87868 15.364L2.63604 11.1213L5.46446 8.2929L4.05025 6.87868L0.514716 10.4142C0.123686 10.8052 0.123686 11.4374 0.514716 11.8284L6.17157 17.4853C6.5626 17.8763 7.19475 17.8763 7.58578 17.4853L11.1213 13.9497L9.7071 12.5355Z' fill='black'\/>\n            <path d='M6.17157 11.8284C6.5626 12.2195 7.19475 12.2195 7.58578 11.8284L11.8284 7.58579C12.2195 7.19476 12.2195 6.56261 11.8284 6.17158C11.4374 5.78055 10.8052 5.78055 10.4142 6.17158L6.17157 10.4142C5.78054 10.8052 5.78054 11.4374 6.17157 11.8284Z' fill='black'\/>\n            <\/svg> <\/a>\n<h2 class=\"wp-block-heading\" id=\"h-nytt-kollektivavtal\">Nytt kollektivavtal<\/h2>\n\n\n\n<p>Vi kommer att redigera avtalet i Arbetsgivarguiden och ta fram en ny PDF, som ni kan ladda ner, s\u00e5 fort som m\u00f6jligt.<\/p>\n","protected":false},"excerpt":{"rendered":"<p>\u00d6verenskommelsen med bilagor (inloggning kr\u00e4vs) Sammanfattning Avtalet \u00e4r i niv\u00e5 med det s\u00e5 kallade m\u00e4rket p\u00e5 6,4 % f\u00f6rdelat p\u00e5 24 m\u00e5nader. Avtalet inneh\u00e5ller f\u00f6ljande justeringar: Ut\u00f6ver ovan \u00e4r parterna \u00f6verens om att tills\u00e4tta en &hellip;<\/p>\n","protected":false},"author":89,"featured_media":0,"comment_status":"closed","ping_status":"closed","sticky":false,"template":"","format":"standard","meta":{"_acf_changed":false,"footnotes":""},"categories":[1],"tags":[],"article_type":[313],"agreement":[109,114,110,111,112,113,115,116,117,118,119,120,121,122,123,124],"class_list":["post-79022","post","type-post","status-publish","format-standard","hentry","category-okategoriserade","type-arbetsgivarnytt","agreement-9cce80f7-ff07-de11-b4e1-02bf9e69ca65","agreement-a8ce80f7-ff07-de11-b4e1-02bf9e69ca65","agreement-a2ce80f7-ff07-de11-b4e1-02bf9e69ca65","agreement-a1ce80f7-ff07-de11-b4e1-02bf9e69ca65","agreement-9dce80f7-ff07-de11-b4e1-02bf9e69ca65","agreement-a3ce80f7-ff07-de11-b4e1-02bf9e69ca65","agreement-9ece80f7-ff07-de11-b4e1-02bf9e69ca65","agreement-a4ce80f7-ff07-de11-b4e1-02bf9e69ca65","agreement-20c6e08e-fe12-de11-b4e1-02bf9e69ca65","agreement-a7ce80f7-ff07-de11-b4e1-02bf9e69ca65","agreement-a5ce80f7-ff07-de11-b4e1-02bf9e69ca65","agreement-a6ce80f7-ff07-de11-b4e1-02bf9e69ca65","agreement-a0ce80f7-ff07-de11-b4e1-02bf9e69ca65","agreement-9fce80f7-ff07-de11-b4e1-02bf9e69ca65","agreement-aace80f7-ff07-de11-b4e1-02bf9e69ca65","agreement-a9ce80f7-ff07-de11-b4e1-02bf9e69ca65"],"acf":[],"yoast_head":"<!-- This site is optimized with the Yoast SEO Premium plugin v26.8 (Yoast SEO v26.8) - https:\/\/yoast.com\/product\/yoast-seo-premium-wordpress\/ -->\n<title>Nytt kollektivavtal f\u00f6r bemanning tecknat mellan Kompetensf\u00f6retagen och samtliga LO-f\u00f6rbund | Almega<\/title>\n<meta name=\"robots\" content=\"index, follow, max-snippet:-1, max-image-preview:large, max-video-preview:-1\" \/>\n<link rel=\"canonical\" href=\"https:\/\/www.almega.se\/2025\/04\/nytt-kollektivavtal-for-bemanning-tecknat-mellan-kompetensforetagen-och-samtliga-lo-forbund\/\" \/>\n<meta property=\"og:locale\" content=\"sv_SE\" \/>\n<meta property=\"og:type\" content=\"article\" \/>\n<meta property=\"og:title\" content=\"Nytt kollektivavtal f\u00f6r bemanning tecknat mellan Kompetensf\u00f6retagen och samtliga LO-f\u00f6rbund\" \/>\n<meta property=\"og:description\" content=\"\u00d6verenskommelsen med bilagor (inloggning kr\u00e4vs) Sammanfattning Avtalet \u00e4r i niv\u00e5 med det s\u00e5 kallade m\u00e4rket p\u00e5 6,4 % f\u00f6rdelat p\u00e5 24 m\u00e5nader. Avtalet inneh\u00e5ller f\u00f6ljande justeringar: Ut\u00f6ver ovan \u00e4r parterna \u00f6verens om att tills\u00e4tta en &hellip;\" \/>\n<meta property=\"og:url\" content=\"https:\/\/www.almega.se\/2025\/04\/nytt-kollektivavtal-for-bemanning-tecknat-mellan-kompetensforetagen-och-samtliga-lo-forbund\/\" \/>\n<meta property=\"og:site_name\" content=\"Almega\" \/>\n<meta property=\"article:published_time\" content=\"2025-04-30T11:04:51+00:00\" \/>\n<meta property=\"article:modified_time\" content=\"2025-04-30T11:04:53+00:00\" \/>\n<meta property=\"og:image\" content=\"https:\/\/www.almega.se\/app\/uploads\/2020\/12\/almega-share-logo.png\" \/>\n\t<meta property=\"og:image:width\" content=\"1200\" \/>\n\t<meta property=\"og:image:height\" content=\"630\" \/>\n\t<meta property=\"og:image:type\" content=\"image\/png\" \/>\n<meta name=\"author\" content=\"Lena Martinell \u00c5kerblom\" \/>\n<meta name=\"twitter:card\" content=\"summary_large_image\" \/>\n<meta name=\"twitter:label1\" content=\"Skriven av\" \/>\n\t<meta name=\"twitter:data1\" content=\"Lena Martinell \u00c5kerblom\" \/>\n\t<meta name=\"twitter:label2\" content=\"Ber\u00e4knad l\u00e4stid\" \/>\n\t<meta name=\"twitter:data2\" content=\"2 minuter\" \/>\n<!-- \/ Yoast SEO Premium plugin. -->","yoast_head_json":{"title":"Nytt kollektivavtal f\u00f6r bemanning tecknat mellan Kompetensf\u00f6retagen och samtliga LO-f\u00f6rbund | Almega","robots":{"index":"index","follow":"follow","max-snippet":"max-snippet:-1","max-image-preview":"max-image-preview:large","max-video-preview":"max-video-preview:-1"},"canonical":"https:\/\/www.almega.se\/2025\/04\/nytt-kollektivavtal-for-bemanning-tecknat-mellan-kompetensforetagen-och-samtliga-lo-forbund\/","og_locale":"sv_SE","og_type":"article","og_title":"Nytt kollektivavtal f\u00f6r bemanning tecknat mellan Kompetensf\u00f6retagen och samtliga LO-f\u00f6rbund","og_description":"\u00d6verenskommelsen med bilagor (inloggning kr\u00e4vs) Sammanfattning Avtalet \u00e4r i niv\u00e5 med det s\u00e5 kallade m\u00e4rket p\u00e5 6,4 % f\u00f6rdelat p\u00e5 24 m\u00e5nader. Avtalet inneh\u00e5ller f\u00f6ljande justeringar: Ut\u00f6ver ovan \u00e4r parterna \u00f6verens om att tills\u00e4tta en &hellip;","og_url":"https:\/\/www.almega.se\/2025\/04\/nytt-kollektivavtal-for-bemanning-tecknat-mellan-kompetensforetagen-och-samtliga-lo-forbund\/","og_site_name":"Almega","article_published_time":"2025-04-30T11:04:51+00:00","article_modified_time":"2025-04-30T11:04:53+00:00","og_image":[{"width":1200,"height":630,"url":"https:\/\/www.almega.se\/app\/uploads\/2020\/12\/almega-share-logo.png","type":"image\/png"}],"author":"Lena Martinell \u00c5kerblom","twitter_card":"summary_large_image","twitter_misc":{"Skriven av":"Lena Martinell \u00c5kerblom","Ber\u00e4knad l\u00e4stid":"2 minuter"},"schema":{"@context":"https:\/\/schema.org","@graph":[{"@type":"NewsArticle","@id":"https:\/\/www.almega.se\/2025\/04\/nytt-kollektivavtal-for-bemanning-tecknat-mellan-kompetensforetagen-och-samtliga-lo-forbund\/#article","isPartOf":{"@id":"https:\/\/www.almega.se\/2025\/04\/nytt-kollektivavtal-for-bemanning-tecknat-mellan-kompetensforetagen-och-samtliga-lo-forbund\/"},"author":{"name":"Lena Martinell \u00c5kerblom","@id":"https:\/\/www.almega.se\/#\/schema\/person\/be1f5c450f9fd79fd3ce7cee9c56d246"},"headline":"Nytt kollektivavtal f\u00f6r bemanning tecknat mellan Kompetens&shy;f\u00f6retagen och samtliga LO-f\u00f6rbund","datePublished":"2025-04-30T11:04:51+00:00","dateModified":"2025-04-30T11:04:53+00:00","mainEntityOfPage":{"@id":"https:\/\/www.almega.se\/2025\/04\/nytt-kollektivavtal-for-bemanning-tecknat-mellan-kompetensforetagen-och-samtliga-lo-forbund\/"},"wordCount":249,"inLanguage":"sv-SE"},{"@type":"WebPage","@id":"https:\/\/www.almega.se\/2025\/04\/nytt-kollektivavtal-for-bemanning-tecknat-mellan-kompetensforetagen-och-samtliga-lo-forbund\/","url":"https:\/\/www.almega.se\/2025\/04\/nytt-kollektivavtal-for-bemanning-tecknat-mellan-kompetensforetagen-och-samtliga-lo-forbund\/","name":"Nytt kollektivavtal f\u00f6r bemanning tecknat mellan Kompetensf\u00f6retagen och samtliga LO-f\u00f6rbund | Almega","isPartOf":{"@id":"https:\/\/www.almega.se\/#website"},"datePublished":"2025-04-30T11:04:51+00:00","dateModified":"2025-04-30T11:04:53+00:00","author":{"@id":"https:\/\/www.almega.se\/#\/schema\/person\/be1f5c450f9fd79fd3ce7cee9c56d246"},"breadcrumb":{"@id":"https:\/\/www.almega.se\/2025\/04\/nytt-kollektivavtal-for-bemanning-tecknat-mellan-kompetensforetagen-och-samtliga-lo-forbund\/#breadcrumb"},"inLanguage":"sv-SE","potentialAction":[{"@type":"ReadAction","target":["https:\/\/www.almega.se\/2025\/04\/nytt-kollektivavtal-for-bemanning-tecknat-mellan-kompetensforetagen-och-samtliga-lo-forbund\/"]}]},{"@type":"BreadcrumbList","@id":"https:\/\/www.almega.se\/2025\/04\/nytt-kollektivavtal-for-bemanning-tecknat-mellan-kompetensforetagen-och-samtliga-lo-forbund\/#breadcrumb","itemListElement":[{"@type":"ListItem","position":1,"name":"Home","item":"https:\/\/www.almega.se\/"},{"@type":"ListItem","position":2,"name":"Nytt kollektivavtal f\u00f6r bemanning tecknat mellan Kompetens&shy;f\u00f6retagen och samtliga LO-f\u00f6rbund"}]},{"@type":"WebSite","@id":"https:\/\/www.almega.se\/#website","url":"https:\/\/www.almega.se\/","name":"Almega","description":"","potentialAction":[{"@type":"SearchAction","target":{"@type":"EntryPoint","urlTemplate":"https:\/\/www.almega.se\/?s={search_term_string}"},"query-input":{"@type":"PropertyValueSpecification","valueRequired":true,"valueName":"search_term_string"}}],"inLanguage":"sv-SE"},{"@type":"Person","@id":"https:\/\/www.almega.se\/#\/schema\/person\/be1f5c450f9fd79fd3ce7cee9c56d246","name":"Lena Martinell \u00c5kerblom","image":{"@type":"ImageObject","inLanguage":"sv-SE","@id":"https:\/\/www.almega.se\/#\/schema\/person\/image\/","url":"https:\/\/secure.gravatar.com\/avatar\/6b96f0f959d0411120737c5f1f1bb551e7f38fe13ddbaab86a1108e9f0051c53?s=96&d=mm&r=g","contentUrl":"https:\/\/secure.gravatar.com\/avatar\/6b96f0f959d0411120737c5f1f1bb551e7f38fe13ddbaab86a1108e9f0051c53?s=96&d=mm&r=g","caption":"Lena Martinell \u00c5kerblom"},"description":"Lena \u00e4r team leader f\u00f6r administrat\u00f6rerna inom Arbetsgivarservice p\u00e5 Almega i Stockholm.","url":"https:\/\/www.almega.se\/person\/lenamartinellakerblom\/"}]}},"_links":{"self":[{"href":"https:\/\/www.almega.se\/api\/wp\/v2\/posts\/79022","targetHints":{"allow":["GET"]}}],"collection":[{"href":"https:\/\/www.almega.se\/api\/wp\/v2\/posts"}],"about":[{"href":"https:\/\/www.almega.se\/api\/wp\/v2\/types\/post"}],"author":[{"embeddable":true,"href":"https:\/\/www.almega.se\/api\/wp\/v2\/users\/89"}],"replies":[{"embeddable":true,"href":"https:\/\/www.almega.se\/api\/wp\/v2\/comments?post=79022"}],"version-history":[{"count":4,"href":"https:\/\/www.almega.se\/api\/wp\/v2\/posts\/79022\/revisions"}],"predecessor-version":[{"id":79026,"href":"https:\/\/www.almega.se\/api\/wp\/v2\/posts\/79022\/revisions\/79026"}],"wp:attachment":[{"href":"https:\/\/www.almega.se\/api\/wp\/v2\/media?parent=79022"}],"wp:term":[{"taxonomy":"category","embeddable":true,"href":"https:\/\/www.almega.se\/api\/wp\/v2\/categories?post=79022"},{"taxonomy":"post_tag","embeddable":true,"href":"https:\/\/www.almega.se\/api\/wp\/v2\/tags?post=79022"},{"taxonomy":"type","embeddable":true,"href":"https:\/\/www.almega.se\/api\/wp\/v2\/article_type?post=79022"},{"taxonomy":"agreement","embeddable":true,"href":"https:\/\/www.almega.se\/api\/wp\/v2\/agreement?post=79022"}],"curies":[{"name":"wp","href":"https:\/\/api.w.org\/{rel}","templated":true}]}}