{"id":79015,"date":"2025-04-29T18:57:26","date_gmt":"2025-04-29T16:57:26","guid":{"rendered":"https:\/\/www.almega.se\/?p=79015"},"modified":"2025-04-30T12:06:01","modified_gmt":"2025-04-30T10:06:01","slug":"nytt-kollektivavtal-for-tidningsdistribution-3","status":"publish","type":"post","link":"https:\/\/www.almega.se\/2025\/04\/nytt-kollektivavtal-for-tidningsdistribution-3\/","title":{"rendered":"Nytt kollektivavtal f\u00f6r Tidningsdistribution"},"content":{"rendered":"<p class=\"intro\">Medief\u00f6retagen och Transportarbetaref\u00f6rbundet har den 23 april 2025 tr\u00e4ffat ett nytt kollektivavtal f\u00f6r Tidningsdistribution f\u00f6r perioden 2025-05-01 \u2013 2027-04-30.<\/p>\n\n<p>Avtalet str\u00e4cker sig \u00f6ver 24 m\u00e5nader och \u00e4r i niv\u00e5 med det s\u00e5 kallade m\u00e4rket med ett avtalsv\u00e4rde p\u00e5 6,4 %. Det inneb\u00e4r att l\u00f6netariffer och till\u00e4gg h\u00f6js med 3,4 % fr\u00e5n och med den 1 maj 2025 och med 3,0 % fr\u00e5n och med den 1 maj 2026.<\/p>\n\n\n\n<p>\u00d6verenskommelsen inneb\u00e4r inte n\u00e5gra \u00f6vriga villkors\u00e4ndringar.<\/p>\n\n\n\n<p><a href=\"https:\/\/www.almega.se\/app\/uploads\/protected\/2025\/04\/Forhandlingsprotokoll-20250423-Tidningsdistribution.pdf\">\u00d6verenskommelsen med bilaga<\/a> (inloggning kr\u00e4vs).<\/p>\n\n\n\n<p><strong>Avtalstryck<\/strong><\/p>\n\n\n\n<p>\u00c4ndringarna i avtalet kommer att l\u00e4ggas in i <a href=\"https:\/\/medlem.arbetsgivarguiden.se\/oversikt\" target=\"_blank\" rel=\"noreferrer noopener\">Arbetsgivarguiden<\/a>. Kollektivavtalet kommer inte att tryckas i fysisk form. S\u00e5 snart det digitala avtalet \u00e4r klart (vi f\u00f6r in \u00e4ndringarna s\u00e5 fort som m\u00f6jligt) kommer det att l\u00e4ggas ut p\u00e5 Arbetsgivarguiden<\/p>\n\n\n\n<p><strong>Fr\u00e5gor?<\/strong><\/p>\n\n\n\n<p>Har du fr\u00e5gor \u00e4r du alltid v\u00e4lkommen att kontakta oss.<\/p>\n","protected":false},"excerpt":{"rendered":"<p>Avtalet str\u00e4cker sig \u00f6ver 24 m\u00e5nader och \u00e4r i niv\u00e5 med det s\u00e5 kallade m\u00e4rket med ett avtalsv\u00e4rde p\u00e5 6,4 %. Det inneb\u00e4r att l\u00f6netariffer och till\u00e4gg h\u00f6js med 3,4 % fr\u00e5n och med den &hellip;<\/p>\n","protected":false},"author":14836,"featured_media":0,"comment_status":"closed","ping_status":"closed","sticky":false,"template":"","format":"standard","meta":{"_acf_changed":false,"footnotes":""},"categories":[724],"tags":[],"article_type":[313],"agreement":[221],"class_list":["post-79015","post","type-post","status-publish","format-standard","hentry","category-kollektivavtal","type-arbetsgivarnytt","agreement-587f7203-7b56-de11-bdb9-02bf9e69ca65"],"acf":[],"yoast_head":"<!-- This site is optimized with the Yoast SEO Premium plugin v26.8 (Yoast SEO v26.8) - https:\/\/yoast.com\/product\/yoast-seo-premium-wordpress\/ -->\n<title>Nytt kollektivavtal f\u00f6r Tidningsdistribution | Almega<\/title>\n<meta name=\"robots\" content=\"index, follow, max-snippet:-1, max-image-preview:large, max-video-preview:-1\" \/>\n<link rel=\"canonical\" href=\"https:\/\/www.almega.se\/2025\/04\/nytt-kollektivavtal-for-tidningsdistribution-3\/\" \/>\n<meta property=\"og:locale\" content=\"sv_SE\" \/>\n<meta property=\"og:type\" content=\"article\" \/>\n<meta property=\"og:title\" content=\"Nytt kollektivavtal f\u00f6r Tidningsdistribution\" \/>\n<meta property=\"og:description\" content=\"Avtalet str\u00e4cker sig \u00f6ver 24 m\u00e5nader och \u00e4r i niv\u00e5 med det s\u00e5 kallade m\u00e4rket med ett avtalsv\u00e4rde p\u00e5 6,4 %. Det inneb\u00e4r att l\u00f6netariffer och till\u00e4gg h\u00f6js med 3,4 % fr\u00e5n och med den &hellip;\" \/>\n<meta property=\"og:url\" content=\"https:\/\/www.almega.se\/2025\/04\/nytt-kollektivavtal-for-tidningsdistribution-3\/\" \/>\n<meta property=\"og:site_name\" content=\"Almega\" \/>\n<meta property=\"article:published_time\" content=\"2025-04-29T16:57:26+00:00\" \/>\n<meta property=\"article:modified_time\" content=\"2025-04-30T10:06:01+00:00\" \/>\n<meta property=\"og:image\" content=\"https:\/\/www.almega.se\/app\/uploads\/2020\/12\/almega-share-logo.png\" \/>\n\t<meta property=\"og:image:width\" content=\"1200\" \/>\n\t<meta property=\"og:image:height\" content=\"630\" \/>\n\t<meta property=\"og:image:type\" content=\"image\/png\" \/>\n<meta name=\"author\" content=\"Eva Pettersson\" \/>\n<meta name=\"twitter:card\" content=\"summary_large_image\" \/>\n<meta name=\"twitter:label1\" content=\"Skriven av\" \/>\n\t<meta name=\"twitter:data1\" content=\"Eva Pettersson\" \/>\n\t<meta name=\"twitter:label2\" content=\"Ber\u00e4knad l\u00e4stid\" \/>\n\t<meta name=\"twitter:data2\" content=\"1 minut\" \/>\n<!-- \/ Yoast SEO Premium plugin. -->","yoast_head_json":{"title":"Nytt kollektivavtal f\u00f6r Tidningsdistribution | Almega","robots":{"index":"index","follow":"follow","max-snippet":"max-snippet:-1","max-image-preview":"max-image-preview:large","max-video-preview":"max-video-preview:-1"},"canonical":"https:\/\/www.almega.se\/2025\/04\/nytt-kollektivavtal-for-tidningsdistribution-3\/","og_locale":"sv_SE","og_type":"article","og_title":"Nytt kollektivavtal f\u00f6r Tidningsdistribution","og_description":"Avtalet str\u00e4cker sig \u00f6ver 24 m\u00e5nader och \u00e4r i niv\u00e5 med det s\u00e5 kallade m\u00e4rket med ett avtalsv\u00e4rde p\u00e5 6,4 %. Det inneb\u00e4r att l\u00f6netariffer och till\u00e4gg h\u00f6js med 3,4 % fr\u00e5n och med den &hellip;","og_url":"https:\/\/www.almega.se\/2025\/04\/nytt-kollektivavtal-for-tidningsdistribution-3\/","og_site_name":"Almega","article_published_time":"2025-04-29T16:57:26+00:00","article_modified_time":"2025-04-30T10:06:01+00:00","og_image":[{"width":1200,"height":630,"url":"https:\/\/www.almega.se\/app\/uploads\/2020\/12\/almega-share-logo.png","type":"image\/png"}],"author":"Eva Pettersson","twitter_card":"summary_large_image","twitter_misc":{"Skriven av":"Eva Pettersson","Ber\u00e4knad l\u00e4stid":"1 minut"},"schema":{"@context":"https:\/\/schema.org","@graph":[{"@type":"NewsArticle","@id":"https:\/\/www.almega.se\/2025\/04\/nytt-kollektivavtal-for-tidningsdistribution-3\/#article","isPartOf":{"@id":"https:\/\/www.almega.se\/2025\/04\/nytt-kollektivavtal-for-tidningsdistribution-3\/"},"author":{"name":"Eva Pettersson","@id":"https:\/\/www.almega.se\/#\/schema\/person\/50d695bb8f918c77bd2be177892f84b1"},"headline":"Nytt kollektivavtal f\u00f6r Tidningsdistribution","datePublished":"2025-04-29T16:57:26+00:00","dateModified":"2025-04-30T10:06:01+00:00","mainEntityOfPage":{"@id":"https:\/\/www.almega.se\/2025\/04\/nytt-kollektivavtal-for-tidningsdistribution-3\/"},"wordCount":126,"articleSection":["Kollektivavtal"],"inLanguage":"sv-SE"},{"@type":"WebPage","@id":"https:\/\/www.almega.se\/2025\/04\/nytt-kollektivavtal-for-tidningsdistribution-3\/","url":"https:\/\/www.almega.se\/2025\/04\/nytt-kollektivavtal-for-tidningsdistribution-3\/","name":"Nytt kollektivavtal f\u00f6r Tidningsdistribution | Almega","isPartOf":{"@id":"https:\/\/www.almega.se\/#website"},"datePublished":"2025-04-29T16:57:26+00:00","dateModified":"2025-04-30T10:06:01+00:00","author":{"@id":"https:\/\/www.almega.se\/#\/schema\/person\/50d695bb8f918c77bd2be177892f84b1"},"breadcrumb":{"@id":"https:\/\/www.almega.se\/2025\/04\/nytt-kollektivavtal-for-tidningsdistribution-3\/#breadcrumb"},"inLanguage":"sv-SE","potentialAction":[{"@type":"ReadAction","target":["https:\/\/www.almega.se\/2025\/04\/nytt-kollektivavtal-for-tidningsdistribution-3\/"]}]},{"@type":"BreadcrumbList","@id":"https:\/\/www.almega.se\/2025\/04\/nytt-kollektivavtal-for-tidningsdistribution-3\/#breadcrumb","itemListElement":[{"@type":"ListItem","position":1,"name":"Home","item":"https:\/\/www.almega.se\/"},{"@type":"ListItem","position":2,"name":"Nytt kollektivavtal f\u00f6r Tidningsdistribution"}]},{"@type":"WebSite","@id":"https:\/\/www.almega.se\/#website","url":"https:\/\/www.almega.se\/","name":"Almega","description":"","potentialAction":[{"@type":"SearchAction","target":{"@type":"EntryPoint","urlTemplate":"https:\/\/www.almega.se\/?s={search_term_string}"},"query-input":{"@type":"PropertyValueSpecification","valueRequired":true,"valueName":"search_term_string"}}],"inLanguage":"sv-SE"},{"@type":"Person","@id":"https:\/\/www.almega.se\/#\/schema\/person\/50d695bb8f918c77bd2be177892f84b1","name":"Eva Pettersson","image":{"@type":"ImageObject","inLanguage":"sv-SE","@id":"https:\/\/www.almega.se\/#\/schema\/person\/image\/","url":"https:\/\/secure.gravatar.com\/avatar\/c4811d04bd37924073d3b0ce1984d0651f0f37902ffb665f3ca439bb5b3e306f?s=96&d=mm&r=g","contentUrl":"https:\/\/secure.gravatar.com\/avatar\/c4811d04bd37924073d3b0ce1984d0651f0f37902ffb665f3ca439bb5b3e306f?s=96&d=mm&r=g","caption":"Eva Pettersson"},"url":"https:\/\/www.almega.se\/person\/evapettersson-2\/"}]}},"_links":{"self":[{"href":"https:\/\/www.almega.se\/api\/wp\/v2\/posts\/79015","targetHints":{"allow":["GET"]}}],"collection":[{"href":"https:\/\/www.almega.se\/api\/wp\/v2\/posts"}],"about":[{"href":"https:\/\/www.almega.se\/api\/wp\/v2\/types\/post"}],"author":[{"embeddable":true,"href":"https:\/\/www.almega.se\/api\/wp\/v2\/users\/14836"}],"replies":[{"embeddable":true,"href":"https:\/\/www.almega.se\/api\/wp\/v2\/comments?post=79015"}],"version-history":[{"count":5,"href":"https:\/\/www.almega.se\/api\/wp\/v2\/posts\/79015\/revisions"}],"predecessor-version":[{"id":79027,"href":"https:\/\/www.almega.se\/api\/wp\/v2\/posts\/79015\/revisions\/79027"}],"wp:attachment":[{"href":"https:\/\/www.almega.se\/api\/wp\/v2\/media?parent=79015"}],"wp:term":[{"taxonomy":"category","embeddable":true,"href":"https:\/\/www.almega.se\/api\/wp\/v2\/categories?post=79015"},{"taxonomy":"post_tag","embeddable":true,"href":"https:\/\/www.almega.se\/api\/wp\/v2\/tags?post=79015"},{"taxonomy":"type","embeddable":true,"href":"https:\/\/www.almega.se\/api\/wp\/v2\/article_type?post=79015"},{"taxonomy":"agreement","embeddable":true,"href":"https:\/\/www.almega.se\/api\/wp\/v2\/agreement?post=79015"}],"curies":[{"name":"wp","href":"https:\/\/api.w.org\/{rel}","templated":true}]}}