{"id":79012,"date":"2025-04-29T16:50:35","date_gmt":"2025-04-29T14:50:35","guid":{"rendered":"https:\/\/www.almega.se\/?p=79012"},"modified":"2025-04-29T16:50:36","modified_gmt":"2025-04-29T14:50:36","slug":"forhandlingarna-om-nytt-tjanstemannaavtal-for-kompetensforetagen-2","status":"publish","type":"post","link":"https:\/\/www.almega.se\/2025\/04\/forhandlingarna-om-nytt-tjanstemannaavtal-for-kompetensforetagen-2\/","title":{"rendered":"F\u00f6rhandlingarna om nytt tj\u00e4nstemannaavtal f\u00f6r Kompetens&shy;f\u00f6retagen"},"content":{"rendered":"<p class=\"intro\">Kompetensf\u00f6retagens tj\u00e4nstemannaavtal med Unionen och Akademikerf\u00f6rbunden l\u00f6per ut den 30 april 2025. Nuvarande tj\u00e4nstemannaavtal forts\u00e4tter att l\u00f6pa \u00e4ven efter detta datum, fram till att parterna kommer \u00f6verens om nytt avtal, om ingenting annat meddelas.<\/p>\n\n<p>F\u00f6rhandlingarna med v\u00e5ra fackliga motparter avseende nytt kollektivavtal p\u00e5g\u00e5r fortsatt, men \u00e4r \u00e4nnu inte i m\u00e5l. Nya f\u00f6rhandlingsdagar \u00e4r utsatta med den gemensamma m\u00e5ls\u00e4ttningen att teckna nytt kollektivavtal s\u00e5 snart som m\u00f6jligt.<\/p>\n\n\n\n<p>Kompetensf\u00f6retagen arbetar nu intensivt f\u00f6r att f\u00e5 till st\u00e5nd ett nytt kollektivavtal. Vi har som \u00f6vergripande m\u00e5l att teckna ett avtal som \u00e4r i niv\u00e5 med \u00f6vriga p\u00e5 arbetsmarknaden. Ut\u00f6ver det \u00e4r det v\u00e5r uppgift att s\u00e4kerst\u00e4lla att vi f\u00e5r till st\u00e5nd en branschanpassad l\u00f6sning som m\u00f6ter v\u00e5ra motparters yrkande om arbetstidsf\u00f6rkortning.<\/p>\n\n\n\n<p>Vi \u00e5terkommer s\u00e5 snart det \u00e4r m\u00f6jligt med mer information i Arbetsgivarnytt.<\/p>\n","protected":false},"excerpt":{"rendered":"<p>F\u00f6rhandlingarna med v\u00e5ra fackliga motparter avseende nytt kollektivavtal p\u00e5g\u00e5r fortsatt, men \u00e4r \u00e4nnu inte i m\u00e5l. Nya f\u00f6rhandlingsdagar \u00e4r utsatta med den gemensamma m\u00e5ls\u00e4ttningen att teckna nytt kollektivavtal s\u00e5 snart som m\u00f6jligt. Kompetensf\u00f6retagen arbetar nu &hellip;<\/p>\n","protected":false},"author":89,"featured_media":0,"comment_status":"closed","ping_status":"closed","sticky":false,"template":"","format":"standard","meta":{"_acf_changed":false,"footnotes":""},"categories":[1],"tags":[],"article_type":[313],"agreement":[108,128],"class_list":["post-79012","post","type-post","status-publish","format-standard","hentry","category-okategoriserade","type-arbetsgivarnytt","agreement-acce80f7-ff07-de11-b4e1-02bf9e69ca65","agreement-abce80f7-ff07-de11-b4e1-02bf9e69ca65"],"acf":[],"yoast_head":"<!-- This site is optimized with the Yoast SEO Premium plugin v26.8 (Yoast SEO v26.8) - https:\/\/yoast.com\/product\/yoast-seo-premium-wordpress\/ -->\n<title>F\u00f6rhandlingarna om nytt tj\u00e4nstemannaavtal f\u00f6r Kompetensf\u00f6retagen | Almega<\/title>\n<meta name=\"robots\" content=\"index, follow, max-snippet:-1, max-image-preview:large, max-video-preview:-1\" \/>\n<link rel=\"canonical\" href=\"https:\/\/www.almega.se\/2025\/04\/forhandlingarna-om-nytt-tjanstemannaavtal-for-kompetensforetagen-2\/\" \/>\n<meta property=\"og:locale\" content=\"sv_SE\" \/>\n<meta property=\"og:type\" content=\"article\" \/>\n<meta property=\"og:title\" content=\"F\u00f6rhandlingarna om nytt tj\u00e4nstemannaavtal f\u00f6r Kompetensf\u00f6retagen\" \/>\n<meta property=\"og:description\" content=\"F\u00f6rhandlingarna med v\u00e5ra fackliga motparter avseende nytt kollektivavtal p\u00e5g\u00e5r fortsatt, men \u00e4r \u00e4nnu inte i m\u00e5l. Nya f\u00f6rhandlingsdagar \u00e4r utsatta med den gemensamma m\u00e5ls\u00e4ttningen att teckna nytt kollektivavtal s\u00e5 snart som m\u00f6jligt. Kompetensf\u00f6retagen arbetar nu &hellip;\" \/>\n<meta property=\"og:url\" content=\"https:\/\/www.almega.se\/2025\/04\/forhandlingarna-om-nytt-tjanstemannaavtal-for-kompetensforetagen-2\/\" \/>\n<meta property=\"og:site_name\" content=\"Almega\" \/>\n<meta property=\"article:published_time\" content=\"2025-04-29T14:50:35+00:00\" \/>\n<meta property=\"article:modified_time\" content=\"2025-04-29T14:50:36+00:00\" \/>\n<meta property=\"og:image\" content=\"https:\/\/www.almega.se\/app\/uploads\/2020\/12\/almega-share-logo.png\" \/>\n\t<meta property=\"og:image:width\" content=\"1200\" \/>\n\t<meta property=\"og:image:height\" content=\"630\" \/>\n\t<meta property=\"og:image:type\" content=\"image\/png\" \/>\n<meta name=\"author\" content=\"Lena Martinell \u00c5kerblom\" \/>\n<meta name=\"twitter:card\" content=\"summary_large_image\" \/>\n<meta name=\"twitter:label1\" content=\"Skriven av\" \/>\n\t<meta name=\"twitter:data1\" content=\"Lena Martinell \u00c5kerblom\" \/>\n\t<meta name=\"twitter:label2\" content=\"Ber\u00e4knad l\u00e4stid\" \/>\n\t<meta name=\"twitter:data2\" content=\"1 minut\" \/>\n<!-- \/ Yoast SEO Premium plugin. -->","yoast_head_json":{"title":"F\u00f6rhandlingarna om nytt tj\u00e4nstemannaavtal f\u00f6r Kompetensf\u00f6retagen | Almega","robots":{"index":"index","follow":"follow","max-snippet":"max-snippet:-1","max-image-preview":"max-image-preview:large","max-video-preview":"max-video-preview:-1"},"canonical":"https:\/\/www.almega.se\/2025\/04\/forhandlingarna-om-nytt-tjanstemannaavtal-for-kompetensforetagen-2\/","og_locale":"sv_SE","og_type":"article","og_title":"F\u00f6rhandlingarna om nytt tj\u00e4nstemannaavtal f\u00f6r Kompetensf\u00f6retagen","og_description":"F\u00f6rhandlingarna med v\u00e5ra fackliga motparter avseende nytt kollektivavtal p\u00e5g\u00e5r fortsatt, men \u00e4r \u00e4nnu inte i m\u00e5l. Nya f\u00f6rhandlingsdagar \u00e4r utsatta med den gemensamma m\u00e5ls\u00e4ttningen att teckna nytt kollektivavtal s\u00e5 snart som m\u00f6jligt. Kompetensf\u00f6retagen arbetar nu &hellip;","og_url":"https:\/\/www.almega.se\/2025\/04\/forhandlingarna-om-nytt-tjanstemannaavtal-for-kompetensforetagen-2\/","og_site_name":"Almega","article_published_time":"2025-04-29T14:50:35+00:00","article_modified_time":"2025-04-29T14:50:36+00:00","og_image":[{"width":1200,"height":630,"url":"https:\/\/www.almega.se\/app\/uploads\/2020\/12\/almega-share-logo.png","type":"image\/png"}],"author":"Lena Martinell \u00c5kerblom","twitter_card":"summary_large_image","twitter_misc":{"Skriven av":"Lena Martinell \u00c5kerblom","Ber\u00e4knad l\u00e4stid":"1 minut"},"schema":{"@context":"https:\/\/schema.org","@graph":[{"@type":"NewsArticle","@id":"https:\/\/www.almega.se\/2025\/04\/forhandlingarna-om-nytt-tjanstemannaavtal-for-kompetensforetagen-2\/#article","isPartOf":{"@id":"https:\/\/www.almega.se\/2025\/04\/forhandlingarna-om-nytt-tjanstemannaavtal-for-kompetensforetagen-2\/"},"author":{"name":"Lena Martinell \u00c5kerblom","@id":"https:\/\/www.almega.se\/#\/schema\/person\/be1f5c450f9fd79fd3ce7cee9c56d246"},"headline":"F\u00f6rhandlingarna om nytt tj\u00e4nstemannaavtal f\u00f6r Kompetens&shy;f\u00f6retagen","datePublished":"2025-04-29T14:50:35+00:00","dateModified":"2025-04-29T14:50:36+00:00","mainEntityOfPage":{"@id":"https:\/\/www.almega.se\/2025\/04\/forhandlingarna-om-nytt-tjanstemannaavtal-for-kompetensforetagen-2\/"},"wordCount":130,"inLanguage":"sv-SE"},{"@type":"WebPage","@id":"https:\/\/www.almega.se\/2025\/04\/forhandlingarna-om-nytt-tjanstemannaavtal-for-kompetensforetagen-2\/","url":"https:\/\/www.almega.se\/2025\/04\/forhandlingarna-om-nytt-tjanstemannaavtal-for-kompetensforetagen-2\/","name":"F\u00f6rhandlingarna om nytt tj\u00e4nstemannaavtal f\u00f6r Kompetensf\u00f6retagen | Almega","isPartOf":{"@id":"https:\/\/www.almega.se\/#website"},"datePublished":"2025-04-29T14:50:35+00:00","dateModified":"2025-04-29T14:50:36+00:00","author":{"@id":"https:\/\/www.almega.se\/#\/schema\/person\/be1f5c450f9fd79fd3ce7cee9c56d246"},"breadcrumb":{"@id":"https:\/\/www.almega.se\/2025\/04\/forhandlingarna-om-nytt-tjanstemannaavtal-for-kompetensforetagen-2\/#breadcrumb"},"inLanguage":"sv-SE","potentialAction":[{"@type":"ReadAction","target":["https:\/\/www.almega.se\/2025\/04\/forhandlingarna-om-nytt-tjanstemannaavtal-for-kompetensforetagen-2\/"]}]},{"@type":"BreadcrumbList","@id":"https:\/\/www.almega.se\/2025\/04\/forhandlingarna-om-nytt-tjanstemannaavtal-for-kompetensforetagen-2\/#breadcrumb","itemListElement":[{"@type":"ListItem","position":1,"name":"Home","item":"https:\/\/www.almega.se\/"},{"@type":"ListItem","position":2,"name":"F\u00f6rhandlingarna om nytt tj\u00e4nstemannaavtal f\u00f6r Kompetens&shy;f\u00f6retagen"}]},{"@type":"WebSite","@id":"https:\/\/www.almega.se\/#website","url":"https:\/\/www.almega.se\/","name":"Almega","description":"","potentialAction":[{"@type":"SearchAction","target":{"@type":"EntryPoint","urlTemplate":"https:\/\/www.almega.se\/?s={search_term_string}"},"query-input":{"@type":"PropertyValueSpecification","valueRequired":true,"valueName":"search_term_string"}}],"inLanguage":"sv-SE"},{"@type":"Person","@id":"https:\/\/www.almega.se\/#\/schema\/person\/be1f5c450f9fd79fd3ce7cee9c56d246","name":"Lena Martinell \u00c5kerblom","image":{"@type":"ImageObject","inLanguage":"sv-SE","@id":"https:\/\/www.almega.se\/#\/schema\/person\/image\/","url":"https:\/\/secure.gravatar.com\/avatar\/6b96f0f959d0411120737c5f1f1bb551e7f38fe13ddbaab86a1108e9f0051c53?s=96&d=mm&r=g","contentUrl":"https:\/\/secure.gravatar.com\/avatar\/6b96f0f959d0411120737c5f1f1bb551e7f38fe13ddbaab86a1108e9f0051c53?s=96&d=mm&r=g","caption":"Lena Martinell \u00c5kerblom"},"description":"Lena \u00e4r team leader f\u00f6r administrat\u00f6rerna inom Arbetsgivarservice p\u00e5 Almega i Stockholm.","url":"https:\/\/www.almega.se\/person\/lenamartinellakerblom\/"}]}},"_links":{"self":[{"href":"https:\/\/www.almega.se\/api\/wp\/v2\/posts\/79012","targetHints":{"allow":["GET"]}}],"collection":[{"href":"https:\/\/www.almega.se\/api\/wp\/v2\/posts"}],"about":[{"href":"https:\/\/www.almega.se\/api\/wp\/v2\/types\/post"}],"author":[{"embeddable":true,"href":"https:\/\/www.almega.se\/api\/wp\/v2\/users\/89"}],"replies":[{"embeddable":true,"href":"https:\/\/www.almega.se\/api\/wp\/v2\/comments?post=79012"}],"version-history":[{"count":2,"href":"https:\/\/www.almega.se\/api\/wp\/v2\/posts\/79012\/revisions"}],"predecessor-version":[{"id":79014,"href":"https:\/\/www.almega.se\/api\/wp\/v2\/posts\/79012\/revisions\/79014"}],"wp:attachment":[{"href":"https:\/\/www.almega.se\/api\/wp\/v2\/media?parent=79012"}],"wp:term":[{"taxonomy":"category","embeddable":true,"href":"https:\/\/www.almega.se\/api\/wp\/v2\/categories?post=79012"},{"taxonomy":"post_tag","embeddable":true,"href":"https:\/\/www.almega.se\/api\/wp\/v2\/tags?post=79012"},{"taxonomy":"type","embeddable":true,"href":"https:\/\/www.almega.se\/api\/wp\/v2\/article_type?post=79012"},{"taxonomy":"agreement","embeddable":true,"href":"https:\/\/www.almega.se\/api\/wp\/v2\/agreement?post=79012"}],"curies":[{"name":"wp","href":"https:\/\/api.w.org\/{rel}","templated":true}]}}