{"id":78992,"date":"2025-04-28T16:16:36","date_gmt":"2025-04-28T14:16:36","guid":{"rendered":"https:\/\/www.almega.se\/2025\/04\/nytt-kollektivavtal-med-unionen-och-akademikerforbunden\/"},"modified":"2025-04-30T09:56:57","modified_gmt":"2025-04-30T07:56:57","slug":"nytt-kollektivavtal-med-unionen-och-akademikerforbunden","status":"publish","type":"post","link":"https:\/\/www.almega.se\/2025\/04\/nytt-kollektivavtal-med-unionen-och-akademikerforbunden\/","title":{"rendered":"Nytt kollektivavtal med Unionen och Akademiker&shy;f\u00f6rbunden"},"content":{"rendered":"\n<p class=\"intro\">Almega Tj\u00e4nstef\u00f6retagen och Medief\u00f6retagen har tecknat nytt kollektivavtal f\u00f6r tj\u00e4nstem\u00e4n med Akademikerf\u00f6rbunden och Unionen, Gr\u00f6na avtalet. Det nya avtalet str\u00e4cker sig \u00f6ver 24 m\u00e5nader med Ett avtalsv\u00e4rde p\u00e5 6,4 procent. Kostnaden f\u00f6rdelas med l\u00f6ne\u00f6kningar p\u00e5 5,5 procent, en arbetstidsf\u00f6rkortning p\u00e5 0,5 procent och avs\u00e4ttning till flexpension p\u00e5 0,4 procent.<\/p>\n<p>\u2013 Mot bakgrund av de sv\u00e5ra fr\u00e5gor som varit p\u00e5 f\u00f6rhandlingsbordet \u00e4r vi n\u00f6jda med resultatet. Vi har tillsammans med v\u00e5ra fackliga motparter haft konstruktiva f\u00f6rhandlingar och tagit ansvar. Tj\u00e4nstesektorn forts\u00e4tter att leverera kollektivavtal som g\u00f6r att f\u00f6retagen kan utvecklas efter sina f\u00f6ruts\u00e4ttningar, s\u00e4ger Gunnar Ekbrant, Almega Tj\u00e4nstef\u00f6retagens f\u00f6rhandlingsledare p\u00e5 avtalsomr\u00e5det. \u00a0<\/p>\n<p>Avtalet f\u00e5r \u00e4ven f\u00f6rb\u00e4ttrade konstruktioner i l\u00f6neavtalen och n\u00e4r det g\u00e4ller semesterl\u00f6n i r\u00f6rliga l\u00f6nedelar.\u00a0<\/p>\n<p>\u2013 F\u00f6retagen f\u00e5r branschanpassade avtal inom de ramar arbetsmarknadens parter \u00e4r \u00f6verens om. Vi \u00f6kar ocks\u00e5 m\u00f6jligheten till individuella \u00f6verenskommelser, s\u00e4ger Gunnar Ekbrant.<\/p>\n<p>Avtalet, som g\u00e5r under ben\u00e4mningen\u00a0Gr\u00f6na avtalet, omfattar ca\u00a040\u00a0000 tj\u00e4nstem\u00e4n p\u00e5 bland annat\u00a0It-f\u00f6retag, konsulter,\u00a0redovisningsbyr\u00e5er, reklambyr\u00e5er, resebyr\u00e5er, biografer, m\u00e4ssor och eventf\u00f6retag.<\/p>\n<\/p>\n<p><em>Attraktiva och branschanpassade villkor \u00e4r avg\u00f6rande f\u00f6r tj\u00e4nstesektorns framg\u00e5ng och Almega str\u00e4var alltid efter att skapa de b\u00e4sta f\u00f6ruts\u00e4ttningarna f\u00f6r b\u00e5de arbetsgivare och medarbetare. Under avtalsr\u00f6relsen 2025 tecknar Almega sammanlagt 125 avtal, flest av alla arbetsgivarorganisationer.<\/em><\/p>\n\n","protected":false},"excerpt":{"rendered":"<p>Almega Tj\u00e4nstef\u00f6retagen och Medief\u00f6retagen har tecknat nytt kollektivavtal f\u00f6r tj\u00e4nstem\u00e4n med Akademikerf\u00f6rbunden och Unionen, Gr\u00f6na avtalet. Det nya avtalet str\u00e4cker sig \u00f6ver 24 m\u00e5nader med Ett avtalsv\u00e4rde p\u00e5 6,4 procent. Kostnaden f\u00f6rdelas med l\u00f6ne\u00f6kningar p\u00e5 5,5 procent, en arbetstidsf\u00f6rkortning p\u00e5 0,5 procent och avs\u00e4ttning till flexpension p\u00e5 0,4 procent.<\/p>\n","protected":false},"author":6356,"featured_media":78993,"comment_status":"closed","ping_status":"closed","sticky":false,"template":"","format":"standard","meta":{"_acf_changed":false,"footnotes":""},"categories":[636],"tags":[],"article_type":[93],"agreement":[],"class_list":["post-78992","post","type-post","status-publish","format-standard","has-post-thumbnail","hentry","category-avtalsrorelse","type-pressmeddelanden"],"acf":[],"yoast_head":"<!-- This site is optimized with the Yoast SEO Premium plugin v26.8 (Yoast SEO v26.8) - https:\/\/yoast.com\/product\/yoast-seo-premium-wordpress\/ -->\n<title>Nytt kollektivavtal med Unionen och Akademikerf\u00f6rbunden | Almega<\/title>\n<meta name=\"robots\" content=\"index, follow, max-snippet:-1, max-image-preview:large, max-video-preview:-1\" \/>\n<link rel=\"canonical\" href=\"https:\/\/www.almega.se\/2025\/04\/nytt-kollektivavtal-med-unionen-och-akademikerforbunden\/\" \/>\n<meta property=\"og:locale\" content=\"sv_SE\" \/>\n<meta property=\"og:type\" content=\"article\" \/>\n<meta property=\"og:title\" content=\"Nytt kollektivavtal med Unionen och Akademikerf\u00f6rbunden\" \/>\n<meta property=\"og:description\" content=\"Almega Tj\u00e4nstef\u00f6retagen och Medief\u00f6retagen har tecknat nytt kollektivavtal f\u00f6r tj\u00e4nstem\u00e4n med Akademikerf\u00f6rbunden och Unionen, Gr\u00f6na avtalet. Det nya avtalet str\u00e4cker sig \u00f6ver 24 m\u00e5nader med Ett avtalsv\u00e4rde p\u00e5 6,4 procent. Kostnaden f\u00f6rdelas med l\u00f6ne\u00f6kningar p\u00e5 5,5 procent, en arbetstidsf\u00f6rkortning p\u00e5 0,5 procent och avs\u00e4ttning till flexpension p\u00e5 0,4 procent.\" \/>\n<meta property=\"og:url\" content=\"https:\/\/www.almega.se\/2025\/04\/nytt-kollektivavtal-med-unionen-och-akademikerforbunden\/\" \/>\n<meta property=\"og:site_name\" content=\"Almega\" \/>\n<meta property=\"article:published_time\" content=\"2025-04-28T14:16:36+00:00\" \/>\n<meta property=\"article:modified_time\" content=\"2025-04-30T07:56:57+00:00\" \/>\n<meta property=\"og:image\" content=\"https:\/\/www.almega.se\/app\/uploads\/2025\/04\/e14588eb-bf7e-449c-86f2-4203ed21abf5-scaled.jpg\" \/>\n\t<meta property=\"og:image:width\" content=\"2560\" \/>\n\t<meta property=\"og:image:height\" content=\"2560\" \/>\n\t<meta property=\"og:image:type\" content=\"image\/jpeg\" \/>\n<meta name=\"author\" content=\"Erik Juhlin\" \/>\n<meta name=\"twitter:card\" content=\"summary_large_image\" \/>\n<meta name=\"twitter:label1\" content=\"Skriven av\" \/>\n\t<meta name=\"twitter:data1\" content=\"Erik Juhlin\" \/>\n\t<meta name=\"twitter:label2\" content=\"Ber\u00e4knad l\u00e4stid\" \/>\n\t<meta name=\"twitter:data2\" content=\"1 minut\" \/>\n<!-- \/ Yoast SEO Premium plugin. -->","yoast_head_json":{"title":"Nytt kollektivavtal med Unionen och Akademikerf\u00f6rbunden | Almega","robots":{"index":"index","follow":"follow","max-snippet":"max-snippet:-1","max-image-preview":"max-image-preview:large","max-video-preview":"max-video-preview:-1"},"canonical":"https:\/\/www.almega.se\/2025\/04\/nytt-kollektivavtal-med-unionen-och-akademikerforbunden\/","og_locale":"sv_SE","og_type":"article","og_title":"Nytt kollektivavtal med Unionen och Akademikerf\u00f6rbunden","og_description":"Almega Tj\u00e4nstef\u00f6retagen och Medief\u00f6retagen har tecknat nytt kollektivavtal f\u00f6r tj\u00e4nstem\u00e4n med Akademikerf\u00f6rbunden och Unionen, Gr\u00f6na avtalet. Det nya avtalet str\u00e4cker sig \u00f6ver 24 m\u00e5nader med Ett avtalsv\u00e4rde p\u00e5 6,4 procent. Kostnaden f\u00f6rdelas med l\u00f6ne\u00f6kningar p\u00e5 5,5 procent, en arbetstidsf\u00f6rkortning p\u00e5 0,5 procent och avs\u00e4ttning till flexpension p\u00e5 0,4 procent.","og_url":"https:\/\/www.almega.se\/2025\/04\/nytt-kollektivavtal-med-unionen-och-akademikerforbunden\/","og_site_name":"Almega","article_published_time":"2025-04-28T14:16:36+00:00","article_modified_time":"2025-04-30T07:56:57+00:00","og_image":[{"width":2560,"height":2560,"url":"https:\/\/www.almega.se\/app\/uploads\/2025\/04\/e14588eb-bf7e-449c-86f2-4203ed21abf5-scaled.jpg","type":"image\/jpeg"}],"author":"Erik Juhlin","twitter_card":"summary_large_image","twitter_misc":{"Skriven av":"Erik Juhlin","Ber\u00e4knad l\u00e4stid":"1 minut"},"schema":{"@context":"https:\/\/schema.org","@graph":[{"@type":"NewsArticle","@id":"https:\/\/www.almega.se\/2025\/04\/nytt-kollektivavtal-med-unionen-och-akademikerforbunden\/#article","isPartOf":{"@id":"https:\/\/www.almega.se\/2025\/04\/nytt-kollektivavtal-med-unionen-och-akademikerforbunden\/"},"author":{"name":"Erik Juhlin","@id":"https:\/\/www.almega.se\/#\/schema\/person\/3c181ea7ead5ab7b14c61584637720f5"},"headline":"Nytt kollektivavtal med Unionen och Akademiker&shy;f\u00f6rbunden","datePublished":"2025-04-28T14:16:36+00:00","dateModified":"2025-04-30T07:56:57+00:00","mainEntityOfPage":{"@id":"https:\/\/www.almega.se\/2025\/04\/nytt-kollektivavtal-med-unionen-och-akademikerforbunden\/"},"wordCount":262,"image":{"@id":"https:\/\/www.almega.se\/2025\/04\/nytt-kollektivavtal-med-unionen-och-akademikerforbunden\/#primaryimage"},"thumbnailUrl":"https:\/\/www.almega.se\/app\/uploads\/2025\/04\/e14588eb-bf7e-449c-86f2-4203ed21abf5-scaled.jpg","articleSection":["Avtalsr\u00f6relse"],"inLanguage":"sv-SE"},{"@type":"WebPage","@id":"https:\/\/www.almega.se\/2025\/04\/nytt-kollektivavtal-med-unionen-och-akademikerforbunden\/","url":"https:\/\/www.almega.se\/2025\/04\/nytt-kollektivavtal-med-unionen-och-akademikerforbunden\/","name":"Nytt kollektivavtal med Unionen och Akademikerf\u00f6rbunden | Almega","isPartOf":{"@id":"https:\/\/www.almega.se\/#website"},"primaryImageOfPage":{"@id":"https:\/\/www.almega.se\/2025\/04\/nytt-kollektivavtal-med-unionen-och-akademikerforbunden\/#primaryimage"},"image":{"@id":"https:\/\/www.almega.se\/2025\/04\/nytt-kollektivavtal-med-unionen-och-akademikerforbunden\/#primaryimage"},"thumbnailUrl":"https:\/\/www.almega.se\/app\/uploads\/2025\/04\/e14588eb-bf7e-449c-86f2-4203ed21abf5-scaled.jpg","datePublished":"2025-04-28T14:16:36+00:00","dateModified":"2025-04-30T07:56:57+00:00","author":{"@id":"https:\/\/www.almega.se\/#\/schema\/person\/3c181ea7ead5ab7b14c61584637720f5"},"breadcrumb":{"@id":"https:\/\/www.almega.se\/2025\/04\/nytt-kollektivavtal-med-unionen-och-akademikerforbunden\/#breadcrumb"},"inLanguage":"sv-SE","potentialAction":[{"@type":"ReadAction","target":["https:\/\/www.almega.se\/2025\/04\/nytt-kollektivavtal-med-unionen-och-akademikerforbunden\/"]}]},{"@type":"ImageObject","inLanguage":"sv-SE","@id":"https:\/\/www.almega.se\/2025\/04\/nytt-kollektivavtal-med-unionen-och-akademikerforbunden\/#primaryimage","url":"https:\/\/www.almega.se\/app\/uploads\/2025\/04\/e14588eb-bf7e-449c-86f2-4203ed21abf5-scaled.jpg","contentUrl":"https:\/\/www.almega.se\/app\/uploads\/2025\/04\/e14588eb-bf7e-449c-86f2-4203ed21abf5-scaled.jpg","width":2560,"height":2560,"caption":"Gunnar Ekbrant, f\u00f6rhandlingsledare inom Almega Tj\u00e4nstef\u00f6retagen"},{"@type":"BreadcrumbList","@id":"https:\/\/www.almega.se\/2025\/04\/nytt-kollektivavtal-med-unionen-och-akademikerforbunden\/#breadcrumb","itemListElement":[{"@type":"ListItem","position":1,"name":"Home","item":"https:\/\/www.almega.se\/"},{"@type":"ListItem","position":2,"name":"Nytt kollektivavtal med Unionen och Akademiker&shy;f\u00f6rbunden"}]},{"@type":"WebSite","@id":"https:\/\/www.almega.se\/#website","url":"https:\/\/www.almega.se\/","name":"Almega","description":"","potentialAction":[{"@type":"SearchAction","target":{"@type":"EntryPoint","urlTemplate":"https:\/\/www.almega.se\/?s={search_term_string}"},"query-input":{"@type":"PropertyValueSpecification","valueRequired":true,"valueName":"search_term_string"}}],"inLanguage":"sv-SE"},{"@type":"Person","@id":"https:\/\/www.almega.se\/#\/schema\/person\/3c181ea7ead5ab7b14c61584637720f5","name":"Erik Juhlin","image":{"@type":"ImageObject","inLanguage":"sv-SE","@id":"https:\/\/www.almega.se\/#\/schema\/person\/image\/","url":"https:\/\/secure.gravatar.com\/avatar\/ef0e97454357041724f27ea1630fa5bf78b30eea6fc56998e6a03142ad5b1370?s=96&d=mm&r=g","contentUrl":"https:\/\/secure.gravatar.com\/avatar\/ef0e97454357041724f27ea1630fa5bf78b30eea6fc56998e6a03142ad5b1370?s=96&d=mm&r=g","caption":"Erik Juhlin"},"url":"https:\/\/www.almega.se\/person\/erikjuhlin\/"}]}},"_links":{"self":[{"href":"https:\/\/www.almega.se\/api\/wp\/v2\/posts\/78992","targetHints":{"allow":["GET"]}}],"collection":[{"href":"https:\/\/www.almega.se\/api\/wp\/v2\/posts"}],"about":[{"href":"https:\/\/www.almega.se\/api\/wp\/v2\/types\/post"}],"author":[{"embeddable":true,"href":"https:\/\/www.almega.se\/api\/wp\/v2\/users\/6356"}],"replies":[{"embeddable":true,"href":"https:\/\/www.almega.se\/api\/wp\/v2\/comments?post=78992"}],"version-history":[{"count":2,"href":"https:\/\/www.almega.se\/api\/wp\/v2\/posts\/78992\/revisions"}],"predecessor-version":[{"id":79033,"href":"https:\/\/www.almega.se\/api\/wp\/v2\/posts\/78992\/revisions\/79033"}],"wp:featuredmedia":[{"embeddable":true,"href":"https:\/\/www.almega.se\/api\/wp\/v2\/media\/78993"}],"wp:attachment":[{"href":"https:\/\/www.almega.se\/api\/wp\/v2\/media?parent=78992"}],"wp:term":[{"taxonomy":"category","embeddable":true,"href":"https:\/\/www.almega.se\/api\/wp\/v2\/categories?post=78992"},{"taxonomy":"post_tag","embeddable":true,"href":"https:\/\/www.almega.se\/api\/wp\/v2\/tags?post=78992"},{"taxonomy":"type","embeddable":true,"href":"https:\/\/www.almega.se\/api\/wp\/v2\/article_type?post=78992"},{"taxonomy":"agreement","embeddable":true,"href":"https:\/\/www.almega.se\/api\/wp\/v2\/agreement?post=78992"}],"curies":[{"name":"wp","href":"https:\/\/api.w.org\/{rel}","templated":true}]}}