{"id":7895,"date":"2012-07-02T09:00:00","date_gmt":"2012-07-02T09:00:00","guid":{"rendered":"http:\/\/almega-bento\/wp\/blog\/2012\/07\/02\/forslag-for-ett-mer-langre-och-dynamiskt-arbetsliv\/"},"modified":"2022-12-20T16:21:39","modified_gmt":"2022-12-20T15:21:39","slug":"forslag-for-ett-mer-langre-och-dynamiskt-arbetsliv","status":"publish","type":"post","link":"https:\/\/www.almega.se\/2012\/07\/forslag-for-ett-mer-langre-och-dynamiskt-arbetsliv\/","title":{"rendered":"F\u00f6rslag f\u00f6r ett mer l\u00e4ngre och dynamiskt arbetsliv"},"content":{"rendered":"\n<p class=\"intro\">Almega presenterar reformf\u00f6rslag under Almedalsveckan 2012. <\/p>\n<p>Fem &aring;r har g&aring;tt sedan regeringen sj&ouml;satte sin arbetslinje. &Auml;nd&aring; ligger ungdomsarbetsl&ouml;sheten kvar p&aring; rekordniv&aring;er och m&auml;nniskor som fallit bort fr&aring;n arbetsmarknaden har fortfarande sv&aring;rt att komma tillbaka. Samtidigt st&auml;ller utvecklingen i ekonomin med en v&auml;xande tj&auml;nstesektor allt st&ouml;rre krav p&aring; en h&ouml;g omst&auml;llningsf&ouml;rm&aring;ga. Det &auml;r h&ouml;g tid f&ouml;r regeringen att &aring;ter kraftsamla kring jobbpolitiken och s&auml;tta ig&aring;ng ett reformarbete f&ouml;r att m&ouml;ta dessa utmaningar.<\/p>\n<p><a href=\"\/app\/uploads\/imported\/propp-omstallning1.pdf\" title=\"propp_omst\u00e4llning1.pdf\">L&auml;s&nbsp;rapporten<\/a> (pdf)<\/p>\n<\/p>\n","protected":false},"excerpt":{"rendered":"<p>Almega presenterar reformf\u00f6rslag under Almedalsveckan 2012. <\/p>\n","protected":false},"author":1,"featured_media":0,"comment_status":"closed","ping_status":"open","sticky":false,"template":"","format":"standard","meta":{"_acf_changed":false,"footnotes":""},"categories":[64],"tags":[60,65],"article_type":[42],"agreement":[],"class_list":["post-7895","post","type-post","status-publish","format-standard","hentry","category-arbetsmarknad","tag-almedalen","tag-arbetsloshet","type-rapporter"],"acf":[],"yoast_head":"<!-- This site is optimized with the Yoast SEO Premium plugin v26.8 (Yoast SEO v26.8) - https:\/\/yoast.com\/product\/yoast-seo-premium-wordpress\/ -->\n<title>F\u00f6rslag f\u00f6r ett mer l\u00e4ngre och dynamiskt arbetsliv | Almega<\/title>\n<meta name=\"robots\" content=\"index, follow, max-snippet:-1, max-image-preview:large, max-video-preview:-1\" \/>\n<link rel=\"canonical\" href=\"https:\/\/www.almega.se\/2012\/07\/forslag-for-ett-mer-langre-och-dynamiskt-arbetsliv\/\" \/>\n<meta property=\"og:locale\" content=\"sv_SE\" \/>\n<meta property=\"og:type\" content=\"article\" \/>\n<meta property=\"og:title\" content=\"F\u00f6rslag f\u00f6r ett mer l\u00e4ngre och dynamiskt arbetsliv\" \/>\n<meta property=\"og:description\" content=\"Almega presenterar reformf\u00f6rslag under Almedalsveckan 2012.\" \/>\n<meta property=\"og:url\" content=\"https:\/\/www.almega.se\/2012\/07\/forslag-for-ett-mer-langre-och-dynamiskt-arbetsliv\/\" \/>\n<meta property=\"og:site_name\" content=\"Almega\" \/>\n<meta property=\"article:published_time\" content=\"2012-07-02T09:00:00+00:00\" \/>\n<meta property=\"article:modified_time\" content=\"2022-12-20T15:21:39+00:00\" \/>\n<meta property=\"og:image\" content=\"https:\/\/www.almega.se\/app\/uploads\/2020\/12\/almega-share-logo.png\" \/>\n\t<meta property=\"og:image:width\" content=\"1200\" \/>\n\t<meta property=\"og:image:height\" content=\"630\" \/>\n\t<meta property=\"og:image:type\" content=\"image\/png\" \/>\n<meta name=\"author\" content=\"admin\" \/>\n<meta name=\"twitter:card\" content=\"summary_large_image\" \/>\n<meta name=\"twitter:label1\" content=\"Skriven av\" \/>\n\t<meta name=\"twitter:data1\" content=\"admin\" \/>\n\t<meta name=\"twitter:label2\" content=\"Ber\u00e4knad l\u00e4stid\" \/>\n\t<meta name=\"twitter:data2\" content=\"1 minut\" \/>\n<!-- \/ Yoast SEO Premium plugin. -->","yoast_head_json":{"title":"F\u00f6rslag f\u00f6r ett mer l\u00e4ngre och dynamiskt arbetsliv | Almega","robots":{"index":"index","follow":"follow","max-snippet":"max-snippet:-1","max-image-preview":"max-image-preview:large","max-video-preview":"max-video-preview:-1"},"canonical":"https:\/\/www.almega.se\/2012\/07\/forslag-for-ett-mer-langre-och-dynamiskt-arbetsliv\/","og_locale":"sv_SE","og_type":"article","og_title":"F\u00f6rslag f\u00f6r ett mer l\u00e4ngre och dynamiskt arbetsliv","og_description":"Almega presenterar reformf\u00f6rslag under Almedalsveckan 2012.","og_url":"https:\/\/www.almega.se\/2012\/07\/forslag-for-ett-mer-langre-och-dynamiskt-arbetsliv\/","og_site_name":"Almega","article_published_time":"2012-07-02T09:00:00+00:00","article_modified_time":"2022-12-20T15:21:39+00:00","og_image":[{"width":1200,"height":630,"url":"https:\/\/www.almega.se\/app\/uploads\/2020\/12\/almega-share-logo.png","type":"image\/png"}],"author":"admin","twitter_card":"summary_large_image","twitter_misc":{"Skriven av":"admin","Ber\u00e4knad l\u00e4stid":"1 minut"},"schema":{"@context":"https:\/\/schema.org","@graph":[{"@type":"NewsArticle","@id":"https:\/\/www.almega.se\/2012\/07\/forslag-for-ett-mer-langre-och-dynamiskt-arbetsliv\/#article","isPartOf":{"@id":"https:\/\/www.almega.se\/2012\/07\/forslag-for-ett-mer-langre-och-dynamiskt-arbetsliv\/"},"author":{"name":"admin","@id":"https:\/\/www.almega.se\/#\/schema\/person\/9c3674d192fb8b2d1d8b7a3f31c5151d"},"headline":"F\u00f6rslag f\u00f6r ett mer l\u00e4ngre och dynamiskt arbetsliv","datePublished":"2012-07-02T09:00:00+00:00","dateModified":"2022-12-20T15:21:39+00:00","mainEntityOfPage":{"@id":"https:\/\/www.almega.se\/2012\/07\/forslag-for-ett-mer-langre-och-dynamiskt-arbetsliv\/"},"wordCount":137,"keywords":["Almedalen","Arbetsl\u00f6shet"],"articleSection":["Arbetsmarknad"],"inLanguage":"sv-SE"},{"@type":"WebPage","@id":"https:\/\/www.almega.se\/2012\/07\/forslag-for-ett-mer-langre-och-dynamiskt-arbetsliv\/","url":"https:\/\/www.almega.se\/2012\/07\/forslag-for-ett-mer-langre-och-dynamiskt-arbetsliv\/","name":"F\u00f6rslag f\u00f6r ett mer l\u00e4ngre och dynamiskt arbetsliv | Almega","isPartOf":{"@id":"https:\/\/www.almega.se\/#website"},"datePublished":"2012-07-02T09:00:00+00:00","dateModified":"2022-12-20T15:21:39+00:00","author":{"@id":"https:\/\/www.almega.se\/#\/schema\/person\/9c3674d192fb8b2d1d8b7a3f31c5151d"},"breadcrumb":{"@id":"https:\/\/www.almega.se\/2012\/07\/forslag-for-ett-mer-langre-och-dynamiskt-arbetsliv\/#breadcrumb"},"inLanguage":"sv-SE","potentialAction":[{"@type":"ReadAction","target":["https:\/\/www.almega.se\/2012\/07\/forslag-for-ett-mer-langre-och-dynamiskt-arbetsliv\/"]}]},{"@type":"BreadcrumbList","@id":"https:\/\/www.almega.se\/2012\/07\/forslag-for-ett-mer-langre-och-dynamiskt-arbetsliv\/#breadcrumb","itemListElement":[{"@type":"ListItem","position":1,"name":"Home","item":"https:\/\/www.almega.se\/"},{"@type":"ListItem","position":2,"name":"F\u00f6rslag f\u00f6r ett mer l\u00e4ngre och dynamiskt arbetsliv"}]},{"@type":"WebSite","@id":"https:\/\/www.almega.se\/#website","url":"https:\/\/www.almega.se\/","name":"Almega","description":"","potentialAction":[{"@type":"SearchAction","target":{"@type":"EntryPoint","urlTemplate":"https:\/\/www.almega.se\/?s={search_term_string}"},"query-input":{"@type":"PropertyValueSpecification","valueRequired":true,"valueName":"search_term_string"}}],"inLanguage":"sv-SE"},{"@type":"Person","@id":"https:\/\/www.almega.se\/#\/schema\/person\/9c3674d192fb8b2d1d8b7a3f31c5151d","name":"admin","image":{"@type":"ImageObject","inLanguage":"sv-SE","@id":"https:\/\/www.almega.se\/#\/schema\/person\/image\/","url":"https:\/\/secure.gravatar.com\/avatar\/13aac7e7a7582f599e3ba7706cec051e12eac4ad6c2ffe6f9d24800e63294187?s=96&d=mm&r=g","contentUrl":"https:\/\/secure.gravatar.com\/avatar\/13aac7e7a7582f599e3ba7706cec051e12eac4ad6c2ffe6f9d24800e63294187?s=96&d=mm&r=g","caption":"admin"},"url":"https:\/\/www.almega.se\/person\/admin\/"}]}},"_links":{"self":[{"href":"https:\/\/www.almega.se\/api\/wp\/v2\/posts\/7895","targetHints":{"allow":["GET"]}}],"collection":[{"href":"https:\/\/www.almega.se\/api\/wp\/v2\/posts"}],"about":[{"href":"https:\/\/www.almega.se\/api\/wp\/v2\/types\/post"}],"author":[{"embeddable":true,"href":"https:\/\/www.almega.se\/api\/wp\/v2\/users\/1"}],"replies":[{"embeddable":true,"href":"https:\/\/www.almega.se\/api\/wp\/v2\/comments?post=7895"}],"version-history":[{"count":1,"href":"https:\/\/www.almega.se\/api\/wp\/v2\/posts\/7895\/revisions"}],"predecessor-version":[{"id":51090,"href":"https:\/\/www.almega.se\/api\/wp\/v2\/posts\/7895\/revisions\/51090"}],"wp:attachment":[{"href":"https:\/\/www.almega.se\/api\/wp\/v2\/media?parent=7895"}],"wp:term":[{"taxonomy":"category","embeddable":true,"href":"https:\/\/www.almega.se\/api\/wp\/v2\/categories?post=7895"},{"taxonomy":"post_tag","embeddable":true,"href":"https:\/\/www.almega.se\/api\/wp\/v2\/tags?post=7895"},{"taxonomy":"type","embeddable":true,"href":"https:\/\/www.almega.se\/api\/wp\/v2\/article_type?post=7895"},{"taxonomy":"agreement","embeddable":true,"href":"https:\/\/www.almega.se\/api\/wp\/v2\/agreement?post=7895"}],"curies":[{"name":"wp","href":"https:\/\/api.w.org\/{rel}","templated":true}]}}