{"id":78889,"date":"2025-04-25T13:00:00","date_gmt":"2025-04-25T11:00:00","guid":{"rendered":"https:\/\/www.almega.se\/2025\/04\/ytterligare-avtal-klart-for-public-service\/"},"modified":"2025-04-30T09:56:23","modified_gmt":"2025-04-30T07:56:23","slug":"ytterligare-avtal-klart-for-public-service","status":"publish","type":"post","link":"https:\/\/www.almega.se\/2025\/04\/ytterligare-avtal-klart-for-public-service\/","title":{"rendered":"Ytterligare avtal klart f\u00f6r public service"},"content":{"rendered":"\n<p class=\"intro\">Medief\u00f6retagen inom Almega har tecknat kollektivavtal f\u00f6r public service med Akademikerf\u00f6rbunden.<\/p>\n<p>\u2013 F\u00f6rhandlingarna har skett i en konstruktiv anda och vi har nu tillsammans med Akademikerf\u00f6rbunden f\u00e5tt till l\u00f6sningar som gynnar b\u00e5de medarbetare och arbetsgivare utifr\u00e5n de f\u00f6ruts\u00e4ttningar som r\u00e5der p\u00e5 omr\u00e5det, s\u00e4ger Sara Ejdeskog, f\u00f6rhandlingsledare p\u00e5 avtalsomr\u00e5det.<\/p>\n<p>De branschanpassade villkoren p\u00e5 avtalsomr\u00e5det inneb\u00e4r bland annat att den arbetstidsf\u00f6rkortning som inf\u00f6rs, en dag per \u00e5r fr\u00e5n 2026, f\u00f6rl\u00e4ggs av arbetsgivaren.<\/p>\n<p>\u2013 Vi har f\u00e5tt till f\u00e5tt till f\u00f6rb\u00e4ttringar i avtalet avseende f\u00f6rl\u00e4ggning av arbetstid. Bland annat f\u00e5r arbetsgivare \u00f6kade m\u00f6jligheter till f\u00f6rl\u00e4ggning av kv\u00e4lls- och nattj\u00e4nstg\u00f6ring, s\u00e4ger Sara Ejdeskog.<\/p>\n<p>Medan l\u00f6neavtalet fortsatt \u00e4r ett dialogavtal som g\u00e4ller tillsvidare, g\u00e4ller det nya avtalet f\u00f6r allm\u00e4nna anst\u00e4llningsvillkor f\u00f6r avtalsperioden den 1 april 2025 till den 31 mars 2027.<\/p>\n\n","protected":false},"excerpt":{"rendered":"<p>Medief\u00f6retagen inom Almega har tecknat kollektivavtal f\u00f6r public service med Akademikerf\u00f6rbunden.<\/p>\n","protected":false},"author":6356,"featured_media":78890,"comment_status":"closed","ping_status":"closed","sticky":false,"template":"","format":"standard","meta":{"_acf_changed":false,"footnotes":""},"categories":[636],"tags":[],"article_type":[93],"agreement":[],"class_list":["post-78889","post","type-post","status-publish","format-standard","has-post-thumbnail","hentry","category-avtalsrorelse","type-pressmeddelanden"],"acf":[],"yoast_head":"<!-- This site is optimized with the Yoast SEO Premium plugin v26.8 (Yoast SEO v26.8) - https:\/\/yoast.com\/product\/yoast-seo-premium-wordpress\/ -->\n<title>Ytterligare avtal klart f\u00f6r public service | Almega<\/title>\n<meta name=\"robots\" content=\"index, follow, max-snippet:-1, max-image-preview:large, max-video-preview:-1\" \/>\n<link rel=\"canonical\" href=\"https:\/\/www.almega.se\/2025\/04\/ytterligare-avtal-klart-for-public-service\/\" \/>\n<meta property=\"og:locale\" content=\"sv_SE\" \/>\n<meta property=\"og:type\" content=\"article\" \/>\n<meta property=\"og:title\" content=\"Ytterligare avtal klart f\u00f6r public service\" \/>\n<meta property=\"og:description\" content=\"Medief\u00f6retagen inom Almega har tecknat kollektivavtal f\u00f6r public service med Akademikerf\u00f6rbunden.\" \/>\n<meta property=\"og:url\" content=\"https:\/\/www.almega.se\/2025\/04\/ytterligare-avtal-klart-for-public-service\/\" \/>\n<meta property=\"og:site_name\" content=\"Almega\" \/>\n<meta property=\"article:published_time\" content=\"2025-04-25T11:00:00+00:00\" \/>\n<meta property=\"article:modified_time\" content=\"2025-04-30T07:56:23+00:00\" \/>\n<meta property=\"og:image\" content=\"https:\/\/www.almega.se\/app\/uploads\/2025\/04\/e4062304-956e-449c-a5fe-34f9a1836358-scaled.jpg\" \/>\n\t<meta property=\"og:image:width\" content=\"2560\" \/>\n\t<meta property=\"og:image:height\" content=\"1706\" \/>\n\t<meta property=\"og:image:type\" content=\"image\/jpeg\" \/>\n<meta name=\"author\" content=\"Erik Juhlin\" \/>\n<meta name=\"twitter:card\" content=\"summary_large_image\" \/>\n<meta name=\"twitter:label1\" content=\"Skriven av\" \/>\n\t<meta name=\"twitter:data1\" content=\"Erik Juhlin\" \/>\n\t<meta name=\"twitter:label2\" content=\"Ber\u00e4knad l\u00e4stid\" \/>\n\t<meta name=\"twitter:data2\" content=\"1 minut\" \/>\n<!-- \/ Yoast SEO Premium plugin. -->","yoast_head_json":{"title":"Ytterligare avtal klart f\u00f6r public service | Almega","robots":{"index":"index","follow":"follow","max-snippet":"max-snippet:-1","max-image-preview":"max-image-preview:large","max-video-preview":"max-video-preview:-1"},"canonical":"https:\/\/www.almega.se\/2025\/04\/ytterligare-avtal-klart-for-public-service\/","og_locale":"sv_SE","og_type":"article","og_title":"Ytterligare avtal klart f\u00f6r public service","og_description":"Medief\u00f6retagen inom Almega har tecknat kollektivavtal f\u00f6r public service med Akademikerf\u00f6rbunden.","og_url":"https:\/\/www.almega.se\/2025\/04\/ytterligare-avtal-klart-for-public-service\/","og_site_name":"Almega","article_published_time":"2025-04-25T11:00:00+00:00","article_modified_time":"2025-04-30T07:56:23+00:00","og_image":[{"width":2560,"height":1706,"url":"https:\/\/www.almega.se\/app\/uploads\/2025\/04\/e4062304-956e-449c-a5fe-34f9a1836358-scaled.jpg","type":"image\/jpeg"}],"author":"Erik Juhlin","twitter_card":"summary_large_image","twitter_misc":{"Skriven av":"Erik Juhlin","Ber\u00e4knad l\u00e4stid":"1 minut"},"schema":{"@context":"https:\/\/schema.org","@graph":[{"@type":"NewsArticle","@id":"https:\/\/www.almega.se\/2025\/04\/ytterligare-avtal-klart-for-public-service\/#article","isPartOf":{"@id":"https:\/\/www.almega.se\/2025\/04\/ytterligare-avtal-klart-for-public-service\/"},"author":{"name":"Erik Juhlin","@id":"https:\/\/www.almega.se\/#\/schema\/person\/3c181ea7ead5ab7b14c61584637720f5"},"headline":"Ytterligare avtal klart f\u00f6r public service","datePublished":"2025-04-25T11:00:00+00:00","dateModified":"2025-04-30T07:56:23+00:00","mainEntityOfPage":{"@id":"https:\/\/www.almega.se\/2025\/04\/ytterligare-avtal-klart-for-public-service\/"},"wordCount":170,"image":{"@id":"https:\/\/www.almega.se\/2025\/04\/ytterligare-avtal-klart-for-public-service\/#primaryimage"},"thumbnailUrl":"https:\/\/www.almega.se\/app\/uploads\/2025\/04\/e4062304-956e-449c-a5fe-34f9a1836358-scaled.jpg","articleSection":["Avtalsr\u00f6relse"],"inLanguage":"sv-SE"},{"@type":"WebPage","@id":"https:\/\/www.almega.se\/2025\/04\/ytterligare-avtal-klart-for-public-service\/","url":"https:\/\/www.almega.se\/2025\/04\/ytterligare-avtal-klart-for-public-service\/","name":"Ytterligare avtal klart f\u00f6r public service | Almega","isPartOf":{"@id":"https:\/\/www.almega.se\/#website"},"primaryImageOfPage":{"@id":"https:\/\/www.almega.se\/2025\/04\/ytterligare-avtal-klart-for-public-service\/#primaryimage"},"image":{"@id":"https:\/\/www.almega.se\/2025\/04\/ytterligare-avtal-klart-for-public-service\/#primaryimage"},"thumbnailUrl":"https:\/\/www.almega.se\/app\/uploads\/2025\/04\/e4062304-956e-449c-a5fe-34f9a1836358-scaled.jpg","datePublished":"2025-04-25T11:00:00+00:00","dateModified":"2025-04-30T07:56:23+00:00","author":{"@id":"https:\/\/www.almega.se\/#\/schema\/person\/3c181ea7ead5ab7b14c61584637720f5"},"breadcrumb":{"@id":"https:\/\/www.almega.se\/2025\/04\/ytterligare-avtal-klart-for-public-service\/#breadcrumb"},"inLanguage":"sv-SE","potentialAction":[{"@type":"ReadAction","target":["https:\/\/www.almega.se\/2025\/04\/ytterligare-avtal-klart-for-public-service\/"]}]},{"@type":"ImageObject","inLanguage":"sv-SE","@id":"https:\/\/www.almega.se\/2025\/04\/ytterligare-avtal-klart-for-public-service\/#primaryimage","url":"https:\/\/www.almega.se\/app\/uploads\/2025\/04\/e4062304-956e-449c-a5fe-34f9a1836358-scaled.jpg","contentUrl":"https:\/\/www.almega.se\/app\/uploads\/2025\/04\/e4062304-956e-449c-a5fe-34f9a1836358-scaled.jpg","width":2560,"height":1706,"caption":"Sara Ejdeskog, f\u00f6rhandlingsledare, Medief\u00f6retagen"},{"@type":"BreadcrumbList","@id":"https:\/\/www.almega.se\/2025\/04\/ytterligare-avtal-klart-for-public-service\/#breadcrumb","itemListElement":[{"@type":"ListItem","position":1,"name":"Home","item":"https:\/\/www.almega.se\/"},{"@type":"ListItem","position":2,"name":"Ytterligare avtal klart f\u00f6r public service"}]},{"@type":"WebSite","@id":"https:\/\/www.almega.se\/#website","url":"https:\/\/www.almega.se\/","name":"Almega","description":"","potentialAction":[{"@type":"SearchAction","target":{"@type":"EntryPoint","urlTemplate":"https:\/\/www.almega.se\/?s={search_term_string}"},"query-input":{"@type":"PropertyValueSpecification","valueRequired":true,"valueName":"search_term_string"}}],"inLanguage":"sv-SE"},{"@type":"Person","@id":"https:\/\/www.almega.se\/#\/schema\/person\/3c181ea7ead5ab7b14c61584637720f5","name":"Erik Juhlin","image":{"@type":"ImageObject","inLanguage":"sv-SE","@id":"https:\/\/www.almega.se\/#\/schema\/person\/image\/","url":"https:\/\/secure.gravatar.com\/avatar\/ef0e97454357041724f27ea1630fa5bf78b30eea6fc56998e6a03142ad5b1370?s=96&d=mm&r=g","contentUrl":"https:\/\/secure.gravatar.com\/avatar\/ef0e97454357041724f27ea1630fa5bf78b30eea6fc56998e6a03142ad5b1370?s=96&d=mm&r=g","caption":"Erik Juhlin"},"url":"https:\/\/www.almega.se\/person\/erikjuhlin\/"}]}},"_links":{"self":[{"href":"https:\/\/www.almega.se\/api\/wp\/v2\/posts\/78889","targetHints":{"allow":["GET"]}}],"collection":[{"href":"https:\/\/www.almega.se\/api\/wp\/v2\/posts"}],"about":[{"href":"https:\/\/www.almega.se\/api\/wp\/v2\/types\/post"}],"author":[{"embeddable":true,"href":"https:\/\/www.almega.se\/api\/wp\/v2\/users\/6356"}],"replies":[{"embeddable":true,"href":"https:\/\/www.almega.se\/api\/wp\/v2\/comments?post=78889"}],"version-history":[{"count":2,"href":"https:\/\/www.almega.se\/api\/wp\/v2\/posts\/78889\/revisions"}],"predecessor-version":[{"id":79031,"href":"https:\/\/www.almega.se\/api\/wp\/v2\/posts\/78889\/revisions\/79031"}],"wp:featuredmedia":[{"embeddable":true,"href":"https:\/\/www.almega.se\/api\/wp\/v2\/media\/78890"}],"wp:attachment":[{"href":"https:\/\/www.almega.se\/api\/wp\/v2\/media?parent=78889"}],"wp:term":[{"taxonomy":"category","embeddable":true,"href":"https:\/\/www.almega.se\/api\/wp\/v2\/categories?post=78889"},{"taxonomy":"post_tag","embeddable":true,"href":"https:\/\/www.almega.se\/api\/wp\/v2\/tags?post=78889"},{"taxonomy":"type","embeddable":true,"href":"https:\/\/www.almega.se\/api\/wp\/v2\/article_type?post=78889"},{"taxonomy":"agreement","embeddable":true,"href":"https:\/\/www.almega.se\/api\/wp\/v2\/agreement?post=78889"}],"curies":[{"name":"wp","href":"https:\/\/api.w.org\/{rel}","templated":true}]}}