{"id":78879,"date":"2025-04-25T09:00:00","date_gmt":"2025-04-25T07:00:00","guid":{"rendered":"https:\/\/www.almega.se\/2025\/04\/nya-kollektivavtal-for-skargardstrafiken\/"},"modified":"2025-04-25T09:27:06","modified_gmt":"2025-04-25T07:27:06","slug":"nya-kollektivavtal-for-skargardstrafiken","status":"publish","type":"post","link":"https:\/\/www.almega.se\/2025\/04\/nya-kollektivavtal-for-skargardstrafiken\/","title":{"rendered":"Nya kollektivavtal f\u00f6r sk\u00e4rg\u00e5rds&shy;trafiken"},"content":{"rendered":"<p class=\"intro\">Almega Tj\u00e4nstef\u00f6retagen har tecknat tv\u00e5 nya kollektivavtal med Sj\u00f6bef\u00e4lsf\u00f6reningen f\u00f6r sj\u00f6bef\u00e4l inom sk\u00e4rg\u00e5rdstrafiken.<\/p>\n\n<p>\u2013 Tillsammans med Sj\u00f6bef\u00e4lsf\u00f6reningen har vi haft intensiva f\u00f6rhandlingar som nu resulterat i tv\u00e5 nya kollektivavtal. Vi \u00e4r n\u00f6jda med att vi lyckats tr\u00e4ffa tv\u00e5 avtal p\u00e5 m\u00e4rket, allts\u00e5 inom de ramar arbetsmarknadens parter \u00e4r \u00f6verens om, s\u00e4ger <strong>Thomas Lansing, <\/strong>Almega Tj\u00e4nstef\u00f6retagens f\u00f6rhandlingsledare p\u00e5 avtalsomr\u00e5det.<\/p>\n\n\n\n<p>Under den g\u00e5ngna avtalsperioden har det \u00e4ven funnits gemensamma arbetsgrupper i syfte att f\u00f6renkla och utveckla avtalen.<\/p>\n\n\n\n<p>\u2013 Dessv\u00e4rre har s\u00e5v\u00e4l arbetsgrupperna som f\u00f6rhandlingarna varit fruktl\u00f6sa i detta avseende, p\u00e5 grund av en bristande vilja fr\u00e5n motparten, s\u00e4ger Thomas Lansing.<\/p>\n\n\n\n<p>De nya avtalen str\u00e4cker sig \u00f6ver 24 m\u00e5nader (1 januari 2025 \u2013 31 december 2026) och den totala kostnadsramen \u00e4r 6,4 procent.<\/p>\n","protected":false},"excerpt":{"rendered":"<p>Almega Tj\u00e4nstef\u00f6retagen har tecknat tv\u00e5 nya kollektivavtal med Sj\u00f6bef\u00e4lsf\u00f6reningen f\u00f6r sj\u00f6bef\u00e4l inom sk\u00e4rg\u00e5rdstrafiken.<\/p>\n","protected":false},"author":6356,"featured_media":78880,"comment_status":"closed","ping_status":"closed","sticky":false,"template":"","format":"standard","meta":{"_acf_changed":false,"footnotes":""},"categories":[636],"tags":[],"article_type":[93],"agreement":[],"class_list":["post-78879","post","type-post","status-publish","format-standard","has-post-thumbnail","hentry","category-avtalsrorelse","type-pressmeddelanden"],"acf":[],"yoast_head":"<!-- This site is optimized with the Yoast SEO Premium plugin v26.8 (Yoast SEO v26.8) - https:\/\/yoast.com\/product\/yoast-seo-premium-wordpress\/ -->\n<title>Nya kollektivavtal f\u00f6r sk\u00e4rg\u00e5rdstrafiken | Almega<\/title>\n<meta name=\"robots\" content=\"index, follow, max-snippet:-1, max-image-preview:large, max-video-preview:-1\" \/>\n<link rel=\"canonical\" href=\"https:\/\/www.almega.se\/2025\/04\/nya-kollektivavtal-for-skargardstrafiken\/\" \/>\n<meta property=\"og:locale\" content=\"sv_SE\" \/>\n<meta property=\"og:type\" content=\"article\" \/>\n<meta property=\"og:title\" content=\"Nya kollektivavtal f\u00f6r sk\u00e4rg\u00e5rdstrafiken\" \/>\n<meta property=\"og:description\" content=\"Almega Tj\u00e4nstef\u00f6retagen har tecknat tv\u00e5 nya kollektivavtal med Sj\u00f6bef\u00e4lsf\u00f6reningen f\u00f6r sj\u00f6bef\u00e4l inom sk\u00e4rg\u00e5rdstrafiken.\" \/>\n<meta property=\"og:url\" content=\"https:\/\/www.almega.se\/2025\/04\/nya-kollektivavtal-for-skargardstrafiken\/\" \/>\n<meta property=\"og:site_name\" content=\"Almega\" \/>\n<meta property=\"article:published_time\" content=\"2025-04-25T07:00:00+00:00\" \/>\n<meta property=\"article:modified_time\" content=\"2025-04-25T07:27:06+00:00\" \/>\n<meta property=\"og:image\" content=\"https:\/\/www.almega.se\/app\/uploads\/2025\/04\/1e25d08c-eba7-45b6-908d-273aa64038f1.jpg\" \/>\n\t<meta property=\"og:image:width\" content=\"960\" \/>\n\t<meta property=\"og:image:height\" content=\"636\" \/>\n\t<meta property=\"og:image:type\" content=\"image\/jpeg\" \/>\n<meta name=\"author\" content=\"Erik Juhlin\" \/>\n<meta name=\"twitter:card\" content=\"summary_large_image\" \/>\n<meta name=\"twitter:label1\" content=\"Skriven av\" \/>\n\t<meta name=\"twitter:data1\" content=\"Erik Juhlin\" \/>\n\t<meta name=\"twitter:label2\" content=\"Ber\u00e4knad l\u00e4stid\" \/>\n\t<meta name=\"twitter:data2\" content=\"1 minut\" \/>\n<!-- \/ Yoast SEO Premium plugin. -->","yoast_head_json":{"title":"Nya kollektivavtal f\u00f6r sk\u00e4rg\u00e5rdstrafiken | Almega","robots":{"index":"index","follow":"follow","max-snippet":"max-snippet:-1","max-image-preview":"max-image-preview:large","max-video-preview":"max-video-preview:-1"},"canonical":"https:\/\/www.almega.se\/2025\/04\/nya-kollektivavtal-for-skargardstrafiken\/","og_locale":"sv_SE","og_type":"article","og_title":"Nya kollektivavtal f\u00f6r sk\u00e4rg\u00e5rdstrafiken","og_description":"Almega Tj\u00e4nstef\u00f6retagen har tecknat tv\u00e5 nya kollektivavtal med Sj\u00f6bef\u00e4lsf\u00f6reningen f\u00f6r sj\u00f6bef\u00e4l inom sk\u00e4rg\u00e5rdstrafiken.","og_url":"https:\/\/www.almega.se\/2025\/04\/nya-kollektivavtal-for-skargardstrafiken\/","og_site_name":"Almega","article_published_time":"2025-04-25T07:00:00+00:00","article_modified_time":"2025-04-25T07:27:06+00:00","og_image":[{"width":960,"height":636,"url":"https:\/\/www.almega.se\/app\/uploads\/2025\/04\/1e25d08c-eba7-45b6-908d-273aa64038f1.jpg","type":"image\/jpeg"}],"author":"Erik Juhlin","twitter_card":"summary_large_image","twitter_misc":{"Skriven av":"Erik Juhlin","Ber\u00e4knad l\u00e4stid":"1 minut"},"schema":{"@context":"https:\/\/schema.org","@graph":[{"@type":"NewsArticle","@id":"https:\/\/www.almega.se\/2025\/04\/nya-kollektivavtal-for-skargardstrafiken\/#article","isPartOf":{"@id":"https:\/\/www.almega.se\/2025\/04\/nya-kollektivavtal-for-skargardstrafiken\/"},"author":{"name":"Erik Juhlin","@id":"https:\/\/www.almega.se\/#\/schema\/person\/3c181ea7ead5ab7b14c61584637720f5"},"headline":"Nya kollektivavtal f\u00f6r sk\u00e4rg\u00e5rds&shy;trafiken","datePublished":"2025-04-25T07:00:00+00:00","dateModified":"2025-04-25T07:27:06+00:00","mainEntityOfPage":{"@id":"https:\/\/www.almega.se\/2025\/04\/nya-kollektivavtal-for-skargardstrafiken\/"},"wordCount":128,"image":{"@id":"https:\/\/www.almega.se\/2025\/04\/nya-kollektivavtal-for-skargardstrafiken\/#primaryimage"},"thumbnailUrl":"https:\/\/www.almega.se\/app\/uploads\/2025\/04\/1e25d08c-eba7-45b6-908d-273aa64038f1.jpg","articleSection":["Avtalsr\u00f6relse"],"inLanguage":"sv-SE"},{"@type":"WebPage","@id":"https:\/\/www.almega.se\/2025\/04\/nya-kollektivavtal-for-skargardstrafiken\/","url":"https:\/\/www.almega.se\/2025\/04\/nya-kollektivavtal-for-skargardstrafiken\/","name":"Nya kollektivavtal f\u00f6r sk\u00e4rg\u00e5rdstrafiken | Almega","isPartOf":{"@id":"https:\/\/www.almega.se\/#website"},"primaryImageOfPage":{"@id":"https:\/\/www.almega.se\/2025\/04\/nya-kollektivavtal-for-skargardstrafiken\/#primaryimage"},"image":{"@id":"https:\/\/www.almega.se\/2025\/04\/nya-kollektivavtal-for-skargardstrafiken\/#primaryimage"},"thumbnailUrl":"https:\/\/www.almega.se\/app\/uploads\/2025\/04\/1e25d08c-eba7-45b6-908d-273aa64038f1.jpg","datePublished":"2025-04-25T07:00:00+00:00","dateModified":"2025-04-25T07:27:06+00:00","author":{"@id":"https:\/\/www.almega.se\/#\/schema\/person\/3c181ea7ead5ab7b14c61584637720f5"},"breadcrumb":{"@id":"https:\/\/www.almega.se\/2025\/04\/nya-kollektivavtal-for-skargardstrafiken\/#breadcrumb"},"inLanguage":"sv-SE","potentialAction":[{"@type":"ReadAction","target":["https:\/\/www.almega.se\/2025\/04\/nya-kollektivavtal-for-skargardstrafiken\/"]}]},{"@type":"ImageObject","inLanguage":"sv-SE","@id":"https:\/\/www.almega.se\/2025\/04\/nya-kollektivavtal-for-skargardstrafiken\/#primaryimage","url":"https:\/\/www.almega.se\/app\/uploads\/2025\/04\/1e25d08c-eba7-45b6-908d-273aa64038f1.jpg","contentUrl":"https:\/\/www.almega.se\/app\/uploads\/2025\/04\/1e25d08c-eba7-45b6-908d-273aa64038f1.jpg","width":960,"height":636,"caption":"Thomas Lansing, f\u00f6rhandlingsledare, Almega Tj\u00e4nstef\u00f6retagen"},{"@type":"BreadcrumbList","@id":"https:\/\/www.almega.se\/2025\/04\/nya-kollektivavtal-for-skargardstrafiken\/#breadcrumb","itemListElement":[{"@type":"ListItem","position":1,"name":"Home","item":"https:\/\/www.almega.se\/"},{"@type":"ListItem","position":2,"name":"Nya kollektivavtal f\u00f6r sk\u00e4rg\u00e5rds&shy;trafiken"}]},{"@type":"WebSite","@id":"https:\/\/www.almega.se\/#website","url":"https:\/\/www.almega.se\/","name":"Almega","description":"","potentialAction":[{"@type":"SearchAction","target":{"@type":"EntryPoint","urlTemplate":"https:\/\/www.almega.se\/?s={search_term_string}"},"query-input":{"@type":"PropertyValueSpecification","valueRequired":true,"valueName":"search_term_string"}}],"inLanguage":"sv-SE"},{"@type":"Person","@id":"https:\/\/www.almega.se\/#\/schema\/person\/3c181ea7ead5ab7b14c61584637720f5","name":"Erik Juhlin","image":{"@type":"ImageObject","inLanguage":"sv-SE","@id":"https:\/\/www.almega.se\/#\/schema\/person\/image\/","url":"https:\/\/secure.gravatar.com\/avatar\/ef0e97454357041724f27ea1630fa5bf78b30eea6fc56998e6a03142ad5b1370?s=96&d=mm&r=g","contentUrl":"https:\/\/secure.gravatar.com\/avatar\/ef0e97454357041724f27ea1630fa5bf78b30eea6fc56998e6a03142ad5b1370?s=96&d=mm&r=g","caption":"Erik Juhlin"},"url":"https:\/\/www.almega.se\/person\/erikjuhlin\/"}]}},"_links":{"self":[{"href":"https:\/\/www.almega.se\/api\/wp\/v2\/posts\/78879","targetHints":{"allow":["GET"]}}],"collection":[{"href":"https:\/\/www.almega.se\/api\/wp\/v2\/posts"}],"about":[{"href":"https:\/\/www.almega.se\/api\/wp\/v2\/types\/post"}],"author":[{"embeddable":true,"href":"https:\/\/www.almega.se\/api\/wp\/v2\/users\/6356"}],"replies":[{"embeddable":true,"href":"https:\/\/www.almega.se\/api\/wp\/v2\/comments?post=78879"}],"version-history":[{"count":1,"href":"https:\/\/www.almega.se\/api\/wp\/v2\/posts\/78879\/revisions"}],"predecessor-version":[{"id":78881,"href":"https:\/\/www.almega.se\/api\/wp\/v2\/posts\/78879\/revisions\/78881"}],"wp:featuredmedia":[{"embeddable":true,"href":"https:\/\/www.almega.se\/api\/wp\/v2\/media\/78880"}],"wp:attachment":[{"href":"https:\/\/www.almega.se\/api\/wp\/v2\/media?parent=78879"}],"wp:term":[{"taxonomy":"category","embeddable":true,"href":"https:\/\/www.almega.se\/api\/wp\/v2\/categories?post=78879"},{"taxonomy":"post_tag","embeddable":true,"href":"https:\/\/www.almega.se\/api\/wp\/v2\/tags?post=78879"},{"taxonomy":"type","embeddable":true,"href":"https:\/\/www.almega.se\/api\/wp\/v2\/article_type?post=78879"},{"taxonomy":"agreement","embeddable":true,"href":"https:\/\/www.almega.se\/api\/wp\/v2\/agreement?post=78879"}],"curies":[{"name":"wp","href":"https:\/\/api.w.org\/{rel}","templated":true}]}}