{"id":78769,"date":"2025-04-23T12:44:25","date_gmt":"2025-04-23T10:44:25","guid":{"rendered":"https:\/\/www.almega.se\/?p=78769"},"modified":"2025-04-23T13:30:12","modified_gmt":"2025-04-23T11:30:12","slug":"nytt-kollektivavtal-for-almega-tjansteforbunden-utbildningsforetagen","status":"publish","type":"post","link":"https:\/\/www.almega.se\/2025\/04\/nytt-kollektivavtal-for-almega-tjansteforbunden-utbildningsforetagen\/","title":{"rendered":"Nytt kollektivavtal f\u00f6r Almega Tj\u00e4nste&shy;f\u00f6rbunden, Utbildnings&shy;f\u00f6retagen"},"content":{"rendered":"<p class=\"intro\">Utbildningsf\u00f6retagen har tecknat nya avtal om l\u00f6ner och allm\u00e4nna anst\u00e4llningsvillkor med Sveriges Ingenj\u00f6rer och Unionen.<br \/>\nAvtalen g\u00e4ller f\u00f6r perioden 1 april 2025 till 31 mars 2027.<\/p>\n\n<p><strong>L\u00f6neavtalet<\/strong> med Sveriges Ingenj\u00f6rer \u00e4r ett l\u00f6neavtal d\u00e4r lokala parter ska komma \u00f6verens om utrymmet f\u00f6r l\u00f6ne\u00f6kningar. Om parterna trots intentionerna i avtalet inte kan enas, \u00f6kas l\u00f6nesumman f\u00f6r akademikermedlemmarna vid f\u00f6retaget med, 3,0 % fr\u00e5n den 1 april 2025 och 2,5% fr\u00e5n den 1 april 2026<\/p>\n\n\n\n<p><strong>L\u00f6neavtalet <\/strong>med Unionen omfattar l\u00f6ne\u00f6kningar med 3,0 % fr\u00e5n den 1 april 2025 och 2,5 % fr\u00e5n den 1 april 2026, om inte lokala parter kommer \u00f6verens om annat.<\/p>\n\n\n\n<p><strong>L\u00e4gsta l\u00f6ner <\/strong>(Unionens l\u00f6neavtal)<\/p>\n\n\n\n<p>Fr o m den 1 april 2025<br>L\u00e4gsta l\u00f6n f\u00f6r tj\u00e4nsteman som fyllt 18 \u00e5r \u00e4r 22 063 kronor<\/p>\n\n\n\n<p>Fr o m den 1 april 2026<br>L\u00e4gsta l\u00f6n f\u00f6r tj\u00e4nsteman som fyllt 18 \u00e5r \u00e4r 22 615 kronor<\/p>\n\n\n\n<p>L\u00e4gstal\u00f6nerna ska till\u00e4mpas fr\u00e5n och med den 1 april 2025 respektive 1 april 2026 under f\u00f6ruts\u00e4ttning att den anst\u00e4llde senast den 31 mars 2025 respektive 31 mars 2026 fyllt 18 \u00e5r.<\/p>\n\n\n\n<p>L\u00e4gsta l\u00f6n f\u00f6r tj\u00e4nsteman med ett \u00e5rs sammanh\u00e4ngande anst\u00e4llningstid vid f\u00f6retaget<br>Fr o m den 1 april 2025<br>23&nbsp;369 kronor<\/p>\n\n\n\n<p>Fr o m den 1 april 2026<br>23&nbsp;953 kronor<\/p>\n\n\n\n<p><strong>Flexpension<\/strong><br>Flexpensionspremien \u00f6kar fr\u00e5n och med den 1 april 2025 med 0,2 %, vilket inneb\u00e4r att premien d\u00e5 totalt kommer uppg\u00e5 till 1,5 %. Den 1 april 2026 \u00f6kar premien ytterligare med 0,2 %, vilket inneb\u00e4r att premien d\u00e5 totalt kommer uppg\u00e5 till 1,7%. <\/p>\n\n\n\n<p>F\u00f6r medarbetare som har flexpension \u00e4r det d\u00e4rf\u00f6r viktigt att ni p\u00e5minner om premiens v\u00e4rde, som kommer dem tillgodo ut\u00f6ver den vanliga l\u00f6ne\u00f6kningen. De som valt att inte f\u00e5 avtalad flexpensionsavs\u00e4ttning f\u00e5r ist\u00e4llet h\u00f6gre l\u00f6n, vilket p\u00e5 s\u00e5 s\u00e4tt kommer dem tillgodo varje \u00e5r.<\/p>\n\n\n\n<p>Premien faktureras av Collectum, utan n\u00e5gon s\u00e4rskild \u00e5tg\u00e4rd fr\u00e5n arbetsgivaren.<\/p>\n\n\n\n<p>Flexpensionspremien ing\u00e5r som en del av arbetsmarknadens normerande kostnadsram, det s\u00e5 kallade m\u00e4rket, vilket inneb\u00e4r att premier och l\u00f6ne\u00f6kningarna tillsammans utg\u00f6r m\u00e4rket. Kostnadsramen f\u00f6r m\u00e4rket p\u00e5 arbetsmarknaden under den h\u00e4r avtalsperioden \u00e4r totalt 6,4 %.<\/p>\n\n\n\n<p><strong>F\u00f6r\u00e4ndringar i allm\u00e4nna anst\u00e4llningsvillkor<\/strong><br>F\u00f6ljande f\u00f6r\u00e4ndringar har gjorts i Utbildningsf\u00f6retag allm\u00e4nna villkor<\/p>\n\n\n\n<ul class=\"wp-block-list\">\n<li>Begr\u00e4nsningsperioden f\u00f6r ordinarie arbetstid ut\u00f6kas fr\u00e5n fyra veckor till tolv m\u00e5nader. Detta inneb\u00e4r att den ordinarie arbetstiden inte f\u00e5r \u00f6verstiga 40 timmar i genomsnitt per helgfri vecka under en tolvm\u00e5nadersperiod ist\u00e4llet f\u00f6r dagens fyraveckorsperiod. &nbsp;<\/li>\n\n\n\n<li>5.4 \u201dErs\u00e4ttning f\u00f6r chefer med flera\u201d byter namn och numrering best\u00e4mmelsen kommer forts\u00e4ttningsvis heta 5.3 \u00d6verenskommelse med vissa tj\u00e4nstem\u00e4n. Detta inneb\u00e4r att kretsen som kan bli \u00f6vertidsavl\u00f6sta ut\u00f6kas. Det \u00e4r dock inte meningen att man slentrianm\u00e4ssigt ska \u00f6vertidsavl\u00f6sa alla tj\u00e4nstem\u00e4n.<\/li>\n\n\n\n<li>Best\u00e4mmelsen 2.4.1 Underr\u00e4ttelse utg\u00e5r ur avtalet.<\/li>\n<\/ul>\n\n\n\n<p><strong>Mertidsarbete ger r\u00e4tt till \u00f6vertidsers\u00e4ttning<\/strong><br>Parterna har enats om att reglerna f\u00f6r mertidsarbete och mertidsers\u00e4ttning utg\u00e5r ur avtalet. Det inneb\u00e4r att deltidsanst\u00e4llda som arbetar ut\u00f6ver sin ordinarie arbetstid kan ha r\u00e4tt till \u00f6vertidskompensation, om arbetet \u00e4r beordrat p\u00e5 f\u00f6rhand eller godk\u00e4nt i efterhand. Det inneb\u00e4r att deltidsanst\u00e4llda, liksom heltidsanst\u00e4llda, har en l\u00e5ngtg\u00e5ende skyldighet att utf\u00f6ra \u00f6vertidsarbete.<\/p>\n\n\n\n<p><strong>R\u00e4tt till ledig dag<\/strong>:<br>Under 12.4 (ny) i allm\u00e4nna anst\u00e4llningsvillkor inf\u00f6rs fr\u00e5n och med 1 januari 2026 en r\u00e4tt till en ledig dag. F\u00f6r inf\u00f6randet av den lediga dagen g\u00f6rs avr\u00e4kning fr\u00e5n l\u00f6neutrymmet med 0,2 procent fr\u00e5n och med den 1 april 2025 och 0,3 procent fr\u00e5n och med den 1 april 2026. Denna avr\u00e4kning har redan gjorts av de centrala parterna avseende procenten p\u00e5 l\u00f6ne\u00f6kningarna i Unionens l\u00f6neavtal och utfallet av eventuell stupstock i Sveriges Ingenj\u00f6rers l\u00f6neavtal.<br><br>Den lediga dagen f\u00f6rl\u00e4ggs ensidigt av arbetsgivaren antingen som en hel dag eller i form av tv\u00e5 lediga halvdagar. Om arbetsgivaren v\u00e4ljer att l\u00e4gga ut ledigheten i form av halvdagar ska det ske i anslutning till helgdag eller veckoslut. Arbetsgivaren ska senast vid \u00e5rsskiftet underr\u00e4tta medarbetarna inom ber\u00f6rd arbetsgrupp om f\u00f6rl\u00e4ggningen f\u00f6r det kommande kalender\u00e5ret. Om arbetsgivaren inte underr\u00e4ttat medarbetarna senast vid \u00e5rsskiftet ska medarbetarna f\u00e5 ledigt f\u00f6rsta vardagen efter Annandag jul. Om en medarbetare m\u00e5ste arbeta under den dag som ledigheten f\u00f6rlagts till, f\u00e5r arbetsgivaren f\u00f6rl\u00e4gga ledigheten till annan dag i anslutning till helgdag eller veckoslut. R\u00e4tt till ledighet f\u00f6ruts\u00e4tter att medarbetaren \u00e4r anst\u00e4lld vid ledighetstidpunkten och medarbetaren har inte r\u00e4tt till n\u00e5gon kompensation om den hunnit sluta eller anst\u00e4lls d\u00e4refter.<br><br>Vi kommer \u00e5terkomma med s\u00e5 v\u00e4l utbildningsinsatser som n\u00e4rmare r\u00e5dgivning om denna nya regel.<\/p>\n\n\n\n<p><strong>Inloggning till Arbetsgivarguiden<\/strong><br>I v\u00e5r&nbsp;<a href=\"https:\/\/medlem.arbetsgivarguiden.se\/\">Arbetsgivarguide<\/a>&nbsp;hittar ni viktig arbetsgivarinformation som exempelvis nyheter, mallar, A-\u00d6 och ert kollektivavtal med f\u00f6rdjupande kommenterar och digitala r\u00e4kneformler.<\/p>\n\n\n\n<p>Om du inte redan har inloggning skapar du den sj\u00e4lv i l\u00e4nken med organisationsnummer och medlemsnummer (finns p\u00e5 fakturan fr\u00e5n Svenskt N\u00e4ringsliv). Om du inte hittar medlemsnumret kan du mejla organisationsnumret till&nbsp;<a href=\"mailto:medlem@almega.se\">medlem@almega.se<\/a>&nbsp;s\u00e5 hj\u00e4lper vi dig.<\/p>\n\n\n\n<p><a href=\"https:\/\/www.avtalat.se\/\" target=\"_blank\" rel=\"noreferrer noopener\">H\u00e4r<\/a>&nbsp;p\u00e5 Avtalat hittar ni information om era pensioner och f\u00f6rs\u00e4kringar.<\/p>\n\n\n\n<p><strong>Webbinarie<\/strong><br>Den 29e april (kl 09-09.45) anordnar Utbildningsf\u00f6retagen webbinarium om de nya avtalen.<br><a href=\"https:\/\/www.almega.se\/aktiviteter\/nytt-avtal-almega-tjansteforbunden-utbildningsforetagen-och-unionen-sveriges-ingenjorer\/\" target=\"_blank\" rel=\"noreferrer noopener\">Anm\u00e4l dig h\u00e4r<\/a>.<\/p>\n\n\n\n<p><strong>Protokoll<\/strong><br><a href=\"https:\/\/www.almega.se\/app\/uploads\/protected\/2025\/04\/Hemstallan-o-Forhandlingsprotokoll-Utbildningsforetagen-Sv-Ingenjorer.pdf\" target=\"_blank\" rel=\"noreferrer noopener\">F\u00f6rhandlingsprotokoll Sveriges Ingenj\u00f6rer<\/a> (inloggning kr\u00e4vs)<\/p>\n\n\n\n<p><a href=\"https:\/\/www.almega.se\/app\/uploads\/protected\/2025\/04\/Hemstallan-o-Forhandlingsprotokoll-Utbildningsforetagen-Unionen-2025.pdf\" target=\"_blank\" rel=\"noreferrer noopener\">F\u00f6rhandlingsprotokoll Unionen<\/a> (inloggning kr\u00e4vs)<br><br><strong>Kollektivavtal<\/strong><br>Vi kommer att redigera avtalet i Arbetsgivarguiden och ta fram en ny PDF, som ni kan ladda ner, s\u00e5 fort som m\u00f6jligt.<\/p>\n","protected":false},"excerpt":{"rendered":"<p>L\u00f6neavtalet med Sveriges Ingenj\u00f6rer \u00e4r ett l\u00f6neavtal d\u00e4r lokala parter ska komma \u00f6verens om utrymmet f\u00f6r l\u00f6ne\u00f6kningar. Om parterna trots intentionerna i avtalet inte kan enas, \u00f6kas l\u00f6nesumman f\u00f6r akademikermedlemmarna vid f\u00f6retaget med, 3,0 % &hellip;<\/p>\n","protected":false},"author":21100,"featured_media":0,"comment_status":"closed","ping_status":"closed","sticky":false,"template":"","format":"standard","meta":{"_acf_changed":false,"footnotes":""},"categories":[1],"tags":[],"article_type":[313],"agreement":[233],"class_list":["post-78769","post","type-post","status-publish","format-standard","hentry","category-okategoriserade","type-arbetsgivarnytt","agreement-7cce80f7-ff07-de11-b4e1-02bf9e69ca65"],"acf":[],"yoast_head":"<!-- This site is optimized with the Yoast SEO Premium plugin v26.8 (Yoast SEO v26.8) - https:\/\/yoast.com\/product\/yoast-seo-premium-wordpress\/ -->\n<title>Nytt kollektivavtal f\u00f6r Almega Tj\u00e4nstef\u00f6rbunden, Utbildningsf\u00f6retagen | Almega<\/title>\n<meta name=\"robots\" content=\"index, follow, max-snippet:-1, max-image-preview:large, max-video-preview:-1\" \/>\n<link rel=\"canonical\" href=\"https:\/\/www.almega.se\/2025\/04\/nytt-kollektivavtal-for-almega-tjansteforbunden-utbildningsforetagen\/\" \/>\n<meta property=\"og:locale\" content=\"sv_SE\" \/>\n<meta property=\"og:type\" content=\"article\" \/>\n<meta property=\"og:title\" content=\"Nytt kollektivavtal f\u00f6r Almega Tj\u00e4nstef\u00f6rbunden, Utbildningsf\u00f6retagen\" \/>\n<meta property=\"og:description\" content=\"L\u00f6neavtalet med Sveriges Ingenj\u00f6rer \u00e4r ett l\u00f6neavtal d\u00e4r lokala parter ska komma \u00f6verens om utrymmet f\u00f6r l\u00f6ne\u00f6kningar. Om parterna trots intentionerna i avtalet inte kan enas, \u00f6kas l\u00f6nesumman f\u00f6r akademikermedlemmarna vid f\u00f6retaget med, 3,0 % &hellip;\" \/>\n<meta property=\"og:url\" content=\"https:\/\/www.almega.se\/2025\/04\/nytt-kollektivavtal-for-almega-tjansteforbunden-utbildningsforetagen\/\" \/>\n<meta property=\"og:site_name\" content=\"Almega\" \/>\n<meta property=\"article:published_time\" content=\"2025-04-23T10:44:25+00:00\" \/>\n<meta property=\"article:modified_time\" content=\"2025-04-23T11:30:12+00:00\" \/>\n<meta property=\"og:image\" content=\"https:\/\/www.almega.se\/app\/uploads\/2020\/12\/almega-share-logo.png\" \/>\n\t<meta property=\"og:image:width\" content=\"1200\" \/>\n\t<meta property=\"og:image:height\" content=\"630\" \/>\n\t<meta property=\"og:image:type\" content=\"image\/png\" \/>\n<meta name=\"author\" content=\"Christoffer Bj\u00f6rkwall\" \/>\n<meta name=\"twitter:card\" content=\"summary_large_image\" \/>\n<meta name=\"twitter:label1\" content=\"Skriven av\" \/>\n\t<meta name=\"twitter:data1\" content=\"Christoffer Bj\u00f6rkwall\" \/>\n\t<meta name=\"twitter:label2\" content=\"Ber\u00e4knad l\u00e4stid\" \/>\n\t<meta name=\"twitter:data2\" content=\"4 minuter\" \/>\n<!-- \/ Yoast SEO Premium plugin. -->","yoast_head_json":{"title":"Nytt kollektivavtal f\u00f6r Almega Tj\u00e4nstef\u00f6rbunden, Utbildningsf\u00f6retagen | Almega","robots":{"index":"index","follow":"follow","max-snippet":"max-snippet:-1","max-image-preview":"max-image-preview:large","max-video-preview":"max-video-preview:-1"},"canonical":"https:\/\/www.almega.se\/2025\/04\/nytt-kollektivavtal-for-almega-tjansteforbunden-utbildningsforetagen\/","og_locale":"sv_SE","og_type":"article","og_title":"Nytt kollektivavtal f\u00f6r Almega Tj\u00e4nstef\u00f6rbunden, Utbildningsf\u00f6retagen","og_description":"L\u00f6neavtalet med Sveriges Ingenj\u00f6rer \u00e4r ett l\u00f6neavtal d\u00e4r lokala parter ska komma \u00f6verens om utrymmet f\u00f6r l\u00f6ne\u00f6kningar. Om parterna trots intentionerna i avtalet inte kan enas, \u00f6kas l\u00f6nesumman f\u00f6r akademikermedlemmarna vid f\u00f6retaget med, 3,0 % &hellip;","og_url":"https:\/\/www.almega.se\/2025\/04\/nytt-kollektivavtal-for-almega-tjansteforbunden-utbildningsforetagen\/","og_site_name":"Almega","article_published_time":"2025-04-23T10:44:25+00:00","article_modified_time":"2025-04-23T11:30:12+00:00","og_image":[{"width":1200,"height":630,"url":"https:\/\/www.almega.se\/app\/uploads\/2020\/12\/almega-share-logo.png","type":"image\/png"}],"author":"Christoffer Bj\u00f6rkwall","twitter_card":"summary_large_image","twitter_misc":{"Skriven av":"Christoffer Bj\u00f6rkwall","Ber\u00e4knad l\u00e4stid":"4 minuter"},"schema":{"@context":"https:\/\/schema.org","@graph":[{"@type":"NewsArticle","@id":"https:\/\/www.almega.se\/2025\/04\/nytt-kollektivavtal-for-almega-tjansteforbunden-utbildningsforetagen\/#article","isPartOf":{"@id":"https:\/\/www.almega.se\/2025\/04\/nytt-kollektivavtal-for-almega-tjansteforbunden-utbildningsforetagen\/"},"author":{"name":"Christoffer Bj\u00f6rkwall","@id":"https:\/\/www.almega.se\/#\/schema\/person\/85455dd30dc7dd48496950cee22dd217"},"headline":"Nytt kollektivavtal f\u00f6r Almega Tj\u00e4nste&shy;f\u00f6rbunden, Utbildnings&shy;f\u00f6retagen","datePublished":"2025-04-23T10:44:25+00:00","dateModified":"2025-04-23T11:30:12+00:00","mainEntityOfPage":{"@id":"https:\/\/www.almega.se\/2025\/04\/nytt-kollektivavtal-for-almega-tjansteforbunden-utbildningsforetagen\/"},"wordCount":940,"inLanguage":"sv-SE"},{"@type":"WebPage","@id":"https:\/\/www.almega.se\/2025\/04\/nytt-kollektivavtal-for-almega-tjansteforbunden-utbildningsforetagen\/","url":"https:\/\/www.almega.se\/2025\/04\/nytt-kollektivavtal-for-almega-tjansteforbunden-utbildningsforetagen\/","name":"Nytt kollektivavtal f\u00f6r Almega Tj\u00e4nstef\u00f6rbunden, Utbildningsf\u00f6retagen | Almega","isPartOf":{"@id":"https:\/\/www.almega.se\/#website"},"datePublished":"2025-04-23T10:44:25+00:00","dateModified":"2025-04-23T11:30:12+00:00","author":{"@id":"https:\/\/www.almega.se\/#\/schema\/person\/85455dd30dc7dd48496950cee22dd217"},"breadcrumb":{"@id":"https:\/\/www.almega.se\/2025\/04\/nytt-kollektivavtal-for-almega-tjansteforbunden-utbildningsforetagen\/#breadcrumb"},"inLanguage":"sv-SE","potentialAction":[{"@type":"ReadAction","target":["https:\/\/www.almega.se\/2025\/04\/nytt-kollektivavtal-for-almega-tjansteforbunden-utbildningsforetagen\/"]}]},{"@type":"BreadcrumbList","@id":"https:\/\/www.almega.se\/2025\/04\/nytt-kollektivavtal-for-almega-tjansteforbunden-utbildningsforetagen\/#breadcrumb","itemListElement":[{"@type":"ListItem","position":1,"name":"Home","item":"https:\/\/www.almega.se\/"},{"@type":"ListItem","position":2,"name":"Nytt kollektivavtal f\u00f6r Almega Tj\u00e4nste&shy;f\u00f6rbunden, Utbildnings&shy;f\u00f6retagen"}]},{"@type":"WebSite","@id":"https:\/\/www.almega.se\/#website","url":"https:\/\/www.almega.se\/","name":"Almega","description":"","potentialAction":[{"@type":"SearchAction","target":{"@type":"EntryPoint","urlTemplate":"https:\/\/www.almega.se\/?s={search_term_string}"},"query-input":{"@type":"PropertyValueSpecification","valueRequired":true,"valueName":"search_term_string"}}],"inLanguage":"sv-SE"},{"@type":"Person","@id":"https:\/\/www.almega.se\/#\/schema\/person\/85455dd30dc7dd48496950cee22dd217","name":"Christoffer Bj\u00f6rkwall","image":{"@type":"ImageObject","inLanguage":"sv-SE","@id":"https:\/\/www.almega.se\/#\/schema\/person\/image\/","url":"https:\/\/secure.gravatar.com\/avatar\/956880dd99ad7977c1311ac56674963f4336935dd0a0213718b2293a4929de54?s=96&d=mm&r=g","contentUrl":"https:\/\/secure.gravatar.com\/avatar\/956880dd99ad7977c1311ac56674963f4336935dd0a0213718b2293a4929de54?s=96&d=mm&r=g","caption":"Christoffer Bj\u00f6rkwall"},"url":"https:\/\/www.almega.se\/person\/_j9ud6qydtb7peyh5q9truisdz8givruub40jznsy\/"}]}},"_links":{"self":[{"href":"https:\/\/www.almega.se\/api\/wp\/v2\/posts\/78769","targetHints":{"allow":["GET"]}}],"collection":[{"href":"https:\/\/www.almega.se\/api\/wp\/v2\/posts"}],"about":[{"href":"https:\/\/www.almega.se\/api\/wp\/v2\/types\/post"}],"author":[{"embeddable":true,"href":"https:\/\/www.almega.se\/api\/wp\/v2\/users\/21100"}],"replies":[{"embeddable":true,"href":"https:\/\/www.almega.se\/api\/wp\/v2\/comments?post=78769"}],"version-history":[{"count":9,"href":"https:\/\/www.almega.se\/api\/wp\/v2\/posts\/78769\/revisions"}],"predecessor-version":[{"id":78792,"href":"https:\/\/www.almega.se\/api\/wp\/v2\/posts\/78769\/revisions\/78792"}],"wp:attachment":[{"href":"https:\/\/www.almega.se\/api\/wp\/v2\/media?parent=78769"}],"wp:term":[{"taxonomy":"category","embeddable":true,"href":"https:\/\/www.almega.se\/api\/wp\/v2\/categories?post=78769"},{"taxonomy":"post_tag","embeddable":true,"href":"https:\/\/www.almega.se\/api\/wp\/v2\/tags?post=78769"},{"taxonomy":"type","embeddable":true,"href":"https:\/\/www.almega.se\/api\/wp\/v2\/article_type?post=78769"},{"taxonomy":"agreement","embeddable":true,"href":"https:\/\/www.almega.se\/api\/wp\/v2\/agreement?post=78769"}],"curies":[{"name":"wp","href":"https:\/\/api.w.org\/{rel}","templated":true}]}}