{"id":78767,"date":"2025-04-24T17:25:16","date_gmt":"2025-04-24T15:25:16","guid":{"rendered":"https:\/\/www.almega.se\/?p=78767"},"modified":"2025-04-24T19:45:36","modified_gmt":"2025-04-24T17:45:36","slug":"nytt-kollektivavtal-tecknat-for-almega-tjansteforbunden-bransch-utveckling-tjanster-4","status":"publish","type":"post","link":"https:\/\/www.almega.se\/2025\/04\/nytt-kollektivavtal-tecknat-for-almega-tjansteforbunden-bransch-utveckling-tjanster-4\/","title":{"rendered":"Nytt kollektivavtal tecknat f\u00f6r Almega Tj\u00e4nste&shy;f\u00f6rbunden, bransch Utveckling &amp; Tj\u00e4nster"},"content":{"rendered":"<p class=\"intro\">Almega Tj\u00e4nstef\u00f6rbunden har tecknat nytt kollektivavtal f\u00f6r bransch Utveckling &amp; Tj\u00e4nster om l\u00f6ner och allm\u00e4nna anst\u00e4llningsvillkor med Unionen, Sveriges Ingenj\u00f6rer och Ledarna f\u00f6r perioden 1 april 2025 till den 31 mars 2027.<\/p>\n<a class='Share__link Share__link--url copy-text' href='#' rel='nofollow' data-text='loneavtalen' title='Dela url' data-confirmation='L\u00e4nken kopierades till urklipp'><svg class='icon icon--link'  width='18' height='18' viewBox='0 0 18 18' fill='none' xmlns='http:\/\/www.w3.org\/2000\/svg'>\n            <path d='M10.4142 0.514721L6.87868 4.05025L8.29289 5.46447L11.1213 2.63604L15.364 6.87868L12.5355 9.70711L13.9497 11.1213L17.4853 7.58579C17.8763 7.19476 17.8763 6.5626 17.4853 6.17158L11.8284 0.514721C11.4374 0.123691 10.8052 0.123691 10.4142 0.514721Z' fill='black'\/>\n            <path d='M9.7071 12.5355L6.87868 15.364L2.63604 11.1213L5.46446 8.2929L4.05025 6.87868L0.514716 10.4142C0.123686 10.8052 0.123686 11.4374 0.514716 11.8284L6.17157 17.4853C6.5626 17.8763 7.19475 17.8763 7.58578 17.4853L11.1213 13.9497L9.7071 12.5355Z' fill='black'\/>\n            <path d='M6.17157 11.8284C6.5626 12.2195 7.19475 12.2195 7.58578 11.8284L11.8284 7.58579C12.2195 7.19476 12.2195 6.56261 11.8284 6.17158C11.4374 5.78055 10.8052 5.78055 10.4142 6.17158L6.17157 10.4142C5.78054 10.8052 5.78054 11.4374 6.17157 11.8284Z' fill='black'\/>\n            <\/svg> <\/a>\n<h2 class=\"wp-block-heading\" id=\"h-loneavtalen\">L\u00f6neavtalen<\/h2>\n\n\n\n<p>L\u00f6neavtalen med Unionen och Sveriges Ingenj\u00f6rer (och \u00f6vriga SACO-f\u00f6rbund) inneh\u00e5ller procentsatser g\u00e4llande l\u00f6ne\u00f6kningar. Notera att de lokala parterna kan enas om annat. Ledarnas l\u00f6neavtal \u00e4r ett sifferl\u00f6st tillsvidareavtal.<\/p>\n\n\n\n<p>Du hittar partsgemensamt material om l\u00f6nebildning h\u00e4r.<\/p>\n\n\n\n<p><a href=\"https:\/\/www.almega.se\/app\/uploads\/2020\/01\/en-riktigt-bra-loneprocess-utskrift.pdf\" target=\"_blank\" rel=\"noreferrer noopener\">En riktigt bra l\u00f6neprocess<\/a><\/p>\n\n\n\n<p><a href=\"https:\/\/www.almega.se\/app\/uploads\/2019\/11\/almega-ett-riktigt-bra-lonesamtal.pdf\" target=\"_blank\" rel=\"noreferrer noopener\">Ett riktigt bra l\u00f6nesamtal<\/a><\/p>\n\n\n\n<p><a href=\"https:\/\/www.almega.se\/app\/uploads\/2019\/11\/almega-en-kort-guide-till-lonesamtalet.pdf\" target=\"_blank\" rel=\"noreferrer noopener\">En kortguide till l\u00f6nesamtalet<\/a><\/p>\n\n\n\n<h3 class=\"wp-block-heading\" id=\"h-loneavtal-med-unionen\">L\u00f6neavtal med Unionen<\/h3>\n\n\n\n<p>L\u00f6neavtalet \u00e4r ett processl\u00f6neavtal d\u00e4r de lokala parterna ska samverka kring l\u00f6neprocessen. Saknas lokal f\u00f6retr\u00e4dare f\u00f6r Unionen samverkar arbetsgivaren ist\u00e4llet direkt med de anst\u00e4llda i till\u00e4mpliga delar.<\/p>\n\n\n\n<p>En viktig del i avtalet \u00e4r \u00e5rliga utvecklings- och l\u00f6nesamtal mellan chef och tj\u00e4nsteman. Avtalet \u00e4r utan siffersatt individgaranti, men f\u00f6r tj\u00e4nsteman som erh\u00e5ller ingen eller m\u00e4rkbart l\u00e5g l\u00f6ne\u00f6kning ska en skriftlig \u00e5tg\u00e4rdsplan uppr\u00e4ttas.<\/p>\n\n\n\n<p>L\u00f6ne\u00f6kningsutrymmet \u00e4r 3,0 procent fr\u00e5n 1&nbsp;april 2025, och 2,5 procent fr\u00e5n 1&nbsp;april 2026 om lokal \u00f6verenskommelse inte tr\u00e4ffas om annat.&nbsp;<\/p>\n\n\n\n<p><a href=\"https:\/\/medlem.arbetsgivarguiden.se\/kollektivavtal\/132\/dokument\/177\">L\u00f6neavtalet med Unionen<\/a> (inloggning kr\u00e4vs)<\/p>\n\n\n\n<h3 class=\"wp-block-heading\" id=\"h-loneavtal-med-sveriges-ingenjorer\">L\u00f6neavtal med Sveriges Ingenj\u00f6rer<\/h3>\n\n\n\n<p>L\u00f6neavtalet med Sveriges Ingenj\u00f6rer g\u00e4ller f\u00f6r tj\u00e4nstem\u00e4n som \u00e4r medlemmar i Sveriges Ingenj\u00f6rer eller medlem i annat arbetstagarf\u00f6rbund anslutet till SACO (akademikerf\u00f6rbund).<\/p>\n\n\n\n<p>De lokala parterna kan komma \u00f6verens om revisionstidpunkt och l\u00f6neutrymme. Om parterna inte kan enas \u00e4r l\u00f6ne\u00f6kningsutrymmet 3,0 procent fr\u00e5n 1&nbsp;maj 2025, och 2,5 procent fr\u00e5n 1&nbsp;maj 2026.<\/p>\n\n\n\n<p>Avtalet inneh\u00e5ller ingen siffersatt individgaranti. F\u00f6r tj\u00e4nsteman som f\u00e5r ingen eller ringa l\u00f6ne\u00f6kning ska s\u00e4rskild diskussion upptas med tj\u00e4nstemannen om f\u00f6ruts\u00e4ttningarna f\u00f6r framtida l\u00f6neutveckling.<\/p>\n\n\n\n<p><a href=\"https:\/\/medlem.arbetsgivarguiden.se\/kollektivavtal\/132\/dokument\/216\">L\u00f6neavtalet med Sveriges Ingenj\u00f6rer<\/a><\/p>\n\n\n\n<h3 class=\"wp-block-heading\" id=\"h-loneavtal-med-ledarna\">L\u00f6neavtal med Ledarna<\/h3>\n\n\n\n<p>L\u00f6neavtalet med Ledarna \u00e4r ett sifferl\u00f6st processl\u00f6neavtal som g\u00e4ller tillsvidare. Det p\u00e5verkas inte av det s\u00e5 kallade m\u00e4rket och f\u00f6rdelningen av l\u00f6n ska inte ske utifr\u00e5n n\u00e5gon \u201dpott\u201d. L\u00f6nes\u00e4ttningen f\u00f6r Ledarnas medlemmar ska ist\u00e4llet utg\u00e5 fr\u00e5n f\u00f6retagets ekonomiska f\u00f6ruts\u00e4ttningar och chefens bidrag till denna utveckling.<\/p>\n\n\n\n<p>L\u00f6nerevision ska g\u00f6ras \u00e5rligen och om ni inte \u00e4r \u00f6verens om annat ska l\u00f6nerevision ske den 1&nbsp;april.<\/p>\n\n\n\n<p><a href=\"https:\/\/www.almega.se\/app\/uploads\/2022\/10\/ett-annu-battre-lonesamtal.pdf\">Ett \u00e4nnu b\u00e4ttre l\u00f6nesamtal<\/a> (broschyr)<br><a href=\"https:\/\/medlem.arbetsgivarguiden.se\/kollektivavtal\/132\/dokument\/217\">L\u00f6neavtal med Ledarna<\/a> (inloggning kr\u00e4vs)<\/p>\n\n\n\n<h3 class=\"wp-block-heading\" id=\"h-flexpension\">Flexpension<\/h3>\n\n\n\n<p>Flexpensionspremien \u00f6kar fr\u00e5n och med den 1&nbsp;april 2025 med ytterligare 0,2&nbsp;%, vilket inneb\u00e4r att premien d\u00e5 totalt kommer uppg\u00e5 till 1,5&nbsp;%. Den 1&nbsp;april 2026 \u00f6kar premien ytterligare med 0,2&nbsp;%, vilket inneb\u00e4r att premien d\u00e5 totalt kommer uppg\u00e5 till 1,7&nbsp;%. F\u00f6r Sveriges Ingenj\u00f6rer (och \u00f6vriga SACO-medlemmar) g\u00e4ller avs\u00e4ttningen fr\u00e5n 1&nbsp;maj 2025 respektive 1&nbsp;maj 2026. <\/p>\n\n\n\n<p>F\u00f6r medarbetare som har flexpension \u00e4r det d\u00e4rf\u00f6r viktigt att ni p\u00e5minner om premiens v\u00e4rde, som kommer dem tillgodo ut\u00f6ver den vanliga l\u00f6ne\u00f6kningen. De som valt att inte f\u00e5 avtalad flexpensionsavs\u00e4ttning har ist\u00e4llet f\u00e5tt h\u00f6gre l\u00f6n, vilket p\u00e5 s\u00e5 s\u00e4tt kommer dem tillgodo varje \u00e5r.<\/p>\n\n\n\n<p>Premien faktureras av Collectum, utan n\u00e5gon s\u00e4rskild \u00e5tg\u00e4rd fr\u00e5n arbetsgivaren.<\/p>\n\n\n\n<p>Flexpensionspremien ing\u00e5r som en del av arbetsmarknadens normerande kostnadsram, det s\u00e5 kallade m\u00e4rket, vilket inneb\u00e4r att premier och l\u00f6ne\u00f6kningarna tillsammans utg\u00f6r m\u00e4rket. Kostnadsramen f\u00f6r m\u00e4rket p\u00e5 arbetsmarknaden under den h\u00e4r avtalsperioden \u00e4r totalt 6,4 %.<\/p>\n\n\n<a class='Share__link Share__link--url copy-text' href='#' rel='nofollow' data-text='forandringar-i-allmanna-anstallningsvillkor' title='Dela url' data-confirmation='L\u00e4nken kopierades till urklipp'><svg class='icon icon--link'  width='18' height='18' viewBox='0 0 18 18' fill='none' xmlns='http:\/\/www.w3.org\/2000\/svg'>\n            <path d='M10.4142 0.514721L6.87868 4.05025L8.29289 5.46447L11.1213 2.63604L15.364 6.87868L12.5355 9.70711L13.9497 11.1213L17.4853 7.58579C17.8763 7.19476 17.8763 6.5626 17.4853 6.17158L11.8284 0.514721C11.4374 0.123691 10.8052 0.123691 10.4142 0.514721Z' fill='black'\/>\n            <path d='M9.7071 12.5355L6.87868 15.364L2.63604 11.1213L5.46446 8.2929L4.05025 6.87868L0.514716 10.4142C0.123686 10.8052 0.123686 11.4374 0.514716 11.8284L6.17157 17.4853C6.5626 17.8763 7.19475 17.8763 7.58578 17.4853L11.1213 13.9497L9.7071 12.5355Z' fill='black'\/>\n            <path d='M6.17157 11.8284C6.5626 12.2195 7.19475 12.2195 7.58578 11.8284L11.8284 7.58579C12.2195 7.19476 12.2195 6.56261 11.8284 6.17158C11.4374 5.78055 10.8052 5.78055 10.4142 6.17158L6.17157 10.4142C5.78054 10.8052 5.78054 11.4374 6.17157 11.8284Z' fill='black'\/>\n            <\/svg> <\/a>\n<h2 class=\"wp-block-heading\" id=\"h-forandringar-i-allmanna-anstallningsvillkor\">F\u00f6r\u00e4ndringar i allm\u00e4nna anst\u00e4llningsvillkor<\/h2>\n\n\n\n<p>F\u00f6r\u00e4ndringarna kommer inf\u00f6ras i Arbetsgivarguidens digitala kollektivavtal men framg\u00e5r ocks\u00e5 av bilaga till f\u00f6rhandlingsprotokollen.<\/p>\n\n\n\n<p>F\u00f6ljande f\u00f6r\u00e4ndringar g\u00f6rs i allm\u00e4nna anst\u00e4llningsvillkor:<\/p>\n\n\n\n<ul class=\"wp-block-list\">\n<li>\u00a75 Mom 2: Begr\u00e4nsningsperioden f\u00f6r ordinarie arbetstid ut\u00f6kas fr\u00e5n fyra veckor till tolv m\u00e5nader. Detta inneb\u00e4r att den ordinarie arbetstiden inte f\u00e5r \u00f6verstiga 40 timmar i genomsnitt per helgfri vecka under en tolvm\u00e5nadersperiod, ist\u00e4llet f\u00f6r dagens fyraveckorsperiod.<\/li>\n\n\n\n<li>\u00a75 Mom 2.1: Nytt moment inf\u00f6rs om arbetstidens f\u00f6rl\u00e4ggning. Detta inneb\u00e4r att vid arbetstidens f\u00f6rl\u00e4ggning skall h\u00e4nsyn tas s\u00e5v\u00e4l till verksamhetens behov som till tj\u00e4nstemannens behov och \u00f6nskem\u00e5l.<\/li>\n\n\n\n<li>\u00a75 Mom 6: Nattarbetsf\u00f6rbudet i kollektivavtalet tas bort genom att det i regeln om dygnsvila anges att nattvilan \u201db\u00f6r\u201d f\u00f6rl\u00e4ggas till tiden kl 00-05 ist\u00e4llet f\u00f6r dagens \u201dska\u201d enligt Arbetstidslagen.<\/li>\n\n\n\n<li>\u00a76 Mom 3.2: F\u00f6r deltidsanst\u00e4llda som arbetar mindre \u00e4n fem dagar i genomsnitt per vecka (s\u00e5 kallad intermittent deltid), beh\u00f6ver arbetsgivaren ange vilka lediga dagar som \u00e4r ordinarie ledighetsdagar, det vill s\u00e4ga som ska avses motsvara l\u00f6rdag och s\u00f6ndag. Det har betydelse f\u00f6r vilken niv\u00e5 av \u00f6vertidsers\u00e4ttning som ska betalas vid utf\u00f6rt \u00f6vertidsarbete.<\/li>\n\n\n\n<li>\u00a76 Mom 4: Mertidsers\u00e4ttning tas bort ur avtalet vilket inneb\u00e4r att \u00f6vertidsers\u00e4ttning utg\u00e5r \u00e4ven d\u00e5 deltidsanst\u00e4lld utf\u00f6r beordrat arbete ut\u00f6ver sitt deltidsarbetstidsm\u00e5tt.<\/li>\n<\/ul>\n\n\n\n<h3 class=\"wp-block-heading\" id=\"h-ratt-till-ledig-dag\">R\u00e4tt till ledig dag<\/h3>\n\n\n\n<p>Under \u00a711 Ledighet i allm\u00e4nna anst\u00e4llningsvillkorsavtalet inf\u00f6rs fr\u00e5n och med 1 januari 2026 en r\u00e4tt till en ledig dag. F\u00f6r inf\u00f6randet av den lediga dagen har avr\u00e4kning gjorts fr\u00e5n l\u00f6neutrymmet med 0,2 procent \u00e5r 2025 och 0,3 procent \u00e5r 2026. Denna avr\u00e4kning \u00e4r redan omh\u00e4ndertagen av de centrala parterna avseende procenten p\u00e5 l\u00f6ne\u00f6kningarna i l\u00f6neavtalen med Unionen och Sveriges Ingenj\u00f6rer.&nbsp;<\/p>\n\n\n\n<p>Den lediga dagen f\u00f6rl\u00e4ggs ensidigt av arbetsgivaren antingen som en hel dag eller i form av tv\u00e5 lediga halvdagar. Om arbetsgivaren v\u00e4ljer att l\u00e4gga ut ledigheten i form av halvdagar ska det ske i anslutning till helgdag eller veckoslut. Arbetsgivaren ska senast vid \u00e5rsskiftet underr\u00e4tta medarbetarna inom ber\u00f6rd arbetsgrupp om f\u00f6rl\u00e4ggningen f\u00f6r det kommande kalender\u00e5ret. Den lediga dagen f\u00e5r ej f\u00f6rl\u00e4ggas p\u00e5 midsommarafton, julafton eller ny\u00e5rsafton. Om arbetsgivaren inte underr\u00e4ttat medarbetarna senast vid \u00e5rsskiftet ska medarbetarna f\u00e5 ledigt fredagen efter Kristi himmelsf\u00e4rdsdag. Om en medarbetare m\u00e5ste arbeta under den dag som ledigheten f\u00f6rlagts till, f\u00e5r arbetsgivaren f\u00f6rl\u00e4gga ledigheten till annan dag i anslutning till helgdag eller veckoslut. R\u00e4tt till ledighet f\u00f6ruts\u00e4tter att medarbetaren \u00e4r anst\u00e4lld vid ledighetstidpunkten och medarbetaren har inte r\u00e4tt till n\u00e5gon kompensation om den hunnit sluta eller anst\u00e4lls d\u00e4refter.<\/p>\n\n\n\n<p>Vi kommer \u00e5terkomma med s\u00e5 v\u00e4l utbildningsinsatser som r\u00e5dgivning om denna nya regel.<\/p>\n\n\n\n<p>Det nya <a href=\"https:\/\/medlem.arbetsgivarguiden.se\/kollektivavtal\/132\/dokument\/37\" target=\"_blank\" rel=\"noreferrer noopener\">kollektivavtalet<\/a> hittar du i Arbetsgivarguiden (inloggning kr\u00e4vs).<\/p>\n\n\n<a class='Share__link Share__link--url copy-text' href='#' rel='nofollow' data-text='partsgemensamt-arbete-under-avtalsperioden' title='Dela url' data-confirmation='L\u00e4nken kopierades till urklipp'><svg class='icon icon--link'  width='18' height='18' viewBox='0 0 18 18' fill='none' xmlns='http:\/\/www.w3.org\/2000\/svg'>\n            <path d='M10.4142 0.514721L6.87868 4.05025L8.29289 5.46447L11.1213 2.63604L15.364 6.87868L12.5355 9.70711L13.9497 11.1213L17.4853 7.58579C17.8763 7.19476 17.8763 6.5626 17.4853 6.17158L11.8284 0.514721C11.4374 0.123691 10.8052 0.123691 10.4142 0.514721Z' fill='black'\/>\n            <path d='M9.7071 12.5355L6.87868 15.364L2.63604 11.1213L5.46446 8.2929L4.05025 6.87868L0.514716 10.4142C0.123686 10.8052 0.123686 11.4374 0.514716 11.8284L6.17157 17.4853C6.5626 17.8763 7.19475 17.8763 7.58578 17.4853L11.1213 13.9497L9.7071 12.5355Z' fill='black'\/>\n            <path d='M6.17157 11.8284C6.5626 12.2195 7.19475 12.2195 7.58578 11.8284L11.8284 7.58579C12.2195 7.19476 12.2195 6.56261 11.8284 6.17158C11.4374 5.78055 10.8052 5.78055 10.4142 6.17158L6.17157 10.4142C5.78054 10.8052 5.78054 11.4374 6.17157 11.8284Z' fill='black'\/>\n            <\/svg> <\/a>\n<h2 class=\"wp-block-heading\" id=\"h-partsgemensamt-arbete-under-avtalsperioden\">Partsgemensamt arbete under avtalsperioden<\/h2>\n\n\n\n<p>Almega Tj\u00e4nstef\u00f6rbunden, bransch Utveckling &amp; Tj\u00e4nster, och Sveriges Ingenj\u00f6rer \u00e4r \u00f6verens om att under avtalsperioden i en arbetsgrupp verka f\u00f6r ett nytt l\u00f6neavtal.<\/p>\n\n\n<a class='Share__link Share__link--url copy-text' href='#' rel='nofollow' data-text='webbinarium' title='Dela url' data-confirmation='L\u00e4nken kopierades till urklipp'><svg class='icon icon--link'  width='18' height='18' viewBox='0 0 18 18' fill='none' xmlns='http:\/\/www.w3.org\/2000\/svg'>\n            <path d='M10.4142 0.514721L6.87868 4.05025L8.29289 5.46447L11.1213 2.63604L15.364 6.87868L12.5355 9.70711L13.9497 11.1213L17.4853 7.58579C17.8763 7.19476 17.8763 6.5626 17.4853 6.17158L11.8284 0.514721C11.4374 0.123691 10.8052 0.123691 10.4142 0.514721Z' fill='black'\/>\n            <path d='M9.7071 12.5355L6.87868 15.364L2.63604 11.1213L5.46446 8.2929L4.05025 6.87868L0.514716 10.4142C0.123686 10.8052 0.123686 11.4374 0.514716 11.8284L6.17157 17.4853C6.5626 17.8763 7.19475 17.8763 7.58578 17.4853L11.1213 13.9497L9.7071 12.5355Z' fill='black'\/>\n            <path d='M6.17157 11.8284C6.5626 12.2195 7.19475 12.2195 7.58578 11.8284L11.8284 7.58579C12.2195 7.19476 12.2195 6.56261 11.8284 6.17158C11.4374 5.78055 10.8052 5.78055 10.4142 6.17158L6.17157 10.4142C5.78054 10.8052 5.78054 11.4374 6.17157 11.8284Z' fill='black'\/>\n            <\/svg> <\/a>\n<h2 class=\"wp-block-heading\" id=\"h-webbinarium\">Webbinarium<\/h2>\n\n\n\n<p>V\u00e4lkommen till kostnadsfritt webbinarium med information om det nya avtalet den <strong>29 april kl 08.15<\/strong>.\u00a0<br><a href=\"https:\/\/www.almega.se\/aktiviteter\/nytt-avtal-almega-tjanstforbunden-och-unionen-sveriges-ingenjorer-ledarna-avtal-utveckling-tjanster\/\" target=\"_blank\" rel=\"noreferrer noopener\">L\u00e4s mer och anm\u00e4l dig h\u00e4r<\/a>.<\/p>\n\n\n<a class='Share__link Share__link--url copy-text' href='#' rel='nofollow' data-text='inloggning-till-arbetsgivarguiden' title='Dela url' data-confirmation='L\u00e4nken kopierades till urklipp'><svg class='icon icon--link'  width='18' height='18' viewBox='0 0 18 18' fill='none' xmlns='http:\/\/www.w3.org\/2000\/svg'>\n            <path d='M10.4142 0.514721L6.87868 4.05025L8.29289 5.46447L11.1213 2.63604L15.364 6.87868L12.5355 9.70711L13.9497 11.1213L17.4853 7.58579C17.8763 7.19476 17.8763 6.5626 17.4853 6.17158L11.8284 0.514721C11.4374 0.123691 10.8052 0.123691 10.4142 0.514721Z' fill='black'\/>\n            <path d='M9.7071 12.5355L6.87868 15.364L2.63604 11.1213L5.46446 8.2929L4.05025 6.87868L0.514716 10.4142C0.123686 10.8052 0.123686 11.4374 0.514716 11.8284L6.17157 17.4853C6.5626 17.8763 7.19475 17.8763 7.58578 17.4853L11.1213 13.9497L9.7071 12.5355Z' fill='black'\/>\n            <path d='M6.17157 11.8284C6.5626 12.2195 7.19475 12.2195 7.58578 11.8284L11.8284 7.58579C12.2195 7.19476 12.2195 6.56261 11.8284 6.17158C11.4374 5.78055 10.8052 5.78055 10.4142 6.17158L6.17157 10.4142C5.78054 10.8052 5.78054 11.4374 6.17157 11.8284Z' fill='black'\/>\n            <\/svg> <\/a>\n<h2 class=\"wp-block-heading\" id=\"h-inloggning-till-arbetsgivarguiden\">Inloggning till Arbetsgivarguiden<\/h2>\n\n\n\n<p>I v\u00e5r&nbsp;<a href=\"https:\/\/medlem.arbetsgivarguiden.se\/\">Arbetsgivarguide<\/a>&nbsp;hittar ni viktig arbetsgivarinformation som exempelvis nyheter, mallar, A-\u00d6 och ert kollektivavtal med f\u00f6rdjupande kommenterar och digitala r\u00e4kneformler.<\/p>\n\n\n\n<p>Om du inte redan har inloggning skapar du den sj\u00e4lv i l\u00e4nken med organisationsnummer och medlemsnummer (finns p\u00e5 fakturan fr\u00e5n Svenskt N\u00e4ringsliv). Om du inte hittar medlemsnumret kan du mejla organisationsnumret till&nbsp;<a href=\"mailto:medlem@almega.se\">medlem@almega.se<\/a>&nbsp;s\u00e5 hj\u00e4lper vi dig.<\/p>\n\n\n\n<p><a href=\"https:\/\/www.avtalat.se\/\">H\u00e4r<\/a>&nbsp;p\u00e5 Avtalat hittar ni information om era pensioner och f\u00f6rs\u00e4kringar.<\/p>\n\n\n\n<p><strong>Bilagor<\/strong><\/p>\n\n\n\n<p><a href=\"https:\/\/www.almega.se\/app\/uploads\/protected\/2025\/04\/Hemstallan-m-protokoll-Utveckling-och-Tjanster-Unionen.pdf\">F\u00f6rhandlingsprotokoll Unionen<\/a> (inloggning kr\u00e4vs)<br><a href=\"https:\/\/www.almega.se\/app\/uploads\/protected\/2025\/04\/Forhandlingsprotokoll-Utveckling-och-Tjanster-Sv-Ingenjorer-2025.pdf\">F\u00f6rhandlingsprotokoll Sveriges Ingenj\u00f6rer<\/a> (inloggning kr\u00e4vs)<br><a href=\"https:\/\/www.almega.se\/app\/uploads\/2025\/04\/Forhandlingsprotokoll-Utveckling-och-Tjanster-Ledarna-2025.pdf\">F\u00f6rhandlingsprotokoll Ledarna<\/a> (inloggning kr\u00e4vs)<\/p>\n","protected":false},"excerpt":{"rendered":"<p>L\u00f6neavtalen L\u00f6neavtalen med Unionen och Sveriges Ingenj\u00f6rer (och \u00f6vriga SACO-f\u00f6rbund) inneh\u00e5ller procentsatser g\u00e4llande l\u00f6ne\u00f6kningar. Notera att de lokala parterna kan enas om annat. Ledarnas l\u00f6neavtal \u00e4r ett sifferl\u00f6st tillsvidareavtal. Du hittar partsgemensamt material om l\u00f6nebildning &hellip;<\/p>\n","protected":false},"author":14836,"featured_media":0,"comment_status":"closed","ping_status":"closed","sticky":false,"template":"","format":"standard","meta":{"_acf_changed":false,"footnotes":""},"categories":[724],"tags":[],"article_type":[313],"agreement":[234],"class_list":["post-78767","post","type-post","status-publish","format-standard","hentry","category-kollektivavtal","type-arbetsgivarnytt","agreement-8ace80f7-ff07-de11-b4e1-02bf9e69ca65"],"acf":[],"yoast_head":"<!-- This site is optimized with the Yoast SEO Premium plugin v26.8 (Yoast SEO v26.8) - https:\/\/yoast.com\/product\/yoast-seo-premium-wordpress\/ -->\n<title>Nytt kollektivavtal tecknat f\u00f6r Almega Tj\u00e4nstef\u00f6rbunden, bransch Utveckling &amp; Tj\u00e4nster | Almega<\/title>\n<meta name=\"robots\" content=\"index, follow, max-snippet:-1, max-image-preview:large, max-video-preview:-1\" \/>\n<link rel=\"canonical\" href=\"https:\/\/www.almega.se\/2025\/04\/nytt-kollektivavtal-tecknat-for-almega-tjansteforbunden-bransch-utveckling-tjanster-4\/\" \/>\n<meta property=\"og:locale\" content=\"sv_SE\" \/>\n<meta property=\"og:type\" content=\"article\" \/>\n<meta property=\"og:title\" content=\"Nytt kollektivavtal tecknat f\u00f6r Almega Tj\u00e4nstef\u00f6rbunden, bransch Utveckling &amp; Tj\u00e4nster\" \/>\n<meta property=\"og:description\" content=\"L\u00f6neavtalen L\u00f6neavtalen med Unionen och Sveriges Ingenj\u00f6rer (och \u00f6vriga SACO-f\u00f6rbund) inneh\u00e5ller procentsatser g\u00e4llande l\u00f6ne\u00f6kningar. Notera att de lokala parterna kan enas om annat. Ledarnas l\u00f6neavtal \u00e4r ett sifferl\u00f6st tillsvidareavtal. Du hittar partsgemensamt material om l\u00f6nebildning &hellip;\" \/>\n<meta property=\"og:url\" content=\"https:\/\/www.almega.se\/2025\/04\/nytt-kollektivavtal-tecknat-for-almega-tjansteforbunden-bransch-utveckling-tjanster-4\/\" \/>\n<meta property=\"og:site_name\" content=\"Almega\" \/>\n<meta property=\"article:published_time\" content=\"2025-04-24T15:25:16+00:00\" \/>\n<meta property=\"article:modified_time\" content=\"2025-04-24T17:45:36+00:00\" \/>\n<meta property=\"og:image\" content=\"https:\/\/www.almega.se\/app\/uploads\/2020\/12\/almega-share-logo.png\" \/>\n\t<meta property=\"og:image:width\" content=\"1200\" \/>\n\t<meta property=\"og:image:height\" content=\"630\" \/>\n\t<meta property=\"og:image:type\" content=\"image\/png\" \/>\n<meta name=\"author\" content=\"Eva Pettersson\" \/>\n<meta name=\"twitter:card\" content=\"summary_large_image\" \/>\n<meta name=\"twitter:label1\" content=\"Skriven av\" \/>\n\t<meta name=\"twitter:data1\" content=\"Eva Pettersson\" \/>\n\t<meta name=\"twitter:label2\" content=\"Ber\u00e4knad l\u00e4stid\" \/>\n\t<meta name=\"twitter:data2\" content=\"6 minuter\" \/>\n<!-- \/ Yoast SEO Premium plugin. -->","yoast_head_json":{"title":"Nytt kollektivavtal tecknat f\u00f6r Almega Tj\u00e4nstef\u00f6rbunden, bransch Utveckling &amp; Tj\u00e4nster | Almega","robots":{"index":"index","follow":"follow","max-snippet":"max-snippet:-1","max-image-preview":"max-image-preview:large","max-video-preview":"max-video-preview:-1"},"canonical":"https:\/\/www.almega.se\/2025\/04\/nytt-kollektivavtal-tecknat-for-almega-tjansteforbunden-bransch-utveckling-tjanster-4\/","og_locale":"sv_SE","og_type":"article","og_title":"Nytt kollektivavtal tecknat f\u00f6r Almega Tj\u00e4nstef\u00f6rbunden, bransch Utveckling &amp; Tj\u00e4nster","og_description":"L\u00f6neavtalen L\u00f6neavtalen med Unionen och Sveriges Ingenj\u00f6rer (och \u00f6vriga SACO-f\u00f6rbund) inneh\u00e5ller procentsatser g\u00e4llande l\u00f6ne\u00f6kningar. Notera att de lokala parterna kan enas om annat. Ledarnas l\u00f6neavtal \u00e4r ett sifferl\u00f6st tillsvidareavtal. Du hittar partsgemensamt material om l\u00f6nebildning &hellip;","og_url":"https:\/\/www.almega.se\/2025\/04\/nytt-kollektivavtal-tecknat-for-almega-tjansteforbunden-bransch-utveckling-tjanster-4\/","og_site_name":"Almega","article_published_time":"2025-04-24T15:25:16+00:00","article_modified_time":"2025-04-24T17:45:36+00:00","og_image":[{"width":1200,"height":630,"url":"https:\/\/www.almega.se\/app\/uploads\/2020\/12\/almega-share-logo.png","type":"image\/png"}],"author":"Eva Pettersson","twitter_card":"summary_large_image","twitter_misc":{"Skriven av":"Eva Pettersson","Ber\u00e4knad l\u00e4stid":"6 minuter"},"schema":{"@context":"https:\/\/schema.org","@graph":[{"@type":"NewsArticle","@id":"https:\/\/www.almega.se\/2025\/04\/nytt-kollektivavtal-tecknat-for-almega-tjansteforbunden-bransch-utveckling-tjanster-4\/#article","isPartOf":{"@id":"https:\/\/www.almega.se\/2025\/04\/nytt-kollektivavtal-tecknat-for-almega-tjansteforbunden-bransch-utveckling-tjanster-4\/"},"author":{"name":"Eva Pettersson","@id":"https:\/\/www.almega.se\/#\/schema\/person\/50d695bb8f918c77bd2be177892f84b1"},"headline":"Nytt kollektivavtal tecknat f\u00f6r Almega Tj\u00e4nste&shy;f\u00f6rbunden, bransch Utveckling &amp; Tj\u00e4nster","datePublished":"2025-04-24T15:25:16+00:00","dateModified":"2025-04-24T17:45:36+00:00","mainEntityOfPage":{"@id":"https:\/\/www.almega.se\/2025\/04\/nytt-kollektivavtal-tecknat-for-almega-tjansteforbunden-bransch-utveckling-tjanster-4\/"},"wordCount":1255,"articleSection":["Kollektivavtal"],"inLanguage":"sv-SE"},{"@type":"WebPage","@id":"https:\/\/www.almega.se\/2025\/04\/nytt-kollektivavtal-tecknat-for-almega-tjansteforbunden-bransch-utveckling-tjanster-4\/","url":"https:\/\/www.almega.se\/2025\/04\/nytt-kollektivavtal-tecknat-for-almega-tjansteforbunden-bransch-utveckling-tjanster-4\/","name":"Nytt kollektivavtal tecknat f\u00f6r Almega Tj\u00e4nstef\u00f6rbunden, bransch Utveckling &amp; Tj\u00e4nster | Almega","isPartOf":{"@id":"https:\/\/www.almega.se\/#website"},"datePublished":"2025-04-24T15:25:16+00:00","dateModified":"2025-04-24T17:45:36+00:00","author":{"@id":"https:\/\/www.almega.se\/#\/schema\/person\/50d695bb8f918c77bd2be177892f84b1"},"breadcrumb":{"@id":"https:\/\/www.almega.se\/2025\/04\/nytt-kollektivavtal-tecknat-for-almega-tjansteforbunden-bransch-utveckling-tjanster-4\/#breadcrumb"},"inLanguage":"sv-SE","potentialAction":[{"@type":"ReadAction","target":["https:\/\/www.almega.se\/2025\/04\/nytt-kollektivavtal-tecknat-for-almega-tjansteforbunden-bransch-utveckling-tjanster-4\/"]}]},{"@type":"BreadcrumbList","@id":"https:\/\/www.almega.se\/2025\/04\/nytt-kollektivavtal-tecknat-for-almega-tjansteforbunden-bransch-utveckling-tjanster-4\/#breadcrumb","itemListElement":[{"@type":"ListItem","position":1,"name":"Home","item":"https:\/\/www.almega.se\/"},{"@type":"ListItem","position":2,"name":"Nytt kollektivavtal tecknat f\u00f6r Almega Tj\u00e4nste&shy;f\u00f6rbunden, bransch Utveckling &amp; Tj\u00e4nster"}]},{"@type":"WebSite","@id":"https:\/\/www.almega.se\/#website","url":"https:\/\/www.almega.se\/","name":"Almega","description":"","potentialAction":[{"@type":"SearchAction","target":{"@type":"EntryPoint","urlTemplate":"https:\/\/www.almega.se\/?s={search_term_string}"},"query-input":{"@type":"PropertyValueSpecification","valueRequired":true,"valueName":"search_term_string"}}],"inLanguage":"sv-SE"},{"@type":"Person","@id":"https:\/\/www.almega.se\/#\/schema\/person\/50d695bb8f918c77bd2be177892f84b1","name":"Eva Pettersson","image":{"@type":"ImageObject","inLanguage":"sv-SE","@id":"https:\/\/www.almega.se\/#\/schema\/person\/image\/","url":"https:\/\/secure.gravatar.com\/avatar\/c4811d04bd37924073d3b0ce1984d0651f0f37902ffb665f3ca439bb5b3e306f?s=96&d=mm&r=g","contentUrl":"https:\/\/secure.gravatar.com\/avatar\/c4811d04bd37924073d3b0ce1984d0651f0f37902ffb665f3ca439bb5b3e306f?s=96&d=mm&r=g","caption":"Eva Pettersson"},"url":"https:\/\/www.almega.se\/person\/evapettersson-2\/"}]}},"_links":{"self":[{"href":"https:\/\/www.almega.se\/api\/wp\/v2\/posts\/78767","targetHints":{"allow":["GET"]}}],"collection":[{"href":"https:\/\/www.almega.se\/api\/wp\/v2\/posts"}],"about":[{"href":"https:\/\/www.almega.se\/api\/wp\/v2\/types\/post"}],"author":[{"embeddable":true,"href":"https:\/\/www.almega.se\/api\/wp\/v2\/users\/14836"}],"replies":[{"embeddable":true,"href":"https:\/\/www.almega.se\/api\/wp\/v2\/comments?post=78767"}],"version-history":[{"count":27,"href":"https:\/\/www.almega.se\/api\/wp\/v2\/posts\/78767\/revisions"}],"predecessor-version":[{"id":78871,"href":"https:\/\/www.almega.se\/api\/wp\/v2\/posts\/78767\/revisions\/78871"}],"wp:attachment":[{"href":"https:\/\/www.almega.se\/api\/wp\/v2\/media?parent=78767"}],"wp:term":[{"taxonomy":"category","embeddable":true,"href":"https:\/\/www.almega.se\/api\/wp\/v2\/categories?post=78767"},{"taxonomy":"post_tag","embeddable":true,"href":"https:\/\/www.almega.se\/api\/wp\/v2\/tags?post=78767"},{"taxonomy":"type","embeddable":true,"href":"https:\/\/www.almega.se\/api\/wp\/v2\/article_type?post=78767"},{"taxonomy":"agreement","embeddable":true,"href":"https:\/\/www.almega.se\/api\/wp\/v2\/agreement?post=78767"}],"curies":[{"name":"wp","href":"https:\/\/api.w.org\/{rel}","templated":true}]}}