{"id":78732,"date":"2025-04-21T23:49:44","date_gmt":"2025-04-21T21:49:44","guid":{"rendered":"https:\/\/www.almega.se\/?p=78732"},"modified":"2025-04-22T14:31:49","modified_gmt":"2025-04-22T12:31:49","slug":"nytt-kollektivavtal-for-innovationsforetagen-2","status":"publish","type":"post","link":"https:\/\/www.almega.se\/2025\/04\/nytt-kollektivavtal-for-innovationsforetagen-2\/","title":{"rendered":"Nytt kollektivavtal f\u00f6r Innovations&shy;f\u00f6retagen"},"content":{"rendered":"<p class=\"intro\">Innovationsf\u00f6retagen har tecknat nya avtal om l\u00f6ner och allm\u00e4nna anst\u00e4llningsvillkor med Sveriges Ingenj\u00f6rer, Sveriges Arkitekter och Unionen. Avtalen g\u00e4ller f\u00f6r perioden 1 april 2025 till 31 mars 2027<\/p>\n\n<p>L\u00f6neavtalet med Sveriges Ingenj\u00f6rer och Sveriges Arkitekter \u00e4r ett sifferl\u00f6st l\u00f6ne\u00f6kningsavtal d\u00e4r l\u00f6ne\u00f6kningarna best\u00e4ms utifr\u00e5n f\u00f6retagets ekonomiska och marknadsm\u00e4ssiga f\u00f6ruts\u00e4ttningar samt medarbetarens prestation och bidrag till verksamheten.<\/p>\n\n\n\n<p>L\u00f6neavtalet med Unionen omfattar l\u00f6ne\u00f6kningar med 3,0 % fr\u00e5n den 1 april 2025 och 2,5 % fr\u00e5n den 1 april 2026, om inte lokala parter kommer \u00f6verens om annat.<\/p>\n\n\n\n<p>Flexpensionspremien \u00f6kar fr\u00e5n och med den 1 april 2025 med ytterligare 0,2 % och med ytterligare 0,2 % fr\u00e5n och med den 1 april 2026. Den totala avs\u00e4ttningen uppg\u00e5r d\u00e4rmed till 1,5 % fr\u00e5n och med den 1 april 2025 och till 1,7 % fr\u00e5n och med den 1 april 2026.<\/p>\n\n\n<a class='Share__link Share__link--url copy-text' href='#' rel='nofollow' data-text='loneavtalet-med-sveriges-ingenjorer-och-sveriges-arkitekter' title='Dela url' data-confirmation='L\u00e4nken kopierades till urklipp'><svg class='icon icon--link'  width='18' height='18' viewBox='0 0 18 18' fill='none' xmlns='http:\/\/www.w3.org\/2000\/svg'>\n            <path d='M10.4142 0.514721L6.87868 4.05025L8.29289 5.46447L11.1213 2.63604L15.364 6.87868L12.5355 9.70711L13.9497 11.1213L17.4853 7.58579C17.8763 7.19476 17.8763 6.5626 17.4853 6.17158L11.8284 0.514721C11.4374 0.123691 10.8052 0.123691 10.4142 0.514721Z' fill='black'\/>\n            <path d='M9.7071 12.5355L6.87868 15.364L2.63604 11.1213L5.46446 8.2929L4.05025 6.87868L0.514716 10.4142C0.123686 10.8052 0.123686 11.4374 0.514716 11.8284L6.17157 17.4853C6.5626 17.8763 7.19475 17.8763 7.58578 17.4853L11.1213 13.9497L9.7071 12.5355Z' fill='black'\/>\n            <path d='M6.17157 11.8284C6.5626 12.2195 7.19475 12.2195 7.58578 11.8284L11.8284 7.58579C12.2195 7.19476 12.2195 6.56261 11.8284 6.17158C11.4374 5.78055 10.8052 5.78055 10.4142 6.17158L6.17157 10.4142C5.78054 10.8052 5.78054 11.4374 6.17157 11.8284Z' fill='black'\/>\n            <\/svg> <\/a>\n<h2 class=\"wp-block-heading\" id=\"h-loneavtalet-med-sveriges-ingenjorer-och-sveriges-arkitekter\">L\u00f6neavtalet med Sveriges Ingenj\u00f6rer och Sveriges Arkitekter<\/h2>\n\n\n\n<p>L\u00f6neavtalet med Sveriges Ingenj\u00f6rer och Sveriges Arkitekter \u00e4r ett sifferl\u00f6st l\u00f6ne\u00f6kningsavtal med l\u00f6nerevisionsdatum den 1 april 2025 och den 1 april 2026, om inte parterna lokalt kommit \u00f6verens om annan tidpunkt.<\/p>\n\n\n\n<p>L\u00f6nerevisionen sker utifr\u00e5n f\u00f6retagets ekonomiska och marknadsm\u00e4ssiga f\u00f6ruts\u00e4ttningar samt medarbetarens prestation och bidrag till verksamheten. Det finns allts\u00e5 ingen siffra i l\u00f6neavtalet att f\u00f6rh\u00e5lla sig till.<\/p>\n\n\n\n<p>Avtalet bygger p\u00e5 en gemensam l\u00f6nebildningsprocess med facket p\u00e5 arbetsplatsen, med bland annat diskussioner kring l\u00f6ne\u00f6kningsutrymmet och f\u00f6rhandling kring l\u00f6ner och strukturella fr\u00e5gor i syfte \u00e4r att f\u00f6rs\u00f6ka n\u00e5 enighet kring l\u00f6neprocessen.<\/p>\n\n\n\n<p>F\u00f6r att underl\u00e4tta dialogen mellan lokala parter har vi nu f\u00f6rtydligat avtalets intentioner och renodlat processen. I det inledande arbetet klarg\u00f6rs d\u00e4rf\u00f6r att f\u00f6retaget grundar l\u00f6neutrymmet p\u00e5 f\u00f6retagets ekonomiska och marknadsm\u00e4ssiga f\u00f6ruts\u00e4ttningar och det kr\u00e4vs inte l\u00e4ngre att parterna tr\u00e4ffar \u00f6verenskommelse i f\u00f6rhandlingen om de slutliga l\u00f6nerna.<\/p>\n\n\n\n<p>F\u00f6ljande \u00e4ndringar har gjorts i l\u00f6neavtalet:<\/p>\n\n\n\n<ul class=\"wp-block-list\">\n<li>3.2 om princoper f\u00f6r den individuella l\u00f6nes\u00e4ttningen d\u00e4r det f\u00f6rtydligas att f\u00f6r\u00e4ldraledighet inte ska p\u00e5verka medarbetarens l\u00f6neutveckling negativt.<\/li>\n\n\n\n<li>3.2.1 om l\u00f6nekriterier d\u00e4r individens roll och m\u00e5l i f\u00f6rh\u00e5llande till l\u00f6nekriterierna f\u00f6rtydligas.&nbsp;<\/li>\n\n\n\n<li>3.6.1 om f\u00f6rhandling f\u00f6rtydligas betr\u00e4ffande att de lokala parterna inte f\u00f6rhandlar om de individuella l\u00f6nerna utan om f\u00f6retagets samlade f\u00f6rslag till nya l\u00f6ner. &nbsp;<\/li>\n\n\n\n<li>3.7 om utv\u00e4rdering kompletteras med att de lokala parterna \u00e4ven ska utv\u00e4rdera l\u00f6nekriterierna.<\/li>\n<\/ul>\n\n\n\n<p>Ut\u00f6ver \u00e4ndringarna \u00e4r parterna \u00e4ven \u00f6verens om att under 2026 anordna en partsgemensam l\u00f6nekonferens i syfte att ytterligare f\u00f6rb\u00e4ttra till\u00e4mpningen av avtalet.<\/p>\n\n\n\n<p><a href=\"https:\/\/medlem.arbetsgivarguiden.se\/kollektivavtal\/148\/dokument\/120\">H\u00e4r hittar ni Sveriges Ingenj\u00f6rer och Sveriges Arkitekters l\u00f6neavtal<\/a> (inloggning kr\u00e4vs).<\/p>\n\n\n<a class='Share__link Share__link--url copy-text' href='#' rel='nofollow' data-text='loneavtal-med-unionen' title='Dela url' data-confirmation='L\u00e4nken kopierades till urklipp'><svg class='icon icon--link'  width='18' height='18' viewBox='0 0 18 18' fill='none' xmlns='http:\/\/www.w3.org\/2000\/svg'>\n            <path d='M10.4142 0.514721L6.87868 4.05025L8.29289 5.46447L11.1213 2.63604L15.364 6.87868L12.5355 9.70711L13.9497 11.1213L17.4853 7.58579C17.8763 7.19476 17.8763 6.5626 17.4853 6.17158L11.8284 0.514721C11.4374 0.123691 10.8052 0.123691 10.4142 0.514721Z' fill='black'\/>\n            <path d='M9.7071 12.5355L6.87868 15.364L2.63604 11.1213L5.46446 8.2929L4.05025 6.87868L0.514716 10.4142C0.123686 10.8052 0.123686 11.4374 0.514716 11.8284L6.17157 17.4853C6.5626 17.8763 7.19475 17.8763 7.58578 17.4853L11.1213 13.9497L9.7071 12.5355Z' fill='black'\/>\n            <path d='M6.17157 11.8284C6.5626 12.2195 7.19475 12.2195 7.58578 11.8284L11.8284 7.58579C12.2195 7.19476 12.2195 6.56261 11.8284 6.17158C11.4374 5.78055 10.8052 5.78055 10.4142 6.17158L6.17157 10.4142C5.78054 10.8052 5.78054 11.4374 6.17157 11.8284Z' fill='black'\/>\n            <\/svg> <\/a>\n<h2 class=\"wp-block-heading\" id=\"h-loneavtal-med-unionen\">L\u00f6neavtal med Unionen<\/h2>\n\n\n\n<p>L\u00f6neavtalet med Unionen inneh\u00e5ller en siffra f\u00f6r l\u00f6ne\u00f6kningar, det totala l\u00f6ne\u00f6kningsutrymmet f\u00f6r hela kollektivet, om inte lokala parter kommer \u00f6verens om en annan h\u00f6gre eller l\u00e4gre niv\u00e5.<\/p>\n\n\n\n<p>Om lokala parter inte kommer \u00f6verens om annat s\u00e5 utg\u00e5r totala l\u00f6ne\u00f6kningar med 3,0 % fr\u00e5n den 1 april 2025 och med 2,5 % fr\u00e5n den 1 april 2026.<\/p>\n\n\n\n<p>L\u00f6ne\u00f6kningsutrymmet \u00e4r den sammanlagda kostnaden som ska f\u00f6rdelas mellan medlemmarna i Unionen, utifr\u00e5n avtalets principer om individuell och differentierad l\u00f6nebildning.<\/p>\n\n\n\n<p>Lokala parter kan tr\u00e4ffa \u00f6verenskommelse om andra l\u00f6nerevisionstidpunkter.<\/p>\n\n\n\n<p>F\u00f6ljande \u00e4ndringar har gjorts i l\u00f6neavtalet:<\/p>\n\n\n\n<ul class=\"wp-block-list\">\n<li>5 Individgaranti tas bort och ers\u00e4tts med en ny text under rubriken \u00c5tg\u00e4rder vid ingen eller l\u00e5g l\u00f6ne\u00f6kning. &nbsp;<\/li>\n<\/ul>\n\n\n\n<p><a href=\"https:\/\/medlem.arbetsgivarguiden.se\/kollektivavtal\/148\/dokument\/121\">H\u00e4r hittar ni Unionens l\u00f6neavtal<\/a> (inloggning kr\u00e4vs).<\/p>\n\n\n<a class='Share__link Share__link--url copy-text' href='#' rel='nofollow' data-text='flexpension' title='Dela url' data-confirmation='L\u00e4nken kopierades till urklipp'><svg class='icon icon--link'  width='18' height='18' viewBox='0 0 18 18' fill='none' xmlns='http:\/\/www.w3.org\/2000\/svg'>\n            <path d='M10.4142 0.514721L6.87868 4.05025L8.29289 5.46447L11.1213 2.63604L15.364 6.87868L12.5355 9.70711L13.9497 11.1213L17.4853 7.58579C17.8763 7.19476 17.8763 6.5626 17.4853 6.17158L11.8284 0.514721C11.4374 0.123691 10.8052 0.123691 10.4142 0.514721Z' fill='black'\/>\n            <path d='M9.7071 12.5355L6.87868 15.364L2.63604 11.1213L5.46446 8.2929L4.05025 6.87868L0.514716 10.4142C0.123686 10.8052 0.123686 11.4374 0.514716 11.8284L6.17157 17.4853C6.5626 17.8763 7.19475 17.8763 7.58578 17.4853L11.1213 13.9497L9.7071 12.5355Z' fill='black'\/>\n            <path d='M6.17157 11.8284C6.5626 12.2195 7.19475 12.2195 7.58578 11.8284L11.8284 7.58579C12.2195 7.19476 12.2195 6.56261 11.8284 6.17158C11.4374 5.78055 10.8052 5.78055 10.4142 6.17158L6.17157 10.4142C5.78054 10.8052 5.78054 11.4374 6.17157 11.8284Z' fill='black'\/>\n            <\/svg> <\/a>\n<h2 class=\"wp-block-heading\" id=\"h-flexpension\">Flexpension<\/h2>\n\n\n\n<p>Flexpensionspremien \u00f6kar fr\u00e5n och med den 1 april 2025 med ytterligare 0,2 %, vilket inneb\u00e4r att premien d\u00e5 totalt kommer uppg\u00e5 till 1,5 %. Den 1 april 2026 \u00f6kar premien ytterligare med 0,2 %, vilket inneb\u00e4r att premien d\u00e5 totalt kommer uppg\u00e5 till 1,7%.&nbsp;<\/p>\n\n\n\n<p>F\u00f6r medarbetare som har flexpension \u00e4r det d\u00e4rf\u00f6r viktigt att ni p\u00e5minner om premiens v\u00e4rde, som kommer dem tillgodo ut\u00f6ver den vanliga l\u00f6ne\u00f6kningen. De som valt att inte f\u00e5 avtalad flexpensionsavs\u00e4ttning har ist\u00e4llet f\u00e5tt h\u00f6gre l\u00f6n, vilket p\u00e5 s\u00e5 s\u00e4tt kommer dem tillgodo varje \u00e5r.<\/p>\n\n\n\n<p>Premien faktureras av Collectum, utan n\u00e5gon s\u00e4rskild \u00e5tg\u00e4rd fr\u00e5n arbetsgivaren.<\/p>\n\n\n\n<p>Flexpensionspremien ing\u00e5r som en del av arbetsmarknadens normerande kostnadsram, det s\u00e5 kallade m\u00e4rket, vilket inneb\u00e4r att premier och l\u00f6ne\u00f6kningarna tillsammans utg\u00f6r m\u00e4rket. Kostnadsramen f\u00f6r m\u00e4rket p\u00e5 arbetsmarknaden under den h\u00e4r avtalsperioden \u00e4r totalt 6,4 %.<\/p>\n\n\n<a class='Share__link Share__link--url copy-text' href='#' rel='nofollow' data-text='forandringar-i-allmanna-anstallningsvillkor' title='Dela url' data-confirmation='L\u00e4nken kopierades till urklipp'><svg class='icon icon--link'  width='18' height='18' viewBox='0 0 18 18' fill='none' xmlns='http:\/\/www.w3.org\/2000\/svg'>\n            <path d='M10.4142 0.514721L6.87868 4.05025L8.29289 5.46447L11.1213 2.63604L15.364 6.87868L12.5355 9.70711L13.9497 11.1213L17.4853 7.58579C17.8763 7.19476 17.8763 6.5626 17.4853 6.17158L11.8284 0.514721C11.4374 0.123691 10.8052 0.123691 10.4142 0.514721Z' fill='black'\/>\n            <path d='M9.7071 12.5355L6.87868 15.364L2.63604 11.1213L5.46446 8.2929L4.05025 6.87868L0.514716 10.4142C0.123686 10.8052 0.123686 11.4374 0.514716 11.8284L6.17157 17.4853C6.5626 17.8763 7.19475 17.8763 7.58578 17.4853L11.1213 13.9497L9.7071 12.5355Z' fill='black'\/>\n            <path d='M6.17157 11.8284C6.5626 12.2195 7.19475 12.2195 7.58578 11.8284L11.8284 7.58579C12.2195 7.19476 12.2195 6.56261 11.8284 6.17158C11.4374 5.78055 10.8052 5.78055 10.4142 6.17158L6.17157 10.4142C5.78054 10.8052 5.78054 11.4374 6.17157 11.8284Z' fill='black'\/>\n            <\/svg> <\/a>\n<h2 class=\"wp-block-heading\" id=\"h-forandringar-i-allmanna-anstallningsvillkor\">F\u00f6r\u00e4ndringar i allm\u00e4nna anst\u00e4llningsvillkor<\/h2>\n\n\n\n<p>F\u00f6ljande f\u00f6r\u00e4ndringar har gjorts i Innovationsavtalets allm\u00e4nna villkor:<\/p>\n\n\n\n<ul class=\"wp-block-list\">\n<li>Begr\u00e4nsningsperioden f\u00f6r ordinarie arbetstid ut\u00f6kas fr\u00e5n fyra veckor till tolv m\u00e5nader. Detta inneb\u00e4r att den ordinarie arbetstiden inte f\u00e5r \u00f6verstiga 40 timmar i genomsnitt per helgfri vecka under en tolvm\u00e5nadersperiod ist\u00e4llet f\u00f6r dagens fyraveckorsperiod. &nbsp;<\/li>\n\n\n\n<li>M\u00f6jligt att f\u00f6rl\u00e4gga dygnsvila till annan tid \u00e4n 24-05 d\u00e5 regeln \u00e4ndras till att vila \u201db\u00f6r\u201d f\u00f6rl\u00e4ggas till tiden 24-05 ist\u00e4llet f\u00f6r dagens \u201dska\u201d.<\/li>\n\n\n\n<li>4.3.5.2 \u00d6verskjutande timmar vid deltid (mertid) utg\u00e5r ur avtalet vilket inneb\u00e4r att \u00f6vertidsers\u00e4ttning utg\u00e5r \u00e4ven d\u00e5 deltidsanst\u00e4lld utf\u00f6r beordrat arbete ut\u00f6ver sitt deltidsarbetstidsm\u00e5tt.<\/li>\n<\/ul>\n\n\n\n<h3 class=\"wp-block-heading\" id=\"h-ratt-till-ledig-dag\">R\u00e4tt till ledig dag<\/h3>\n\n\n\n<p>Under 8.3 i allm\u00e4nna anst\u00e4llningsvillkor inf\u00f6rs fr\u00e5n och med <strong>1 januari 2026<\/strong> en r\u00e4tt till en ledig dag. F\u00f6r inf\u00f6randet av den lediga dagen g\u00f6rs avr\u00e4kning fr\u00e5n l\u00f6neutrymmet med 0,2 procent fr\u00e5n och med den 1 april 2025 och 0,3 procent fr\u00e5n och med den 1 april 2026. Denna avr\u00e4kning har redan gjorts av de centrala parterna avseende procenten p\u00e5 l\u00f6ne\u00f6kningarna i Unionens l\u00f6neavtal.&nbsp;<\/p>\n\n\n\n<p>Den lediga dagen f\u00f6rl\u00e4ggs ensidigt av arbetsgivaren antingen som en hel dag eller i form av tv\u00e5 lediga halvdagar. Om arbetsgivaren v\u00e4ljer att l\u00e4gga ut ledigheten i form av halvdagar ska det ske i anslutning till helgdag eller veckoslut. Arbetsgivaren ska senast vid \u00e5rsskiftet underr\u00e4tta medarbetarna inom ber\u00f6rd arbetsgrupp om f\u00f6rl\u00e4ggningen f\u00f6r det kommande kalender\u00e5ret. Om arbetsgivaren inte underr\u00e4ttat medarbetarna senast vid \u00e5rsskiftet ska medarbetarna f\u00e5 ledigt fredagen efter Kristi himmelsf\u00e4rdsdag. Om en medarbetare m\u00e5ste arbeta under den dag som ledigheten f\u00f6rlagts till, f\u00e5r arbetsgivaren f\u00f6rl\u00e4gga ledigheten till annan dag i anslutning till helgdag eller veckoslut. R\u00e4tt till ledighet f\u00f6ruts\u00e4tter att medarbetaren \u00e4r anst\u00e4lld vid ledighetstidpunkten och medarbetaren har inte r\u00e4tt till n\u00e5gon kompensation om den hunnit sluta eller anst\u00e4lls d\u00e4refter.<br><br>Vi kommer \u00e5terkomma med s\u00e5 v\u00e4l utbildningsinsatser som n\u00e4rmare r\u00e5dgivning om denna nya regel.<\/p>\n\n\n\n<p><a href=\"https:\/\/medlem.arbetsgivarguiden.se\/kollektivavtal\/148\/dokument\/20\">H\u00e4r hittar ni Innovationsavtalets allm\u00e4nna villkor<\/a> (inloggning kr\u00e4vs).<\/p>\n\n\n<a class='Share__link Share__link--url copy-text' href='#' rel='nofollow' data-text='inloggning-till-arbetsgivarguiden' title='Dela url' data-confirmation='L\u00e4nken kopierades till urklipp'><svg class='icon icon--link'  width='18' height='18' viewBox='0 0 18 18' fill='none' xmlns='http:\/\/www.w3.org\/2000\/svg'>\n            <path d='M10.4142 0.514721L6.87868 4.05025L8.29289 5.46447L11.1213 2.63604L15.364 6.87868L12.5355 9.70711L13.9497 11.1213L17.4853 7.58579C17.8763 7.19476 17.8763 6.5626 17.4853 6.17158L11.8284 0.514721C11.4374 0.123691 10.8052 0.123691 10.4142 0.514721Z' fill='black'\/>\n            <path d='M9.7071 12.5355L6.87868 15.364L2.63604 11.1213L5.46446 8.2929L4.05025 6.87868L0.514716 10.4142C0.123686 10.8052 0.123686 11.4374 0.514716 11.8284L6.17157 17.4853C6.5626 17.8763 7.19475 17.8763 7.58578 17.4853L11.1213 13.9497L9.7071 12.5355Z' fill='black'\/>\n            <path d='M6.17157 11.8284C6.5626 12.2195 7.19475 12.2195 7.58578 11.8284L11.8284 7.58579C12.2195 7.19476 12.2195 6.56261 11.8284 6.17158C11.4374 5.78055 10.8052 5.78055 10.4142 6.17158L6.17157 10.4142C5.78054 10.8052 5.78054 11.4374 6.17157 11.8284Z' fill='black'\/>\n            <\/svg> <\/a>\n<h2 class=\"wp-block-heading\" id=\"h-inloggning-till-arbetsgivarguiden\">Inloggning till Arbetsgivarguiden<\/h2>\n\n\n\n<p>I v\u00e5r&nbsp;<a href=\"https:\/\/medlem.arbetsgivarguiden.se\/\">Arbetsgivarguide<\/a>&nbsp;hittar ni viktig arbetsgivarinformation som exempelvis nyheter, mallar, A-\u00d6 och ert kollektivavtal med f\u00f6rdjupande kommenterar och digitala r\u00e4kneformler.<\/p>\n\n\n\n<p>Om du inte redan har inloggning skapar du den sj\u00e4lv i l\u00e4nken med organisationsnummer och medlemsnummer (finns p\u00e5 fakturan fr\u00e5n Svenskt N\u00e4ringsliv). Om du inte hittar medlemsnumret kan du mejla organisationsnumret till&nbsp;<a href=\"mailto:medlem@almega.se\">medlem@almega.se<\/a>&nbsp;s\u00e5 hj\u00e4lper vi dig.<\/p>\n\n\n\n<p><a href=\"https:\/\/www.avtalat.se\/\">H\u00e4r<\/a>&nbsp;p\u00e5 Avtalat hittar ni information om era pensioner och f\u00f6rs\u00e4kringar.<\/p>\n\n\n<a class='Share__link Share__link--url copy-text' href='#' rel='nofollow' data-text='webbinarie' title='Dela url' data-confirmation='L\u00e4nken kopierades till urklipp'><svg class='icon icon--link'  width='18' height='18' viewBox='0 0 18 18' fill='none' xmlns='http:\/\/www.w3.org\/2000\/svg'>\n            <path d='M10.4142 0.514721L6.87868 4.05025L8.29289 5.46447L11.1213 2.63604L15.364 6.87868L12.5355 9.70711L13.9497 11.1213L17.4853 7.58579C17.8763 7.19476 17.8763 6.5626 17.4853 6.17158L11.8284 0.514721C11.4374 0.123691 10.8052 0.123691 10.4142 0.514721Z' fill='black'\/>\n            <path d='M9.7071 12.5355L6.87868 15.364L2.63604 11.1213L5.46446 8.2929L4.05025 6.87868L0.514716 10.4142C0.123686 10.8052 0.123686 11.4374 0.514716 11.8284L6.17157 17.4853C6.5626 17.8763 7.19475 17.8763 7.58578 17.4853L11.1213 13.9497L9.7071 12.5355Z' fill='black'\/>\n            <path d='M6.17157 11.8284C6.5626 12.2195 7.19475 12.2195 7.58578 11.8284L11.8284 7.58579C12.2195 7.19476 12.2195 6.56261 11.8284 6.17158C11.4374 5.78055 10.8052 5.78055 10.4142 6.17158L6.17157 10.4142C5.78054 10.8052 5.78054 11.4374 6.17157 11.8284Z' fill='black'\/>\n            <\/svg> <\/a>\n<h2 class=\"wp-block-heading\" id=\"h-webbinarie\">Webbinarie<\/h2>\n\n\n\n<p>Den 23e och 24e april (kl 08.30) anordnar Innovationsf\u00f6retagen webbinarium om de nya avtalen.<br><a href=\"https:\/\/www.innovationsforetagen.se\/aktiviteter\/nytt-kollektivavtal-pa-plats-vad-innebar-innovationsavtalet-for-dig\/\">Anm\u00e4l dig h\u00e4r.<\/a><\/p>\n\n\n<a class='Share__link Share__link--url copy-text' href='#' rel='nofollow' data-text='protokoll' title='Dela url' data-confirmation='L\u00e4nken kopierades till urklipp'><svg class='icon icon--link'  width='18' height='18' viewBox='0 0 18 18' fill='none' xmlns='http:\/\/www.w3.org\/2000\/svg'>\n            <path d='M10.4142 0.514721L6.87868 4.05025L8.29289 5.46447L11.1213 2.63604L15.364 6.87868L12.5355 9.70711L13.9497 11.1213L17.4853 7.58579C17.8763 7.19476 17.8763 6.5626 17.4853 6.17158L11.8284 0.514721C11.4374 0.123691 10.8052 0.123691 10.4142 0.514721Z' fill='black'\/>\n            <path d='M9.7071 12.5355L6.87868 15.364L2.63604 11.1213L5.46446 8.2929L4.05025 6.87868L0.514716 10.4142C0.123686 10.8052 0.123686 11.4374 0.514716 11.8284L6.17157 17.4853C6.5626 17.8763 7.19475 17.8763 7.58578 17.4853L11.1213 13.9497L9.7071 12.5355Z' fill='black'\/>\n            <path d='M6.17157 11.8284C6.5626 12.2195 7.19475 12.2195 7.58578 11.8284L11.8284 7.58579C12.2195 7.19476 12.2195 6.56261 11.8284 6.17158C11.4374 5.78055 10.8052 5.78055 10.4142 6.17158L6.17157 10.4142C5.78054 10.8052 5.78054 11.4374 6.17157 11.8284Z' fill='black'\/>\n            <\/svg> <\/a>\n<h2 class=\"wp-block-heading\" id=\"h-protokoll\">Protokoll<\/h2>\n\n\n\n<p><a href=\"https:\/\/www.almega.se\/app\/uploads\/protected\/2025\/04\/Forhandlingsprotokoll-Innovationsforetagen-Sv-Arkitekt-2025.pdf\" target=\"_blank\" rel=\"noreferrer noopener\">F\u00f6rhandlingsprotokoll Sveriges Arkitekter<\/a>&nbsp;(inloggning kr\u00e4vs)<br><a href=\"https:\/\/www.almega.se\/app\/uploads\/protected\/2025\/04\/Hemstallan-o-Forhandlingsprotokoll-Innovationsforetagen-Sv-Ingenjorer.pdf\" target=\"_blank\" rel=\"noreferrer noopener\">F\u00f6rhandlingsprotokoll Sveriges Ingenj\u00f6rer<\/a>&nbsp;(inloggning kr\u00e4vs)<br><a href=\"https:\/\/www.almega.se\/app\/uploads\/protected\/2025\/04\/Hemstallan-m-protokoll-Innovationsavtalet-Unionen.pdf\" target=\"_blank\" rel=\"noreferrer noopener\">F\u00f6rhandlingsprotokoll Unionen<\/a>&nbsp;(inloggning kr\u00e4vs)<\/p>\n","protected":false},"excerpt":{"rendered":"<p>L\u00f6neavtalet med Sveriges Ingenj\u00f6rer och Sveriges Arkitekter \u00e4r ett sifferl\u00f6st l\u00f6ne\u00f6kningsavtal d\u00e4r l\u00f6ne\u00f6kningarna best\u00e4ms utifr\u00e5n f\u00f6retagets ekonomiska och marknadsm\u00e4ssiga f\u00f6ruts\u00e4ttningar samt medarbetarens prestation och bidrag till verksamheten. L\u00f6neavtalet med Unionen omfattar l\u00f6ne\u00f6kningar med 3,0 % &hellip;<\/p>\n","protected":false},"author":14836,"featured_media":0,"comment_status":"closed","ping_status":"closed","sticky":false,"template":"","format":"standard","meta":{"_acf_changed":false,"footnotes":""},"categories":[724],"tags":[],"article_type":[313],"agreement":[459],"class_list":["post-78732","post","type-post","status-publish","format-standard","hentry","category-kollektivavtal","type-arbetsgivarnytt","agreement-9de9353e-79fc-e811-811f-003dd8b71e49"],"acf":[],"yoast_head":"<!-- This site is optimized with the Yoast SEO Premium plugin v26.8 (Yoast SEO v26.8) - https:\/\/yoast.com\/product\/yoast-seo-premium-wordpress\/ -->\n<title>Nytt kollektivavtal f\u00f6r Innovationsf\u00f6retagen | Almega<\/title>\n<meta name=\"robots\" content=\"index, follow, max-snippet:-1, max-image-preview:large, max-video-preview:-1\" \/>\n<link rel=\"canonical\" href=\"https:\/\/www.almega.se\/2025\/04\/nytt-kollektivavtal-for-innovationsforetagen-2\/\" \/>\n<meta property=\"og:locale\" content=\"sv_SE\" \/>\n<meta property=\"og:type\" content=\"article\" \/>\n<meta property=\"og:title\" content=\"Nytt kollektivavtal f\u00f6r Innovationsf\u00f6retagen\" \/>\n<meta property=\"og:description\" content=\"L\u00f6neavtalet med Sveriges Ingenj\u00f6rer och Sveriges Arkitekter \u00e4r ett sifferl\u00f6st l\u00f6ne\u00f6kningsavtal d\u00e4r l\u00f6ne\u00f6kningarna best\u00e4ms utifr\u00e5n f\u00f6retagets ekonomiska och marknadsm\u00e4ssiga f\u00f6ruts\u00e4ttningar samt medarbetarens prestation och bidrag till verksamheten. L\u00f6neavtalet med Unionen omfattar l\u00f6ne\u00f6kningar med 3,0 % &hellip;\" \/>\n<meta property=\"og:url\" content=\"https:\/\/www.almega.se\/2025\/04\/nytt-kollektivavtal-for-innovationsforetagen-2\/\" \/>\n<meta property=\"og:site_name\" content=\"Almega\" \/>\n<meta property=\"article:published_time\" content=\"2025-04-21T21:49:44+00:00\" \/>\n<meta property=\"article:modified_time\" content=\"2025-04-22T12:31:49+00:00\" \/>\n<meta property=\"og:image\" content=\"https:\/\/www.almega.se\/app\/uploads\/2020\/12\/almega-share-logo.png\" \/>\n\t<meta property=\"og:image:width\" content=\"1200\" \/>\n\t<meta property=\"og:image:height\" content=\"630\" \/>\n\t<meta property=\"og:image:type\" content=\"image\/png\" \/>\n<meta name=\"author\" content=\"Eva Pettersson\" \/>\n<meta name=\"twitter:card\" content=\"summary_large_image\" \/>\n<meta name=\"twitter:label1\" content=\"Skriven av\" \/>\n\t<meta name=\"twitter:data1\" content=\"Eva Pettersson\" \/>\n\t<meta name=\"twitter:label2\" content=\"Ber\u00e4knad l\u00e4stid\" \/>\n\t<meta name=\"twitter:data2\" content=\"6 minuter\" \/>\n<!-- \/ Yoast SEO Premium plugin. -->","yoast_head_json":{"title":"Nytt kollektivavtal f\u00f6r Innovationsf\u00f6retagen | Almega","robots":{"index":"index","follow":"follow","max-snippet":"max-snippet:-1","max-image-preview":"max-image-preview:large","max-video-preview":"max-video-preview:-1"},"canonical":"https:\/\/www.almega.se\/2025\/04\/nytt-kollektivavtal-for-innovationsforetagen-2\/","og_locale":"sv_SE","og_type":"article","og_title":"Nytt kollektivavtal f\u00f6r Innovationsf\u00f6retagen","og_description":"L\u00f6neavtalet med Sveriges Ingenj\u00f6rer och Sveriges Arkitekter \u00e4r ett sifferl\u00f6st l\u00f6ne\u00f6kningsavtal d\u00e4r l\u00f6ne\u00f6kningarna best\u00e4ms utifr\u00e5n f\u00f6retagets ekonomiska och marknadsm\u00e4ssiga f\u00f6ruts\u00e4ttningar samt medarbetarens prestation och bidrag till verksamheten. L\u00f6neavtalet med Unionen omfattar l\u00f6ne\u00f6kningar med 3,0 % &hellip;","og_url":"https:\/\/www.almega.se\/2025\/04\/nytt-kollektivavtal-for-innovationsforetagen-2\/","og_site_name":"Almega","article_published_time":"2025-04-21T21:49:44+00:00","article_modified_time":"2025-04-22T12:31:49+00:00","og_image":[{"width":1200,"height":630,"url":"https:\/\/www.almega.se\/app\/uploads\/2020\/12\/almega-share-logo.png","type":"image\/png"}],"author":"Eva Pettersson","twitter_card":"summary_large_image","twitter_misc":{"Skriven av":"Eva Pettersson","Ber\u00e4knad l\u00e4stid":"6 minuter"},"schema":{"@context":"https:\/\/schema.org","@graph":[{"@type":"NewsArticle","@id":"https:\/\/www.almega.se\/2025\/04\/nytt-kollektivavtal-for-innovationsforetagen-2\/#article","isPartOf":{"@id":"https:\/\/www.almega.se\/2025\/04\/nytt-kollektivavtal-for-innovationsforetagen-2\/"},"author":{"name":"Eva Pettersson","@id":"https:\/\/www.almega.se\/#\/schema\/person\/50d695bb8f918c77bd2be177892f84b1"},"headline":"Nytt kollektivavtal f\u00f6r Innovations&shy;f\u00f6retagen","datePublished":"2025-04-21T21:49:44+00:00","dateModified":"2025-04-22T12:31:49+00:00","mainEntityOfPage":{"@id":"https:\/\/www.almega.se\/2025\/04\/nytt-kollektivavtal-for-innovationsforetagen-2\/"},"wordCount":1248,"articleSection":["Kollektivavtal"],"inLanguage":"sv-SE"},{"@type":"WebPage","@id":"https:\/\/www.almega.se\/2025\/04\/nytt-kollektivavtal-for-innovationsforetagen-2\/","url":"https:\/\/www.almega.se\/2025\/04\/nytt-kollektivavtal-for-innovationsforetagen-2\/","name":"Nytt kollektivavtal f\u00f6r Innovationsf\u00f6retagen | Almega","isPartOf":{"@id":"https:\/\/www.almega.se\/#website"},"datePublished":"2025-04-21T21:49:44+00:00","dateModified":"2025-04-22T12:31:49+00:00","author":{"@id":"https:\/\/www.almega.se\/#\/schema\/person\/50d695bb8f918c77bd2be177892f84b1"},"breadcrumb":{"@id":"https:\/\/www.almega.se\/2025\/04\/nytt-kollektivavtal-for-innovationsforetagen-2\/#breadcrumb"},"inLanguage":"sv-SE","potentialAction":[{"@type":"ReadAction","target":["https:\/\/www.almega.se\/2025\/04\/nytt-kollektivavtal-for-innovationsforetagen-2\/"]}]},{"@type":"BreadcrumbList","@id":"https:\/\/www.almega.se\/2025\/04\/nytt-kollektivavtal-for-innovationsforetagen-2\/#breadcrumb","itemListElement":[{"@type":"ListItem","position":1,"name":"Home","item":"https:\/\/www.almega.se\/"},{"@type":"ListItem","position":2,"name":"Nytt kollektivavtal f\u00f6r Innovations&shy;f\u00f6retagen"}]},{"@type":"WebSite","@id":"https:\/\/www.almega.se\/#website","url":"https:\/\/www.almega.se\/","name":"Almega","description":"","potentialAction":[{"@type":"SearchAction","target":{"@type":"EntryPoint","urlTemplate":"https:\/\/www.almega.se\/?s={search_term_string}"},"query-input":{"@type":"PropertyValueSpecification","valueRequired":true,"valueName":"search_term_string"}}],"inLanguage":"sv-SE"},{"@type":"Person","@id":"https:\/\/www.almega.se\/#\/schema\/person\/50d695bb8f918c77bd2be177892f84b1","name":"Eva Pettersson","image":{"@type":"ImageObject","inLanguage":"sv-SE","@id":"https:\/\/www.almega.se\/#\/schema\/person\/image\/","url":"https:\/\/secure.gravatar.com\/avatar\/c4811d04bd37924073d3b0ce1984d0651f0f37902ffb665f3ca439bb5b3e306f?s=96&d=mm&r=g","contentUrl":"https:\/\/secure.gravatar.com\/avatar\/c4811d04bd37924073d3b0ce1984d0651f0f37902ffb665f3ca439bb5b3e306f?s=96&d=mm&r=g","caption":"Eva Pettersson"},"url":"https:\/\/www.almega.se\/person\/evapettersson-2\/"}]}},"_links":{"self":[{"href":"https:\/\/www.almega.se\/api\/wp\/v2\/posts\/78732","targetHints":{"allow":["GET"]}}],"collection":[{"href":"https:\/\/www.almega.se\/api\/wp\/v2\/posts"}],"about":[{"href":"https:\/\/www.almega.se\/api\/wp\/v2\/types\/post"}],"author":[{"embeddable":true,"href":"https:\/\/www.almega.se\/api\/wp\/v2\/users\/14836"}],"replies":[{"embeddable":true,"href":"https:\/\/www.almega.se\/api\/wp\/v2\/comments?post=78732"}],"version-history":[{"count":24,"href":"https:\/\/www.almega.se\/api\/wp\/v2\/posts\/78732\/revisions"}],"predecessor-version":[{"id":82989,"href":"https:\/\/www.almega.se\/api\/wp\/v2\/posts\/78732\/revisions\/82989"}],"wp:attachment":[{"href":"https:\/\/www.almega.se\/api\/wp\/v2\/media?parent=78732"}],"wp:term":[{"taxonomy":"category","embeddable":true,"href":"https:\/\/www.almega.se\/api\/wp\/v2\/categories?post=78732"},{"taxonomy":"post_tag","embeddable":true,"href":"https:\/\/www.almega.se\/api\/wp\/v2\/tags?post=78732"},{"taxonomy":"type","embeddable":true,"href":"https:\/\/www.almega.se\/api\/wp\/v2\/article_type?post=78732"},{"taxonomy":"agreement","embeddable":true,"href":"https:\/\/www.almega.se\/api\/wp\/v2\/agreement?post=78732"}],"curies":[{"name":"wp","href":"https:\/\/api.w.org\/{rel}","templated":true}]}}